{"id":6401445,"date":"2023-02-10T15:27:52","date_gmt":"2023-02-10T14:27:52","guid":{"rendered":"https:\/\/kapitalis.com\/tunisie\/?p=6401445"},"modified":"2023-02-10T15:34:45","modified_gmt":"2023-02-10T14:34:45","slug":"tunisie-makhlouf-condamne-a-7-mois-de-prison-dans-laffaire-de-laeroport","status":"publish","type":"post","link":"https:\/\/kapitalis.com\/tunisie\/2023\/02\/10\/tunisie-makhlouf-condamne-a-7-mois-de-prison-dans-laffaire-de-laeroport\/","title":{"rendered":"Tunisie : Makhlouf condamn\u00e9 \u00e0 7 mois de prison dans l&rsquo;affaire de l&rsquo;a\u00e9roport"},"content":{"rendered":"\n<p><strong><em>La Cour d&rsquo;appel militaire a condamn\u00e9 l&rsquo;ancien d\u00e9put\u00e9 Al-Karama Seifeddine Makhlouf \u00e0 7 mois de prison ferme dans le cadre de l&rsquo;affaire de l&rsquo;a\u00e9roport.<\/em><\/strong><\/p>\n\n\n\n<!--more-->\n\n\n\n<p>C&rsquo;est ce qu&rsquo;annonce le dirigeant islamiste Samir Dilou, avocat de son \u00e9tat, en pr\u00e9cisant que Makhlouf a \u00e9cop\u00e9 de 2 mois de prison pour atteinte \u00e0 la paix publique et 5 mois pour outrage \u00e0 un fonctionnaire, sachant que le comit\u00e9 de d\u00e9fense a boycott\u00e9 le proc\u00e8s.<\/p>\n\n\n\n<p>Rappelons que Makhkouf a \u00e9t\u00e9 condamn\u00e9 le 21 janvier dernier \u00e0 14 mois de prison, et qu&rsquo;il a \u00e9t\u00e9 arr\u00eat\u00e9 le soir m\u00eame en ex\u00e9cution \u00e0 cette peine, alors que la d\u00e9fense avait \u00e9mis une opposition \u00e0 ce jugement, accept\u00e9e sur la forme le 10 f\u00e9vrier 2023, par la Chambre correctionnelle pr\u00e8s la Cour d\u2019appel militaire de Tunis qui a \u00e9galement \u00e9mis un mandat de d\u00e9p\u00f4t \u00e0 son encontre.<\/p>\n\n\n\n<p>Lors de son audience, ce jour, Makhlouf a refus\u00e9 de r\u00e9pondre aux questions estimant qu&rsquo;il s&rsquo;agit d&rsquo;un <em>\u00abr\u00e8glement de compte et non d&rsquo;un proc\u00e8s \u00e9quitable\u00bb<\/em>, selon son avocate Ines Harrath.<\/p>\n\n\n\n<p class=\"has-text-align-right\"><strong>Y. N.<\/strong><\/p>\n\n\n\n<figure class=\"wp-block-embed is-type-wp-embed is-provider-kapitalis wp-block-embed-kapitalis\"><div class=\"wp-block-embed__wrapper\">\n<blockquote class=\"wp-embedded-content\" data-secret=\"nMPJ7EjrQS\"><a href=\"https:\/\/kapitalis.com\/tunisie\/2023\/02\/03\/examen-de-lopposition-au-jugement-emis-contre-makhlouf-decision-de-la-justice\/\">Examen de l&rsquo;opposition au jugement \u00e9mis contre Makhlouf : D\u00e9cision de la justice<\/a><\/blockquote><iframe loading=\"lazy\" class=\"wp-embedded-content\" sandbox=\"allow-scripts\" security=\"restricted\" style=\"position: absolute; clip: rect(1px, 1px, 1px, 1px);\" title=\"\u00ab\u00a0Examen de l&rsquo;opposition au jugement \u00e9mis contre Makhlouf : D\u00e9cision de la justice\u00a0\u00bb &#8212; Kapitalis\" src=\"https:\/\/kapitalis.com\/tunisie\/2023\/02\/03\/examen-de-lopposition-au-jugement-emis-contre-makhlouf-decision-de-la-justice\/embed\/#?secret=tL3Z0rKs55#?secret=nMPJ7EjrQS\" data-secret=\"nMPJ7EjrQS\" width=\"600\" height=\"338\" frameborder=\"0\" marginwidth=\"0\" marginheight=\"0\" scrolling=\"no\"><\/iframe>\n<\/div><\/figure>\n\n\n\n<figure class=\"wp-block-embed is-type-wp-embed is-provider-kapitalis wp-block-embed-kapitalis\"><div class=\"wp-block-embed__wrapper\">\n<blockquote class=\"wp-embedded-content\" data-secret=\"fURSmAlFxC\"><a href=\"https:\/\/kapitalis.com\/tunisie\/2023\/01\/21\/tunisie-seifeddine-makhlouf-arrete-chez-lui\/\">Tunisie : Seifeddine Makhlouf arr\u00eat\u00e9 chez lui<\/a><\/blockquote><iframe loading=\"lazy\" class=\"wp-embedded-content\" sandbox=\"allow-scripts\" security=\"restricted\" style=\"position: absolute; clip: rect(1px, 1px, 1px, 1px);\" title=\"\u00ab\u00a0Tunisie : Seifeddine Makhlouf arr\u00eat\u00e9 chez lui\u00a0\u00bb &#8212; Kapitalis\" src=\"https:\/\/kapitalis.com\/tunisie\/2023\/01\/21\/tunisie-seifeddine-makhlouf-arrete-chez-lui\/embed\/#?secret=Rcduqa0dDQ#?secret=fURSmAlFxC\" data-secret=\"fURSmAlFxC\" width=\"600\" height=\"338\" frameborder=\"0\" marginwidth=\"0\" marginheight=\"0\" scrolling=\"no\"><\/iframe>\n<\/div><\/figure>\n","protected":false},"excerpt":{"rendered":"<p>Tunisie : Makhlouf condamn\u00e9 \u00e0 7 mois de prison dans l&rsquo;affaire de l&rsquo;a\u00e9roport<\/p>\n","protected":false},"author":6,"featured_media":2273339,"comment_status":"open","ping_status":"open","sticky":false,"template":"","format":"standard","meta":{"footnotes":""},"categories":[997,2433],"tags":[34,80722,1314,62643],"class_list":["post-6401445","post","type-post","status-publish","format-standard","has-post-thumbnail","hentry","category-politique","category-tunisie","tag-aeroport","tag-makhlouf","tag-prison","tag-tunisie"],"yoast_head":"<!-- This site is optimized with the Yoast SEO plugin v26.6 - https:\/\/yoast.com\/wordpress\/plugins\/seo\/ -->\n<title>Tunisie : Makhlouf condamn\u00e9 \u00e0 7 mois de prison dans l&#039;affaire de l&#039;a\u00e9roport - Kapitalis<\/title>\n<meta name=\"description\" content=\"La Cour d&#039;appel militaire a condamn\u00e9 l&#039;ancien d\u00e9put\u00e9 Al-Karama Seifeddine Makhlouf \u00e0 7 mois de prison ferme dans le cadre de l&#039;affaire de l&#039;a\u00e9roport.\" \/>\n<meta name=\"robots\" content=\"index, follow, max-snippet:-1, max-image-preview:large, max-video-preview:-1\" \/>\n<link rel=\"canonical\" href=\"https:\/\/kapitalis.com\/tunisie\/2023\/02\/10\/tunisie-makhlouf-condamne-a-7-mois-de-prison-dans-laffaire-de-laeroport\/\" \/>\n<meta property=\"og:locale\" content=\"fr_FR\" \/>\n<meta property=\"og:type\" content=\"article\" \/>\n<meta property=\"og:title\" content=\"Tunisie : Makhlouf condamn\u00e9 \u00e0 7 mois de prison dans l&#039;affaire de l&#039;a\u00e9roport - Kapitalis\" \/>\n<meta property=\"og:description\" content=\"La Cour d&#039;appel militaire a condamn\u00e9 l&#039;ancien d\u00e9put\u00e9 Al-Karama Seifeddine Makhlouf \u00e0 7 mois de prison ferme dans le cadre de l&#039;affaire de l&#039;a\u00e9roport.\" \/>\n<meta property=\"og:url\" content=\"https:\/\/kapitalis.com\/tunisie\/2023\/02\/10\/tunisie-makhlouf-condamne-a-7-mois-de-prison-dans-laffaire-de-laeroport\/\" \/>\n<meta property=\"og:site_name\" content=\"Kapitalis\" \/>\n<meta property=\"article:publisher\" content=\"https:\/\/www.facebook.com\/KapitalisInfo\/\" \/>\n<meta property=\"article:published_time\" content=\"2023-02-10T14:27:52+00:00\" \/>\n<meta property=\"article:modified_time\" content=\"2023-02-10T14:34:45+00:00\" \/>\n<meta property=\"og:image\" content=\"https:\/\/kapitalis.com\/tunisie\/wp-content\/uploads\/2022\/07\/Makhlouf-aeroport.jpg\" \/>\n\t<meta property=\"og:image:width\" content=\"1200\" \/>\n\t<meta property=\"og:image:height\" content=\"630\" \/>\n\t<meta property=\"og:image:type\" content=\"image\/jpeg\" \/>\n<meta name=\"author\" content=\"Yusra NY\" \/>\n<meta name=\"twitter:card\" content=\"summary_large_image\" \/>\n<meta name=\"twitter:creator\" content=\"@KapitalisInfo\" \/>\n<meta name=\"twitter:site\" content=\"@KapitalisInfo\" \/>\n<meta name=\"twitter:label1\" content=\"\u00c9crit par\" \/>\n\t<meta name=\"twitter:data1\" content=\"Yusra NY\" \/>\n\t<meta name=\"twitter:label2\" content=\"Dur\u00e9e de lecture estim\u00e9e\" \/>\n\t<meta name=\"twitter:data2\" content=\"1 minute\" \/>\n<script type=\"application\/ld+json\" class=\"yoast-schema-graph\">{\"@context\":\"https:\/\/schema.org\",\"@graph\":[{\"@type\":\"Article\",\"@id\":\"https:\/\/kapitalis.com\/tunisie\/2023\/02\/10\/tunisie-makhlouf-condamne-a-7-mois-de-prison-dans-laffaire-de-laeroport\/#article\",\"isPartOf\":{\"@id\":\"https:\/\/kapitalis.com\/tunisie\/2023\/02\/10\/tunisie-makhlouf-condamne-a-7-mois-de-prison-dans-laffaire-de-laeroport\/\"},\"author\":{\"name\":\"Yusra NY\",\"@id\":\"https:\/\/kapitalis.com\/tunisie\/#\/schema\/person\/74bbde0154d49d790a92aaeac5bc01d5\"},\"headline\":\"Tunisie : Makhlouf condamn\u00e9 \u00e0 7 mois de prison dans l&rsquo;affaire de l&rsquo;a\u00e9roport\",\"datePublished\":\"2023-02-10T14:27:52+00:00\",\"dateModified\":\"2023-02-10T14:34:45+00:00\",\"mainEntityOfPage\":{\"@id\":\"https:\/\/kapitalis.com\/tunisie\/2023\/02\/10\/tunisie-makhlouf-condamne-a-7-mois-de-prison-dans-laffaire-de-laeroport\/\"},\"wordCount\":197,\"commentCount\":2,\"publisher\":{\"@id\":\"https:\/\/kapitalis.com\/tunisie\/#organization\"},\"image\":{\"@id\":\"https:\/\/kapitalis.com\/tunisie\/2023\/02\/10\/tunisie-makhlouf-condamne-a-7-mois-de-prison-dans-laffaire-de-laeroport\/#primaryimage\"},\"thumbnailUrl\":\"https:\/\/kapitalis.com\/tunisie\/wp-content\/uploads\/2022\/07\/Makhlouf-aeroport.jpg\",\"keywords\":[\"a\u00e9roport\",\"Makhlouf\",\"prison\",\"Tunisie\"],\"articleSection\":[\"POLITIQUE\",\"Tunisie\"],\"inLanguage\":\"fr-FR\",\"potentialAction\":[{\"@type\":\"CommentAction\",\"name\":\"Comment\",\"target\":[\"https:\/\/kapitalis.com\/tunisie\/2023\/02\/10\/tunisie-makhlouf-condamne-a-7-mois-de-prison-dans-laffaire-de-laeroport\/#respond\"]}]},{\"@type\":\"WebPage\",\"@id\":\"https:\/\/kapitalis.com\/tunisie\/2023\/02\/10\/tunisie-makhlouf-condamne-a-7-mois-de-prison-dans-laffaire-de-laeroport\/\",\"url\":\"https:\/\/kapitalis.com\/tunisie\/2023\/02\/10\/tunisie-makhlouf-condamne-a-7-mois-de-prison-dans-laffaire-de-laeroport\/\",\"name\":\"Tunisie : Makhlouf condamn\u00e9 \u00e0 7 mois de prison dans l'affaire de l'a\u00e9roport - Kapitalis\",\"isPartOf\":{\"@id\":\"https:\/\/kapitalis.com\/tunisie\/#website\"},\"primaryImageOfPage\":{\"@id\":\"https:\/\/kapitalis.com\/tunisie\/2023\/02\/10\/tunisie-makhlouf-condamne-a-7-mois-de-prison-dans-laffaire-de-laeroport\/#primaryimage\"},\"image\":{\"@id\":\"https:\/\/kapitalis.com\/tunisie\/2023\/02\/10\/tunisie-makhlouf-condamne-a-7-mois-de-prison-dans-laffaire-de-laeroport\/#primaryimage\"},\"thumbnailUrl\":\"https:\/\/kapitalis.com\/tunisie\/wp-content\/uploads\/2022\/07\/Makhlouf-aeroport.jpg\",\"datePublished\":\"2023-02-10T14:27:52+00:00\",\"dateModified\":\"2023-02-10T14:34:45+00:00\",\"description\":\"La Cour d'appel militaire a condamn\u00e9 l'ancien d\u00e9put\u00e9 Al-Karama Seifeddine Makhlouf \u00e0 7 mois de prison ferme dans le cadre de l'affaire de l'a\u00e9roport.\",\"breadcrumb\":{\"@id\":\"https:\/\/kapitalis.com\/tunisie\/2023\/02\/10\/tunisie-makhlouf-condamne-a-7-mois-de-prison-dans-laffaire-de-laeroport\/#breadcrumb\"},\"inLanguage\":\"fr-FR\",\"potentialAction\":[{\"@type\":\"ReadAction\",\"target\":[\"https:\/\/kapitalis.com\/tunisie\/2023\/02\/10\/tunisie-makhlouf-condamne-a-7-mois-de-prison-dans-laffaire-de-laeroport\/\"]}]},{\"@type\":\"ImageObject\",\"inLanguage\":\"fr-FR\",\"@id\":\"https:\/\/kapitalis.com\/tunisie\/2023\/02\/10\/tunisie-makhlouf-condamne-a-7-mois-de-prison-dans-laffaire-de-laeroport\/#primaryimage\",\"url\":\"https:\/\/kapitalis.com\/tunisie\/wp-content\/uploads\/2022\/07\/Makhlouf-aeroport.jpg\",\"contentUrl\":\"https:\/\/kapitalis.com\/tunisie\/wp-content\/uploads\/2022\/07\/Makhlouf-aeroport.jpg\",\"width\":1200,\"height\":630},{\"@type\":\"BreadcrumbList\",\"@id\":\"https:\/\/kapitalis.com\/tunisie\/2023\/02\/10\/tunisie-makhlouf-condamne-a-7-mois-de-prison-dans-laffaire-de-laeroport\/#breadcrumb\",\"itemListElement\":[{\"@type\":\"ListItem\",\"position\":1,\"name\":\"Accueil\",\"item\":\"https:\/\/kapitalis.com\/tunisie\/\"},{\"@type\":\"ListItem\",\"position\":2,\"name\":\"Tunisie : Makhlouf condamn\u00e9 \u00e0 7 mois de prison dans l&rsquo;affaire de l&rsquo;a\u00e9roport\"}]},{\"@type\":\"WebSite\",\"@id\":\"https:\/\/kapitalis.com\/tunisie\/#website\",\"url\":\"https:\/\/kapitalis.com\/tunisie\/\",\"name\":\"Kapitalis\",\"description\":\"L&#039;actualit\u00e9 en Tunisie et dans le monde\",\"publisher\":{\"@id\":\"https:\/\/kapitalis.com\/tunisie\/#organization\"},\"potentialAction\":[{\"@type\":\"SearchAction\",\"target\":{\"@type\":\"EntryPoint\",\"urlTemplate\":\"https:\/\/kapitalis.com\/tunisie\/?s={search_term_string}\"},\"query-input\":{\"@type\":\"PropertyValueSpecification\",\"valueRequired\":true,\"valueName\":\"search_term_string\"}}],\"inLanguage\":\"fr-FR\"},{\"@type\":\"Organization\",\"@id\":\"https:\/\/kapitalis.com\/tunisie\/#organization\",\"name\":\"Kapitalis\",\"url\":\"https:\/\/kapitalis.com\/tunisie\/\",\"logo\":{\"@type\":\"ImageObject\",\"inLanguage\":\"fr-FR\",\"@id\":\"https:\/\/kapitalis.com\/tunisie\/#\/schema\/logo\/image\/\",\"url\":\"https:\/\/kapitalis.com\/tunisie\/wp-content\/uploads\/2022\/05\/Kapitalis-big-size.png\",\"contentUrl\":\"https:\/\/kapitalis.com\/tunisie\/wp-content\/uploads\/2022\/05\/Kapitalis-big-size.png\",\"width\":5000,\"height\":1500,\"caption\":\"Kapitalis\"},\"image\":{\"@id\":\"https:\/\/kapitalis.com\/tunisie\/#\/schema\/logo\/image\/\"},\"sameAs\":[\"https:\/\/www.facebook.com\/KapitalisInfo\/\",\"https:\/\/x.com\/KapitalisInfo\",\"https:\/\/www.youtube.com\/channel\/UC-yDYrHyfFBWWZaOw3FPg9Q\"]},{\"@type\":\"Person\",\"@id\":\"https:\/\/kapitalis.com\/tunisie\/#\/schema\/person\/74bbde0154d49d790a92aaeac5bc01d5\",\"name\":\"Yusra NY\",\"url\":\"https:\/\/kapitalis.com\/tunisie\/author\/yuza_adam\/\"}]}<\/script>\n<!-- \/ Yoast SEO plugin. -->","yoast_head_json":{"title":"Tunisie : Makhlouf condamn\u00e9 \u00e0 7 mois de prison dans l'affaire de l'a\u00e9roport - Kapitalis","description":"La Cour d'appel militaire a condamn\u00e9 l'ancien d\u00e9put\u00e9 Al-Karama Seifeddine Makhlouf \u00e0 7 mois de prison ferme dans le cadre de l'affaire de l'a\u00e9roport.","robots":{"index":"index","follow":"follow","max-snippet":"max-snippet:-1","max-image-preview":"max-image-preview:large","max-video-preview":"max-video-preview:-1"},"canonical":"https:\/\/kapitalis.com\/tunisie\/2023\/02\/10\/tunisie-makhlouf-condamne-a-7-mois-de-prison-dans-laffaire-de-laeroport\/","og_locale":"fr_FR","og_type":"article","og_title":"Tunisie : Makhlouf condamn\u00e9 \u00e0 7 mois de prison dans l'affaire de l'a\u00e9roport - Kapitalis","og_description":"La Cour d'appel militaire a condamn\u00e9 l'ancien d\u00e9put\u00e9 Al-Karama Seifeddine Makhlouf \u00e0 7 mois de prison ferme dans le cadre de l'affaire de l'a\u00e9roport.","og_url":"https:\/\/kapitalis.com\/tunisie\/2023\/02\/10\/tunisie-makhlouf-condamne-a-7-mois-de-prison-dans-laffaire-de-laeroport\/","og_site_name":"Kapitalis","article_publisher":"https:\/\/www.facebook.com\/KapitalisInfo\/","article_published_time":"2023-02-10T14:27:52+00:00","article_modified_time":"2023-02-10T14:34:45+00:00","og_image":[{"width":1200,"height":630,"url":"https:\/\/kapitalis.com\/tunisie\/wp-content\/uploads\/2022\/07\/Makhlouf-aeroport.jpg","type":"image\/jpeg"}],"author":"Yusra NY","twitter_card":"summary_large_image","twitter_creator":"@KapitalisInfo","twitter_site":"@KapitalisInfo","twitter_misc":{"\u00c9crit par":"Yusra NY","Dur\u00e9e de lecture estim\u00e9e":"1 minute"},"schema":{"@context":"https:\/\/schema.org","@graph":[{"@type":"Article","@id":"https:\/\/kapitalis.com\/tunisie\/2023\/02\/10\/tunisie-makhlouf-condamne-a-7-mois-de-prison-dans-laffaire-de-laeroport\/#article","isPartOf":{"@id":"https:\/\/kapitalis.com\/tunisie\/2023\/02\/10\/tunisie-makhlouf-condamne-a-7-mois-de-prison-dans-laffaire-de-laeroport\/"},"author":{"name":"Yusra NY","@id":"https:\/\/kapitalis.com\/tunisie\/#\/schema\/person\/74bbde0154d49d790a92aaeac5bc01d5"},"headline":"Tunisie : Makhlouf condamn\u00e9 \u00e0 7 mois de prison dans l&rsquo;affaire de l&rsquo;a\u00e9roport","datePublished":"2023-02-10T14:27:52+00:00","dateModified":"2023-02-10T14:34:45+00:00","mainEntityOfPage":{"@id":"https:\/\/kapitalis.com\/tunisie\/2023\/02\/10\/tunisie-makhlouf-condamne-a-7-mois-de-prison-dans-laffaire-de-laeroport\/"},"wordCount":197,"commentCount":2,"publisher":{"@id":"https:\/\/kapitalis.com\/tunisie\/#organization"},"image":{"@id":"https:\/\/kapitalis.com\/tunisie\/2023\/02\/10\/tunisie-makhlouf-condamne-a-7-mois-de-prison-dans-laffaire-de-laeroport\/#primaryimage"},"thumbnailUrl":"https:\/\/kapitalis.com\/tunisie\/wp-content\/uploads\/2022\/07\/Makhlouf-aeroport.jpg","keywords":["a\u00e9roport","Makhlouf","prison","Tunisie"],"articleSection":["POLITIQUE","Tunisie"],"inLanguage":"fr-FR","potentialAction":[{"@type":"CommentAction","name":"Comment","target":["https:\/\/kapitalis.com\/tunisie\/2023\/02\/10\/tunisie-makhlouf-condamne-a-7-mois-de-prison-dans-laffaire-de-laeroport\/#respond"]}]},{"@type":"WebPage","@id":"https:\/\/kapitalis.com\/tunisie\/2023\/02\/10\/tunisie-makhlouf-condamne-a-7-mois-de-prison-dans-laffaire-de-laeroport\/","url":"https:\/\/kapitalis.com\/tunisie\/2023\/02\/10\/tunisie-makhlouf-condamne-a-7-mois-de-prison-dans-laffaire-de-laeroport\/","name":"Tunisie : Makhlouf condamn\u00e9 \u00e0 7 mois de prison dans l'affaire de l'a\u00e9roport - Kapitalis","isPartOf":{"@id":"https:\/\/kapitalis.com\/tunisie\/#website"},"primaryImageOfPage":{"@id":"https:\/\/kapitalis.com\/tunisie\/2023\/02\/10\/tunisie-makhlouf-condamne-a-7-mois-de-prison-dans-laffaire-de-laeroport\/#primaryimage"},"image":{"@id":"https:\/\/kapitalis.com\/tunisie\/2023\/02\/10\/tunisie-makhlouf-condamne-a-7-mois-de-prison-dans-laffaire-de-laeroport\/#primaryimage"},"thumbnailUrl":"https:\/\/kapitalis.com\/tunisie\/wp-content\/uploads\/2022\/07\/Makhlouf-aeroport.jpg","datePublished":"2023-02-10T14:27:52+00:00","dateModified":"2023-02-10T14:34:45+00:00","description":"La Cour d'appel militaire a condamn\u00e9 l'ancien d\u00e9put\u00e9 Al-Karama Seifeddine Makhlouf \u00e0 7 mois de prison ferme dans le cadre de l'affaire de l'a\u00e9roport.","breadcrumb":{"@id":"https:\/\/kapitalis.com\/tunisie\/2023\/02\/10\/tunisie-makhlouf-condamne-a-7-mois-de-prison-dans-laffaire-de-laeroport\/#breadcrumb"},"inLanguage":"fr-FR","potentialAction":[{"@type":"ReadAction","target":["https:\/\/kapitalis.com\/tunisie\/2023\/02\/10\/tunisie-makhlouf-condamne-a-7-mois-de-prison-dans-laffaire-de-laeroport\/"]}]},{"@type":"ImageObject","inLanguage":"fr-FR","@id":"https:\/\/kapitalis.com\/tunisie\/2023\/02\/10\/tunisie-makhlouf-condamne-a-7-mois-de-prison-dans-laffaire-de-laeroport\/#primaryimage","url":"https:\/\/kapitalis.com\/tunisie\/wp-content\/uploads\/2022\/07\/Makhlouf-aeroport.jpg","contentUrl":"https:\/\/kapitalis.com\/tunisie\/wp-content\/uploads\/2022\/07\/Makhlouf-aeroport.jpg","width":1200,"height":630},{"@type":"BreadcrumbList","@id":"https:\/\/kapitalis.com\/tunisie\/2023\/02\/10\/tunisie-makhlouf-condamne-a-7-mois-de-prison-dans-laffaire-de-laeroport\/#breadcrumb","itemListElement":[{"@type":"ListItem","position":1,"name":"Accueil","item":"https:\/\/kapitalis.com\/tunisie\/"},{"@type":"ListItem","position":2,"name":"Tunisie : Makhlouf condamn\u00e9 \u00e0 7 mois de prison dans l&rsquo;affaire de l&rsquo;a\u00e9roport"}]},{"@type":"WebSite","@id":"https:\/\/kapitalis.com\/tunisie\/#website","url":"https:\/\/kapitalis.com\/tunisie\/","name":"Kapitalis","description":"L&#039;actualit\u00e9 en Tunisie et dans le monde","publisher":{"@id":"https:\/\/kapitalis.com\/tunisie\/#organization"},"potentialAction":[{"@type":"SearchAction","target":{"@type":"EntryPoint","urlTemplate":"https:\/\/kapitalis.com\/tunisie\/?s={search_term_string}"},"query-input":{"@type":"PropertyValueSpecification","valueRequired":true,"valueName":"search_term_string"}}],"inLanguage":"fr-FR"},{"@type":"Organization","@id":"https:\/\/kapitalis.com\/tunisie\/#organization","name":"Kapitalis","url":"https:\/\/kapitalis.com\/tunisie\/","logo":{"@type":"ImageObject","inLanguage":"fr-FR","@id":"https:\/\/kapitalis.com\/tunisie\/#\/schema\/logo\/image\/","url":"https:\/\/kapitalis.com\/tunisie\/wp-content\/uploads\/2022\/05\/Kapitalis-big-size.png","contentUrl":"https:\/\/kapitalis.com\/tunisie\/wp-content\/uploads\/2022\/05\/Kapitalis-big-size.png","width":5000,"height":1500,"caption":"Kapitalis"},"image":{"@id":"https:\/\/kapitalis.com\/tunisie\/#\/schema\/logo\/image\/"},"sameAs":["https:\/\/www.facebook.com\/KapitalisInfo\/","https:\/\/x.com\/KapitalisInfo","https:\/\/www.youtube.com\/channel\/UC-yDYrHyfFBWWZaOw3FPg9Q"]},{"@type":"Person","@id":"https:\/\/kapitalis.com\/tunisie\/#\/schema\/person\/74bbde0154d49d790a92aaeac5bc01d5","name":"Yusra NY","url":"https:\/\/kapitalis.com\/tunisie\/author\/yuza_adam\/"}]}},"_links":{"self":[{"href":"https:\/\/kapitalis.com\/tunisie\/wp-json\/wp\/v2\/posts\/6401445","targetHints":{"allow":["GET"]}}],"collection":[{"href":"https:\/\/kapitalis.com\/tunisie\/wp-json\/wp\/v2\/posts"}],"about":[{"href":"https:\/\/kapitalis.com\/tunisie\/wp-json\/wp\/v2\/types\/post"}],"author":[{"embeddable":true,"href":"https:\/\/kapitalis.com\/tunisie\/wp-json\/wp\/v2\/users\/6"}],"replies":[{"embeddable":true,"href":"https:\/\/kapitalis.com\/tunisie\/wp-json\/wp\/v2\/comments?post=6401445"}],"version-history":[{"count":3,"href":"https:\/\/kapitalis.com\/tunisie\/wp-json\/wp\/v2\/posts\/6401445\/revisions"}],"predecessor-version":[{"id":6401675,"href":"https:\/\/kapitalis.com\/tunisie\/wp-json\/wp\/v2\/posts\/6401445\/revisions\/6401675"}],"wp:featuredmedia":[{"embeddable":true,"href":"https:\/\/kapitalis.com\/tunisie\/wp-json\/wp\/v2\/media\/2273339"}],"wp:attachment":[{"href":"https:\/\/kapitalis.com\/tunisie\/wp-json\/wp\/v2\/media?parent=6401445"}],"wp:term":[{"taxonomy":"category","embeddable":true,"href":"https:\/\/kapitalis.com\/tunisie\/wp-json\/wp\/v2\/categories?post=6401445"},{"taxonomy":"post_tag","embeddable":true,"href":"https:\/\/kapitalis.com\/tunisie\/wp-json\/wp\/v2\/tags?post=6401445"}],"curies":[{"name":"wp","href":"https:\/\/api.w.org\/{rel}","templated":true}]}}