{"id":64135,"date":"2016-09-07T17:53:43","date_gmt":"2016-09-07T16:53:43","guid":{"rendered":"http:\/\/kapitalis.com\/tunisie\/?p=64135"},"modified":"2016-09-07T17:53:43","modified_gmt":"2016-09-07T16:53:43","slug":"dattes-tunisiennes-la-recolte-estimee-a-241-500-tonnes","status":"publish","type":"post","link":"https:\/\/kapitalis.com\/tunisie\/2016\/09\/07\/dattes-tunisiennes-la-recolte-estimee-a-241-500-tonnes\/","title":{"rendered":"Dattes tunisiennes : La r\u00e9colte estim\u00e9e \u00e0 241.500 tonnes"},"content":{"rendered":"<p><img loading=\"lazy\" decoding=\"async\" class=\"alignnone size-full wp-image-64136 aligncenter\" src=\"http:\/\/kapitalis.com\/tunisie\/wp-content\/uploads\/2016\/09\/Deglet-Nour.jpg\" alt=\"Deglet-Nour\" width=\"626\" height=\"380\" \/><\/p>\n<p><em><strong>La r\u00e9colte de dattes, pour cette saison, est estim\u00e9e \u00e0 241.500 tonnes, dont 182.500 tonnes de la Deglet Nour.<\/strong> <\/em><\/p>\n<p><!--more--><\/p>\n<p>Cette vari\u00e9t\u00e9 de dattes de grande qualit\u00e9, tr\u00e8s pris\u00e9e dans les march\u00e9s ext\u00e9rieurs, a enregistr\u00e9 une l\u00e9g\u00e8re baisse de 2% par rapport \u00e0 la saison \u00e9coul\u00e9e (246.000 tonnes), mais elle est meilleure qualit\u00e9, estiment les professionnels.<\/p>\n<p>Le minist\u00e8re de l\u2019Agriculture, des Ressources hydrauliques et de la P\u00eache a fait savoir, dans un communiqu\u00e9, que les quantit\u00e9s de dattes export\u00e9es ont atteint, jusqu&rsquo;au 5 septembre 2016, 106.000 tonnes, g\u00e9n\u00e9rant des recettes \u00e9valu\u00e9es \u00e0 454 millions de dinars tunisiens (MDT), contre 97.000 tonnes et 449 MDT durant la m\u00eame p\u00e9riode de l\u2019ann\u00e9e derni\u00e8re.<\/p>\n<p>Le d\u00e9partement de l\u2019Agriculture a pr\u00e9cis\u00e9 que les ventes sur pied, au gouvernorat de Tozeur, ont d\u00e9marr\u00e9 \u00e0 la mi-juillet 2016 et ont d\u00e9pass\u00e9, jusqu\u2019\u00e0 ce jour, 62% de la r\u00e9colte. Les prix varient entre 1,5 et 2,5 dinars\/kg.<\/p>\n<p>Au gouvernorat de K\u00e9bili, les ventes sur pied ne sont pas fr\u00e9quentes. Elles ont concern\u00e9 uniquement quelques oasis de Rjim Maatoug.<\/p>\n<p>En ce qui concerne la protection des dattes, la m\u00eame source affirme que 5,81 millions de r\u00e9gimes dattes sur un total de 9,25 millions (soit 63%) ont \u00e9t\u00e9 couverts de sacs en plastique alors que l\u2019utilisation des moustiquaires a touch\u00e9 2,2 millions de r\u00e9gimes sur un total de 8,1 millions (27%).<\/p>\n<p>La superficie totale des palmeraies en Tunisie est estim\u00e9e \u00e0 53.800 ha, dont 67% (36.000 ha) \u00e0 K\u00e9bili, 15% (8.400 ha) \u00e0 Tozeur et 13% (6.800 ha) \u00e0 Gab\u00e8s.<\/p>\n<p style=\"text-align: right;\"><strong>I. B.<\/strong> (avec Tap).<\/p>\n","protected":false},"excerpt":{"rendered":"<p>La r\u00e9colte de dattes, pour cette saison, est estim\u00e9e \u00e0 241.500 tonnes, dont 182.500 tonnes de la Deglet Nour.<\/p>\n","protected":false},"author":8,"featured_media":64136,"comment_status":"open","ping_status":"open","sticky":false,"template":"","format":"standard","meta":{"footnotes":""},"categories":[995,2433],"tags":[47,5672,365,406,526,1202,1208],"class_list":["post-64135","post","type-post","status-publish","format-standard","has-post-thumbnail","hentry","category-economie","category-tunisie","tag-agriculture","tag-deglet-nour","tag-exportations","tag-gabes","tag-kebili","tag-recolte","tag-tozeur"],"yoast_head":"<!-- This site is optimized with the Yoast SEO plugin v26.6 - https:\/\/yoast.com\/wordpress\/plugins\/seo\/ -->\n<title>Dattes tunisiennes : La r\u00e9colte estim\u00e9e \u00e0 241.500 tonnes - Kapitalis<\/title>\n<meta name=\"robots\" content=\"index, follow, max-snippet:-1, max-image-preview:large, max-video-preview:-1\" \/>\n<link rel=\"canonical\" href=\"https:\/\/kapitalis.com\/tunisie\/2016\/09\/07\/dattes-tunisiennes-la-recolte-estimee-a-241-500-tonnes\/\" \/>\n<meta property=\"og:locale\" content=\"fr_FR\" \/>\n<meta property=\"og:type\" content=\"article\" \/>\n<meta property=\"og:title\" content=\"Dattes tunisiennes : La r\u00e9colte estim\u00e9e \u00e0 241.500 tonnes - Kapitalis\" \/>\n<meta property=\"og:description\" content=\"La r\u00e9colte de dattes, pour cette saison, est estim\u00e9e \u00e0 241.500 tonnes, dont 182.500 tonnes de la Deglet Nour.\" \/>\n<meta property=\"og:url\" content=\"https:\/\/kapitalis.com\/tunisie\/2016\/09\/07\/dattes-tunisiennes-la-recolte-estimee-a-241-500-tonnes\/\" \/>\n<meta property=\"og:site_name\" content=\"Kapitalis\" \/>\n<meta property=\"article:publisher\" content=\"https:\/\/www.facebook.com\/KapitalisInfo\/\" \/>\n<meta property=\"article:published_time\" content=\"2016-09-07T16:53:43+00:00\" \/>\n<meta property=\"og:image\" content=\"https:\/\/kapitalis.com\/tunisie\/wp-content\/uploads\/2022\/05\/kapitalis-logo-fb.png\" \/>\n\t<meta property=\"og:image:width\" content=\"1200\" \/>\n\t<meta property=\"og:image:height\" content=\"630\" \/>\n\t<meta property=\"og:image:type\" content=\"image\/png\" \/>\n<meta name=\"author\" content=\"webmaster kapitalis\" \/>\n<meta name=\"twitter:card\" content=\"summary_large_image\" \/>\n<meta name=\"twitter:creator\" content=\"@KapitalisInfo\" \/>\n<meta name=\"twitter:site\" content=\"@KapitalisInfo\" \/>\n<meta name=\"twitter:label1\" content=\"\u00c9crit par\" \/>\n\t<meta name=\"twitter:data1\" content=\"webmaster kapitalis\" \/>\n\t<meta name=\"twitter:label2\" content=\"Dur\u00e9e de lecture estim\u00e9e\" \/>\n\t<meta name=\"twitter:data2\" content=\"1 minute\" \/>\n<script type=\"application\/ld+json\" class=\"yoast-schema-graph\">{\"@context\":\"https:\/\/schema.org\",\"@graph\":[{\"@type\":\"Article\",\"@id\":\"https:\/\/kapitalis.com\/tunisie\/2016\/09\/07\/dattes-tunisiennes-la-recolte-estimee-a-241-500-tonnes\/#article\",\"isPartOf\":{\"@id\":\"https:\/\/kapitalis.com\/tunisie\/2016\/09\/07\/dattes-tunisiennes-la-recolte-estimee-a-241-500-tonnes\/\"},\"author\":{\"name\":\"webmaster kapitalis\",\"@id\":\"https:\/\/kapitalis.com\/tunisie\/#\/schema\/person\/d71f33a9ca44f7bad4698210b480c8e9\"},\"headline\":\"Dattes tunisiennes : La r\u00e9colte estim\u00e9e \u00e0 241.500 tonnes\",\"datePublished\":\"2016-09-07T16:53:43+00:00\",\"mainEntityOfPage\":{\"@id\":\"https:\/\/kapitalis.com\/tunisie\/2016\/09\/07\/dattes-tunisiennes-la-recolte-estimee-a-241-500-tonnes\/\"},\"wordCount\":266,\"commentCount\":1,\"publisher\":{\"@id\":\"https:\/\/kapitalis.com\/tunisie\/#organization\"},\"image\":{\"@id\":\"https:\/\/kapitalis.com\/tunisie\/2016\/09\/07\/dattes-tunisiennes-la-recolte-estimee-a-241-500-tonnes\/#primaryimage\"},\"thumbnailUrl\":\"\",\"keywords\":[\"Agriculture\",\"Deglet nour\",\"exportations\",\"Gab\u00e8s\",\"K\u00e9bili\",\"r\u00e9colte\",\"Tozeur\"],\"articleSection\":[\"ECONOMIE\",\"Tunisie\"],\"inLanguage\":\"fr-FR\",\"potentialAction\":[{\"@type\":\"CommentAction\",\"name\":\"Comment\",\"target\":[\"https:\/\/kapitalis.com\/tunisie\/2016\/09\/07\/dattes-tunisiennes-la-recolte-estimee-a-241-500-tonnes\/#respond\"]}]},{\"@type\":\"WebPage\",\"@id\":\"https:\/\/kapitalis.com\/tunisie\/2016\/09\/07\/dattes-tunisiennes-la-recolte-estimee-a-241-500-tonnes\/\",\"url\":\"https:\/\/kapitalis.com\/tunisie\/2016\/09\/07\/dattes-tunisiennes-la-recolte-estimee-a-241-500-tonnes\/\",\"name\":\"Dattes tunisiennes : La r\u00e9colte estim\u00e9e \u00e0 241.500 tonnes - Kapitalis\",\"isPartOf\":{\"@id\":\"https:\/\/kapitalis.com\/tunisie\/#website\"},\"primaryImageOfPage\":{\"@id\":\"https:\/\/kapitalis.com\/tunisie\/2016\/09\/07\/dattes-tunisiennes-la-recolte-estimee-a-241-500-tonnes\/#primaryimage\"},\"image\":{\"@id\":\"https:\/\/kapitalis.com\/tunisie\/2016\/09\/07\/dattes-tunisiennes-la-recolte-estimee-a-241-500-tonnes\/#primaryimage\"},\"thumbnailUrl\":\"\",\"datePublished\":\"2016-09-07T16:53:43+00:00\",\"breadcrumb\":{\"@id\":\"https:\/\/kapitalis.com\/tunisie\/2016\/09\/07\/dattes-tunisiennes-la-recolte-estimee-a-241-500-tonnes\/#breadcrumb\"},\"inLanguage\":\"fr-FR\",\"potentialAction\":[{\"@type\":\"ReadAction\",\"target\":[\"https:\/\/kapitalis.com\/tunisie\/2016\/09\/07\/dattes-tunisiennes-la-recolte-estimee-a-241-500-tonnes\/\"]}]},{\"@type\":\"ImageObject\",\"inLanguage\":\"fr-FR\",\"@id\":\"https:\/\/kapitalis.com\/tunisie\/2016\/09\/07\/dattes-tunisiennes-la-recolte-estimee-a-241-500-tonnes\/#primaryimage\",\"url\":\"\",\"contentUrl\":\"\"},{\"@type\":\"BreadcrumbList\",\"@id\":\"https:\/\/kapitalis.com\/tunisie\/2016\/09\/07\/dattes-tunisiennes-la-recolte-estimee-a-241-500-tonnes\/#breadcrumb\",\"itemListElement\":[{\"@type\":\"ListItem\",\"position\":1,\"name\":\"Accueil\",\"item\":\"https:\/\/kapitalis.com\/tunisie\/\"},{\"@type\":\"ListItem\",\"position\":2,\"name\":\"Dattes tunisiennes : La r\u00e9colte estim\u00e9e \u00e0 241.500 tonnes\"}]},{\"@type\":\"WebSite\",\"@id\":\"https:\/\/kapitalis.com\/tunisie\/#website\",\"url\":\"https:\/\/kapitalis.com\/tunisie\/\",\"name\":\"Kapitalis\",\"description\":\"L&#039;actualit\u00e9 en Tunisie et dans le monde\",\"publisher\":{\"@id\":\"https:\/\/kapitalis.com\/tunisie\/#organization\"},\"potentialAction\":[{\"@type\":\"SearchAction\",\"target\":{\"@type\":\"EntryPoint\",\"urlTemplate\":\"https:\/\/kapitalis.com\/tunisie\/?s={search_term_string}\"},\"query-input\":{\"@type\":\"PropertyValueSpecification\",\"valueRequired\":true,\"valueName\":\"search_term_string\"}}],\"inLanguage\":\"fr-FR\"},{\"@type\":\"Organization\",\"@id\":\"https:\/\/kapitalis.com\/tunisie\/#organization\",\"name\":\"Kapitalis\",\"url\":\"https:\/\/kapitalis.com\/tunisie\/\",\"logo\":{\"@type\":\"ImageObject\",\"inLanguage\":\"fr-FR\",\"@id\":\"https:\/\/kapitalis.com\/tunisie\/#\/schema\/logo\/image\/\",\"url\":\"https:\/\/kapitalis.com\/tunisie\/wp-content\/uploads\/2022\/05\/Kapitalis-big-size.png\",\"contentUrl\":\"https:\/\/kapitalis.com\/tunisie\/wp-content\/uploads\/2022\/05\/Kapitalis-big-size.png\",\"width\":5000,\"height\":1500,\"caption\":\"Kapitalis\"},\"image\":{\"@id\":\"https:\/\/kapitalis.com\/tunisie\/#\/schema\/logo\/image\/\"},\"sameAs\":[\"https:\/\/www.facebook.com\/KapitalisInfo\/\",\"https:\/\/x.com\/KapitalisInfo\",\"https:\/\/www.youtube.com\/channel\/UC-yDYrHyfFBWWZaOw3FPg9Q\"]},{\"@type\":\"Person\",\"@id\":\"https:\/\/kapitalis.com\/tunisie\/#\/schema\/person\/d71f33a9ca44f7bad4698210b480c8e9\",\"name\":\"webmaster kapitalis\",\"url\":\"https:\/\/kapitalis.com\/tunisie\/author\/webmaster-kapitalis\/\"}]}<\/script>\n<!-- \/ Yoast SEO plugin. -->","yoast_head_json":{"title":"Dattes tunisiennes : La r\u00e9colte estim\u00e9e \u00e0 241.500 tonnes - Kapitalis","robots":{"index":"index","follow":"follow","max-snippet":"max-snippet:-1","max-image-preview":"max-image-preview:large","max-video-preview":"max-video-preview:-1"},"canonical":"https:\/\/kapitalis.com\/tunisie\/2016\/09\/07\/dattes-tunisiennes-la-recolte-estimee-a-241-500-tonnes\/","og_locale":"fr_FR","og_type":"article","og_title":"Dattes tunisiennes : La r\u00e9colte estim\u00e9e \u00e0 241.500 tonnes - Kapitalis","og_description":"La r\u00e9colte de dattes, pour cette saison, est estim\u00e9e \u00e0 241.500 tonnes, dont 182.500 tonnes de la Deglet Nour.","og_url":"https:\/\/kapitalis.com\/tunisie\/2016\/09\/07\/dattes-tunisiennes-la-recolte-estimee-a-241-500-tonnes\/","og_site_name":"Kapitalis","article_publisher":"https:\/\/www.facebook.com\/KapitalisInfo\/","article_published_time":"2016-09-07T16:53:43+00:00","og_image":[{"width":1200,"height":630,"url":"https:\/\/kapitalis.com\/tunisie\/wp-content\/uploads\/2022\/05\/kapitalis-logo-fb.png","type":"image\/png"}],"author":"webmaster kapitalis","twitter_card":"summary_large_image","twitter_creator":"@KapitalisInfo","twitter_site":"@KapitalisInfo","twitter_misc":{"\u00c9crit par":"webmaster kapitalis","Dur\u00e9e de lecture estim\u00e9e":"1 minute"},"schema":{"@context":"https:\/\/schema.org","@graph":[{"@type":"Article","@id":"https:\/\/kapitalis.com\/tunisie\/2016\/09\/07\/dattes-tunisiennes-la-recolte-estimee-a-241-500-tonnes\/#article","isPartOf":{"@id":"https:\/\/kapitalis.com\/tunisie\/2016\/09\/07\/dattes-tunisiennes-la-recolte-estimee-a-241-500-tonnes\/"},"author":{"name":"webmaster kapitalis","@id":"https:\/\/kapitalis.com\/tunisie\/#\/schema\/person\/d71f33a9ca44f7bad4698210b480c8e9"},"headline":"Dattes tunisiennes : La r\u00e9colte estim\u00e9e \u00e0 241.500 tonnes","datePublished":"2016-09-07T16:53:43+00:00","mainEntityOfPage":{"@id":"https:\/\/kapitalis.com\/tunisie\/2016\/09\/07\/dattes-tunisiennes-la-recolte-estimee-a-241-500-tonnes\/"},"wordCount":266,"commentCount":1,"publisher":{"@id":"https:\/\/kapitalis.com\/tunisie\/#organization"},"image":{"@id":"https:\/\/kapitalis.com\/tunisie\/2016\/09\/07\/dattes-tunisiennes-la-recolte-estimee-a-241-500-tonnes\/#primaryimage"},"thumbnailUrl":"","keywords":["Agriculture","Deglet nour","exportations","Gab\u00e8s","K\u00e9bili","r\u00e9colte","Tozeur"],"articleSection":["ECONOMIE","Tunisie"],"inLanguage":"fr-FR","potentialAction":[{"@type":"CommentAction","name":"Comment","target":["https:\/\/kapitalis.com\/tunisie\/2016\/09\/07\/dattes-tunisiennes-la-recolte-estimee-a-241-500-tonnes\/#respond"]}]},{"@type":"WebPage","@id":"https:\/\/kapitalis.com\/tunisie\/2016\/09\/07\/dattes-tunisiennes-la-recolte-estimee-a-241-500-tonnes\/","url":"https:\/\/kapitalis.com\/tunisie\/2016\/09\/07\/dattes-tunisiennes-la-recolte-estimee-a-241-500-tonnes\/","name":"Dattes tunisiennes : La r\u00e9colte estim\u00e9e \u00e0 241.500 tonnes - Kapitalis","isPartOf":{"@id":"https:\/\/kapitalis.com\/tunisie\/#website"},"primaryImageOfPage":{"@id":"https:\/\/kapitalis.com\/tunisie\/2016\/09\/07\/dattes-tunisiennes-la-recolte-estimee-a-241-500-tonnes\/#primaryimage"},"image":{"@id":"https:\/\/kapitalis.com\/tunisie\/2016\/09\/07\/dattes-tunisiennes-la-recolte-estimee-a-241-500-tonnes\/#primaryimage"},"thumbnailUrl":"","datePublished":"2016-09-07T16:53:43+00:00","breadcrumb":{"@id":"https:\/\/kapitalis.com\/tunisie\/2016\/09\/07\/dattes-tunisiennes-la-recolte-estimee-a-241-500-tonnes\/#breadcrumb"},"inLanguage":"fr-FR","potentialAction":[{"@type":"ReadAction","target":["https:\/\/kapitalis.com\/tunisie\/2016\/09\/07\/dattes-tunisiennes-la-recolte-estimee-a-241-500-tonnes\/"]}]},{"@type":"ImageObject","inLanguage":"fr-FR","@id":"https:\/\/kapitalis.com\/tunisie\/2016\/09\/07\/dattes-tunisiennes-la-recolte-estimee-a-241-500-tonnes\/#primaryimage","url":"","contentUrl":""},{"@type":"BreadcrumbList","@id":"https:\/\/kapitalis.com\/tunisie\/2016\/09\/07\/dattes-tunisiennes-la-recolte-estimee-a-241-500-tonnes\/#breadcrumb","itemListElement":[{"@type":"ListItem","position":1,"name":"Accueil","item":"https:\/\/kapitalis.com\/tunisie\/"},{"@type":"ListItem","position":2,"name":"Dattes tunisiennes : La r\u00e9colte estim\u00e9e \u00e0 241.500 tonnes"}]},{"@type":"WebSite","@id":"https:\/\/kapitalis.com\/tunisie\/#website","url":"https:\/\/kapitalis.com\/tunisie\/","name":"Kapitalis","description":"L&#039;actualit\u00e9 en Tunisie et dans le monde","publisher":{"@id":"https:\/\/kapitalis.com\/tunisie\/#organization"},"potentialAction":[{"@type":"SearchAction","target":{"@type":"EntryPoint","urlTemplate":"https:\/\/kapitalis.com\/tunisie\/?s={search_term_string}"},"query-input":{"@type":"PropertyValueSpecification","valueRequired":true,"valueName":"search_term_string"}}],"inLanguage":"fr-FR"},{"@type":"Organization","@id":"https:\/\/kapitalis.com\/tunisie\/#organization","name":"Kapitalis","url":"https:\/\/kapitalis.com\/tunisie\/","logo":{"@type":"ImageObject","inLanguage":"fr-FR","@id":"https:\/\/kapitalis.com\/tunisie\/#\/schema\/logo\/image\/","url":"https:\/\/kapitalis.com\/tunisie\/wp-content\/uploads\/2022\/05\/Kapitalis-big-size.png","contentUrl":"https:\/\/kapitalis.com\/tunisie\/wp-content\/uploads\/2022\/05\/Kapitalis-big-size.png","width":5000,"height":1500,"caption":"Kapitalis"},"image":{"@id":"https:\/\/kapitalis.com\/tunisie\/#\/schema\/logo\/image\/"},"sameAs":["https:\/\/www.facebook.com\/KapitalisInfo\/","https:\/\/x.com\/KapitalisInfo","https:\/\/www.youtube.com\/channel\/UC-yDYrHyfFBWWZaOw3FPg9Q"]},{"@type":"Person","@id":"https:\/\/kapitalis.com\/tunisie\/#\/schema\/person\/d71f33a9ca44f7bad4698210b480c8e9","name":"webmaster kapitalis","url":"https:\/\/kapitalis.com\/tunisie\/author\/webmaster-kapitalis\/"}]}},"_links":{"self":[{"href":"https:\/\/kapitalis.com\/tunisie\/wp-json\/wp\/v2\/posts\/64135","targetHints":{"allow":["GET"]}}],"collection":[{"href":"https:\/\/kapitalis.com\/tunisie\/wp-json\/wp\/v2\/posts"}],"about":[{"href":"https:\/\/kapitalis.com\/tunisie\/wp-json\/wp\/v2\/types\/post"}],"author":[{"embeddable":true,"href":"https:\/\/kapitalis.com\/tunisie\/wp-json\/wp\/v2\/users\/8"}],"replies":[{"embeddable":true,"href":"https:\/\/kapitalis.com\/tunisie\/wp-json\/wp\/v2\/comments?post=64135"}],"version-history":[{"count":0,"href":"https:\/\/kapitalis.com\/tunisie\/wp-json\/wp\/v2\/posts\/64135\/revisions"}],"wp:featuredmedia":[{"embeddable":true,"href":"https:\/\/kapitalis.com\/tunisie\/wp-json\/wp\/v2\/media\/64136"}],"wp:attachment":[{"href":"https:\/\/kapitalis.com\/tunisie\/wp-json\/wp\/v2\/media?parent=64135"}],"wp:term":[{"taxonomy":"category","embeddable":true,"href":"https:\/\/kapitalis.com\/tunisie\/wp-json\/wp\/v2\/categories?post=64135"},{"taxonomy":"post_tag","embeddable":true,"href":"https:\/\/kapitalis.com\/tunisie\/wp-json\/wp\/v2\/tags?post=64135"}],"curies":[{"name":"wp","href":"https:\/\/api.w.org\/{rel}","templated":true}]}}