{"id":64194,"date":"2016-09-08T13:19:26","date_gmt":"2016-09-08T12:19:26","guid":{"rendered":"http:\/\/kapitalis.com\/tunisie\/?p=64194"},"modified":"2016-09-08T13:47:35","modified_gmt":"2016-09-08T12:47:35","slug":"la-tunisie-a-foire-europeenne-de-strasbourg-des-niches-a-exploiter","status":"publish","type":"post","link":"https:\/\/kapitalis.com\/tunisie\/2016\/09\/08\/la-tunisie-a-foire-europeenne-de-strasbourg-des-niches-a-exploiter\/","title":{"rendered":"La Tunisie \u00e0 la Foire europ\u00e9enne de Strasbourg : Des niches \u00e0 exploiter"},"content":{"rendered":"<p style=\"text-align: center;\"><img loading=\"lazy\" decoding=\"async\" class=\"alignnone size-full wp-image-64195\" src=\"http:\/\/kapitalis.com\/tunisie\/wp-content\/uploads\/2016\/09\/Tunisie-Foire-de-Strasbourg.jpg\" alt=\"Tunisie-Foire-de-Strasbourg\" width=\"626\" height=\"380\" \/><\/p>\n<p><em><strong>La participation tunisienne \u00e0 la Foire europ\u00e9enne de Strasbourg a des retomb\u00e9es positives. Elle a restaur\u00e9 l\u2019image d\u2019un pays riche d\u2019histoire, ouvert et hospitalier.<\/strong> <\/em><\/p>\n<p>Par <strong>Anouar Hna\u00efne<\/strong><\/p>\n<p><!--more--><\/p>\n<p>La Tunisie est l\u2019h\u00f4te d\u2019honneur de la a 84e Foire europ\u00e9enne de Strasbourg, qui se d\u00e9roule du 2 au 12 septembre courant.<\/p>\n<p>Vraisemblablement dans la ville personne ne l\u2019ignore, partout intra et extra muros, les affiches annon\u00e7ant le pays h\u00f4te, qui succ\u00e8de \u00e0 l\u2019Inde en 2015, \u00e0 cette prestigieuse foire sont visibles partout sur les stations de m\u00e9tro, les abribus, les fa\u00e7ades des grands b\u00e2timents publics et priv\u00e9s, les colonnes Morris, les m\u00e9dias de tous genres. Personne n\u2019y \u00e9chappe.<\/p>\n<p style=\"text-align: center;\"><img loading=\"lazy\" decoding=\"async\" class=\"alignnone size-full wp-image-64196\" src=\"http:\/\/kapitalis.com\/tunisie\/wp-content\/uploads\/2016\/09\/Tunisie-Foire-de-Strasbourg-Valls.jpg\" alt=\"Tunisie-Foire-de-Strasbourg-Valls\" width=\"500\" height=\"300\" \/><\/p>\n<p style=\"text-align: center;\"><em>Manuel Valls en visite au pavillon tunisien, re\u00e7u par Selma Elloumi Rekik.<\/em><\/p>\n<p><strong>Les encouragements de Manuel Valls <\/strong><\/p>\n<p>Au premier jour, Manuel Valls, Premier ministre fran\u00e7ais, s\u2019est d\u00e9plac\u00e9 dans la r\u00e9gion (Alsace, Lorraine et Champagne Ardennes) pour inaugurer la Foire. A la fin de son discours \u00e0 teneur politique donn\u00e9 au Palais des Congr\u00e8s, il a souhait\u00e9 la bienvenue \u00e0 la d\u00e9l\u00e9gation tunisienne pr\u00e9sente et conduite par la ministre du Tourisme et de l\u2019Artisanat, Selma Elloumi Rekik. <em>\u00abNous souhaitons pleine r\u00e9ussite \u00e0 la Tunisie dans sa marche vers la d\u00e9mocratie&#8230; Nous serons ensemble pour lutter contre le terrorisme qui nous touche\u00bb<\/em>, affirme-t-il.<\/p>\n<p>Au pas de course, accompagn\u00e9 des \u00e9diles de la r\u00e9gion au premiers desquels Gaston Ries, maire de la ville et ami de longue date de notre pays, et de Catherine Trautmann, ancienne maire et ministre de la Culture, le Premier ministre a inaugur\u00e9 le pavillon tunisien en saluant au passage les exposants, les responsables, pla\u00e7ant une phrase par-ci, commentant un produit par l\u00e0.<em> \u00abLa France a tout int\u00e9r\u00eat \u00e0 consolider ses liens dans tout les domaines avec la Tunisie, courage !\u00bb<\/em>, lance-t-il \u00e0 Mme Elloumi Rekik, qui l\u2019a accueilli dans le stand avec des mots de bienvenue.<\/p>\n<p style=\"text-align: center;\"><img loading=\"lazy\" decoding=\"async\" class=\"alignnone size-full wp-image-64197\" src=\"http:\/\/kapitalis.com\/tunisie\/wp-content\/uploads\/2016\/09\/Tunisie-Foire-de-Strasbourg-Troupe-musicale.jpg\" alt=\"Tunisie-Foire-de-Strasbourg-Troupe-musicale\" width=\"500\" height=\"300\" \/><\/p>\n<p><strong>Sortir des sentiers battus<\/strong><br \/>\nLa foire draine des milliers de visiteurs. Chaque ann\u00e9e, pr\u00e8s de 200.000 s\u2019y rendent et, \u00e0 la lumi\u00e8re des d\u00e9clarations des participants, artisans, commer\u00e7ants et directeurs, le pari relev\u00e9 a atteint ses buts. <em>\u00abLe directeur g\u00e9n\u00e9ral de la Foire a d\u00e9clar\u00e9 que le pavillon tunisien a battu (d\u00e9j\u00e0) le record d\u2019affluence depuis la naissance de cet \u00e9v\u00e9nement majeur\u00bb<\/em>, d\u00e9clare Mohamed Trabelsi, consul de Tunisie \u00e0 Strasbourg et cheville ouvri\u00e8re de l\u2019\u00e9v\u00e9nement.<\/p>\n<p style=\"text-align: center;\"><img loading=\"lazy\" decoding=\"async\" class=\"alignnone size-full wp-image-64198\" src=\"http:\/\/kapitalis.com\/tunisie\/wp-content\/uploads\/2016\/09\/Tunisie-Foire-de-Strasbourg-Troupe-musicale-2.jpg\" alt=\"Tunisie-Foire-de-Strasbourg-Troupe-musicale-2\" width=\"500\" height=\"300\" \/><\/p>\n<p>Abellatif Hmam, DG de l\u2019Office national du tourisme tunisien (ONTT) use d\u2019une parabole sympathique : <em>\u00abCette Foire n\u2019\u00e9tait pas programm\u00e9e avant janvier. Notre participation est une forme d\u2019opportunisme promotionnel. Cela a l\u2019air de payer\u00bb.<\/em><\/p>\n<p>Wahida Dja\u00eft, repr\u00e9sentante de l\u2019ONTT \u00e0 Paris, rench\u00e9rit : <em>\u00abC\u2019est une foire qui va nous encourager \u00e0 p\u00e9n\u00e9trer le march\u00e9 de la r\u00e9gion qui est riche en termes de pouvoir d\u2019achat. Nous ferons en sorte d\u2019apposer notre marque sur les \u00e9v\u00e9nements de ce type\u00bb.<\/em><\/p>\n<p>Rezig Oueslati, DG de l\u2019Office national du thermalisme et de l&rsquo;hydroth\u00e9rapie (ONTH) estime qu\u2019il y a de la mati\u00e8re \u00e0 exploiter en termes de communication. Il est all\u00e9 \u00e0 Baden Baden, ville d\u2019eau historique, pour constater le savoir-faire des Allemands en mati\u00e8re de thermalisme.<\/p>\n<p style=\"text-align: center;\"><img loading=\"lazy\" decoding=\"async\" class=\"alignnone size-full wp-image-64199\" src=\"http:\/\/kapitalis.com\/tunisie\/wp-content\/uploads\/2016\/09\/Wahida-Djait-ONTT-Paris.jpg\" alt=\"Wahida-Djait-ONTT-Paris\" width=\"500\" height=\"300\" \/><\/p>\n<p style=\"text-align: center;\"><em>Wahida Dja\u00eft.<\/em><\/p>\n<p>Il faut dire que les responsables pilot\u00e9s l\u2019ONTT ont mis le gros paquet : pr\u00e9sence de l\u2019Office national de l\u2019artisanat (plus de 40 exposants), du Centre de promotion des exportations (Cepex), de l\u2019ONTH, de la F\u00e9d\u00e9ration de l\u2019Artisanat et des investisseurs priv\u00e9s.<\/p>\n<p>L\u2019\u00e9v\u00e9nement ne s\u2019arr\u00eate pas l\u00e0, demain, vendredi 9 septembre, Mohamed Hafedh Mahfoudh, ex -b\u00e2tonnier de l\u2019Ordre des avocats tunisiens et membre du Quartet r\u00e9cipiendaire du Prix Nobel de la Paix, sera d\u00e9cor\u00e9 par la Maison de Strasbourg. C\u2019est Dr. Paul Costa, ancien pr\u00e9sident de la Cour europ\u00e9enne des droits de l\u2019homme qui lui remettra cette distinction.<\/p>\n<p>Retour sur l\u2019\u00e9v\u00e9nement. C\u2019est en janvier 2016 que le maire de Strasbourg, Roland Riels, dont la ville est jumel\u00e9e avec Kairouan, sur proposition de son premier adjoint, Naoufel Rafik Mrini, a choisi la Tunisie comme h\u00f4te d\u2019honneur de la 84e Foire. Mohamed Trabelsi a ameut\u00e9 toutes les parties nationales, minist\u00e8res, offices\u2026 pour y participer. Beaucoup de d\u00e9partements n\u2019ont pas r\u00e9agi. Le minist\u00e8re du Tourisme a pris les choses en main. Jusque-l\u00e0 les r\u00e9sultats ne se sont pas fait attendre&#8230;<\/p>\n<p style=\"text-align: center;\"><img loading=\"lazy\" decoding=\"async\" class=\"alignnone size-full wp-image-64201\" src=\"http:\/\/kapitalis.com\/tunisie\/wp-content\/uploads\/2016\/09\/Tunisie-Foire-de-Strasbourg-Delegation.jpg\" alt=\"Tunisie-Foire-de-Strasbourg-Delegation\" width=\"500\" height=\"300\" \/><\/p>\n<p>Animation quotidienne sur les stands du pavillon, une sc\u00e8ne appel\u00e9e Kairouan au centre du hall accueille des troupes folkloriques dont celle de la ville sainte tunisienne, une journ\u00e9e Femme o\u00f9 l\u2019entr\u00e9e des femme est gratuite, un ensemble musical exclusivement f\u00e9minin, la troupe des Gougou de Zarzis se d\u00e9place d\u2019un hall \u00e0 l\u2019autre, attirant les visiteurs, des artisans \u00e0 l\u2019\u0153uvre, des produits \u00e0 la vente et des rencontres entre responsables, un jeu concours\u2026 Tout est bon pour s\u00e9duire le chaland ou au moins le convaincre de rectifier sa vision sur la destination.<\/p>\n<p>Quelques b\u00e9mols l\u00e9gers que Mme Rekik a fait remarquer tel le manque de signalisation aux portes de l\u2019entr\u00e9e du pavillon, un \u00e9clairage faible sur les trav\u00e9es lat\u00e9rales\u2026<\/p>\n<p style=\"text-align: center;\"><img loading=\"lazy\" decoding=\"async\" class=\"alignnone size-full wp-image-64202\" src=\"http:\/\/kapitalis.com\/tunisie\/wp-content\/uploads\/2016\/09\/Tunisie-Foire-de-Strasbourg-Dorsaf-Hamdani.jpg\" alt=\"Tunisie-Foire-de-Strasbourg-Dorsaf-Hamdani\" width=\"500\" height=\"300\" \/><\/p>\n<p style=\"text-align: center;\"><em>Dorsaf Hamdani chante Fairouz et Barbara.<\/em><\/p>\n<p>Les m\u00e9dias, tous supports confondus, t\u00e9l\u00e9s r\u00e9gionales, presse \u00e9crite ou \u00e9lectronique \u00e9voquent la Tunisie en termes \u00e9logieux: g\u00e9n\u00e9rosit\u00e9, richesse de l\u2019Histoire, accueil chaleureux et <em>\u00abtransition en voie de r\u00e9ussite\u00bb<\/em>. Le principal journal r\u00e9gional \u00e0 fort tirage <em>\u2018\u2018Derni\u00e8res Nouvelles d\u2019Alsace\u2019\u2019<\/em> (DNA) consacre chaque jour une photo, sinon une br\u00e8ve au pays h\u00f4te. Les responsables tunisiens sont fr\u00e9quemment invit\u00e9s sur les plateaux (Fr 3 Alsace, Alsace 20\u2026). Tous les responsables se relaient sur les plateaux pour d\u00e9crire la destination, convaincre et inviter \u00e0 voir la destination.<\/p>\n<p>&nbsp;<\/p>\n<p style=\"text-align: center;\"><img loading=\"lazy\" decoding=\"async\" class=\"alignnone size-full wp-image-64200\" src=\"http:\/\/kapitalis.com\/tunisie\/wp-content\/uploads\/2016\/09\/Mohamed-Trabelsi.jpg\" alt=\"Mohamed-Trabelsi\" width=\"500\" height=\"300\" \/><\/p>\n<p><strong>Mohamed Trabelsi : \u00abToutes les retomb\u00e9es sont positives\u00bb<\/strong><\/p>\n<p>M. Trabelsi est entre Foire, plateaux et r\u00e9unions. Nous l\u2019avons intercept\u00e9 entre deux rencontres dans son bureau.<\/p>\n<p><em><strong>Kapitalis. Nous sommes au 5e jour de la Foire, quel est votre impression?<\/strong><\/em><\/p>\n<p><strong>M. Trabelsi<\/strong> : Toutes les retomb\u00e9es sont positives. Demandez \u00e0 n\u2019importe quel \u00e9lu, la Tunisie est au centre des int\u00e9r\u00eats des m\u00e9dias locaux et r\u00e9gionaux. Le pays a fait r\u00eaver la population. Cette Foire n\u2019est pas sp\u00e9cialis\u00e9e, c\u2019est une opportunit\u00e9 pour rencontrer les visiteurs, leur montrer les atouts du pays et les inviter \u00e0 le visiter. La soir\u00e9e qui s\u2019est d\u00e9roul\u00e9e \u00e0 la mairie a \u00e9norm\u00e9ment touch\u00e9 les invit\u00e9s, un ensemble de haute facture, Dorsaf Hamdani chantant les morceaux de Fairouz et de Barbara a combl\u00e9 les pr\u00e9sents. Les petits artisans sont contents\u2026<\/p>\n<p><em><strong>Bient\u00f4t il y aura le principal \u00e9v\u00e9nement commercial de Strasbourg, le March\u00e9 de No\u00ebl, sur la lanc\u00e9e du succ\u00e8s, comptez-vous y participer?<\/strong><\/em><\/p>\n<p>Le march\u00e9 de No\u00ebl est un \u00e9v\u00e9nement religieux qui draine pr\u00e8s de 2 millions de visiteurs, c\u2019est une institution en soi. Y participer? Il faudrait trouver l\u2019angle ad\u00e9quat, occuper une place de la ville, montrer la Tunisie plurielle, tol\u00e9rante dont l\u2019histoire est multiconfessionnelle, etc. Nous nous y attellerons.<\/p>\n","protected":false},"excerpt":{"rendered":"<p>La participation tunisienne \u00e0 la Foire europ\u00e9enne de Strasbourg a des retomb\u00e9es positives. Elle a restaur\u00e9 l\u2019image d\u2019un pays riche d\u2019histoire, ouvert et hospitalier. Par Anouar Hna\u00efne<\/p>\n","protected":false},"author":8,"featured_media":64195,"comment_status":"open","ping_status":"open","sticky":false,"template":"","format":"standard","meta":{"footnotes":""},"categories":[992,995,2433],"tags":[19901,2677,21896,2394,819],"class_list":["post-64194","post","type-post","status-publish","format-standard","has-post-thumbnail","hentry","category-a-la-une","category-economie","category-tunisie","tag-dorsaf-hamdani","tag-manuel-valls","tag-mohamed-trabelsi","tag-ontt","tag-selma-elloumi-rekik"],"yoast_head":"<!-- This site is optimized with the Yoast SEO plugin v26.6 - https:\/\/yoast.com\/wordpress\/plugins\/seo\/ -->\n<title>La Tunisie \u00e0 la Foire europ\u00e9enne de Strasbourg : Des niches \u00e0 exploiter - Kapitalis<\/title>\n<meta name=\"robots\" content=\"index, follow, max-snippet:-1, max-image-preview:large, max-video-preview:-1\" \/>\n<link rel=\"canonical\" href=\"https:\/\/kapitalis.com\/tunisie\/2016\/09\/08\/la-tunisie-a-foire-europeenne-de-strasbourg-des-niches-a-exploiter\/\" \/>\n<meta property=\"og:locale\" content=\"fr_FR\" \/>\n<meta property=\"og:type\" content=\"article\" \/>\n<meta property=\"og:title\" content=\"La Tunisie \u00e0 la Foire europ\u00e9enne de Strasbourg : Des niches \u00e0 exploiter - Kapitalis\" \/>\n<meta property=\"og:description\" content=\"La participation tunisienne \u00e0 la Foire europ\u00e9enne de Strasbourg a des retomb\u00e9es positives. Elle a restaur\u00e9 l\u2019image d\u2019un pays riche d\u2019histoire, ouvert et hospitalier. Par Anouar Hna\u00efne\" \/>\n<meta property=\"og:url\" content=\"https:\/\/kapitalis.com\/tunisie\/2016\/09\/08\/la-tunisie-a-foire-europeenne-de-strasbourg-des-niches-a-exploiter\/\" \/>\n<meta property=\"og:site_name\" content=\"Kapitalis\" \/>\n<meta property=\"article:publisher\" content=\"https:\/\/www.facebook.com\/KapitalisInfo\/\" \/>\n<meta property=\"article:published_time\" content=\"2016-09-08T12:19:26+00:00\" \/>\n<meta property=\"article:modified_time\" content=\"2016-09-08T12:47:35+00:00\" \/>\n<meta property=\"og:image\" content=\"https:\/\/kapitalis.com\/tunisie\/wp-content\/uploads\/2022\/05\/kapitalis-logo-fb.png\" \/>\n\t<meta property=\"og:image:width\" content=\"1200\" \/>\n\t<meta property=\"og:image:height\" content=\"630\" \/>\n\t<meta property=\"og:image:type\" content=\"image\/png\" \/>\n<meta name=\"author\" content=\"webmaster kapitalis\" \/>\n<meta name=\"twitter:card\" content=\"summary_large_image\" \/>\n<meta name=\"twitter:creator\" content=\"@KapitalisInfo\" \/>\n<meta name=\"twitter:site\" content=\"@KapitalisInfo\" \/>\n<meta name=\"twitter:label1\" content=\"\u00c9crit par\" \/>\n\t<meta name=\"twitter:data1\" content=\"webmaster kapitalis\" \/>\n\t<meta name=\"twitter:label2\" content=\"Dur\u00e9e de lecture estim\u00e9e\" \/>\n\t<meta name=\"twitter:data2\" content=\"6 minutes\" \/>\n<script type=\"application\/ld+json\" class=\"yoast-schema-graph\">{\"@context\":\"https:\/\/schema.org\",\"@graph\":[{\"@type\":\"Article\",\"@id\":\"https:\/\/kapitalis.com\/tunisie\/2016\/09\/08\/la-tunisie-a-foire-europeenne-de-strasbourg-des-niches-a-exploiter\/#article\",\"isPartOf\":{\"@id\":\"https:\/\/kapitalis.com\/tunisie\/2016\/09\/08\/la-tunisie-a-foire-europeenne-de-strasbourg-des-niches-a-exploiter\/\"},\"author\":{\"name\":\"webmaster kapitalis\",\"@id\":\"https:\/\/kapitalis.com\/tunisie\/#\/schema\/person\/d71f33a9ca44f7bad4698210b480c8e9\"},\"headline\":\"La Tunisie \u00e0 la Foire europ\u00e9enne de Strasbourg : Des niches \u00e0 exploiter\",\"datePublished\":\"2016-09-08T12:19:26+00:00\",\"dateModified\":\"2016-09-08T12:47:35+00:00\",\"mainEntityOfPage\":{\"@id\":\"https:\/\/kapitalis.com\/tunisie\/2016\/09\/08\/la-tunisie-a-foire-europeenne-de-strasbourg-des-niches-a-exploiter\/\"},\"wordCount\":1243,\"commentCount\":0,\"publisher\":{\"@id\":\"https:\/\/kapitalis.com\/tunisie\/#organization\"},\"image\":{\"@id\":\"https:\/\/kapitalis.com\/tunisie\/2016\/09\/08\/la-tunisie-a-foire-europeenne-de-strasbourg-des-niches-a-exploiter\/#primaryimage\"},\"thumbnailUrl\":\"\",\"keywords\":[\"Dorsaf Hamdani\",\"Manuel Valls\",\"Mohamed Trabelsi\",\"ONTT\",\"Selma Elloumi Rekik\"],\"articleSection\":[\"A LA UNE\",\"ECONOMIE\",\"Tunisie\"],\"inLanguage\":\"fr-FR\",\"potentialAction\":[{\"@type\":\"CommentAction\",\"name\":\"Comment\",\"target\":[\"https:\/\/kapitalis.com\/tunisie\/2016\/09\/08\/la-tunisie-a-foire-europeenne-de-strasbourg-des-niches-a-exploiter\/#respond\"]}]},{\"@type\":\"WebPage\",\"@id\":\"https:\/\/kapitalis.com\/tunisie\/2016\/09\/08\/la-tunisie-a-foire-europeenne-de-strasbourg-des-niches-a-exploiter\/\",\"url\":\"https:\/\/kapitalis.com\/tunisie\/2016\/09\/08\/la-tunisie-a-foire-europeenne-de-strasbourg-des-niches-a-exploiter\/\",\"name\":\"La Tunisie \u00e0 la Foire europ\u00e9enne de Strasbourg : Des niches \u00e0 exploiter - Kapitalis\",\"isPartOf\":{\"@id\":\"https:\/\/kapitalis.com\/tunisie\/#website\"},\"primaryImageOfPage\":{\"@id\":\"https:\/\/kapitalis.com\/tunisie\/2016\/09\/08\/la-tunisie-a-foire-europeenne-de-strasbourg-des-niches-a-exploiter\/#primaryimage\"},\"image\":{\"@id\":\"https:\/\/kapitalis.com\/tunisie\/2016\/09\/08\/la-tunisie-a-foire-europeenne-de-strasbourg-des-niches-a-exploiter\/#primaryimage\"},\"thumbnailUrl\":\"\",\"datePublished\":\"2016-09-08T12:19:26+00:00\",\"dateModified\":\"2016-09-08T12:47:35+00:00\",\"breadcrumb\":{\"@id\":\"https:\/\/kapitalis.com\/tunisie\/2016\/09\/08\/la-tunisie-a-foire-europeenne-de-strasbourg-des-niches-a-exploiter\/#breadcrumb\"},\"inLanguage\":\"fr-FR\",\"potentialAction\":[{\"@type\":\"ReadAction\",\"target\":[\"https:\/\/kapitalis.com\/tunisie\/2016\/09\/08\/la-tunisie-a-foire-europeenne-de-strasbourg-des-niches-a-exploiter\/\"]}]},{\"@type\":\"ImageObject\",\"inLanguage\":\"fr-FR\",\"@id\":\"https:\/\/kapitalis.com\/tunisie\/2016\/09\/08\/la-tunisie-a-foire-europeenne-de-strasbourg-des-niches-a-exploiter\/#primaryimage\",\"url\":\"\",\"contentUrl\":\"\"},{\"@type\":\"BreadcrumbList\",\"@id\":\"https:\/\/kapitalis.com\/tunisie\/2016\/09\/08\/la-tunisie-a-foire-europeenne-de-strasbourg-des-niches-a-exploiter\/#breadcrumb\",\"itemListElement\":[{\"@type\":\"ListItem\",\"position\":1,\"name\":\"Accueil\",\"item\":\"https:\/\/kapitalis.com\/tunisie\/\"},{\"@type\":\"ListItem\",\"position\":2,\"name\":\"La Tunisie \u00e0 la Foire europ\u00e9enne de Strasbourg : Des niches \u00e0 exploiter\"}]},{\"@type\":\"WebSite\",\"@id\":\"https:\/\/kapitalis.com\/tunisie\/#website\",\"url\":\"https:\/\/kapitalis.com\/tunisie\/\",\"name\":\"Kapitalis\",\"description\":\"L&#039;actualit\u00e9 en Tunisie et dans le monde\",\"publisher\":{\"@id\":\"https:\/\/kapitalis.com\/tunisie\/#organization\"},\"potentialAction\":[{\"@type\":\"SearchAction\",\"target\":{\"@type\":\"EntryPoint\",\"urlTemplate\":\"https:\/\/kapitalis.com\/tunisie\/?s={search_term_string}\"},\"query-input\":{\"@type\":\"PropertyValueSpecification\",\"valueRequired\":true,\"valueName\":\"search_term_string\"}}],\"inLanguage\":\"fr-FR\"},{\"@type\":\"Organization\",\"@id\":\"https:\/\/kapitalis.com\/tunisie\/#organization\",\"name\":\"Kapitalis\",\"url\":\"https:\/\/kapitalis.com\/tunisie\/\",\"logo\":{\"@type\":\"ImageObject\",\"inLanguage\":\"fr-FR\",\"@id\":\"https:\/\/kapitalis.com\/tunisie\/#\/schema\/logo\/image\/\",\"url\":\"https:\/\/kapitalis.com\/tunisie\/wp-content\/uploads\/2022\/05\/Kapitalis-big-size.png\",\"contentUrl\":\"https:\/\/kapitalis.com\/tunisie\/wp-content\/uploads\/2022\/05\/Kapitalis-big-size.png\",\"width\":5000,\"height\":1500,\"caption\":\"Kapitalis\"},\"image\":{\"@id\":\"https:\/\/kapitalis.com\/tunisie\/#\/schema\/logo\/image\/\"},\"sameAs\":[\"https:\/\/www.facebook.com\/KapitalisInfo\/\",\"https:\/\/x.com\/KapitalisInfo\",\"https:\/\/www.youtube.com\/channel\/UC-yDYrHyfFBWWZaOw3FPg9Q\"]},{\"@type\":\"Person\",\"@id\":\"https:\/\/kapitalis.com\/tunisie\/#\/schema\/person\/d71f33a9ca44f7bad4698210b480c8e9\",\"name\":\"webmaster kapitalis\",\"url\":\"https:\/\/kapitalis.com\/tunisie\/author\/webmaster-kapitalis\/\"}]}<\/script>\n<!-- \/ Yoast SEO plugin. -->","yoast_head_json":{"title":"La Tunisie \u00e0 la Foire europ\u00e9enne de Strasbourg : Des niches \u00e0 exploiter - Kapitalis","robots":{"index":"index","follow":"follow","max-snippet":"max-snippet:-1","max-image-preview":"max-image-preview:large","max-video-preview":"max-video-preview:-1"},"canonical":"https:\/\/kapitalis.com\/tunisie\/2016\/09\/08\/la-tunisie-a-foire-europeenne-de-strasbourg-des-niches-a-exploiter\/","og_locale":"fr_FR","og_type":"article","og_title":"La Tunisie \u00e0 la Foire europ\u00e9enne de Strasbourg : Des niches \u00e0 exploiter - Kapitalis","og_description":"La participation tunisienne \u00e0 la Foire europ\u00e9enne de Strasbourg a des retomb\u00e9es positives. Elle a restaur\u00e9 l\u2019image d\u2019un pays riche d\u2019histoire, ouvert et hospitalier. Par Anouar Hna\u00efne","og_url":"https:\/\/kapitalis.com\/tunisie\/2016\/09\/08\/la-tunisie-a-foire-europeenne-de-strasbourg-des-niches-a-exploiter\/","og_site_name":"Kapitalis","article_publisher":"https:\/\/www.facebook.com\/KapitalisInfo\/","article_published_time":"2016-09-08T12:19:26+00:00","article_modified_time":"2016-09-08T12:47:35+00:00","og_image":[{"width":1200,"height":630,"url":"https:\/\/kapitalis.com\/tunisie\/wp-content\/uploads\/2022\/05\/kapitalis-logo-fb.png","type":"image\/png"}],"author":"webmaster kapitalis","twitter_card":"summary_large_image","twitter_creator":"@KapitalisInfo","twitter_site":"@KapitalisInfo","twitter_misc":{"\u00c9crit par":"webmaster kapitalis","Dur\u00e9e de lecture estim\u00e9e":"6 minutes"},"schema":{"@context":"https:\/\/schema.org","@graph":[{"@type":"Article","@id":"https:\/\/kapitalis.com\/tunisie\/2016\/09\/08\/la-tunisie-a-foire-europeenne-de-strasbourg-des-niches-a-exploiter\/#article","isPartOf":{"@id":"https:\/\/kapitalis.com\/tunisie\/2016\/09\/08\/la-tunisie-a-foire-europeenne-de-strasbourg-des-niches-a-exploiter\/"},"author":{"name":"webmaster kapitalis","@id":"https:\/\/kapitalis.com\/tunisie\/#\/schema\/person\/d71f33a9ca44f7bad4698210b480c8e9"},"headline":"La Tunisie \u00e0 la Foire europ\u00e9enne de Strasbourg : Des niches \u00e0 exploiter","datePublished":"2016-09-08T12:19:26+00:00","dateModified":"2016-09-08T12:47:35+00:00","mainEntityOfPage":{"@id":"https:\/\/kapitalis.com\/tunisie\/2016\/09\/08\/la-tunisie-a-foire-europeenne-de-strasbourg-des-niches-a-exploiter\/"},"wordCount":1243,"commentCount":0,"publisher":{"@id":"https:\/\/kapitalis.com\/tunisie\/#organization"},"image":{"@id":"https:\/\/kapitalis.com\/tunisie\/2016\/09\/08\/la-tunisie-a-foire-europeenne-de-strasbourg-des-niches-a-exploiter\/#primaryimage"},"thumbnailUrl":"","keywords":["Dorsaf Hamdani","Manuel Valls","Mohamed Trabelsi","ONTT","Selma Elloumi Rekik"],"articleSection":["A LA UNE","ECONOMIE","Tunisie"],"inLanguage":"fr-FR","potentialAction":[{"@type":"CommentAction","name":"Comment","target":["https:\/\/kapitalis.com\/tunisie\/2016\/09\/08\/la-tunisie-a-foire-europeenne-de-strasbourg-des-niches-a-exploiter\/#respond"]}]},{"@type":"WebPage","@id":"https:\/\/kapitalis.com\/tunisie\/2016\/09\/08\/la-tunisie-a-foire-europeenne-de-strasbourg-des-niches-a-exploiter\/","url":"https:\/\/kapitalis.com\/tunisie\/2016\/09\/08\/la-tunisie-a-foire-europeenne-de-strasbourg-des-niches-a-exploiter\/","name":"La Tunisie \u00e0 la Foire europ\u00e9enne de Strasbourg : Des niches \u00e0 exploiter - Kapitalis","isPartOf":{"@id":"https:\/\/kapitalis.com\/tunisie\/#website"},"primaryImageOfPage":{"@id":"https:\/\/kapitalis.com\/tunisie\/2016\/09\/08\/la-tunisie-a-foire-europeenne-de-strasbourg-des-niches-a-exploiter\/#primaryimage"},"image":{"@id":"https:\/\/kapitalis.com\/tunisie\/2016\/09\/08\/la-tunisie-a-foire-europeenne-de-strasbourg-des-niches-a-exploiter\/#primaryimage"},"thumbnailUrl":"","datePublished":"2016-09-08T12:19:26+00:00","dateModified":"2016-09-08T12:47:35+00:00","breadcrumb":{"@id":"https:\/\/kapitalis.com\/tunisie\/2016\/09\/08\/la-tunisie-a-foire-europeenne-de-strasbourg-des-niches-a-exploiter\/#breadcrumb"},"inLanguage":"fr-FR","potentialAction":[{"@type":"ReadAction","target":["https:\/\/kapitalis.com\/tunisie\/2016\/09\/08\/la-tunisie-a-foire-europeenne-de-strasbourg-des-niches-a-exploiter\/"]}]},{"@type":"ImageObject","inLanguage":"fr-FR","@id":"https:\/\/kapitalis.com\/tunisie\/2016\/09\/08\/la-tunisie-a-foire-europeenne-de-strasbourg-des-niches-a-exploiter\/#primaryimage","url":"","contentUrl":""},{"@type":"BreadcrumbList","@id":"https:\/\/kapitalis.com\/tunisie\/2016\/09\/08\/la-tunisie-a-foire-europeenne-de-strasbourg-des-niches-a-exploiter\/#breadcrumb","itemListElement":[{"@type":"ListItem","position":1,"name":"Accueil","item":"https:\/\/kapitalis.com\/tunisie\/"},{"@type":"ListItem","position":2,"name":"La Tunisie \u00e0 la Foire europ\u00e9enne de Strasbourg : Des niches \u00e0 exploiter"}]},{"@type":"WebSite","@id":"https:\/\/kapitalis.com\/tunisie\/#website","url":"https:\/\/kapitalis.com\/tunisie\/","name":"Kapitalis","description":"L&#039;actualit\u00e9 en Tunisie et dans le monde","publisher":{"@id":"https:\/\/kapitalis.com\/tunisie\/#organization"},"potentialAction":[{"@type":"SearchAction","target":{"@type":"EntryPoint","urlTemplate":"https:\/\/kapitalis.com\/tunisie\/?s={search_term_string}"},"query-input":{"@type":"PropertyValueSpecification","valueRequired":true,"valueName":"search_term_string"}}],"inLanguage":"fr-FR"},{"@type":"Organization","@id":"https:\/\/kapitalis.com\/tunisie\/#organization","name":"Kapitalis","url":"https:\/\/kapitalis.com\/tunisie\/","logo":{"@type":"ImageObject","inLanguage":"fr-FR","@id":"https:\/\/kapitalis.com\/tunisie\/#\/schema\/logo\/image\/","url":"https:\/\/kapitalis.com\/tunisie\/wp-content\/uploads\/2022\/05\/Kapitalis-big-size.png","contentUrl":"https:\/\/kapitalis.com\/tunisie\/wp-content\/uploads\/2022\/05\/Kapitalis-big-size.png","width":5000,"height":1500,"caption":"Kapitalis"},"image":{"@id":"https:\/\/kapitalis.com\/tunisie\/#\/schema\/logo\/image\/"},"sameAs":["https:\/\/www.facebook.com\/KapitalisInfo\/","https:\/\/x.com\/KapitalisInfo","https:\/\/www.youtube.com\/channel\/UC-yDYrHyfFBWWZaOw3FPg9Q"]},{"@type":"Person","@id":"https:\/\/kapitalis.com\/tunisie\/#\/schema\/person\/d71f33a9ca44f7bad4698210b480c8e9","name":"webmaster kapitalis","url":"https:\/\/kapitalis.com\/tunisie\/author\/webmaster-kapitalis\/"}]}},"_links":{"self":[{"href":"https:\/\/kapitalis.com\/tunisie\/wp-json\/wp\/v2\/posts\/64194","targetHints":{"allow":["GET"]}}],"collection":[{"href":"https:\/\/kapitalis.com\/tunisie\/wp-json\/wp\/v2\/posts"}],"about":[{"href":"https:\/\/kapitalis.com\/tunisie\/wp-json\/wp\/v2\/types\/post"}],"author":[{"embeddable":true,"href":"https:\/\/kapitalis.com\/tunisie\/wp-json\/wp\/v2\/users\/8"}],"replies":[{"embeddable":true,"href":"https:\/\/kapitalis.com\/tunisie\/wp-json\/wp\/v2\/comments?post=64194"}],"version-history":[{"count":0,"href":"https:\/\/kapitalis.com\/tunisie\/wp-json\/wp\/v2\/posts\/64194\/revisions"}],"wp:featuredmedia":[{"embeddable":true,"href":"https:\/\/kapitalis.com\/tunisie\/wp-json\/wp\/v2\/media\/64195"}],"wp:attachment":[{"href":"https:\/\/kapitalis.com\/tunisie\/wp-json\/wp\/v2\/media?parent=64194"}],"wp:term":[{"taxonomy":"category","embeddable":true,"href":"https:\/\/kapitalis.com\/tunisie\/wp-json\/wp\/v2\/categories?post=64194"},{"taxonomy":"post_tag","embeddable":true,"href":"https:\/\/kapitalis.com\/tunisie\/wp-json\/wp\/v2\/tags?post=64194"}],"curies":[{"name":"wp","href":"https:\/\/api.w.org\/{rel}","templated":true}]}}