{"id":64221,"date":"2016-09-08T17:11:16","date_gmt":"2016-09-08T16:11:16","guid":{"rendered":"http:\/\/kapitalis.com\/tunisie\/?p=64221"},"modified":"2016-09-08T17:18:07","modified_gmt":"2016-09-08T16:18:07","slug":"mongi-rahoui-marque-sa-difference-au-sein-du-front-populaire","status":"publish","type":"post","link":"https:\/\/kapitalis.com\/tunisie\/2016\/09\/08\/mongi-rahoui-marque-sa-difference-au-sein-du-front-populaire\/","title":{"rendered":"Mongi Rahoui\u00a0marque sa diff\u00e9rence au sein du Front populaire"},"content":{"rendered":"<p style=\"text-align: center;\"><img loading=\"lazy\" decoding=\"async\" class=\"alignnone size-full wp-image-63529\" src=\"http:\/\/kapitalis.com\/tunisie\/wp-content\/uploads\/2016\/09\/Mongi-Rahoui-Ban.jpg\" alt=\"Mongi-Rahoui-Ban\" width=\"626\" height=\"380\" \/><\/p>\n<p><em><strong>Selon Mongi Rahoui, d\u00e9put\u00e9 du Front populaire, la Tunisie traverse une p\u00e9riode critique\u00a0et\u00a0a besoin de l\u2019apport et de la coexistence de toutes les parties.<\/strong><\/em><\/p>\n<p><!--more--><\/p>\n<p>Mongi Rahoui, membre du bureau politique du Parti des patriotes d\u00e9mocrates unifi\u00e9 (Watad) et d\u00e9put\u00e9 du Front populaire (FP), a confirm\u00e9, jeudi,\u00a0sur Mosa\u00efque FM, avoir\u00a0propos\u00e9\u00a0\u00e0 ses camarades de revoir la ligne politique du Front et son discours, souvent incompris d&rsquo;une partie des citoyens, ajoutant qu&rsquo;il\u00a0n\u2019a nullement l\u2019intention de quitter cette\u00a0coalition de\u00a0plusieurs formations de gauche.\u00a0\u00abC<em>ertains ont saut\u00e9 sur l\u2019occasion pour tenter de me pousser vers\u00a0la sortie<\/em>\u00bb, a-t-il cependant admis.<\/p>\n<p>Tout en admettant que le Front populaire a <em>\u00abpris l&rsquo;habitude\u00a0de\u00a0s\u2019opposer automatiquement \u00e0 tout\u00bb<\/em>,\u00a0Mongi Rahoui a soulign\u00e9 que la Tunisie traverse,\u00a0aujourd&rsquo;hui, une p\u00e9riode critique et a besoin\u00a0de\u00a0tous les Tunisiens pour assurer son sauvetage.<\/p>\n<p>\u00ab<em>L\u2019\u00e9chec du gouvernement Chahed ne servira pas les int\u00e9r\u00eats du pays, qui lutte contre le terrorisme et essaie\u00a0d&rsquo;assurer\u00a0la relance\u00a0\u00e9conomique et la paix sociale\u00bb, a d\u00e9clar\u00e9 Rahoui. Et d&rsquo;ajouter:\u00a0\u00ab<\/em><em>Il faut soutenir ce gouvernement sur les points essentiels mais sans abandonner nos convictions.\u00bb <\/em><\/p>\n<p>Selon dirigeant du Watad, le\u00a0Front populaire<em> \u00abaurait d\u00fb\u00a0accepter de rencontrer Youssef Chahed, de discuter\u00a0du\u00a0programme du gouvernement et de proposer des noms pour ce gouvernement, comme ceux d&rsquo;Ahmed N\u00e9jib Chebbi, Maya Jribi, Chawki Tabib ou encore d\u2019autres personnalit\u00e9s<\/em>\u00bb, critiquant ainsi ouvertement le\u00a0refus oppos\u00e9 par Hamma Hammami, porte-parole du FP, \u00e0 l&rsquo;invitation de Chahed pour prendre part aux consultations pour la constitution du gouvernement d&rsquo;union nationale.<\/p>\n<p>Rahoui est aujourd\u2019hui convaincu que le Front populaire est en train de s\u2019isoler politiquement et en\u00a0continuant\u00a0dans cette voie du refus du dialogue, il\u00a0risque de perdre\u00a0les prochaines \u00e9lections. \u00ab<em>A chaque fois que j\u2019exprime mon avis, je deviens une cible d\u2019attaques. Apr\u00e8s avoir rencontr\u00e9 Youssef Chahed et parl\u00e9 avec lui, j\u2019avoue\u00a0avoir\u00a0beaucoup appris et cela m\u2019a permis d\u2019\u00e9voluer<\/em>\u00bb, a soulign\u00e9 le d\u00e9put\u00e9.<\/p>\n<p>Rahoui a \u00e9galement \u00e9voqu\u00e9 que lors du congr\u00e8s du Watad, la semaine derni\u00e8re, un bilan a \u00e9t\u00e9 dress\u00e9\u00a0pour identifier\u00a0les erreurs commises par la\u00a0direction centrale du Front populaire, comme le discours us\u00e9 de Hamma Hammami, qui peine aujourd\u2019hui \u00e0\u00a0convaincre l\u2019opinion publique.<\/p>\n<p>\u00ab<em>C\u2019est ce que nous avons fait et de mani\u00e8re d\u00e9mocratique au sein du\u00a0Parti des patriotes d\u00e9mocrates unifi\u00e9. J\u2019invite les autres composantes du Front populaire \u00e0 en faire autant, en commen\u00e7ant par reconna\u00eetre d\u2019abord les erreurs commises pour pouvoir avancer<\/em>\u00bb, a conseill\u00e9\u00a0Mongi Rahoui, qui semble vouloir prendre de la distance vis-\u00e0-vis de\u00a0ses camardes d&rsquo;hier qui refusent d&rsquo;\u00e9voluer et de s&rsquo;adapter \u00e0\u00a0la nouvelle situation dans le pays.<\/p>\n<p style=\"text-align: right;\"><strong>Z. A.<\/strong><\/p>\n","protected":false},"excerpt":{"rendered":"<p>Selon Mongi Rahoui, d\u00e9put\u00e9 du Front populaire, la Tunisie traverse une p\u00e9riode critique\u00a0et\u00a0a besoin de l\u2019apport et de la coexistence de toutes les parties.<\/p>\n","protected":false},"author":7,"featured_media":0,"comment_status":"open","ping_status":"open","sticky":false,"template":"","format":"standard","meta":{"footnotes":""},"categories":[997,2433],"tags":[399,437,1474,965],"class_list":["post-64221","post","type-post","status-publish","format-standard","hentry","category-politique","category-tunisie","tag-front-populaire","tag-hamma-hammami","tag-mongi-rahoui","tag-watad"],"yoast_head":"<!-- This site is optimized with the Yoast SEO plugin v26.6 - https:\/\/yoast.com\/wordpress\/plugins\/seo\/ -->\n<title>Mongi Rahoui\u00a0marque sa diff\u00e9rence au sein du Front populaire - Kapitalis<\/title>\n<meta name=\"robots\" content=\"index, follow, max-snippet:-1, max-image-preview:large, max-video-preview:-1\" \/>\n<link rel=\"canonical\" href=\"https:\/\/kapitalis.com\/tunisie\/2016\/09\/08\/mongi-rahoui-marque-sa-difference-au-sein-du-front-populaire\/\" \/>\n<meta property=\"og:locale\" content=\"fr_FR\" \/>\n<meta property=\"og:type\" content=\"article\" \/>\n<meta property=\"og:title\" content=\"Mongi Rahoui\u00a0marque sa diff\u00e9rence au sein du Front populaire - Kapitalis\" \/>\n<meta property=\"og:description\" content=\"Selon Mongi Rahoui, d\u00e9put\u00e9 du Front populaire, la Tunisie traverse une p\u00e9riode critique\u00a0et\u00a0a besoin de l\u2019apport et de la coexistence de toutes les parties.\" \/>\n<meta property=\"og:url\" content=\"https:\/\/kapitalis.com\/tunisie\/2016\/09\/08\/mongi-rahoui-marque-sa-difference-au-sein-du-front-populaire\/\" \/>\n<meta property=\"og:site_name\" content=\"Kapitalis\" \/>\n<meta property=\"article:publisher\" content=\"https:\/\/www.facebook.com\/KapitalisInfo\/\" \/>\n<meta property=\"article:published_time\" content=\"2016-09-08T16:11:16+00:00\" \/>\n<meta property=\"article:modified_time\" content=\"2016-09-08T16:18:07+00:00\" \/>\n<meta property=\"og:image\" content=\"http:\/\/kapitalis.com\/tunisie\/wp-content\/uploads\/2016\/09\/Mongi-Rahoui-Ban.jpg\" \/>\n<meta name=\"author\" content=\"zohra abid\" \/>\n<meta name=\"twitter:card\" content=\"summary_large_image\" \/>\n<meta name=\"twitter:creator\" content=\"@KapitalisInfo\" \/>\n<meta name=\"twitter:site\" content=\"@KapitalisInfo\" \/>\n<meta name=\"twitter:label1\" content=\"\u00c9crit par\" \/>\n\t<meta name=\"twitter:data1\" content=\"zohra abid\" \/>\n\t<meta name=\"twitter:label2\" content=\"Dur\u00e9e de lecture estim\u00e9e\" \/>\n\t<meta name=\"twitter:data2\" content=\"2 minutes\" \/>\n<script type=\"application\/ld+json\" class=\"yoast-schema-graph\">{\"@context\":\"https:\/\/schema.org\",\"@graph\":[{\"@type\":\"Article\",\"@id\":\"https:\/\/kapitalis.com\/tunisie\/2016\/09\/08\/mongi-rahoui-marque-sa-difference-au-sein-du-front-populaire\/#article\",\"isPartOf\":{\"@id\":\"https:\/\/kapitalis.com\/tunisie\/2016\/09\/08\/mongi-rahoui-marque-sa-difference-au-sein-du-front-populaire\/\"},\"author\":{\"name\":\"zohra abid\",\"@id\":\"https:\/\/kapitalis.com\/tunisie\/#\/schema\/person\/6fc2988ceb6eacf6836db1d8360b4912\"},\"headline\":\"Mongi Rahoui\u00a0marque sa diff\u00e9rence au sein du Front populaire\",\"datePublished\":\"2016-09-08T16:11:16+00:00\",\"dateModified\":\"2016-09-08T16:18:07+00:00\",\"mainEntityOfPage\":{\"@id\":\"https:\/\/kapitalis.com\/tunisie\/2016\/09\/08\/mongi-rahoui-marque-sa-difference-au-sein-du-front-populaire\/\"},\"wordCount\":480,\"commentCount\":5,\"publisher\":{\"@id\":\"https:\/\/kapitalis.com\/tunisie\/#organization\"},\"image\":{\"@id\":\"https:\/\/kapitalis.com\/tunisie\/2016\/09\/08\/mongi-rahoui-marque-sa-difference-au-sein-du-front-populaire\/#primaryimage\"},\"thumbnailUrl\":\"http:\/\/kapitalis.com\/tunisie\/wp-content\/uploads\/2016\/09\/Mongi-Rahoui-Ban.jpg\",\"keywords\":[\"Front populaire\",\"Hamma Hammami\",\"Mongi Rahoui\",\"Watad\"],\"articleSection\":[\"POLITIQUE\",\"Tunisie\"],\"inLanguage\":\"fr-FR\",\"potentialAction\":[{\"@type\":\"CommentAction\",\"name\":\"Comment\",\"target\":[\"https:\/\/kapitalis.com\/tunisie\/2016\/09\/08\/mongi-rahoui-marque-sa-difference-au-sein-du-front-populaire\/#respond\"]}]},{\"@type\":\"WebPage\",\"@id\":\"https:\/\/kapitalis.com\/tunisie\/2016\/09\/08\/mongi-rahoui-marque-sa-difference-au-sein-du-front-populaire\/\",\"url\":\"https:\/\/kapitalis.com\/tunisie\/2016\/09\/08\/mongi-rahoui-marque-sa-difference-au-sein-du-front-populaire\/\",\"name\":\"Mongi Rahoui\u00a0marque sa diff\u00e9rence au sein du Front populaire - Kapitalis\",\"isPartOf\":{\"@id\":\"https:\/\/kapitalis.com\/tunisie\/#website\"},\"primaryImageOfPage\":{\"@id\":\"https:\/\/kapitalis.com\/tunisie\/2016\/09\/08\/mongi-rahoui-marque-sa-difference-au-sein-du-front-populaire\/#primaryimage\"},\"image\":{\"@id\":\"https:\/\/kapitalis.com\/tunisie\/2016\/09\/08\/mongi-rahoui-marque-sa-difference-au-sein-du-front-populaire\/#primaryimage\"},\"thumbnailUrl\":\"http:\/\/kapitalis.com\/tunisie\/wp-content\/uploads\/2016\/09\/Mongi-Rahoui-Ban.jpg\",\"datePublished\":\"2016-09-08T16:11:16+00:00\",\"dateModified\":\"2016-09-08T16:18:07+00:00\",\"breadcrumb\":{\"@id\":\"https:\/\/kapitalis.com\/tunisie\/2016\/09\/08\/mongi-rahoui-marque-sa-difference-au-sein-du-front-populaire\/#breadcrumb\"},\"inLanguage\":\"fr-FR\",\"potentialAction\":[{\"@type\":\"ReadAction\",\"target\":[\"https:\/\/kapitalis.com\/tunisie\/2016\/09\/08\/mongi-rahoui-marque-sa-difference-au-sein-du-front-populaire\/\"]}]},{\"@type\":\"ImageObject\",\"inLanguage\":\"fr-FR\",\"@id\":\"https:\/\/kapitalis.com\/tunisie\/2016\/09\/08\/mongi-rahoui-marque-sa-difference-au-sein-du-front-populaire\/#primaryimage\",\"url\":\"http:\/\/kapitalis.com\/tunisie\/wp-content\/uploads\/2016\/09\/Mongi-Rahoui-Ban.jpg\",\"contentUrl\":\"http:\/\/kapitalis.com\/tunisie\/wp-content\/uploads\/2016\/09\/Mongi-Rahoui-Ban.jpg\"},{\"@type\":\"BreadcrumbList\",\"@id\":\"https:\/\/kapitalis.com\/tunisie\/2016\/09\/08\/mongi-rahoui-marque-sa-difference-au-sein-du-front-populaire\/#breadcrumb\",\"itemListElement\":[{\"@type\":\"ListItem\",\"position\":1,\"name\":\"Accueil\",\"item\":\"https:\/\/kapitalis.com\/tunisie\/\"},{\"@type\":\"ListItem\",\"position\":2,\"name\":\"Mongi Rahoui\u00a0marque sa diff\u00e9rence au sein du Front populaire\"}]},{\"@type\":\"WebSite\",\"@id\":\"https:\/\/kapitalis.com\/tunisie\/#website\",\"url\":\"https:\/\/kapitalis.com\/tunisie\/\",\"name\":\"Kapitalis\",\"description\":\"L&#039;actualit\u00e9 en Tunisie et dans le monde\",\"publisher\":{\"@id\":\"https:\/\/kapitalis.com\/tunisie\/#organization\"},\"potentialAction\":[{\"@type\":\"SearchAction\",\"target\":{\"@type\":\"EntryPoint\",\"urlTemplate\":\"https:\/\/kapitalis.com\/tunisie\/?s={search_term_string}\"},\"query-input\":{\"@type\":\"PropertyValueSpecification\",\"valueRequired\":true,\"valueName\":\"search_term_string\"}}],\"inLanguage\":\"fr-FR\"},{\"@type\":\"Organization\",\"@id\":\"https:\/\/kapitalis.com\/tunisie\/#organization\",\"name\":\"Kapitalis\",\"url\":\"https:\/\/kapitalis.com\/tunisie\/\",\"logo\":{\"@type\":\"ImageObject\",\"inLanguage\":\"fr-FR\",\"@id\":\"https:\/\/kapitalis.com\/tunisie\/#\/schema\/logo\/image\/\",\"url\":\"https:\/\/kapitalis.com\/tunisie\/wp-content\/uploads\/2022\/05\/Kapitalis-big-size.png\",\"contentUrl\":\"https:\/\/kapitalis.com\/tunisie\/wp-content\/uploads\/2022\/05\/Kapitalis-big-size.png\",\"width\":5000,\"height\":1500,\"caption\":\"Kapitalis\"},\"image\":{\"@id\":\"https:\/\/kapitalis.com\/tunisie\/#\/schema\/logo\/image\/\"},\"sameAs\":[\"https:\/\/www.facebook.com\/KapitalisInfo\/\",\"https:\/\/x.com\/KapitalisInfo\",\"https:\/\/www.youtube.com\/channel\/UC-yDYrHyfFBWWZaOw3FPg9Q\"]},{\"@type\":\"Person\",\"@id\":\"https:\/\/kapitalis.com\/tunisie\/#\/schema\/person\/6fc2988ceb6eacf6836db1d8360b4912\",\"name\":\"zohra abid\",\"url\":\"https:\/\/kapitalis.com\/tunisie\/author\/zohra-abid-2015\/\"}]}<\/script>\n<!-- \/ Yoast SEO plugin. -->","yoast_head_json":{"title":"Mongi Rahoui\u00a0marque sa diff\u00e9rence au sein du Front populaire - Kapitalis","robots":{"index":"index","follow":"follow","max-snippet":"max-snippet:-1","max-image-preview":"max-image-preview:large","max-video-preview":"max-video-preview:-1"},"canonical":"https:\/\/kapitalis.com\/tunisie\/2016\/09\/08\/mongi-rahoui-marque-sa-difference-au-sein-du-front-populaire\/","og_locale":"fr_FR","og_type":"article","og_title":"Mongi Rahoui\u00a0marque sa diff\u00e9rence au sein du Front populaire - Kapitalis","og_description":"Selon Mongi Rahoui, d\u00e9put\u00e9 du Front populaire, la Tunisie traverse une p\u00e9riode critique\u00a0et\u00a0a besoin de l\u2019apport et de la coexistence de toutes les parties.","og_url":"https:\/\/kapitalis.com\/tunisie\/2016\/09\/08\/mongi-rahoui-marque-sa-difference-au-sein-du-front-populaire\/","og_site_name":"Kapitalis","article_publisher":"https:\/\/www.facebook.com\/KapitalisInfo\/","article_published_time":"2016-09-08T16:11:16+00:00","article_modified_time":"2016-09-08T16:18:07+00:00","og_image":[{"url":"http:\/\/kapitalis.com\/tunisie\/wp-content\/uploads\/2016\/09\/Mongi-Rahoui-Ban.jpg","type":"","width":"","height":""}],"author":"zohra abid","twitter_card":"summary_large_image","twitter_creator":"@KapitalisInfo","twitter_site":"@KapitalisInfo","twitter_misc":{"\u00c9crit par":"zohra abid","Dur\u00e9e de lecture estim\u00e9e":"2 minutes"},"schema":{"@context":"https:\/\/schema.org","@graph":[{"@type":"Article","@id":"https:\/\/kapitalis.com\/tunisie\/2016\/09\/08\/mongi-rahoui-marque-sa-difference-au-sein-du-front-populaire\/#article","isPartOf":{"@id":"https:\/\/kapitalis.com\/tunisie\/2016\/09\/08\/mongi-rahoui-marque-sa-difference-au-sein-du-front-populaire\/"},"author":{"name":"zohra abid","@id":"https:\/\/kapitalis.com\/tunisie\/#\/schema\/person\/6fc2988ceb6eacf6836db1d8360b4912"},"headline":"Mongi Rahoui\u00a0marque sa diff\u00e9rence au sein du Front populaire","datePublished":"2016-09-08T16:11:16+00:00","dateModified":"2016-09-08T16:18:07+00:00","mainEntityOfPage":{"@id":"https:\/\/kapitalis.com\/tunisie\/2016\/09\/08\/mongi-rahoui-marque-sa-difference-au-sein-du-front-populaire\/"},"wordCount":480,"commentCount":5,"publisher":{"@id":"https:\/\/kapitalis.com\/tunisie\/#organization"},"image":{"@id":"https:\/\/kapitalis.com\/tunisie\/2016\/09\/08\/mongi-rahoui-marque-sa-difference-au-sein-du-front-populaire\/#primaryimage"},"thumbnailUrl":"http:\/\/kapitalis.com\/tunisie\/wp-content\/uploads\/2016\/09\/Mongi-Rahoui-Ban.jpg","keywords":["Front populaire","Hamma Hammami","Mongi Rahoui","Watad"],"articleSection":["POLITIQUE","Tunisie"],"inLanguage":"fr-FR","potentialAction":[{"@type":"CommentAction","name":"Comment","target":["https:\/\/kapitalis.com\/tunisie\/2016\/09\/08\/mongi-rahoui-marque-sa-difference-au-sein-du-front-populaire\/#respond"]}]},{"@type":"WebPage","@id":"https:\/\/kapitalis.com\/tunisie\/2016\/09\/08\/mongi-rahoui-marque-sa-difference-au-sein-du-front-populaire\/","url":"https:\/\/kapitalis.com\/tunisie\/2016\/09\/08\/mongi-rahoui-marque-sa-difference-au-sein-du-front-populaire\/","name":"Mongi Rahoui\u00a0marque sa diff\u00e9rence au sein du Front populaire - Kapitalis","isPartOf":{"@id":"https:\/\/kapitalis.com\/tunisie\/#website"},"primaryImageOfPage":{"@id":"https:\/\/kapitalis.com\/tunisie\/2016\/09\/08\/mongi-rahoui-marque-sa-difference-au-sein-du-front-populaire\/#primaryimage"},"image":{"@id":"https:\/\/kapitalis.com\/tunisie\/2016\/09\/08\/mongi-rahoui-marque-sa-difference-au-sein-du-front-populaire\/#primaryimage"},"thumbnailUrl":"http:\/\/kapitalis.com\/tunisie\/wp-content\/uploads\/2016\/09\/Mongi-Rahoui-Ban.jpg","datePublished":"2016-09-08T16:11:16+00:00","dateModified":"2016-09-08T16:18:07+00:00","breadcrumb":{"@id":"https:\/\/kapitalis.com\/tunisie\/2016\/09\/08\/mongi-rahoui-marque-sa-difference-au-sein-du-front-populaire\/#breadcrumb"},"inLanguage":"fr-FR","potentialAction":[{"@type":"ReadAction","target":["https:\/\/kapitalis.com\/tunisie\/2016\/09\/08\/mongi-rahoui-marque-sa-difference-au-sein-du-front-populaire\/"]}]},{"@type":"ImageObject","inLanguage":"fr-FR","@id":"https:\/\/kapitalis.com\/tunisie\/2016\/09\/08\/mongi-rahoui-marque-sa-difference-au-sein-du-front-populaire\/#primaryimage","url":"http:\/\/kapitalis.com\/tunisie\/wp-content\/uploads\/2016\/09\/Mongi-Rahoui-Ban.jpg","contentUrl":"http:\/\/kapitalis.com\/tunisie\/wp-content\/uploads\/2016\/09\/Mongi-Rahoui-Ban.jpg"},{"@type":"BreadcrumbList","@id":"https:\/\/kapitalis.com\/tunisie\/2016\/09\/08\/mongi-rahoui-marque-sa-difference-au-sein-du-front-populaire\/#breadcrumb","itemListElement":[{"@type":"ListItem","position":1,"name":"Accueil","item":"https:\/\/kapitalis.com\/tunisie\/"},{"@type":"ListItem","position":2,"name":"Mongi Rahoui\u00a0marque sa diff\u00e9rence au sein du Front populaire"}]},{"@type":"WebSite","@id":"https:\/\/kapitalis.com\/tunisie\/#website","url":"https:\/\/kapitalis.com\/tunisie\/","name":"Kapitalis","description":"L&#039;actualit\u00e9 en Tunisie et dans le monde","publisher":{"@id":"https:\/\/kapitalis.com\/tunisie\/#organization"},"potentialAction":[{"@type":"SearchAction","target":{"@type":"EntryPoint","urlTemplate":"https:\/\/kapitalis.com\/tunisie\/?s={search_term_string}"},"query-input":{"@type":"PropertyValueSpecification","valueRequired":true,"valueName":"search_term_string"}}],"inLanguage":"fr-FR"},{"@type":"Organization","@id":"https:\/\/kapitalis.com\/tunisie\/#organization","name":"Kapitalis","url":"https:\/\/kapitalis.com\/tunisie\/","logo":{"@type":"ImageObject","inLanguage":"fr-FR","@id":"https:\/\/kapitalis.com\/tunisie\/#\/schema\/logo\/image\/","url":"https:\/\/kapitalis.com\/tunisie\/wp-content\/uploads\/2022\/05\/Kapitalis-big-size.png","contentUrl":"https:\/\/kapitalis.com\/tunisie\/wp-content\/uploads\/2022\/05\/Kapitalis-big-size.png","width":5000,"height":1500,"caption":"Kapitalis"},"image":{"@id":"https:\/\/kapitalis.com\/tunisie\/#\/schema\/logo\/image\/"},"sameAs":["https:\/\/www.facebook.com\/KapitalisInfo\/","https:\/\/x.com\/KapitalisInfo","https:\/\/www.youtube.com\/channel\/UC-yDYrHyfFBWWZaOw3FPg9Q"]},{"@type":"Person","@id":"https:\/\/kapitalis.com\/tunisie\/#\/schema\/person\/6fc2988ceb6eacf6836db1d8360b4912","name":"zohra abid","url":"https:\/\/kapitalis.com\/tunisie\/author\/zohra-abid-2015\/"}]}},"_links":{"self":[{"href":"https:\/\/kapitalis.com\/tunisie\/wp-json\/wp\/v2\/posts\/64221","targetHints":{"allow":["GET"]}}],"collection":[{"href":"https:\/\/kapitalis.com\/tunisie\/wp-json\/wp\/v2\/posts"}],"about":[{"href":"https:\/\/kapitalis.com\/tunisie\/wp-json\/wp\/v2\/types\/post"}],"author":[{"embeddable":true,"href":"https:\/\/kapitalis.com\/tunisie\/wp-json\/wp\/v2\/users\/7"}],"replies":[{"embeddable":true,"href":"https:\/\/kapitalis.com\/tunisie\/wp-json\/wp\/v2\/comments?post=64221"}],"version-history":[{"count":0,"href":"https:\/\/kapitalis.com\/tunisie\/wp-json\/wp\/v2\/posts\/64221\/revisions"}],"wp:attachment":[{"href":"https:\/\/kapitalis.com\/tunisie\/wp-json\/wp\/v2\/media?parent=64221"}],"wp:term":[{"taxonomy":"category","embeddable":true,"href":"https:\/\/kapitalis.com\/tunisie\/wp-json\/wp\/v2\/categories?post=64221"},{"taxonomy":"post_tag","embeddable":true,"href":"https:\/\/kapitalis.com\/tunisie\/wp-json\/wp\/v2\/tags?post=64221"}],"curies":[{"name":"wp","href":"https:\/\/api.w.org\/{rel}","templated":true}]}}