{"id":6436380,"date":"2023-02-12T07:31:53","date_gmt":"2023-02-12T06:31:53","guid":{"rendered":"https:\/\/kapitalis.com\/tunisie\/?p=6436380"},"modified":"2023-02-12T07:31:55","modified_gmt":"2023-02-12T06:31:55","slug":"le-poeme-du-dimanche-entre-alpha-et-omega-de-edouard-maunick","status":"publish","type":"post","link":"https:\/\/kapitalis.com\/tunisie\/2023\/02\/12\/le-poeme-du-dimanche-entre-alpha-et-omega-de-edouard-maunick\/","title":{"rendered":"Le po\u00e8me du dimanche : \u2018\u2018Entre Alpha et Omega\u2019&rsquo; de Edouard Maunick"},"content":{"rendered":"\n<p><strong>Po\u00e8te, journaliste, homme de radio et diplomate mauricien, Edouard Maunick est une voix importante de la po\u00e9sie francophone.<\/strong><\/p>\n\n\n\n<!--more-->\n\n\n\n<p>N\u00e9 en 1931 \u00e0 Flacq, en Ile Maurice, Maunick s\u2019installe \u00e0 Paris en 1960. Fait carri\u00e8re \u00e0 l\u2019Unesco. Sera nomm\u00e9 ambassadeur de Maurice en Afrique du sud.<\/p>\n\n\n\n<p>Il commence \u00e0 publier en 1954. Presque trente recueils suivront. Proche de L\u00e9opold S\u00e9dar Senghor et de Aim\u00e9 C\u00e9saire, il chante la n\u00e9gritude et le m\u00e9tissage.<\/p>\n\n\n\n<p>Marqu\u00e9e par son \u00eele, son \u00e9criture restitue vocabulaire, images et m\u00e9taphores, langages insulaires, donnant \u00e0 son rythme, fougue et \u00e9lan, entre cris et engagements. Son \u0153uvre est couronn\u00e9e de nombreux prix et distinctions. Il d\u00e9c\u00e8de en 2021.<\/p>\n\n\n\n<p class=\"has-text-align-right\"><strong>Tahar Bekri<\/strong><\/p>\n\n\n\n<p class=\"has-text-align-right\"><em>En m\u00e9moire de <a href=\"https:\/\/kapitalis.com\/tunisie\/2022\/12\/11\/black-spartacus-esclave-general-et-homme-detat-face-a-la-revolution-francaise\/\" target=\"_blank\" rel=\"noreferrer noopener\">Toussaint L\u2019Ouverture<\/a> et Mahatma Gandhi<\/em><\/p>\n\n\n\n<p><em>\u2026ce qu\u2019en nous vivait<\/em><\/p>\n\n\n\n<p><em>comme en tout autre vivant\/<\/em><\/p>\n\n\n\n<p><em>ce qu\u2019en nous pill\u00e9\/ni\u00e9\/d\u00e9ni\u00e9<\/em><\/p>\n\n\n\n<p><em>nous pioche\/nous faucille\/<\/em><\/p>\n\n\n\n<p><em>nous hook\/nous sacs de jute\/<\/em><\/p>\n\n\n\n<p><em>ce qu\u2019en nous reconquis\/<\/em><\/p>\n\n\n\n<p><em>de nous-m\u00eames\/par nous-m\u00eames\/<\/em><\/p>\n\n\n\n<p><em>ce qu\u2019en nous ressuscit\u00e9\/<\/em><\/p>\n\n\n\n<p><em>\u00e0 jamais biens de nous tous\/<\/em><\/p>\n\n\n\n<p><em>nous bouture\/nous semence\/<\/em><\/p>\n\n\n\n<p><em>nous terre\/ nous r\u00e9colte\/nous coupe\/<\/em><\/p>\n\n\n\n<p><em>nos paroles dans nos bouches\/<\/em><\/p>\n\n\n\n<p><em>h\u00e9rit\u00e9es d\u2019Afrique\/<\/em><\/p>\n\n\n\n<p><em>h\u00e9rit\u00e9es d\u2019Asie\/<\/em><\/p>\n\n\n\n<p><em>h\u00e9rit\u00e9es d\u2019Europe\/<\/em><\/p>\n\n\n\n<p><em>nous sans col\u00e8re\/<\/em><\/p>\n\n\n\n<p><em>mais de m\u00e9moire t\u00eatue\/<\/em><\/p>\n\n\n\n<p><em>il nous en a fallu pour<\/em><\/p>\n\n\n\n<p><em>ne pas c\u00e9der\/ne pas jeter\/<\/em><\/p>\n\n\n\n<p><em>nos vies par-dessus bord\/<\/em><\/p>\n\n\n\n<p><em>nous voici main tendue pleine<\/em><\/p>\n\n\n\n<p><em>rouge \u00e8s libert\u00e9\/<\/em><\/p>\n\n\n\n<p><em>bleue grand oc\u00e9an\/<\/em><\/p>\n\n\n\n<p><em>jaune ensoleill\u00e9\/<\/em><\/p>\n\n\n\n<p><em>verte d\u2019\u00eele-jardin\/<\/em><\/p>\n\n\n\n<p><em>nous guetteurs du mill\u00e9naire<\/em><\/p>\n\n\n\n<p><em>avec monnaie de petit peuple<\/em><\/p>\n\n\n\n<p><em>mais qui n\u2019est pas monnaie de singe\/<\/em><\/p>\n\n\n\n<p><em>nous voulons \u00eatre demain du monde<\/em><\/p>\n\n\n\n<p><em>au nom de nos enfants aux yeux fertiles\/<\/em><\/p>\n\n\n\n<p><em>ils apprennent d\u00e9j\u00e0 l\u2019alphabet plan\u00e9taire\/<\/em><\/p>\n\n\n\n<p><em>ce qu\u2019en nous persistait en eu perdure\/<\/em><\/p>\n\n\n\n<p><em>le refus de l\u2019ombre\/la place au soleil\u2026<\/em><\/p>\n\n\n\n<p class=\"has-text-align-right\"><em>(Po\u00e8me publi\u00e9 sur\u00a0: Poetica.fr, 1992).\u00a0\u00a0\u00a0\u00a0\u00a0<\/em><\/p>\n\n\n\n<figure class=\"wp-block-embed is-type-wp-embed is-provider-kapitalis wp-block-embed-kapitalis\"><div class=\"wp-block-embed__wrapper\">\n<blockquote class=\"wp-embedded-content\" data-secret=\"YJTOELPR1y\"><a href=\"https:\/\/kapitalis.com\/tunisie\/2019\/06\/09\/le-poeme-du-dimanche-poeme-a-lafrique-daime-cesaire\/\">Le po\u00e8me du dimanche : \u2018\u2018Po\u00e8me \u00e0 l\u2019Afrique\u2019\u2019 d\u2019Aim\u00e9 C\u00e9saire<\/a><\/blockquote><iframe loading=\"lazy\" class=\"wp-embedded-content\" sandbox=\"allow-scripts\" security=\"restricted\" style=\"position: absolute; clip: rect(1px, 1px, 1px, 1px);\" title=\"\u00ab\u00a0Le po\u00e8me du dimanche : \u2018\u2018Po\u00e8me \u00e0 l\u2019Afrique\u2019\u2019 d\u2019Aim\u00e9 C\u00e9saire\u00a0\u00bb &#8212; Kapitalis\" src=\"https:\/\/kapitalis.com\/tunisie\/2019\/06\/09\/le-poeme-du-dimanche-poeme-a-lafrique-daime-cesaire\/embed\/#?secret=Y4z76s0luj#?secret=YJTOELPR1y\" data-secret=\"YJTOELPR1y\" width=\"600\" height=\"338\" frameborder=\"0\" marginwidth=\"0\" marginheight=\"0\" scrolling=\"no\"><\/iframe>\n<\/div><\/figure>\n\n\n\n<figure class=\"wp-block-embed is-type-wp-embed is-provider-kapitalis wp-block-embed-kapitalis\"><div class=\"wp-block-embed__wrapper\">\n<blockquote class=\"wp-embedded-content\" data-secret=\"gfOIuBA9O2\"><a href=\"https:\/\/kapitalis.com\/tunisie\/2022\/06\/12\/le-poeme-du-dimanche-ete-de-edouard-glissant\/\">Le po\u00e8me du dimanche\u00a0: \u00abEt\u00e9\u00bb de Edouard Glissant<\/a><\/blockquote><iframe loading=\"lazy\" class=\"wp-embedded-content\" sandbox=\"allow-scripts\" security=\"restricted\" style=\"position: absolute; clip: rect(1px, 1px, 1px, 1px);\" title=\"\u00ab\u00a0Le po\u00e8me du dimanche\u00a0: \u00abEt\u00e9\u00bb de Edouard Glissant\u00a0\u00bb &#8212; Kapitalis\" src=\"https:\/\/kapitalis.com\/tunisie\/2022\/06\/12\/le-poeme-du-dimanche-ete-de-edouard-glissant\/embed\/#?secret=K0OfrBKGLW#?secret=gfOIuBA9O2\" data-secret=\"gfOIuBA9O2\" width=\"600\" height=\"338\" frameborder=\"0\" marginwidth=\"0\" marginheight=\"0\" scrolling=\"no\"><\/iframe>\n<\/div><\/figure>\n\n\n\n<figure class=\"wp-block-embed is-type-wp-embed is-provider-kapitalis wp-block-embed-kapitalis\"><div class=\"wp-block-embed__wrapper\">\n<blockquote class=\"wp-embedded-content\" data-secret=\"E1McAJ5TE9\"><a href=\"https:\/\/kapitalis.com\/tunisie\/2022\/12\/18\/le-poeme-du-dimanche-visions-de-ernest-pepin\/\">Le po\u00e8me du dimanche : \u2018\u2018Visions\u2019\u2019 de Ernest P\u00e9pin<\/a><\/blockquote><iframe loading=\"lazy\" class=\"wp-embedded-content\" sandbox=\"allow-scripts\" security=\"restricted\" style=\"position: absolute; clip: rect(1px, 1px, 1px, 1px);\" title=\"\u00ab\u00a0Le po\u00e8me du dimanche : \u2018\u2018Visions\u2019\u2019 de Ernest P\u00e9pin\u00a0\u00bb &#8212; Kapitalis\" src=\"https:\/\/kapitalis.com\/tunisie\/2022\/12\/18\/le-poeme-du-dimanche-visions-de-ernest-pepin\/embed\/#?secret=3SCKcSd4w9#?secret=E1McAJ5TE9\" data-secret=\"E1McAJ5TE9\" width=\"600\" height=\"338\" frameborder=\"0\" marginwidth=\"0\" marginheight=\"0\" scrolling=\"no\"><\/iframe>\n<\/div><\/figure>\n\n\n\n<p class=\"has-text-align-right\"><em>\u00a0\u00a0\u00a0\u00a0\u00a0<\/em><\/p>\n","protected":false},"excerpt":{"rendered":"<p>Le Mauricien Edouard Maunick est une voix importante de la po\u00e9sie francophone.<\/p>\n","protected":false},"author":8,"featured_media":6436477,"comment_status":"open","ping_status":"open","sticky":false,"template":"","format":"standard","meta":{"footnotes":""},"categories":[992,994],"tags":[86021,106568,106569,86020,106571,86022,21267,106572],"class_list":["post-6436380","post","type-post","status-publish","format-standard","has-post-thumbnail","hentry","category-a-la-une","category-culture","tag-aime-cesaire","tag-edouard-maunick","tag-ile-maurice","tag-leopold-sedar-senghor","tag-metissage","tag-negritude","tag-tahar-bekri","tag-toussaint-louverture-2"],"yoast_head":"<!-- This site is optimized with the Yoast SEO plugin v26.6 - https:\/\/yoast.com\/wordpress\/plugins\/seo\/ -->\n<title>Le po\u00e8me du dimanche : \u2018\u2018Entre Alpha et Omega\u2019&#039; de Edouard Maunick - Kapitalis<\/title>\n<meta name=\"robots\" content=\"index, follow, max-snippet:-1, max-image-preview:large, max-video-preview:-1\" \/>\n<link rel=\"canonical\" href=\"https:\/\/kapitalis.com\/tunisie\/2023\/02\/12\/le-poeme-du-dimanche-entre-alpha-et-omega-de-edouard-maunick\/\" \/>\n<meta property=\"og:locale\" content=\"fr_FR\" \/>\n<meta property=\"og:type\" content=\"article\" \/>\n<meta property=\"og:title\" content=\"Le po\u00e8me du dimanche : \u2018\u2018Entre Alpha et Omega\u2019&#039; de Edouard Maunick - Kapitalis\" \/>\n<meta property=\"og:description\" content=\"Le Mauricien Edouard Maunick est une voix importante de la po\u00e9sie francophone.\" \/>\n<meta property=\"og:url\" content=\"https:\/\/kapitalis.com\/tunisie\/2023\/02\/12\/le-poeme-du-dimanche-entre-alpha-et-omega-de-edouard-maunick\/\" \/>\n<meta property=\"og:site_name\" content=\"Kapitalis\" \/>\n<meta property=\"article:publisher\" content=\"https:\/\/www.facebook.com\/KapitalisInfo\/\" \/>\n<meta property=\"article:published_time\" content=\"2023-02-12T06:31:53+00:00\" \/>\n<meta property=\"article:modified_time\" content=\"2023-02-12T06:31:55+00:00\" \/>\n<meta property=\"og:image\" content=\"https:\/\/kapitalis.com\/tunisie\/wp-content\/uploads\/2023\/02\/Edouard-Maunick.jpg\" \/>\n\t<meta property=\"og:image:width\" content=\"1200\" \/>\n\t<meta property=\"og:image:height\" content=\"630\" \/>\n\t<meta property=\"og:image:type\" content=\"image\/jpeg\" \/>\n<meta name=\"author\" content=\"webmaster kapitalis\" \/>\n<meta name=\"twitter:card\" content=\"summary_large_image\" \/>\n<meta name=\"twitter:creator\" content=\"@KapitalisInfo\" \/>\n<meta name=\"twitter:site\" content=\"@KapitalisInfo\" \/>\n<meta name=\"twitter:label1\" content=\"\u00c9crit par\" \/>\n\t<meta name=\"twitter:data1\" content=\"webmaster kapitalis\" \/>\n\t<meta name=\"twitter:label2\" content=\"Dur\u00e9e de lecture estim\u00e9e\" \/>\n\t<meta name=\"twitter:data2\" content=\"2 minutes\" \/>\n<script type=\"application\/ld+json\" class=\"yoast-schema-graph\">{\"@context\":\"https:\/\/schema.org\",\"@graph\":[{\"@type\":\"Article\",\"@id\":\"https:\/\/kapitalis.com\/tunisie\/2023\/02\/12\/le-poeme-du-dimanche-entre-alpha-et-omega-de-edouard-maunick\/#article\",\"isPartOf\":{\"@id\":\"https:\/\/kapitalis.com\/tunisie\/2023\/02\/12\/le-poeme-du-dimanche-entre-alpha-et-omega-de-edouard-maunick\/\"},\"author\":{\"name\":\"webmaster kapitalis\",\"@id\":\"https:\/\/kapitalis.com\/tunisie\/#\/schema\/person\/d71f33a9ca44f7bad4698210b480c8e9\"},\"headline\":\"Le po\u00e8me du dimanche : \u2018\u2018Entre Alpha et Omega\u2019&rsquo; de Edouard Maunick\",\"datePublished\":\"2023-02-12T06:31:53+00:00\",\"dateModified\":\"2023-02-12T06:31:55+00:00\",\"mainEntityOfPage\":{\"@id\":\"https:\/\/kapitalis.com\/tunisie\/2023\/02\/12\/le-poeme-du-dimanche-entre-alpha-et-omega-de-edouard-maunick\/\"},\"wordCount\":341,\"commentCount\":0,\"publisher\":{\"@id\":\"https:\/\/kapitalis.com\/tunisie\/#organization\"},\"image\":{\"@id\":\"https:\/\/kapitalis.com\/tunisie\/2023\/02\/12\/le-poeme-du-dimanche-entre-alpha-et-omega-de-edouard-maunick\/#primaryimage\"},\"thumbnailUrl\":\"https:\/\/kapitalis.com\/tunisie\/wp-content\/uploads\/2023\/02\/Edouard-Maunick.jpg\",\"keywords\":[\"Aim\u00e9 C\u00e9saire\",\"Edouard Maunick\",\"Ile Maurice\",\"L\u00e9opold S\u00e9dar Senghor\",\"m\u00e9tissage\",\"n\u00e9gritude\",\"Tahar Bekri\",\"Toussaint L\u2019Ouverture\"],\"articleSection\":[\"A LA UNE\",\"CULTURE\"],\"inLanguage\":\"fr-FR\",\"potentialAction\":[{\"@type\":\"CommentAction\",\"name\":\"Comment\",\"target\":[\"https:\/\/kapitalis.com\/tunisie\/2023\/02\/12\/le-poeme-du-dimanche-entre-alpha-et-omega-de-edouard-maunick\/#respond\"]}]},{\"@type\":\"WebPage\",\"@id\":\"https:\/\/kapitalis.com\/tunisie\/2023\/02\/12\/le-poeme-du-dimanche-entre-alpha-et-omega-de-edouard-maunick\/\",\"url\":\"https:\/\/kapitalis.com\/tunisie\/2023\/02\/12\/le-poeme-du-dimanche-entre-alpha-et-omega-de-edouard-maunick\/\",\"name\":\"Le po\u00e8me du dimanche : \u2018\u2018Entre Alpha et Omega\u2019' de Edouard Maunick - Kapitalis\",\"isPartOf\":{\"@id\":\"https:\/\/kapitalis.com\/tunisie\/#website\"},\"primaryImageOfPage\":{\"@id\":\"https:\/\/kapitalis.com\/tunisie\/2023\/02\/12\/le-poeme-du-dimanche-entre-alpha-et-omega-de-edouard-maunick\/#primaryimage\"},\"image\":{\"@id\":\"https:\/\/kapitalis.com\/tunisie\/2023\/02\/12\/le-poeme-du-dimanche-entre-alpha-et-omega-de-edouard-maunick\/#primaryimage\"},\"thumbnailUrl\":\"https:\/\/kapitalis.com\/tunisie\/wp-content\/uploads\/2023\/02\/Edouard-Maunick.jpg\",\"datePublished\":\"2023-02-12T06:31:53+00:00\",\"dateModified\":\"2023-02-12T06:31:55+00:00\",\"breadcrumb\":{\"@id\":\"https:\/\/kapitalis.com\/tunisie\/2023\/02\/12\/le-poeme-du-dimanche-entre-alpha-et-omega-de-edouard-maunick\/#breadcrumb\"},\"inLanguage\":\"fr-FR\",\"potentialAction\":[{\"@type\":\"ReadAction\",\"target\":[\"https:\/\/kapitalis.com\/tunisie\/2023\/02\/12\/le-poeme-du-dimanche-entre-alpha-et-omega-de-edouard-maunick\/\"]}]},{\"@type\":\"ImageObject\",\"inLanguage\":\"fr-FR\",\"@id\":\"https:\/\/kapitalis.com\/tunisie\/2023\/02\/12\/le-poeme-du-dimanche-entre-alpha-et-omega-de-edouard-maunick\/#primaryimage\",\"url\":\"https:\/\/kapitalis.com\/tunisie\/wp-content\/uploads\/2023\/02\/Edouard-Maunick.jpg\",\"contentUrl\":\"https:\/\/kapitalis.com\/tunisie\/wp-content\/uploads\/2023\/02\/Edouard-Maunick.jpg\",\"width\":1200,\"height\":630},{\"@type\":\"BreadcrumbList\",\"@id\":\"https:\/\/kapitalis.com\/tunisie\/2023\/02\/12\/le-poeme-du-dimanche-entre-alpha-et-omega-de-edouard-maunick\/#breadcrumb\",\"itemListElement\":[{\"@type\":\"ListItem\",\"position\":1,\"name\":\"Accueil\",\"item\":\"https:\/\/kapitalis.com\/tunisie\/\"},{\"@type\":\"ListItem\",\"position\":2,\"name\":\"Le po\u00e8me du dimanche : \u2018\u2018Entre Alpha et Omega\u2019&rsquo; de Edouard Maunick\"}]},{\"@type\":\"WebSite\",\"@id\":\"https:\/\/kapitalis.com\/tunisie\/#website\",\"url\":\"https:\/\/kapitalis.com\/tunisie\/\",\"name\":\"Kapitalis\",\"description\":\"L&#039;actualit\u00e9 en Tunisie et dans le monde\",\"publisher\":{\"@id\":\"https:\/\/kapitalis.com\/tunisie\/#organization\"},\"potentialAction\":[{\"@type\":\"SearchAction\",\"target\":{\"@type\":\"EntryPoint\",\"urlTemplate\":\"https:\/\/kapitalis.com\/tunisie\/?s={search_term_string}\"},\"query-input\":{\"@type\":\"PropertyValueSpecification\",\"valueRequired\":true,\"valueName\":\"search_term_string\"}}],\"inLanguage\":\"fr-FR\"},{\"@type\":\"Organization\",\"@id\":\"https:\/\/kapitalis.com\/tunisie\/#organization\",\"name\":\"Kapitalis\",\"url\":\"https:\/\/kapitalis.com\/tunisie\/\",\"logo\":{\"@type\":\"ImageObject\",\"inLanguage\":\"fr-FR\",\"@id\":\"https:\/\/kapitalis.com\/tunisie\/#\/schema\/logo\/image\/\",\"url\":\"https:\/\/kapitalis.com\/tunisie\/wp-content\/uploads\/2022\/05\/Kapitalis-big-size.png\",\"contentUrl\":\"https:\/\/kapitalis.com\/tunisie\/wp-content\/uploads\/2022\/05\/Kapitalis-big-size.png\",\"width\":5000,\"height\":1500,\"caption\":\"Kapitalis\"},\"image\":{\"@id\":\"https:\/\/kapitalis.com\/tunisie\/#\/schema\/logo\/image\/\"},\"sameAs\":[\"https:\/\/www.facebook.com\/KapitalisInfo\/\",\"https:\/\/x.com\/KapitalisInfo\",\"https:\/\/www.youtube.com\/channel\/UC-yDYrHyfFBWWZaOw3FPg9Q\"]},{\"@type\":\"Person\",\"@id\":\"https:\/\/kapitalis.com\/tunisie\/#\/schema\/person\/d71f33a9ca44f7bad4698210b480c8e9\",\"name\":\"webmaster kapitalis\",\"url\":\"https:\/\/kapitalis.com\/tunisie\/author\/webmaster-kapitalis\/\"}]}<\/script>\n<!-- \/ Yoast SEO plugin. -->","yoast_head_json":{"title":"Le po\u00e8me du dimanche : \u2018\u2018Entre Alpha et Omega\u2019' de Edouard Maunick - Kapitalis","robots":{"index":"index","follow":"follow","max-snippet":"max-snippet:-1","max-image-preview":"max-image-preview:large","max-video-preview":"max-video-preview:-1"},"canonical":"https:\/\/kapitalis.com\/tunisie\/2023\/02\/12\/le-poeme-du-dimanche-entre-alpha-et-omega-de-edouard-maunick\/","og_locale":"fr_FR","og_type":"article","og_title":"Le po\u00e8me du dimanche : \u2018\u2018Entre Alpha et Omega\u2019' de Edouard Maunick - Kapitalis","og_description":"Le Mauricien Edouard Maunick est une voix importante de la po\u00e9sie francophone.","og_url":"https:\/\/kapitalis.com\/tunisie\/2023\/02\/12\/le-poeme-du-dimanche-entre-alpha-et-omega-de-edouard-maunick\/","og_site_name":"Kapitalis","article_publisher":"https:\/\/www.facebook.com\/KapitalisInfo\/","article_published_time":"2023-02-12T06:31:53+00:00","article_modified_time":"2023-02-12T06:31:55+00:00","og_image":[{"width":1200,"height":630,"url":"https:\/\/kapitalis.com\/tunisie\/wp-content\/uploads\/2023\/02\/Edouard-Maunick.jpg","type":"image\/jpeg"}],"author":"webmaster kapitalis","twitter_card":"summary_large_image","twitter_creator":"@KapitalisInfo","twitter_site":"@KapitalisInfo","twitter_misc":{"\u00c9crit par":"webmaster kapitalis","Dur\u00e9e de lecture estim\u00e9e":"2 minutes"},"schema":{"@context":"https:\/\/schema.org","@graph":[{"@type":"Article","@id":"https:\/\/kapitalis.com\/tunisie\/2023\/02\/12\/le-poeme-du-dimanche-entre-alpha-et-omega-de-edouard-maunick\/#article","isPartOf":{"@id":"https:\/\/kapitalis.com\/tunisie\/2023\/02\/12\/le-poeme-du-dimanche-entre-alpha-et-omega-de-edouard-maunick\/"},"author":{"name":"webmaster kapitalis","@id":"https:\/\/kapitalis.com\/tunisie\/#\/schema\/person\/d71f33a9ca44f7bad4698210b480c8e9"},"headline":"Le po\u00e8me du dimanche : \u2018\u2018Entre Alpha et Omega\u2019&rsquo; de Edouard Maunick","datePublished":"2023-02-12T06:31:53+00:00","dateModified":"2023-02-12T06:31:55+00:00","mainEntityOfPage":{"@id":"https:\/\/kapitalis.com\/tunisie\/2023\/02\/12\/le-poeme-du-dimanche-entre-alpha-et-omega-de-edouard-maunick\/"},"wordCount":341,"commentCount":0,"publisher":{"@id":"https:\/\/kapitalis.com\/tunisie\/#organization"},"image":{"@id":"https:\/\/kapitalis.com\/tunisie\/2023\/02\/12\/le-poeme-du-dimanche-entre-alpha-et-omega-de-edouard-maunick\/#primaryimage"},"thumbnailUrl":"https:\/\/kapitalis.com\/tunisie\/wp-content\/uploads\/2023\/02\/Edouard-Maunick.jpg","keywords":["Aim\u00e9 C\u00e9saire","Edouard Maunick","Ile Maurice","L\u00e9opold S\u00e9dar Senghor","m\u00e9tissage","n\u00e9gritude","Tahar Bekri","Toussaint L\u2019Ouverture"],"articleSection":["A LA UNE","CULTURE"],"inLanguage":"fr-FR","potentialAction":[{"@type":"CommentAction","name":"Comment","target":["https:\/\/kapitalis.com\/tunisie\/2023\/02\/12\/le-poeme-du-dimanche-entre-alpha-et-omega-de-edouard-maunick\/#respond"]}]},{"@type":"WebPage","@id":"https:\/\/kapitalis.com\/tunisie\/2023\/02\/12\/le-poeme-du-dimanche-entre-alpha-et-omega-de-edouard-maunick\/","url":"https:\/\/kapitalis.com\/tunisie\/2023\/02\/12\/le-poeme-du-dimanche-entre-alpha-et-omega-de-edouard-maunick\/","name":"Le po\u00e8me du dimanche : \u2018\u2018Entre Alpha et Omega\u2019' de Edouard Maunick - Kapitalis","isPartOf":{"@id":"https:\/\/kapitalis.com\/tunisie\/#website"},"primaryImageOfPage":{"@id":"https:\/\/kapitalis.com\/tunisie\/2023\/02\/12\/le-poeme-du-dimanche-entre-alpha-et-omega-de-edouard-maunick\/#primaryimage"},"image":{"@id":"https:\/\/kapitalis.com\/tunisie\/2023\/02\/12\/le-poeme-du-dimanche-entre-alpha-et-omega-de-edouard-maunick\/#primaryimage"},"thumbnailUrl":"https:\/\/kapitalis.com\/tunisie\/wp-content\/uploads\/2023\/02\/Edouard-Maunick.jpg","datePublished":"2023-02-12T06:31:53+00:00","dateModified":"2023-02-12T06:31:55+00:00","breadcrumb":{"@id":"https:\/\/kapitalis.com\/tunisie\/2023\/02\/12\/le-poeme-du-dimanche-entre-alpha-et-omega-de-edouard-maunick\/#breadcrumb"},"inLanguage":"fr-FR","potentialAction":[{"@type":"ReadAction","target":["https:\/\/kapitalis.com\/tunisie\/2023\/02\/12\/le-poeme-du-dimanche-entre-alpha-et-omega-de-edouard-maunick\/"]}]},{"@type":"ImageObject","inLanguage":"fr-FR","@id":"https:\/\/kapitalis.com\/tunisie\/2023\/02\/12\/le-poeme-du-dimanche-entre-alpha-et-omega-de-edouard-maunick\/#primaryimage","url":"https:\/\/kapitalis.com\/tunisie\/wp-content\/uploads\/2023\/02\/Edouard-Maunick.jpg","contentUrl":"https:\/\/kapitalis.com\/tunisie\/wp-content\/uploads\/2023\/02\/Edouard-Maunick.jpg","width":1200,"height":630},{"@type":"BreadcrumbList","@id":"https:\/\/kapitalis.com\/tunisie\/2023\/02\/12\/le-poeme-du-dimanche-entre-alpha-et-omega-de-edouard-maunick\/#breadcrumb","itemListElement":[{"@type":"ListItem","position":1,"name":"Accueil","item":"https:\/\/kapitalis.com\/tunisie\/"},{"@type":"ListItem","position":2,"name":"Le po\u00e8me du dimanche : \u2018\u2018Entre Alpha et Omega\u2019&rsquo; de Edouard Maunick"}]},{"@type":"WebSite","@id":"https:\/\/kapitalis.com\/tunisie\/#website","url":"https:\/\/kapitalis.com\/tunisie\/","name":"Kapitalis","description":"L&#039;actualit\u00e9 en Tunisie et dans le monde","publisher":{"@id":"https:\/\/kapitalis.com\/tunisie\/#organization"},"potentialAction":[{"@type":"SearchAction","target":{"@type":"EntryPoint","urlTemplate":"https:\/\/kapitalis.com\/tunisie\/?s={search_term_string}"},"query-input":{"@type":"PropertyValueSpecification","valueRequired":true,"valueName":"search_term_string"}}],"inLanguage":"fr-FR"},{"@type":"Organization","@id":"https:\/\/kapitalis.com\/tunisie\/#organization","name":"Kapitalis","url":"https:\/\/kapitalis.com\/tunisie\/","logo":{"@type":"ImageObject","inLanguage":"fr-FR","@id":"https:\/\/kapitalis.com\/tunisie\/#\/schema\/logo\/image\/","url":"https:\/\/kapitalis.com\/tunisie\/wp-content\/uploads\/2022\/05\/Kapitalis-big-size.png","contentUrl":"https:\/\/kapitalis.com\/tunisie\/wp-content\/uploads\/2022\/05\/Kapitalis-big-size.png","width":5000,"height":1500,"caption":"Kapitalis"},"image":{"@id":"https:\/\/kapitalis.com\/tunisie\/#\/schema\/logo\/image\/"},"sameAs":["https:\/\/www.facebook.com\/KapitalisInfo\/","https:\/\/x.com\/KapitalisInfo","https:\/\/www.youtube.com\/channel\/UC-yDYrHyfFBWWZaOw3FPg9Q"]},{"@type":"Person","@id":"https:\/\/kapitalis.com\/tunisie\/#\/schema\/person\/d71f33a9ca44f7bad4698210b480c8e9","name":"webmaster kapitalis","url":"https:\/\/kapitalis.com\/tunisie\/author\/webmaster-kapitalis\/"}]}},"_links":{"self":[{"href":"https:\/\/kapitalis.com\/tunisie\/wp-json\/wp\/v2\/posts\/6436380","targetHints":{"allow":["GET"]}}],"collection":[{"href":"https:\/\/kapitalis.com\/tunisie\/wp-json\/wp\/v2\/posts"}],"about":[{"href":"https:\/\/kapitalis.com\/tunisie\/wp-json\/wp\/v2\/types\/post"}],"author":[{"embeddable":true,"href":"https:\/\/kapitalis.com\/tunisie\/wp-json\/wp\/v2\/users\/8"}],"replies":[{"embeddable":true,"href":"https:\/\/kapitalis.com\/tunisie\/wp-json\/wp\/v2\/comments?post=6436380"}],"version-history":[{"count":1,"href":"https:\/\/kapitalis.com\/tunisie\/wp-json\/wp\/v2\/posts\/6436380\/revisions"}],"predecessor-version":[{"id":6436486,"href":"https:\/\/kapitalis.com\/tunisie\/wp-json\/wp\/v2\/posts\/6436380\/revisions\/6436486"}],"wp:featuredmedia":[{"embeddable":true,"href":"https:\/\/kapitalis.com\/tunisie\/wp-json\/wp\/v2\/media\/6436477"}],"wp:attachment":[{"href":"https:\/\/kapitalis.com\/tunisie\/wp-json\/wp\/v2\/media?parent=6436380"}],"wp:term":[{"taxonomy":"category","embeddable":true,"href":"https:\/\/kapitalis.com\/tunisie\/wp-json\/wp\/v2\/categories?post=6436380"},{"taxonomy":"post_tag","embeddable":true,"href":"https:\/\/kapitalis.com\/tunisie\/wp-json\/wp\/v2\/tags?post=6436380"}],"curies":[{"name":"wp","href":"https:\/\/api.w.org\/{rel}","templated":true}]}}