{"id":6439855,"date":"2023-02-12T10:56:39","date_gmt":"2023-02-12T09:56:39","guid":{"rendered":"https:\/\/kapitalis.com\/tunisie\/?p=6439855"},"modified":"2023-02-12T10:56:41","modified_gmt":"2023-02-12T09:56:41","slug":"tunisie-le-taux-de-pauvrete-augmente-de-14-en-6-ans","status":"publish","type":"post","link":"https:\/\/kapitalis.com\/tunisie\/2023\/02\/12\/tunisie-le-taux-de-pauvrete-augmente-de-14-en-6-ans\/","title":{"rendered":"Tunisie\u00a0: le taux de pauvret\u00e9 augmente de 1,4% en 6 ans \u00a0"},"content":{"rendered":"\n<p><strong><em>Selon l\u2019Enqu\u00eate nationale sur le budget, consommation et niveau de vie des m\u00e9nages 2021, publi\u00e9 vendredi 10 f\u00e9vrier 2023 par l\u2019Institut national de la statistique (INS), le taux de pauvret\u00e9 en Tunisie est pass\u00e9 de 15,2% en 2015 \u00e0 16,6% en 2021. \u00a0<\/em><\/strong><em>(Illustration : Ph. Noureddine Ahmed).<\/em><\/p>\n\n\n\n<!--more-->\n\n\n\n<p>En 2021, une personne est consid\u00e9r\u00e9e comme pauvre si sa d\u00e9pense annuelle de consommation est inf\u00e9rieure \u00e0 2 536 dinars tunisiens (DT). Ainsi, le taux de pauvret\u00e9 sera de 16,6% en 2021, contre 15,2% en 2015, 20,5% en 2010 et 23,1% en 2005.<\/p>\n\n\n\n<p>Les estimations issues des r\u00e9sultats de l&rsquo;enqu\u00eate montrent \u00e9galement une stagnation du taux de pauvret\u00e9 <em>\u00abs\u00e9v\u00e8re ou extr\u00eame\u00bb<\/em>, puisqu\u2019il est de 2,9% en 2021, soit le m\u00eame taux qu\u2019en 2015.<\/p>\n\n\n\n<p>La lecture des r\u00e9sultats de l\u2019enqu\u00eate par grande r\u00e9gion montre une augmentation de la pauvret\u00e9 dans plusieurs r\u00e9gions du pays entre 2015 et 2021. Il faut cependant noter que la r\u00e9gion du Nord-Ouest se d\u00e9marque avec une baisse significative du taux de pauvret\u00e9 de 28,4% en 2015 \u00e0 22,5% en 2021.<\/p>\n\n\n\n<p>Le Grand Tunis affiche une l\u00e9g\u00e8re baisse du taux de pauvret\u00e9 \u00e0 4,7% en 2021 (contre 5,3% en 2015).<\/p>\n\n\n\n<p>Le Centre-Ouest reste la r\u00e9gion o\u00f9 le taux de pauvret\u00e9 est le plus \u00e9lev\u00e9 de Tunisie, passant \u00e0 37% en 2021 (contre 30,8% en 2015) et son \u00e9cart par rapport aux autres r\u00e9gions, comme celles situ\u00e9es sur le littoral tunisien, reste important.<\/p>\n\n\n\n<p>Par ailleurs, et sur la base de la r\u00e9partition des d\u00e9penses totales, les indicateurs d\u2019in\u00e9galit\u00e9 entre individus (ou m\u00e9nages) traduisent, au niveau national, une l\u00e9g\u00e8re r\u00e9duction des disparit\u00e9s.<\/p>\n\n\n\n<p>Ainsi, l\u2019indicateur couramment utilis\u00e9, l\u2019indice de Gini, s\u2019\u00e9tablit \u00e0 35,3 en 2021 contre 36,5 en 2015. Cependant, cette baisse est enti\u00e8rement attribuable \u00e0 une r\u00e9duction significative de l\u2019indice de Gini pour la r\u00e9gion du Grand Tunis, principalement en raison d\u2019une baisse de certains d\u00e9penses des m\u00e9nages les plus ais\u00e9s pendant la crise sanitaire (transports, voyages, loisirs, achats de biens durables, etc.), ce qui r\u00e9duit les disparit\u00e9s des profils de consommation au-dessus du seuil de pauvret\u00e9. Dans toutes les autres r\u00e9gions du pays, les in\u00e9galit\u00e9s auraient l\u00e9g\u00e8rement augment\u00e9. <\/p>\n\n\n\n<p><strong><em>D\u2019apr\u00e8s Tap.<\/em><\/strong><\/p>\n","protected":false},"excerpt":{"rendered":"<p>Le taux de pauvret\u00e9 en Tunisie est pass\u00e9 de 15,2% en 2015 \u00e0 16,6% en 2021. <\/p>\n","protected":false},"author":8,"featured_media":6040919,"comment_status":"open","ping_status":"open","sticky":false,"template":"","format":"standard","meta":{"footnotes":""},"categories":[995,998,2433],"tags":[173,229,78843,106576,8190,62643],"class_list":["post-6439855","post","type-post","status-publish","format-standard","has-post-thumbnail","hentry","category-economie","category-societe","category-tunisie","tag-budget","tag-consommation","tag-inegalites","tag-menages","tag-taux-de-pauvrete","tag-tunisie"],"yoast_head":"<!-- This site is optimized with the Yoast SEO plugin v26.6 - https:\/\/yoast.com\/wordpress\/plugins\/seo\/ -->\n<title>Tunisie\u00a0: le taux de pauvret\u00e9 augmente de 1,4% en 6 ans \u00a0 - Kapitalis<\/title>\n<meta name=\"robots\" content=\"index, follow, max-snippet:-1, max-image-preview:large, max-video-preview:-1\" \/>\n<link rel=\"canonical\" href=\"https:\/\/kapitalis.com\/tunisie\/2023\/02\/12\/tunisie-le-taux-de-pauvrete-augmente-de-14-en-6-ans\/\" \/>\n<meta property=\"og:locale\" content=\"fr_FR\" \/>\n<meta property=\"og:type\" content=\"article\" \/>\n<meta property=\"og:title\" content=\"Tunisie\u00a0: le taux de pauvret\u00e9 augmente de 1,4% en 6 ans \u00a0 - Kapitalis\" \/>\n<meta property=\"og:description\" content=\"Le taux de pauvret\u00e9 en Tunisie est pass\u00e9 de 15,2% en 2015 \u00e0 16,6% en 2021.\" \/>\n<meta property=\"og:url\" content=\"https:\/\/kapitalis.com\/tunisie\/2023\/02\/12\/tunisie-le-taux-de-pauvrete-augmente-de-14-en-6-ans\/\" \/>\n<meta property=\"og:site_name\" content=\"Kapitalis\" \/>\n<meta property=\"article:publisher\" content=\"https:\/\/www.facebook.com\/KapitalisInfo\/\" \/>\n<meta property=\"article:published_time\" content=\"2023-02-12T09:56:39+00:00\" \/>\n<meta property=\"article:modified_time\" content=\"2023-02-12T09:56:41+00:00\" \/>\n<meta property=\"og:image\" content=\"https:\/\/kapitalis.com\/tunisie\/wp-content\/uploads\/2023\/01\/Corvee-Eau-Ph-Noureddine-Ahmed.jpg\" \/>\n\t<meta property=\"og:image:width\" content=\"1200\" \/>\n\t<meta property=\"og:image:height\" content=\"630\" \/>\n\t<meta property=\"og:image:type\" content=\"image\/jpeg\" \/>\n<meta name=\"author\" content=\"webmaster kapitalis\" \/>\n<meta name=\"twitter:card\" content=\"summary_large_image\" \/>\n<meta name=\"twitter:creator\" content=\"@KapitalisInfo\" \/>\n<meta name=\"twitter:site\" content=\"@KapitalisInfo\" \/>\n<meta name=\"twitter:label1\" content=\"\u00c9crit par\" \/>\n\t<meta name=\"twitter:data1\" content=\"webmaster kapitalis\" \/>\n\t<meta name=\"twitter:label2\" content=\"Dur\u00e9e de lecture estim\u00e9e\" \/>\n\t<meta name=\"twitter:data2\" content=\"2 minutes\" \/>\n<script type=\"application\/ld+json\" class=\"yoast-schema-graph\">{\"@context\":\"https:\/\/schema.org\",\"@graph\":[{\"@type\":\"Article\",\"@id\":\"https:\/\/kapitalis.com\/tunisie\/2023\/02\/12\/tunisie-le-taux-de-pauvrete-augmente-de-14-en-6-ans\/#article\",\"isPartOf\":{\"@id\":\"https:\/\/kapitalis.com\/tunisie\/2023\/02\/12\/tunisie-le-taux-de-pauvrete-augmente-de-14-en-6-ans\/\"},\"author\":{\"name\":\"webmaster kapitalis\",\"@id\":\"https:\/\/kapitalis.com\/tunisie\/#\/schema\/person\/d71f33a9ca44f7bad4698210b480c8e9\"},\"headline\":\"Tunisie\u00a0: le taux de pauvret\u00e9 augmente de 1,4% en 6 ans \u00a0\",\"datePublished\":\"2023-02-12T09:56:39+00:00\",\"dateModified\":\"2023-02-12T09:56:41+00:00\",\"mainEntityOfPage\":{\"@id\":\"https:\/\/kapitalis.com\/tunisie\/2023\/02\/12\/tunisie-le-taux-de-pauvrete-augmente-de-14-en-6-ans\/\"},\"wordCount\":369,\"commentCount\":6,\"publisher\":{\"@id\":\"https:\/\/kapitalis.com\/tunisie\/#organization\"},\"image\":{\"@id\":\"https:\/\/kapitalis.com\/tunisie\/2023\/02\/12\/tunisie-le-taux-de-pauvrete-augmente-de-14-en-6-ans\/#primaryimage\"},\"thumbnailUrl\":\"https:\/\/kapitalis.com\/tunisie\/wp-content\/uploads\/2023\/01\/Corvee-Eau-Ph-Noureddine-Ahmed.jpg\",\"keywords\":[\"budget\",\"consommation\",\"in\u00e9galit\u00e9s\",\"m\u00e9nages\",\"taux de pauvret\u00e9\",\"Tunisie\"],\"articleSection\":[\"ECONOMIE\",\"SOCIETE\",\"Tunisie\"],\"inLanguage\":\"fr-FR\",\"potentialAction\":[{\"@type\":\"CommentAction\",\"name\":\"Comment\",\"target\":[\"https:\/\/kapitalis.com\/tunisie\/2023\/02\/12\/tunisie-le-taux-de-pauvrete-augmente-de-14-en-6-ans\/#respond\"]}]},{\"@type\":\"WebPage\",\"@id\":\"https:\/\/kapitalis.com\/tunisie\/2023\/02\/12\/tunisie-le-taux-de-pauvrete-augmente-de-14-en-6-ans\/\",\"url\":\"https:\/\/kapitalis.com\/tunisie\/2023\/02\/12\/tunisie-le-taux-de-pauvrete-augmente-de-14-en-6-ans\/\",\"name\":\"Tunisie\u00a0: le taux de pauvret\u00e9 augmente de 1,4% en 6 ans \u00a0 - Kapitalis\",\"isPartOf\":{\"@id\":\"https:\/\/kapitalis.com\/tunisie\/#website\"},\"primaryImageOfPage\":{\"@id\":\"https:\/\/kapitalis.com\/tunisie\/2023\/02\/12\/tunisie-le-taux-de-pauvrete-augmente-de-14-en-6-ans\/#primaryimage\"},\"image\":{\"@id\":\"https:\/\/kapitalis.com\/tunisie\/2023\/02\/12\/tunisie-le-taux-de-pauvrete-augmente-de-14-en-6-ans\/#primaryimage\"},\"thumbnailUrl\":\"https:\/\/kapitalis.com\/tunisie\/wp-content\/uploads\/2023\/01\/Corvee-Eau-Ph-Noureddine-Ahmed.jpg\",\"datePublished\":\"2023-02-12T09:56:39+00:00\",\"dateModified\":\"2023-02-12T09:56:41+00:00\",\"breadcrumb\":{\"@id\":\"https:\/\/kapitalis.com\/tunisie\/2023\/02\/12\/tunisie-le-taux-de-pauvrete-augmente-de-14-en-6-ans\/#breadcrumb\"},\"inLanguage\":\"fr-FR\",\"potentialAction\":[{\"@type\":\"ReadAction\",\"target\":[\"https:\/\/kapitalis.com\/tunisie\/2023\/02\/12\/tunisie-le-taux-de-pauvrete-augmente-de-14-en-6-ans\/\"]}]},{\"@type\":\"ImageObject\",\"inLanguage\":\"fr-FR\",\"@id\":\"https:\/\/kapitalis.com\/tunisie\/2023\/02\/12\/tunisie-le-taux-de-pauvrete-augmente-de-14-en-6-ans\/#primaryimage\",\"url\":\"https:\/\/kapitalis.com\/tunisie\/wp-content\/uploads\/2023\/01\/Corvee-Eau-Ph-Noureddine-Ahmed.jpg\",\"contentUrl\":\"https:\/\/kapitalis.com\/tunisie\/wp-content\/uploads\/2023\/01\/Corvee-Eau-Ph-Noureddine-Ahmed.jpg\",\"width\":1200,\"height\":630},{\"@type\":\"BreadcrumbList\",\"@id\":\"https:\/\/kapitalis.com\/tunisie\/2023\/02\/12\/tunisie-le-taux-de-pauvrete-augmente-de-14-en-6-ans\/#breadcrumb\",\"itemListElement\":[{\"@type\":\"ListItem\",\"position\":1,\"name\":\"Accueil\",\"item\":\"https:\/\/kapitalis.com\/tunisie\/\"},{\"@type\":\"ListItem\",\"position\":2,\"name\":\"Tunisie\u00a0: le taux de pauvret\u00e9 augmente de 1,4% en 6 ans \u00a0\"}]},{\"@type\":\"WebSite\",\"@id\":\"https:\/\/kapitalis.com\/tunisie\/#website\",\"url\":\"https:\/\/kapitalis.com\/tunisie\/\",\"name\":\"Kapitalis\",\"description\":\"L&#039;actualit\u00e9 en Tunisie et dans le monde\",\"publisher\":{\"@id\":\"https:\/\/kapitalis.com\/tunisie\/#organization\"},\"potentialAction\":[{\"@type\":\"SearchAction\",\"target\":{\"@type\":\"EntryPoint\",\"urlTemplate\":\"https:\/\/kapitalis.com\/tunisie\/?s={search_term_string}\"},\"query-input\":{\"@type\":\"PropertyValueSpecification\",\"valueRequired\":true,\"valueName\":\"search_term_string\"}}],\"inLanguage\":\"fr-FR\"},{\"@type\":\"Organization\",\"@id\":\"https:\/\/kapitalis.com\/tunisie\/#organization\",\"name\":\"Kapitalis\",\"url\":\"https:\/\/kapitalis.com\/tunisie\/\",\"logo\":{\"@type\":\"ImageObject\",\"inLanguage\":\"fr-FR\",\"@id\":\"https:\/\/kapitalis.com\/tunisie\/#\/schema\/logo\/image\/\",\"url\":\"https:\/\/kapitalis.com\/tunisie\/wp-content\/uploads\/2022\/05\/Kapitalis-big-size.png\",\"contentUrl\":\"https:\/\/kapitalis.com\/tunisie\/wp-content\/uploads\/2022\/05\/Kapitalis-big-size.png\",\"width\":5000,\"height\":1500,\"caption\":\"Kapitalis\"},\"image\":{\"@id\":\"https:\/\/kapitalis.com\/tunisie\/#\/schema\/logo\/image\/\"},\"sameAs\":[\"https:\/\/www.facebook.com\/KapitalisInfo\/\",\"https:\/\/x.com\/KapitalisInfo\",\"https:\/\/www.youtube.com\/channel\/UC-yDYrHyfFBWWZaOw3FPg9Q\"]},{\"@type\":\"Person\",\"@id\":\"https:\/\/kapitalis.com\/tunisie\/#\/schema\/person\/d71f33a9ca44f7bad4698210b480c8e9\",\"name\":\"webmaster kapitalis\",\"url\":\"https:\/\/kapitalis.com\/tunisie\/author\/webmaster-kapitalis\/\"}]}<\/script>\n<!-- \/ Yoast SEO plugin. -->","yoast_head_json":{"title":"Tunisie\u00a0: le taux de pauvret\u00e9 augmente de 1,4% en 6 ans \u00a0 - Kapitalis","robots":{"index":"index","follow":"follow","max-snippet":"max-snippet:-1","max-image-preview":"max-image-preview:large","max-video-preview":"max-video-preview:-1"},"canonical":"https:\/\/kapitalis.com\/tunisie\/2023\/02\/12\/tunisie-le-taux-de-pauvrete-augmente-de-14-en-6-ans\/","og_locale":"fr_FR","og_type":"article","og_title":"Tunisie\u00a0: le taux de pauvret\u00e9 augmente de 1,4% en 6 ans \u00a0 - Kapitalis","og_description":"Le taux de pauvret\u00e9 en Tunisie est pass\u00e9 de 15,2% en 2015 \u00e0 16,6% en 2021.","og_url":"https:\/\/kapitalis.com\/tunisie\/2023\/02\/12\/tunisie-le-taux-de-pauvrete-augmente-de-14-en-6-ans\/","og_site_name":"Kapitalis","article_publisher":"https:\/\/www.facebook.com\/KapitalisInfo\/","article_published_time":"2023-02-12T09:56:39+00:00","article_modified_time":"2023-02-12T09:56:41+00:00","og_image":[{"width":1200,"height":630,"url":"https:\/\/kapitalis.com\/tunisie\/wp-content\/uploads\/2023\/01\/Corvee-Eau-Ph-Noureddine-Ahmed.jpg","type":"image\/jpeg"}],"author":"webmaster kapitalis","twitter_card":"summary_large_image","twitter_creator":"@KapitalisInfo","twitter_site":"@KapitalisInfo","twitter_misc":{"\u00c9crit par":"webmaster kapitalis","Dur\u00e9e de lecture estim\u00e9e":"2 minutes"},"schema":{"@context":"https:\/\/schema.org","@graph":[{"@type":"Article","@id":"https:\/\/kapitalis.com\/tunisie\/2023\/02\/12\/tunisie-le-taux-de-pauvrete-augmente-de-14-en-6-ans\/#article","isPartOf":{"@id":"https:\/\/kapitalis.com\/tunisie\/2023\/02\/12\/tunisie-le-taux-de-pauvrete-augmente-de-14-en-6-ans\/"},"author":{"name":"webmaster kapitalis","@id":"https:\/\/kapitalis.com\/tunisie\/#\/schema\/person\/d71f33a9ca44f7bad4698210b480c8e9"},"headline":"Tunisie\u00a0: le taux de pauvret\u00e9 augmente de 1,4% en 6 ans \u00a0","datePublished":"2023-02-12T09:56:39+00:00","dateModified":"2023-02-12T09:56:41+00:00","mainEntityOfPage":{"@id":"https:\/\/kapitalis.com\/tunisie\/2023\/02\/12\/tunisie-le-taux-de-pauvrete-augmente-de-14-en-6-ans\/"},"wordCount":369,"commentCount":6,"publisher":{"@id":"https:\/\/kapitalis.com\/tunisie\/#organization"},"image":{"@id":"https:\/\/kapitalis.com\/tunisie\/2023\/02\/12\/tunisie-le-taux-de-pauvrete-augmente-de-14-en-6-ans\/#primaryimage"},"thumbnailUrl":"https:\/\/kapitalis.com\/tunisie\/wp-content\/uploads\/2023\/01\/Corvee-Eau-Ph-Noureddine-Ahmed.jpg","keywords":["budget","consommation","in\u00e9galit\u00e9s","m\u00e9nages","taux de pauvret\u00e9","Tunisie"],"articleSection":["ECONOMIE","SOCIETE","Tunisie"],"inLanguage":"fr-FR","potentialAction":[{"@type":"CommentAction","name":"Comment","target":["https:\/\/kapitalis.com\/tunisie\/2023\/02\/12\/tunisie-le-taux-de-pauvrete-augmente-de-14-en-6-ans\/#respond"]}]},{"@type":"WebPage","@id":"https:\/\/kapitalis.com\/tunisie\/2023\/02\/12\/tunisie-le-taux-de-pauvrete-augmente-de-14-en-6-ans\/","url":"https:\/\/kapitalis.com\/tunisie\/2023\/02\/12\/tunisie-le-taux-de-pauvrete-augmente-de-14-en-6-ans\/","name":"Tunisie\u00a0: le taux de pauvret\u00e9 augmente de 1,4% en 6 ans \u00a0 - Kapitalis","isPartOf":{"@id":"https:\/\/kapitalis.com\/tunisie\/#website"},"primaryImageOfPage":{"@id":"https:\/\/kapitalis.com\/tunisie\/2023\/02\/12\/tunisie-le-taux-de-pauvrete-augmente-de-14-en-6-ans\/#primaryimage"},"image":{"@id":"https:\/\/kapitalis.com\/tunisie\/2023\/02\/12\/tunisie-le-taux-de-pauvrete-augmente-de-14-en-6-ans\/#primaryimage"},"thumbnailUrl":"https:\/\/kapitalis.com\/tunisie\/wp-content\/uploads\/2023\/01\/Corvee-Eau-Ph-Noureddine-Ahmed.jpg","datePublished":"2023-02-12T09:56:39+00:00","dateModified":"2023-02-12T09:56:41+00:00","breadcrumb":{"@id":"https:\/\/kapitalis.com\/tunisie\/2023\/02\/12\/tunisie-le-taux-de-pauvrete-augmente-de-14-en-6-ans\/#breadcrumb"},"inLanguage":"fr-FR","potentialAction":[{"@type":"ReadAction","target":["https:\/\/kapitalis.com\/tunisie\/2023\/02\/12\/tunisie-le-taux-de-pauvrete-augmente-de-14-en-6-ans\/"]}]},{"@type":"ImageObject","inLanguage":"fr-FR","@id":"https:\/\/kapitalis.com\/tunisie\/2023\/02\/12\/tunisie-le-taux-de-pauvrete-augmente-de-14-en-6-ans\/#primaryimage","url":"https:\/\/kapitalis.com\/tunisie\/wp-content\/uploads\/2023\/01\/Corvee-Eau-Ph-Noureddine-Ahmed.jpg","contentUrl":"https:\/\/kapitalis.com\/tunisie\/wp-content\/uploads\/2023\/01\/Corvee-Eau-Ph-Noureddine-Ahmed.jpg","width":1200,"height":630},{"@type":"BreadcrumbList","@id":"https:\/\/kapitalis.com\/tunisie\/2023\/02\/12\/tunisie-le-taux-de-pauvrete-augmente-de-14-en-6-ans\/#breadcrumb","itemListElement":[{"@type":"ListItem","position":1,"name":"Accueil","item":"https:\/\/kapitalis.com\/tunisie\/"},{"@type":"ListItem","position":2,"name":"Tunisie\u00a0: le taux de pauvret\u00e9 augmente de 1,4% en 6 ans \u00a0"}]},{"@type":"WebSite","@id":"https:\/\/kapitalis.com\/tunisie\/#website","url":"https:\/\/kapitalis.com\/tunisie\/","name":"Kapitalis","description":"L&#039;actualit\u00e9 en Tunisie et dans le monde","publisher":{"@id":"https:\/\/kapitalis.com\/tunisie\/#organization"},"potentialAction":[{"@type":"SearchAction","target":{"@type":"EntryPoint","urlTemplate":"https:\/\/kapitalis.com\/tunisie\/?s={search_term_string}"},"query-input":{"@type":"PropertyValueSpecification","valueRequired":true,"valueName":"search_term_string"}}],"inLanguage":"fr-FR"},{"@type":"Organization","@id":"https:\/\/kapitalis.com\/tunisie\/#organization","name":"Kapitalis","url":"https:\/\/kapitalis.com\/tunisie\/","logo":{"@type":"ImageObject","inLanguage":"fr-FR","@id":"https:\/\/kapitalis.com\/tunisie\/#\/schema\/logo\/image\/","url":"https:\/\/kapitalis.com\/tunisie\/wp-content\/uploads\/2022\/05\/Kapitalis-big-size.png","contentUrl":"https:\/\/kapitalis.com\/tunisie\/wp-content\/uploads\/2022\/05\/Kapitalis-big-size.png","width":5000,"height":1500,"caption":"Kapitalis"},"image":{"@id":"https:\/\/kapitalis.com\/tunisie\/#\/schema\/logo\/image\/"},"sameAs":["https:\/\/www.facebook.com\/KapitalisInfo\/","https:\/\/x.com\/KapitalisInfo","https:\/\/www.youtube.com\/channel\/UC-yDYrHyfFBWWZaOw3FPg9Q"]},{"@type":"Person","@id":"https:\/\/kapitalis.com\/tunisie\/#\/schema\/person\/d71f33a9ca44f7bad4698210b480c8e9","name":"webmaster kapitalis","url":"https:\/\/kapitalis.com\/tunisie\/author\/webmaster-kapitalis\/"}]}},"_links":{"self":[{"href":"https:\/\/kapitalis.com\/tunisie\/wp-json\/wp\/v2\/posts\/6439855","targetHints":{"allow":["GET"]}}],"collection":[{"href":"https:\/\/kapitalis.com\/tunisie\/wp-json\/wp\/v2\/posts"}],"about":[{"href":"https:\/\/kapitalis.com\/tunisie\/wp-json\/wp\/v2\/types\/post"}],"author":[{"embeddable":true,"href":"https:\/\/kapitalis.com\/tunisie\/wp-json\/wp\/v2\/users\/8"}],"replies":[{"embeddable":true,"href":"https:\/\/kapitalis.com\/tunisie\/wp-json\/wp\/v2\/comments?post=6439855"}],"version-history":[{"count":1,"href":"https:\/\/kapitalis.com\/tunisie\/wp-json\/wp\/v2\/posts\/6439855\/revisions"}],"predecessor-version":[{"id":6439930,"href":"https:\/\/kapitalis.com\/tunisie\/wp-json\/wp\/v2\/posts\/6439855\/revisions\/6439930"}],"wp:featuredmedia":[{"embeddable":true,"href":"https:\/\/kapitalis.com\/tunisie\/wp-json\/wp\/v2\/media\/6040919"}],"wp:attachment":[{"href":"https:\/\/kapitalis.com\/tunisie\/wp-json\/wp\/v2\/media?parent=6439855"}],"wp:term":[{"taxonomy":"category","embeddable":true,"href":"https:\/\/kapitalis.com\/tunisie\/wp-json\/wp\/v2\/categories?post=6439855"},{"taxonomy":"post_tag","embeddable":true,"href":"https:\/\/kapitalis.com\/tunisie\/wp-json\/wp\/v2\/tags?post=6439855"}],"curies":[{"name":"wp","href":"https:\/\/api.w.org\/{rel}","templated":true}]}}