{"id":64431,"date":"2016-09-11T13:49:35","date_gmt":"2016-09-11T12:49:35","guid":{"rendered":"http:\/\/kapitalis.com\/tunisie\/?p=64431"},"modified":"2016-09-11T17:17:32","modified_gmt":"2016-09-11T16:17:32","slug":"tunisie-les-suicides-par-le-feu-multiplies-par-20-depuis-2011","status":"publish","type":"post","link":"https:\/\/kapitalis.com\/tunisie\/2016\/09\/11\/tunisie-les-suicides-par-le-feu-multiplies-par-20-depuis-2011\/","title":{"rendered":"Tunisie : Les suicides par le feu multipli\u00e9s par 20 depuis 2011"},"content":{"rendered":"<p><img loading=\"lazy\" decoding=\"async\" class=\"alignnone size-full wp-image-18522 aligncenter\" src=\"http:\/\/kapitalis.com\/tunisie\/wp-content\/uploads\/2015\/10\/Sfax-immolation-feu.jpg\" alt=\"Sfax-immolation-feu\" width=\"626\" height=\"380\" \/><\/p>\n<p style=\"text-align: center;\"><em>Auto-immolation par le feu \u00e0 Sfax en pleine rue.\u00a0<\/em><\/p>\n<p style=\"text-align: left;\"><em><strong>Les suicides et les comportements suicidaires en Tunisie constituent un probl\u00e8me de soci\u00e9t\u00e9 qui touche en particulier les jeunes de moins de 30 ans.\u00a0<\/strong><\/em><\/p>\n<p style=\"text-align: left;\"><!--more--><\/p>\n<p style=\"text-align: left;\">C\u2019est ce qu\u2019a soulign\u00e9 la pr\u00e9sidente du Comit\u00e9 technique de lutte contre le suicide, Fatma Charfi, lors d\u2019une journ\u00e9e scientifique consacr\u00e9e \u00e0 \u00ab<em>la lutte contre le suicide : un d\u00e9fi \u00e0 relever<\/em>\u00bb, organis\u00e9e samedi \u00e0 Beit Al-Hikma, \u00e0 Carthage, \u00e0 l\u2019occasion de la journ\u00e9e internationale de lutte contre le suicide, \u00e0 l\u2019initiative dudit comit\u00e9, en partenariat avec la Soci\u00e9t\u00e9 tunisienne de psychiatrie et la Soci\u00e9t\u00e9 tunisienne de psychiatrie de l\u2019enfant et de l\u2019adolescent.<\/p>\n<p style=\"text-align: left;\">Depuis 2011, une augmentation des moyens suicidaires violents, telle que l\u2019auto-immolation par le feu, a \u00e9t\u00e9 enregistr\u00e9e, a ajout\u00e9 Mme Charfi, soulignant que les comportements suicidaires sont un ph\u00e9nom\u00e8ne complexe d\u00e9termin\u00e9 par plusieurs facteurs tels que les probl\u00e8mes de sant\u00e9 mentale, les \u00e9v\u00e9nements n\u00e9gatifs de la vie, les d\u00e9terminants socio-\u00e9conomiques, les changements soci\u00e9taux et politiques&#8230;<\/p>\n<p style=\"text-align: left;\">L\u2019augmentation de l\u2019incidence du suicide et l\u2019imp\u00e9ratif de mettre en \u0153uvre un programme de pr\u00e9vention ont \u00e9t\u00e9 \u00e0 l\u2019origine de la cr\u00e9ation, en f\u00e9vrier 2015, du Comit\u00e9 technique de lutte contre le suicide au sein du minist\u00e8re de la Sant\u00e9, qui est en train d\u2019\u00e9laborer un registre national du suicide et des tentatives de suicide, a-t-elle annonc\u00e9, pr\u00e9cisant que l\u2019incidence du suicide pour l\u2019ann\u00e9e 2015 est de 3,3\/100.000 habitants.<\/p>\n<p style=\"text-align: left;\">De son c\u00f4t\u00e9, Mehdi Ben Khelil, assistant hospitalo-universitaire en m\u00e9decine l\u00e9gale, a dress\u00e9 un bilan du ph\u00e9nom\u00e8ne du suicide, 5 ans apr\u00e8s la r\u00e9volution, indiquant, \u00e0 cet \u00e9gard, qu\u2019une augmentation notable du nombre des suicides qui est pass\u00e9 d\u2019une moyenne de 1,8\/100.000 habitants avant la r\u00e9volution \u00e0 3,15\/100.000 habitants, apr\u00e8s la r\u00e9volution.<\/p>\n<p style=\"text-align: left;\">On rel\u00e8ve une pr\u00e9dominance masculine dans les cas de suicide (70,2% avant 2011 et 73% apr\u00e8s 2011), a-t-il dit, ajoutant que le taux des jeunes suicid\u00e9s (\u00e2g\u00e9s de 20 \u00e0 39 ans) \u00e9tait de 36% avant la r\u00e9volution et s\u2019\u00e9l\u00e8ve, aujourd&rsquo;hui, \u00e0 38%.<\/p>\n<p style=\"text-align: left;\">Le nombre des suicides parmi les personnes \u00e2g\u00e9es entre 60 et 65 ans a tripl\u00e9 apr\u00e8s la r\u00e9volution, a aussi fait savoir le praticien, en indiquant que ce ph\u00e9nom\u00e8ne du suicide touche davantage les sans emplois (61%) et les ouvriers (16%).<br \/>\nPour sa part, Amen Allah Messadi, professeur en r\u00e9animation m\u00e9dicale, a fait le point de l\u2019\u00e9pid\u00e9miologie de l\u2019auto-immolation par le feu en Tunisie \u00e0 travers quatre d\u00e9cennies, pr\u00e9cisant que le nombre des tentatives de suicide par ce moyen s\u2019est multipli\u00e9 par 20 depuis 2011.<\/p>\n<p style=\"text-align: right;\"><strong>I. B.<\/strong> (avec Tap).<\/p>\n","protected":false},"excerpt":{"rendered":"<p>Auto-immolation par le feu \u00e0 Sfax en pleine rue.\u00a0 Les suicides et les comportements suicidaires en Tunisie constituent un probl\u00e8me de soci\u00e9t\u00e9 qui touche en particulier les jeunes de moins de 30 ans.\u00a0<\/p>\n","protected":false},"author":8,"featured_media":0,"comment_status":"open","ping_status":"open","sticky":false,"template":"","format":"standard","meta":{"footnotes":""},"categories":[998,2433],"tags":[3180],"class_list":["post-64431","post","type-post","status-publish","format-standard","hentry","category-societe","category-tunisie","tag-suicides"],"yoast_head":"<!-- This site is optimized with the Yoast SEO plugin v26.6 - https:\/\/yoast.com\/wordpress\/plugins\/seo\/ -->\n<title>Tunisie : Les suicides par le feu multipli\u00e9s par 20 depuis 2011 - Kapitalis<\/title>\n<meta name=\"robots\" content=\"index, follow, max-snippet:-1, max-image-preview:large, max-video-preview:-1\" \/>\n<link rel=\"canonical\" href=\"https:\/\/kapitalis.com\/tunisie\/2016\/09\/11\/tunisie-les-suicides-par-le-feu-multiplies-par-20-depuis-2011\/\" \/>\n<meta property=\"og:locale\" content=\"fr_FR\" \/>\n<meta property=\"og:type\" content=\"article\" \/>\n<meta property=\"og:title\" content=\"Tunisie : Les suicides par le feu multipli\u00e9s par 20 depuis 2011 - Kapitalis\" \/>\n<meta property=\"og:description\" content=\"Auto-immolation par le feu \u00e0 Sfax en pleine rue.\u00a0 Les suicides et les comportements suicidaires en Tunisie constituent un probl\u00e8me de soci\u00e9t\u00e9 qui touche en particulier les jeunes de moins de 30 ans.\u00a0\" \/>\n<meta property=\"og:url\" content=\"https:\/\/kapitalis.com\/tunisie\/2016\/09\/11\/tunisie-les-suicides-par-le-feu-multiplies-par-20-depuis-2011\/\" \/>\n<meta property=\"og:site_name\" content=\"Kapitalis\" \/>\n<meta property=\"article:publisher\" content=\"https:\/\/www.facebook.com\/KapitalisInfo\/\" \/>\n<meta property=\"article:published_time\" content=\"2016-09-11T12:49:35+00:00\" \/>\n<meta property=\"article:modified_time\" content=\"2016-09-11T16:17:32+00:00\" \/>\n<meta property=\"og:image\" content=\"http:\/\/kapitalis.com\/tunisie\/wp-content\/uploads\/2015\/10\/Sfax-immolation-feu.jpg\" \/>\n<meta name=\"author\" content=\"webmaster kapitalis\" \/>\n<meta name=\"twitter:card\" content=\"summary_large_image\" \/>\n<meta name=\"twitter:creator\" content=\"@KapitalisInfo\" \/>\n<meta name=\"twitter:site\" content=\"@KapitalisInfo\" \/>\n<meta name=\"twitter:label1\" content=\"\u00c9crit par\" \/>\n\t<meta name=\"twitter:data1\" content=\"webmaster kapitalis\" \/>\n\t<meta name=\"twitter:label2\" content=\"Dur\u00e9e de lecture estim\u00e9e\" \/>\n\t<meta name=\"twitter:data2\" content=\"2 minutes\" \/>\n<script type=\"application\/ld+json\" class=\"yoast-schema-graph\">{\"@context\":\"https:\/\/schema.org\",\"@graph\":[{\"@type\":\"Article\",\"@id\":\"https:\/\/kapitalis.com\/tunisie\/2016\/09\/11\/tunisie-les-suicides-par-le-feu-multiplies-par-20-depuis-2011\/#article\",\"isPartOf\":{\"@id\":\"https:\/\/kapitalis.com\/tunisie\/2016\/09\/11\/tunisie-les-suicides-par-le-feu-multiplies-par-20-depuis-2011\/\"},\"author\":{\"name\":\"webmaster kapitalis\",\"@id\":\"https:\/\/kapitalis.com\/tunisie\/#\/schema\/person\/d71f33a9ca44f7bad4698210b480c8e9\"},\"headline\":\"Tunisie : Les suicides par le feu multipli\u00e9s par 20 depuis 2011\",\"datePublished\":\"2016-09-11T12:49:35+00:00\",\"dateModified\":\"2016-09-11T16:17:32+00:00\",\"mainEntityOfPage\":{\"@id\":\"https:\/\/kapitalis.com\/tunisie\/2016\/09\/11\/tunisie-les-suicides-par-le-feu-multiplies-par-20-depuis-2011\/\"},\"wordCount\":463,\"commentCount\":2,\"publisher\":{\"@id\":\"https:\/\/kapitalis.com\/tunisie\/#organization\"},\"image\":{\"@id\":\"https:\/\/kapitalis.com\/tunisie\/2016\/09\/11\/tunisie-les-suicides-par-le-feu-multiplies-par-20-depuis-2011\/#primaryimage\"},\"thumbnailUrl\":\"http:\/\/kapitalis.com\/tunisie\/wp-content\/uploads\/2015\/10\/Sfax-immolation-feu.jpg\",\"keywords\":[\"suicides\"],\"articleSection\":[\"SOCIETE\",\"Tunisie\"],\"inLanguage\":\"fr-FR\",\"potentialAction\":[{\"@type\":\"CommentAction\",\"name\":\"Comment\",\"target\":[\"https:\/\/kapitalis.com\/tunisie\/2016\/09\/11\/tunisie-les-suicides-par-le-feu-multiplies-par-20-depuis-2011\/#respond\"]}]},{\"@type\":\"WebPage\",\"@id\":\"https:\/\/kapitalis.com\/tunisie\/2016\/09\/11\/tunisie-les-suicides-par-le-feu-multiplies-par-20-depuis-2011\/\",\"url\":\"https:\/\/kapitalis.com\/tunisie\/2016\/09\/11\/tunisie-les-suicides-par-le-feu-multiplies-par-20-depuis-2011\/\",\"name\":\"Tunisie : Les suicides par le feu multipli\u00e9s par 20 depuis 2011 - Kapitalis\",\"isPartOf\":{\"@id\":\"https:\/\/kapitalis.com\/tunisie\/#website\"},\"primaryImageOfPage\":{\"@id\":\"https:\/\/kapitalis.com\/tunisie\/2016\/09\/11\/tunisie-les-suicides-par-le-feu-multiplies-par-20-depuis-2011\/#primaryimage\"},\"image\":{\"@id\":\"https:\/\/kapitalis.com\/tunisie\/2016\/09\/11\/tunisie-les-suicides-par-le-feu-multiplies-par-20-depuis-2011\/#primaryimage\"},\"thumbnailUrl\":\"http:\/\/kapitalis.com\/tunisie\/wp-content\/uploads\/2015\/10\/Sfax-immolation-feu.jpg\",\"datePublished\":\"2016-09-11T12:49:35+00:00\",\"dateModified\":\"2016-09-11T16:17:32+00:00\",\"breadcrumb\":{\"@id\":\"https:\/\/kapitalis.com\/tunisie\/2016\/09\/11\/tunisie-les-suicides-par-le-feu-multiplies-par-20-depuis-2011\/#breadcrumb\"},\"inLanguage\":\"fr-FR\",\"potentialAction\":[{\"@type\":\"ReadAction\",\"target\":[\"https:\/\/kapitalis.com\/tunisie\/2016\/09\/11\/tunisie-les-suicides-par-le-feu-multiplies-par-20-depuis-2011\/\"]}]},{\"@type\":\"ImageObject\",\"inLanguage\":\"fr-FR\",\"@id\":\"https:\/\/kapitalis.com\/tunisie\/2016\/09\/11\/tunisie-les-suicides-par-le-feu-multiplies-par-20-depuis-2011\/#primaryimage\",\"url\":\"http:\/\/kapitalis.com\/tunisie\/wp-content\/uploads\/2015\/10\/Sfax-immolation-feu.jpg\",\"contentUrl\":\"http:\/\/kapitalis.com\/tunisie\/wp-content\/uploads\/2015\/10\/Sfax-immolation-feu.jpg\"},{\"@type\":\"BreadcrumbList\",\"@id\":\"https:\/\/kapitalis.com\/tunisie\/2016\/09\/11\/tunisie-les-suicides-par-le-feu-multiplies-par-20-depuis-2011\/#breadcrumb\",\"itemListElement\":[{\"@type\":\"ListItem\",\"position\":1,\"name\":\"Accueil\",\"item\":\"https:\/\/kapitalis.com\/tunisie\/\"},{\"@type\":\"ListItem\",\"position\":2,\"name\":\"Tunisie : Les suicides par le feu multipli\u00e9s par 20 depuis 2011\"}]},{\"@type\":\"WebSite\",\"@id\":\"https:\/\/kapitalis.com\/tunisie\/#website\",\"url\":\"https:\/\/kapitalis.com\/tunisie\/\",\"name\":\"Kapitalis\",\"description\":\"L&#039;actualit\u00e9 en Tunisie et dans le monde\",\"publisher\":{\"@id\":\"https:\/\/kapitalis.com\/tunisie\/#organization\"},\"potentialAction\":[{\"@type\":\"SearchAction\",\"target\":{\"@type\":\"EntryPoint\",\"urlTemplate\":\"https:\/\/kapitalis.com\/tunisie\/?s={search_term_string}\"},\"query-input\":{\"@type\":\"PropertyValueSpecification\",\"valueRequired\":true,\"valueName\":\"search_term_string\"}}],\"inLanguage\":\"fr-FR\"},{\"@type\":\"Organization\",\"@id\":\"https:\/\/kapitalis.com\/tunisie\/#organization\",\"name\":\"Kapitalis\",\"url\":\"https:\/\/kapitalis.com\/tunisie\/\",\"logo\":{\"@type\":\"ImageObject\",\"inLanguage\":\"fr-FR\",\"@id\":\"https:\/\/kapitalis.com\/tunisie\/#\/schema\/logo\/image\/\",\"url\":\"https:\/\/kapitalis.com\/tunisie\/wp-content\/uploads\/2022\/05\/Kapitalis-big-size.png\",\"contentUrl\":\"https:\/\/kapitalis.com\/tunisie\/wp-content\/uploads\/2022\/05\/Kapitalis-big-size.png\",\"width\":5000,\"height\":1500,\"caption\":\"Kapitalis\"},\"image\":{\"@id\":\"https:\/\/kapitalis.com\/tunisie\/#\/schema\/logo\/image\/\"},\"sameAs\":[\"https:\/\/www.facebook.com\/KapitalisInfo\/\",\"https:\/\/x.com\/KapitalisInfo\",\"https:\/\/www.youtube.com\/channel\/UC-yDYrHyfFBWWZaOw3FPg9Q\"]},{\"@type\":\"Person\",\"@id\":\"https:\/\/kapitalis.com\/tunisie\/#\/schema\/person\/d71f33a9ca44f7bad4698210b480c8e9\",\"name\":\"webmaster kapitalis\",\"url\":\"https:\/\/kapitalis.com\/tunisie\/author\/webmaster-kapitalis\/\"}]}<\/script>\n<!-- \/ Yoast SEO plugin. -->","yoast_head_json":{"title":"Tunisie : Les suicides par le feu multipli\u00e9s par 20 depuis 2011 - Kapitalis","robots":{"index":"index","follow":"follow","max-snippet":"max-snippet:-1","max-image-preview":"max-image-preview:large","max-video-preview":"max-video-preview:-1"},"canonical":"https:\/\/kapitalis.com\/tunisie\/2016\/09\/11\/tunisie-les-suicides-par-le-feu-multiplies-par-20-depuis-2011\/","og_locale":"fr_FR","og_type":"article","og_title":"Tunisie : Les suicides par le feu multipli\u00e9s par 20 depuis 2011 - Kapitalis","og_description":"Auto-immolation par le feu \u00e0 Sfax en pleine rue.\u00a0 Les suicides et les comportements suicidaires en Tunisie constituent un probl\u00e8me de soci\u00e9t\u00e9 qui touche en particulier les jeunes de moins de 30 ans.\u00a0","og_url":"https:\/\/kapitalis.com\/tunisie\/2016\/09\/11\/tunisie-les-suicides-par-le-feu-multiplies-par-20-depuis-2011\/","og_site_name":"Kapitalis","article_publisher":"https:\/\/www.facebook.com\/KapitalisInfo\/","article_published_time":"2016-09-11T12:49:35+00:00","article_modified_time":"2016-09-11T16:17:32+00:00","og_image":[{"url":"http:\/\/kapitalis.com\/tunisie\/wp-content\/uploads\/2015\/10\/Sfax-immolation-feu.jpg","type":"","width":"","height":""}],"author":"webmaster kapitalis","twitter_card":"summary_large_image","twitter_creator":"@KapitalisInfo","twitter_site":"@KapitalisInfo","twitter_misc":{"\u00c9crit par":"webmaster kapitalis","Dur\u00e9e de lecture estim\u00e9e":"2 minutes"},"schema":{"@context":"https:\/\/schema.org","@graph":[{"@type":"Article","@id":"https:\/\/kapitalis.com\/tunisie\/2016\/09\/11\/tunisie-les-suicides-par-le-feu-multiplies-par-20-depuis-2011\/#article","isPartOf":{"@id":"https:\/\/kapitalis.com\/tunisie\/2016\/09\/11\/tunisie-les-suicides-par-le-feu-multiplies-par-20-depuis-2011\/"},"author":{"name":"webmaster kapitalis","@id":"https:\/\/kapitalis.com\/tunisie\/#\/schema\/person\/d71f33a9ca44f7bad4698210b480c8e9"},"headline":"Tunisie : Les suicides par le feu multipli\u00e9s par 20 depuis 2011","datePublished":"2016-09-11T12:49:35+00:00","dateModified":"2016-09-11T16:17:32+00:00","mainEntityOfPage":{"@id":"https:\/\/kapitalis.com\/tunisie\/2016\/09\/11\/tunisie-les-suicides-par-le-feu-multiplies-par-20-depuis-2011\/"},"wordCount":463,"commentCount":2,"publisher":{"@id":"https:\/\/kapitalis.com\/tunisie\/#organization"},"image":{"@id":"https:\/\/kapitalis.com\/tunisie\/2016\/09\/11\/tunisie-les-suicides-par-le-feu-multiplies-par-20-depuis-2011\/#primaryimage"},"thumbnailUrl":"http:\/\/kapitalis.com\/tunisie\/wp-content\/uploads\/2015\/10\/Sfax-immolation-feu.jpg","keywords":["suicides"],"articleSection":["SOCIETE","Tunisie"],"inLanguage":"fr-FR","potentialAction":[{"@type":"CommentAction","name":"Comment","target":["https:\/\/kapitalis.com\/tunisie\/2016\/09\/11\/tunisie-les-suicides-par-le-feu-multiplies-par-20-depuis-2011\/#respond"]}]},{"@type":"WebPage","@id":"https:\/\/kapitalis.com\/tunisie\/2016\/09\/11\/tunisie-les-suicides-par-le-feu-multiplies-par-20-depuis-2011\/","url":"https:\/\/kapitalis.com\/tunisie\/2016\/09\/11\/tunisie-les-suicides-par-le-feu-multiplies-par-20-depuis-2011\/","name":"Tunisie : Les suicides par le feu multipli\u00e9s par 20 depuis 2011 - Kapitalis","isPartOf":{"@id":"https:\/\/kapitalis.com\/tunisie\/#website"},"primaryImageOfPage":{"@id":"https:\/\/kapitalis.com\/tunisie\/2016\/09\/11\/tunisie-les-suicides-par-le-feu-multiplies-par-20-depuis-2011\/#primaryimage"},"image":{"@id":"https:\/\/kapitalis.com\/tunisie\/2016\/09\/11\/tunisie-les-suicides-par-le-feu-multiplies-par-20-depuis-2011\/#primaryimage"},"thumbnailUrl":"http:\/\/kapitalis.com\/tunisie\/wp-content\/uploads\/2015\/10\/Sfax-immolation-feu.jpg","datePublished":"2016-09-11T12:49:35+00:00","dateModified":"2016-09-11T16:17:32+00:00","breadcrumb":{"@id":"https:\/\/kapitalis.com\/tunisie\/2016\/09\/11\/tunisie-les-suicides-par-le-feu-multiplies-par-20-depuis-2011\/#breadcrumb"},"inLanguage":"fr-FR","potentialAction":[{"@type":"ReadAction","target":["https:\/\/kapitalis.com\/tunisie\/2016\/09\/11\/tunisie-les-suicides-par-le-feu-multiplies-par-20-depuis-2011\/"]}]},{"@type":"ImageObject","inLanguage":"fr-FR","@id":"https:\/\/kapitalis.com\/tunisie\/2016\/09\/11\/tunisie-les-suicides-par-le-feu-multiplies-par-20-depuis-2011\/#primaryimage","url":"http:\/\/kapitalis.com\/tunisie\/wp-content\/uploads\/2015\/10\/Sfax-immolation-feu.jpg","contentUrl":"http:\/\/kapitalis.com\/tunisie\/wp-content\/uploads\/2015\/10\/Sfax-immolation-feu.jpg"},{"@type":"BreadcrumbList","@id":"https:\/\/kapitalis.com\/tunisie\/2016\/09\/11\/tunisie-les-suicides-par-le-feu-multiplies-par-20-depuis-2011\/#breadcrumb","itemListElement":[{"@type":"ListItem","position":1,"name":"Accueil","item":"https:\/\/kapitalis.com\/tunisie\/"},{"@type":"ListItem","position":2,"name":"Tunisie : Les suicides par le feu multipli\u00e9s par 20 depuis 2011"}]},{"@type":"WebSite","@id":"https:\/\/kapitalis.com\/tunisie\/#website","url":"https:\/\/kapitalis.com\/tunisie\/","name":"Kapitalis","description":"L&#039;actualit\u00e9 en Tunisie et dans le monde","publisher":{"@id":"https:\/\/kapitalis.com\/tunisie\/#organization"},"potentialAction":[{"@type":"SearchAction","target":{"@type":"EntryPoint","urlTemplate":"https:\/\/kapitalis.com\/tunisie\/?s={search_term_string}"},"query-input":{"@type":"PropertyValueSpecification","valueRequired":true,"valueName":"search_term_string"}}],"inLanguage":"fr-FR"},{"@type":"Organization","@id":"https:\/\/kapitalis.com\/tunisie\/#organization","name":"Kapitalis","url":"https:\/\/kapitalis.com\/tunisie\/","logo":{"@type":"ImageObject","inLanguage":"fr-FR","@id":"https:\/\/kapitalis.com\/tunisie\/#\/schema\/logo\/image\/","url":"https:\/\/kapitalis.com\/tunisie\/wp-content\/uploads\/2022\/05\/Kapitalis-big-size.png","contentUrl":"https:\/\/kapitalis.com\/tunisie\/wp-content\/uploads\/2022\/05\/Kapitalis-big-size.png","width":5000,"height":1500,"caption":"Kapitalis"},"image":{"@id":"https:\/\/kapitalis.com\/tunisie\/#\/schema\/logo\/image\/"},"sameAs":["https:\/\/www.facebook.com\/KapitalisInfo\/","https:\/\/x.com\/KapitalisInfo","https:\/\/www.youtube.com\/channel\/UC-yDYrHyfFBWWZaOw3FPg9Q"]},{"@type":"Person","@id":"https:\/\/kapitalis.com\/tunisie\/#\/schema\/person\/d71f33a9ca44f7bad4698210b480c8e9","name":"webmaster kapitalis","url":"https:\/\/kapitalis.com\/tunisie\/author\/webmaster-kapitalis\/"}]}},"_links":{"self":[{"href":"https:\/\/kapitalis.com\/tunisie\/wp-json\/wp\/v2\/posts\/64431","targetHints":{"allow":["GET"]}}],"collection":[{"href":"https:\/\/kapitalis.com\/tunisie\/wp-json\/wp\/v2\/posts"}],"about":[{"href":"https:\/\/kapitalis.com\/tunisie\/wp-json\/wp\/v2\/types\/post"}],"author":[{"embeddable":true,"href":"https:\/\/kapitalis.com\/tunisie\/wp-json\/wp\/v2\/users\/8"}],"replies":[{"embeddable":true,"href":"https:\/\/kapitalis.com\/tunisie\/wp-json\/wp\/v2\/comments?post=64431"}],"version-history":[{"count":0,"href":"https:\/\/kapitalis.com\/tunisie\/wp-json\/wp\/v2\/posts\/64431\/revisions"}],"wp:attachment":[{"href":"https:\/\/kapitalis.com\/tunisie\/wp-json\/wp\/v2\/media?parent=64431"}],"wp:term":[{"taxonomy":"category","embeddable":true,"href":"https:\/\/kapitalis.com\/tunisie\/wp-json\/wp\/v2\/categories?post=64431"},{"taxonomy":"post_tag","embeddable":true,"href":"https:\/\/kapitalis.com\/tunisie\/wp-json\/wp\/v2\/tags?post=64431"}],"curies":[{"name":"wp","href":"https:\/\/api.w.org\/{rel}","templated":true}]}}