{"id":64487,"date":"2016-09-13T11:18:08","date_gmt":"2016-09-13T10:18:08","guid":{"rendered":"http:\/\/kapitalis.com\/tunisie\/?p=64487"},"modified":"2016-09-13T11:19:17","modified_gmt":"2016-09-13T10:19:17","slug":"lisbonne-un-diplomate-francais-en-poste-a-tunis-poignarde-par-son-fils","status":"publish","type":"post","link":"https:\/\/kapitalis.com\/tunisie\/2016\/09\/13\/lisbonne-un-diplomate-francais-en-poste-a-tunis-poignarde-par-son-fils\/","title":{"rendered":"Lisbonne\u00a0: Un diplomate fran\u00e7ais en poste \u00e0 Tunis poignard\u00e9 par son fils"},"content":{"rendered":"<p style=\"text-align: center;\"><img loading=\"lazy\" decoding=\"async\" class=\"alignnone size-full wp-image-16053\" src=\"http:\/\/kapitalis.com\/tunisie\/wp-content\/uploads\/2015\/09\/un-homme-poignarde-son-beau-fr\u00e8re-2.jpeg\" alt=\"un-homme-poignarde-son-beau-fr\u00e8re (2)\" width=\"626\" height=\"380\" \/><\/p>\n<p><em><strong>Le jeune \u00e9tudiant fran\u00e7ais a frapp\u00e9 avec un couteau son p\u00e8re, membre de la d\u00e9l\u00e9gation de l&rsquo;Union europ\u00e9enne \u00e0 Tunis, venu lui rendre visite \u00e0 Lisbonne.<\/strong><\/em><\/p>\n<p><!--more--><\/p>\n<p>Selon le porte-parole de la police de s\u00e9curit\u00e9 publique (PSP) du Portugal, qui avait beaucoup de r\u00e9serve sur cette affaire, l\u2019\u00e9tudiant a frapp\u00e9 son p\u00e8re, samedi dernier, un peu apr\u00e8s 20H00, avec un couteau ainsi qu\u2019\u00e0 coups de poing, dans un h\u00f4tel \u00e0 Lisbonne.<\/p>\n<p>Bless\u00e9 \u00e0 l\u2019abdomen, au cou et au visage, le diplomate a \u00e9t\u00e9 transport\u00e9 \u00e0 l\u2019h\u00f4pital Sao Jos\u00e9 \u00e0 Lisbonne et son \u00e9tat est\u00a0jug\u00e9 <em>\u00abstable avec un pronostic r\u00e9serv\u00e9\u00bb<\/em>.<\/p>\n<p>Le fils du diplomate a \u00e9t\u00e9 arr\u00eat\u00e9 le soir m\u00eame par la police et sera traduit devant le juge au cours de cette semaine.<\/p>\n<p>Selon les premiers \u00e9l\u00e9ments de l\u2019enqu\u00eate, il est \u00ab<em>d\u00e9crit comme ayant besoin d\u2019accompagnement psychiatrique\u00bb<\/em>.<\/p>\n<p style=\"text-align: right;\"><strong>Z. A.<\/strong><\/p>\n","protected":false},"excerpt":{"rendered":"<p>Le jeune \u00e9tudiant fran\u00e7ais a frapp\u00e9 avec un couteau son p\u00e8re, membre de la d\u00e9l\u00e9gation de l&rsquo;Union europ\u00e9enne \u00e0 Tunis, venu lui rendre visite \u00e0 Lisbonne.<\/p>\n","protected":false},"author":7,"featured_media":0,"comment_status":"open","ping_status":"open","sticky":false,"template":"","format":"standard","meta":{"footnotes":""},"categories":[998],"tags":[1287,16125,734,937],"class_list":["post-64487","post","type-post","status-publish","format-standard","hentry","category-societe","tag-couteau","tag-lisbonne","tag-portugal","tag-union-europeenne"],"yoast_head":"<!-- This site is optimized with the Yoast SEO plugin v26.6 - https:\/\/yoast.com\/wordpress\/plugins\/seo\/ -->\n<title>Lisbonne\u00a0: Un diplomate fran\u00e7ais en poste \u00e0 Tunis poignard\u00e9 par son fils - Kapitalis<\/title>\n<meta name=\"robots\" content=\"index, follow, max-snippet:-1, max-image-preview:large, max-video-preview:-1\" \/>\n<link rel=\"canonical\" href=\"https:\/\/kapitalis.com\/tunisie\/2016\/09\/13\/lisbonne-un-diplomate-francais-en-poste-a-tunis-poignarde-par-son-fils\/\" \/>\n<meta property=\"og:locale\" content=\"fr_FR\" \/>\n<meta property=\"og:type\" content=\"article\" \/>\n<meta property=\"og:title\" content=\"Lisbonne\u00a0: Un diplomate fran\u00e7ais en poste \u00e0 Tunis poignard\u00e9 par son fils - Kapitalis\" \/>\n<meta property=\"og:description\" content=\"Le jeune \u00e9tudiant fran\u00e7ais a frapp\u00e9 avec un couteau son p\u00e8re, membre de la d\u00e9l\u00e9gation de l&rsquo;Union europ\u00e9enne \u00e0 Tunis, venu lui rendre visite \u00e0 Lisbonne.\" \/>\n<meta property=\"og:url\" content=\"https:\/\/kapitalis.com\/tunisie\/2016\/09\/13\/lisbonne-un-diplomate-francais-en-poste-a-tunis-poignarde-par-son-fils\/\" \/>\n<meta property=\"og:site_name\" content=\"Kapitalis\" \/>\n<meta property=\"article:publisher\" content=\"https:\/\/www.facebook.com\/KapitalisInfo\/\" \/>\n<meta property=\"article:published_time\" content=\"2016-09-13T10:18:08+00:00\" \/>\n<meta property=\"article:modified_time\" content=\"2016-09-13T10:19:17+00:00\" \/>\n<meta property=\"og:image\" content=\"https:\/\/kapitalis.com\/tunisie\/wp-content\/uploads\/2022\/05\/kapitalis-logo-fb.png\" \/>\n\t<meta property=\"og:image:width\" content=\"1200\" \/>\n\t<meta property=\"og:image:height\" content=\"630\" \/>\n\t<meta property=\"og:image:type\" content=\"image\/png\" \/>\n<meta name=\"author\" content=\"zohra abid\" \/>\n<meta name=\"twitter:card\" content=\"summary_large_image\" \/>\n<meta name=\"twitter:creator\" content=\"@KapitalisInfo\" \/>\n<meta name=\"twitter:site\" content=\"@KapitalisInfo\" \/>\n<meta name=\"twitter:label1\" content=\"\u00c9crit par\" \/>\n\t<meta name=\"twitter:data1\" content=\"zohra abid\" \/>\n\t<meta name=\"twitter:label2\" content=\"Dur\u00e9e de lecture estim\u00e9e\" \/>\n\t<meta name=\"twitter:data2\" content=\"1 minute\" \/>\n<script type=\"application\/ld+json\" class=\"yoast-schema-graph\">{\"@context\":\"https:\/\/schema.org\",\"@graph\":[{\"@type\":\"Article\",\"@id\":\"https:\/\/kapitalis.com\/tunisie\/2016\/09\/13\/lisbonne-un-diplomate-francais-en-poste-a-tunis-poignarde-par-son-fils\/#article\",\"isPartOf\":{\"@id\":\"https:\/\/kapitalis.com\/tunisie\/2016\/09\/13\/lisbonne-un-diplomate-francais-en-poste-a-tunis-poignarde-par-son-fils\/\"},\"author\":{\"name\":\"zohra abid\",\"@id\":\"https:\/\/kapitalis.com\/tunisie\/#\/schema\/person\/6fc2988ceb6eacf6836db1d8360b4912\"},\"headline\":\"Lisbonne\u00a0: Un diplomate fran\u00e7ais en poste \u00e0 Tunis poignard\u00e9 par son fils\",\"datePublished\":\"2016-09-13T10:18:08+00:00\",\"dateModified\":\"2016-09-13T10:19:17+00:00\",\"mainEntityOfPage\":{\"@id\":\"https:\/\/kapitalis.com\/tunisie\/2016\/09\/13\/lisbonne-un-diplomate-francais-en-poste-a-tunis-poignarde-par-son-fils\/\"},\"wordCount\":167,\"commentCount\":2,\"publisher\":{\"@id\":\"https:\/\/kapitalis.com\/tunisie\/#organization\"},\"keywords\":[\"couteau\",\"Lisbonne\",\"Portugal\",\"Union europ\u00e9enne\"],\"articleSection\":[\"SOCIETE\"],\"inLanguage\":\"fr-FR\",\"potentialAction\":[{\"@type\":\"CommentAction\",\"name\":\"Comment\",\"target\":[\"https:\/\/kapitalis.com\/tunisie\/2016\/09\/13\/lisbonne-un-diplomate-francais-en-poste-a-tunis-poignarde-par-son-fils\/#respond\"]}]},{\"@type\":\"WebPage\",\"@id\":\"https:\/\/kapitalis.com\/tunisie\/2016\/09\/13\/lisbonne-un-diplomate-francais-en-poste-a-tunis-poignarde-par-son-fils\/\",\"url\":\"https:\/\/kapitalis.com\/tunisie\/2016\/09\/13\/lisbonne-un-diplomate-francais-en-poste-a-tunis-poignarde-par-son-fils\/\",\"name\":\"Lisbonne\u00a0: Un diplomate fran\u00e7ais en poste \u00e0 Tunis poignard\u00e9 par son fils - Kapitalis\",\"isPartOf\":{\"@id\":\"https:\/\/kapitalis.com\/tunisie\/#website\"},\"datePublished\":\"2016-09-13T10:18:08+00:00\",\"dateModified\":\"2016-09-13T10:19:17+00:00\",\"breadcrumb\":{\"@id\":\"https:\/\/kapitalis.com\/tunisie\/2016\/09\/13\/lisbonne-un-diplomate-francais-en-poste-a-tunis-poignarde-par-son-fils\/#breadcrumb\"},\"inLanguage\":\"fr-FR\",\"potentialAction\":[{\"@type\":\"ReadAction\",\"target\":[\"https:\/\/kapitalis.com\/tunisie\/2016\/09\/13\/lisbonne-un-diplomate-francais-en-poste-a-tunis-poignarde-par-son-fils\/\"]}]},{\"@type\":\"BreadcrumbList\",\"@id\":\"https:\/\/kapitalis.com\/tunisie\/2016\/09\/13\/lisbonne-un-diplomate-francais-en-poste-a-tunis-poignarde-par-son-fils\/#breadcrumb\",\"itemListElement\":[{\"@type\":\"ListItem\",\"position\":1,\"name\":\"Accueil\",\"item\":\"https:\/\/kapitalis.com\/tunisie\/\"},{\"@type\":\"ListItem\",\"position\":2,\"name\":\"Lisbonne\u00a0: Un diplomate fran\u00e7ais en poste \u00e0 Tunis poignard\u00e9 par son fils\"}]},{\"@type\":\"WebSite\",\"@id\":\"https:\/\/kapitalis.com\/tunisie\/#website\",\"url\":\"https:\/\/kapitalis.com\/tunisie\/\",\"name\":\"Kapitalis\",\"description\":\"L&#039;actualit\u00e9 en Tunisie et dans le monde\",\"publisher\":{\"@id\":\"https:\/\/kapitalis.com\/tunisie\/#organization\"},\"potentialAction\":[{\"@type\":\"SearchAction\",\"target\":{\"@type\":\"EntryPoint\",\"urlTemplate\":\"https:\/\/kapitalis.com\/tunisie\/?s={search_term_string}\"},\"query-input\":{\"@type\":\"PropertyValueSpecification\",\"valueRequired\":true,\"valueName\":\"search_term_string\"}}],\"inLanguage\":\"fr-FR\"},{\"@type\":\"Organization\",\"@id\":\"https:\/\/kapitalis.com\/tunisie\/#organization\",\"name\":\"Kapitalis\",\"url\":\"https:\/\/kapitalis.com\/tunisie\/\",\"logo\":{\"@type\":\"ImageObject\",\"inLanguage\":\"fr-FR\",\"@id\":\"https:\/\/kapitalis.com\/tunisie\/#\/schema\/logo\/image\/\",\"url\":\"https:\/\/kapitalis.com\/tunisie\/wp-content\/uploads\/2022\/05\/Kapitalis-big-size.png\",\"contentUrl\":\"https:\/\/kapitalis.com\/tunisie\/wp-content\/uploads\/2022\/05\/Kapitalis-big-size.png\",\"width\":5000,\"height\":1500,\"caption\":\"Kapitalis\"},\"image\":{\"@id\":\"https:\/\/kapitalis.com\/tunisie\/#\/schema\/logo\/image\/\"},\"sameAs\":[\"https:\/\/www.facebook.com\/KapitalisInfo\/\",\"https:\/\/x.com\/KapitalisInfo\",\"https:\/\/www.youtube.com\/channel\/UC-yDYrHyfFBWWZaOw3FPg9Q\"]},{\"@type\":\"Person\",\"@id\":\"https:\/\/kapitalis.com\/tunisie\/#\/schema\/person\/6fc2988ceb6eacf6836db1d8360b4912\",\"name\":\"zohra abid\",\"url\":\"https:\/\/kapitalis.com\/tunisie\/author\/zohra-abid-2015\/\"}]}<\/script>\n<!-- \/ Yoast SEO plugin. -->","yoast_head_json":{"title":"Lisbonne\u00a0: Un diplomate fran\u00e7ais en poste \u00e0 Tunis poignard\u00e9 par son fils - Kapitalis","robots":{"index":"index","follow":"follow","max-snippet":"max-snippet:-1","max-image-preview":"max-image-preview:large","max-video-preview":"max-video-preview:-1"},"canonical":"https:\/\/kapitalis.com\/tunisie\/2016\/09\/13\/lisbonne-un-diplomate-francais-en-poste-a-tunis-poignarde-par-son-fils\/","og_locale":"fr_FR","og_type":"article","og_title":"Lisbonne\u00a0: Un diplomate fran\u00e7ais en poste \u00e0 Tunis poignard\u00e9 par son fils - Kapitalis","og_description":"Le jeune \u00e9tudiant fran\u00e7ais a frapp\u00e9 avec un couteau son p\u00e8re, membre de la d\u00e9l\u00e9gation de l&rsquo;Union europ\u00e9enne \u00e0 Tunis, venu lui rendre visite \u00e0 Lisbonne.","og_url":"https:\/\/kapitalis.com\/tunisie\/2016\/09\/13\/lisbonne-un-diplomate-francais-en-poste-a-tunis-poignarde-par-son-fils\/","og_site_name":"Kapitalis","article_publisher":"https:\/\/www.facebook.com\/KapitalisInfo\/","article_published_time":"2016-09-13T10:18:08+00:00","article_modified_time":"2016-09-13T10:19:17+00:00","og_image":[{"width":1200,"height":630,"url":"https:\/\/kapitalis.com\/tunisie\/wp-content\/uploads\/2022\/05\/kapitalis-logo-fb.png","type":"image\/png"}],"author":"zohra abid","twitter_card":"summary_large_image","twitter_creator":"@KapitalisInfo","twitter_site":"@KapitalisInfo","twitter_misc":{"\u00c9crit par":"zohra abid","Dur\u00e9e de lecture estim\u00e9e":"1 minute"},"schema":{"@context":"https:\/\/schema.org","@graph":[{"@type":"Article","@id":"https:\/\/kapitalis.com\/tunisie\/2016\/09\/13\/lisbonne-un-diplomate-francais-en-poste-a-tunis-poignarde-par-son-fils\/#article","isPartOf":{"@id":"https:\/\/kapitalis.com\/tunisie\/2016\/09\/13\/lisbonne-un-diplomate-francais-en-poste-a-tunis-poignarde-par-son-fils\/"},"author":{"name":"zohra abid","@id":"https:\/\/kapitalis.com\/tunisie\/#\/schema\/person\/6fc2988ceb6eacf6836db1d8360b4912"},"headline":"Lisbonne\u00a0: Un diplomate fran\u00e7ais en poste \u00e0 Tunis poignard\u00e9 par son fils","datePublished":"2016-09-13T10:18:08+00:00","dateModified":"2016-09-13T10:19:17+00:00","mainEntityOfPage":{"@id":"https:\/\/kapitalis.com\/tunisie\/2016\/09\/13\/lisbonne-un-diplomate-francais-en-poste-a-tunis-poignarde-par-son-fils\/"},"wordCount":167,"commentCount":2,"publisher":{"@id":"https:\/\/kapitalis.com\/tunisie\/#organization"},"keywords":["couteau","Lisbonne","Portugal","Union europ\u00e9enne"],"articleSection":["SOCIETE"],"inLanguage":"fr-FR","potentialAction":[{"@type":"CommentAction","name":"Comment","target":["https:\/\/kapitalis.com\/tunisie\/2016\/09\/13\/lisbonne-un-diplomate-francais-en-poste-a-tunis-poignarde-par-son-fils\/#respond"]}]},{"@type":"WebPage","@id":"https:\/\/kapitalis.com\/tunisie\/2016\/09\/13\/lisbonne-un-diplomate-francais-en-poste-a-tunis-poignarde-par-son-fils\/","url":"https:\/\/kapitalis.com\/tunisie\/2016\/09\/13\/lisbonne-un-diplomate-francais-en-poste-a-tunis-poignarde-par-son-fils\/","name":"Lisbonne\u00a0: Un diplomate fran\u00e7ais en poste \u00e0 Tunis poignard\u00e9 par son fils - Kapitalis","isPartOf":{"@id":"https:\/\/kapitalis.com\/tunisie\/#website"},"datePublished":"2016-09-13T10:18:08+00:00","dateModified":"2016-09-13T10:19:17+00:00","breadcrumb":{"@id":"https:\/\/kapitalis.com\/tunisie\/2016\/09\/13\/lisbonne-un-diplomate-francais-en-poste-a-tunis-poignarde-par-son-fils\/#breadcrumb"},"inLanguage":"fr-FR","potentialAction":[{"@type":"ReadAction","target":["https:\/\/kapitalis.com\/tunisie\/2016\/09\/13\/lisbonne-un-diplomate-francais-en-poste-a-tunis-poignarde-par-son-fils\/"]}]},{"@type":"BreadcrumbList","@id":"https:\/\/kapitalis.com\/tunisie\/2016\/09\/13\/lisbonne-un-diplomate-francais-en-poste-a-tunis-poignarde-par-son-fils\/#breadcrumb","itemListElement":[{"@type":"ListItem","position":1,"name":"Accueil","item":"https:\/\/kapitalis.com\/tunisie\/"},{"@type":"ListItem","position":2,"name":"Lisbonne\u00a0: Un diplomate fran\u00e7ais en poste \u00e0 Tunis poignard\u00e9 par son fils"}]},{"@type":"WebSite","@id":"https:\/\/kapitalis.com\/tunisie\/#website","url":"https:\/\/kapitalis.com\/tunisie\/","name":"Kapitalis","description":"L&#039;actualit\u00e9 en Tunisie et dans le monde","publisher":{"@id":"https:\/\/kapitalis.com\/tunisie\/#organization"},"potentialAction":[{"@type":"SearchAction","target":{"@type":"EntryPoint","urlTemplate":"https:\/\/kapitalis.com\/tunisie\/?s={search_term_string}"},"query-input":{"@type":"PropertyValueSpecification","valueRequired":true,"valueName":"search_term_string"}}],"inLanguage":"fr-FR"},{"@type":"Organization","@id":"https:\/\/kapitalis.com\/tunisie\/#organization","name":"Kapitalis","url":"https:\/\/kapitalis.com\/tunisie\/","logo":{"@type":"ImageObject","inLanguage":"fr-FR","@id":"https:\/\/kapitalis.com\/tunisie\/#\/schema\/logo\/image\/","url":"https:\/\/kapitalis.com\/tunisie\/wp-content\/uploads\/2022\/05\/Kapitalis-big-size.png","contentUrl":"https:\/\/kapitalis.com\/tunisie\/wp-content\/uploads\/2022\/05\/Kapitalis-big-size.png","width":5000,"height":1500,"caption":"Kapitalis"},"image":{"@id":"https:\/\/kapitalis.com\/tunisie\/#\/schema\/logo\/image\/"},"sameAs":["https:\/\/www.facebook.com\/KapitalisInfo\/","https:\/\/x.com\/KapitalisInfo","https:\/\/www.youtube.com\/channel\/UC-yDYrHyfFBWWZaOw3FPg9Q"]},{"@type":"Person","@id":"https:\/\/kapitalis.com\/tunisie\/#\/schema\/person\/6fc2988ceb6eacf6836db1d8360b4912","name":"zohra abid","url":"https:\/\/kapitalis.com\/tunisie\/author\/zohra-abid-2015\/"}]}},"_links":{"self":[{"href":"https:\/\/kapitalis.com\/tunisie\/wp-json\/wp\/v2\/posts\/64487","targetHints":{"allow":["GET"]}}],"collection":[{"href":"https:\/\/kapitalis.com\/tunisie\/wp-json\/wp\/v2\/posts"}],"about":[{"href":"https:\/\/kapitalis.com\/tunisie\/wp-json\/wp\/v2\/types\/post"}],"author":[{"embeddable":true,"href":"https:\/\/kapitalis.com\/tunisie\/wp-json\/wp\/v2\/users\/7"}],"replies":[{"embeddable":true,"href":"https:\/\/kapitalis.com\/tunisie\/wp-json\/wp\/v2\/comments?post=64487"}],"version-history":[{"count":0,"href":"https:\/\/kapitalis.com\/tunisie\/wp-json\/wp\/v2\/posts\/64487\/revisions"}],"wp:attachment":[{"href":"https:\/\/kapitalis.com\/tunisie\/wp-json\/wp\/v2\/media?parent=64487"}],"wp:term":[{"taxonomy":"category","embeddable":true,"href":"https:\/\/kapitalis.com\/tunisie\/wp-json\/wp\/v2\/categories?post=64487"},{"taxonomy":"post_tag","embeddable":true,"href":"https:\/\/kapitalis.com\/tunisie\/wp-json\/wp\/v2\/tags?post=64487"}],"curies":[{"name":"wp","href":"https:\/\/api.w.org\/{rel}","templated":true}]}}