{"id":64579,"date":"2016-09-14T08:05:28","date_gmt":"2016-09-14T07:05:28","guid":{"rendered":"http:\/\/kapitalis.com\/tunisie\/?p=64579"},"modified":"2016-09-14T08:05:28","modified_gmt":"2016-09-14T07:05:28","slug":"nabeul-neuf-emigres-clandestins-sauves-au-large-del-haouaria","status":"publish","type":"post","link":"https:\/\/kapitalis.com\/tunisie\/2016\/09\/14\/nabeul-neuf-emigres-clandestins-sauves-au-large-del-haouaria\/","title":{"rendered":"Nabeul\u00a0: Neuf \u00e9migr\u00e9s clandestins sauv\u00e9s au large d&rsquo;El-Haouaria"},"content":{"rendered":"<p style=\"text-align: center;\"><img loading=\"lazy\" decoding=\"async\" class=\"alignnone size-full wp-image-64586\" src=\"http:\/\/kapitalis.com\/tunisie\/wp-content\/uploads\/2016\/09\/El-Haouaria.jpg\" alt=\"el-haouaria\" width=\"626\" height=\"380\" \/><\/p>\n<p><em><strong>La marine tunisienne a sauv\u00e9, mardi apr\u00e8s-midi, 9 \u00e9migr\u00e9s clandestins noy\u00e9s au large d\u2019El-Haouaria, \u00e0 la pointe\u00a0du Cap Bon,\u00a0gouvernorat de Nabeul.<\/strong><\/em><\/p>\n<p><!--more--><\/p>\n<p>Dans un communiqu\u00e9 publi\u00e9 mardi\u00a0soir, le minist\u00e8re de la D\u00e9fense annonce le sauvetage de 9 Tunisiens ayant tent\u00e9 d\u2019\u00e9migrer clandestinement vers la Sicile, en Italie, \u00e0 bord d\u2019une barque depuis la plage de Sounine, pr\u00e8s\u00a0de Ghar El Melh, gouvernorat de Bizerte. Leur barque, emport\u00e9e par les courants, a d\u00e9riv\u00e9 vers le sud et menac\u00e9 de couler.<\/p>\n<p style=\"text-align: right;\"><strong>Z. A.<\/strong><\/p>\n","protected":false},"excerpt":{"rendered":"<p>La marine tunisienne a sauv\u00e9, mardi apr\u00e8s-midi, 9 \u00e9migr\u00e9s clandestins noy\u00e9s au large d\u2019El-Haouaria, \u00e0 la pointe\u00a0du Cap Bon,\u00a0gouvernorat de Nabeul.<\/p>\n","protected":false},"author":7,"featured_media":64586,"comment_status":"open","ping_status":"open","sticky":false,"template":"","format":"standard","meta":{"footnotes":""},"categories":[998,2433],"tags":[185,2974,505,22679,650,1741],"class_list":["post-64579","post","type-post","status-publish","format-standard","has-post-thumbnail","hentry","category-societe","category-tunisie","tag-cap-bon","tag-el-haouaria","tag-italie","tag-marine-tunisienne","tag-nabeul","tag-sicile"],"yoast_head":"<!-- This site is optimized with the Yoast SEO plugin v26.6 - https:\/\/yoast.com\/wordpress\/plugins\/seo\/ -->\n<title>Nabeul\u00a0: Neuf \u00e9migr\u00e9s clandestins sauv\u00e9s au large d&#039;El-Haouaria - Kapitalis<\/title>\n<meta name=\"robots\" content=\"index, follow, max-snippet:-1, max-image-preview:large, max-video-preview:-1\" \/>\n<link rel=\"canonical\" href=\"https:\/\/kapitalis.com\/tunisie\/2016\/09\/14\/nabeul-neuf-emigres-clandestins-sauves-au-large-del-haouaria\/\" \/>\n<meta property=\"og:locale\" content=\"fr_FR\" \/>\n<meta property=\"og:type\" content=\"article\" \/>\n<meta property=\"og:title\" content=\"Nabeul\u00a0: Neuf \u00e9migr\u00e9s clandestins sauv\u00e9s au large d&#039;El-Haouaria - Kapitalis\" \/>\n<meta property=\"og:description\" content=\"La marine tunisienne a sauv\u00e9, mardi apr\u00e8s-midi, 9 \u00e9migr\u00e9s clandestins noy\u00e9s au large d\u2019El-Haouaria, \u00e0 la pointe\u00a0du Cap Bon,\u00a0gouvernorat de Nabeul.\" \/>\n<meta property=\"og:url\" content=\"https:\/\/kapitalis.com\/tunisie\/2016\/09\/14\/nabeul-neuf-emigres-clandestins-sauves-au-large-del-haouaria\/\" \/>\n<meta property=\"og:site_name\" content=\"Kapitalis\" \/>\n<meta property=\"article:publisher\" content=\"https:\/\/www.facebook.com\/KapitalisInfo\/\" \/>\n<meta property=\"article:published_time\" content=\"2016-09-14T07:05:28+00:00\" \/>\n<meta property=\"og:image\" content=\"https:\/\/kapitalis.com\/tunisie\/wp-content\/uploads\/2022\/05\/kapitalis-logo-fb.png\" \/>\n\t<meta property=\"og:image:width\" content=\"1200\" \/>\n\t<meta property=\"og:image:height\" content=\"630\" \/>\n\t<meta property=\"og:image:type\" content=\"image\/png\" \/>\n<meta name=\"author\" content=\"zohra abid\" \/>\n<meta name=\"twitter:card\" content=\"summary_large_image\" \/>\n<meta name=\"twitter:creator\" content=\"@KapitalisInfo\" \/>\n<meta name=\"twitter:site\" content=\"@KapitalisInfo\" \/>\n<meta name=\"twitter:label1\" content=\"\u00c9crit par\" \/>\n\t<meta name=\"twitter:data1\" content=\"zohra abid\" \/>\n<script type=\"application\/ld+json\" class=\"yoast-schema-graph\">{\"@context\":\"https:\/\/schema.org\",\"@graph\":[{\"@type\":\"Article\",\"@id\":\"https:\/\/kapitalis.com\/tunisie\/2016\/09\/14\/nabeul-neuf-emigres-clandestins-sauves-au-large-del-haouaria\/#article\",\"isPartOf\":{\"@id\":\"https:\/\/kapitalis.com\/tunisie\/2016\/09\/14\/nabeul-neuf-emigres-clandestins-sauves-au-large-del-haouaria\/\"},\"author\":{\"name\":\"zohra abid\",\"@id\":\"https:\/\/kapitalis.com\/tunisie\/#\/schema\/person\/6fc2988ceb6eacf6836db1d8360b4912\"},\"headline\":\"Nabeul\u00a0: Neuf \u00e9migr\u00e9s clandestins sauv\u00e9s au large d&rsquo;El-Haouaria\",\"datePublished\":\"2016-09-14T07:05:28+00:00\",\"mainEntityOfPage\":{\"@id\":\"https:\/\/kapitalis.com\/tunisie\/2016\/09\/14\/nabeul-neuf-emigres-clandestins-sauves-au-large-del-haouaria\/\"},\"wordCount\":100,\"commentCount\":0,\"publisher\":{\"@id\":\"https:\/\/kapitalis.com\/tunisie\/#organization\"},\"image\":{\"@id\":\"https:\/\/kapitalis.com\/tunisie\/2016\/09\/14\/nabeul-neuf-emigres-clandestins-sauves-au-large-del-haouaria\/#primaryimage\"},\"thumbnailUrl\":\"\",\"keywords\":[\"Cap Bon\",\"El-Haouaria\",\"Italie\",\"marine tunisienne\",\"Nabeul\",\"Sicile\"],\"articleSection\":[\"SOCIETE\",\"Tunisie\"],\"inLanguage\":\"fr-FR\",\"potentialAction\":[{\"@type\":\"CommentAction\",\"name\":\"Comment\",\"target\":[\"https:\/\/kapitalis.com\/tunisie\/2016\/09\/14\/nabeul-neuf-emigres-clandestins-sauves-au-large-del-haouaria\/#respond\"]}]},{\"@type\":\"WebPage\",\"@id\":\"https:\/\/kapitalis.com\/tunisie\/2016\/09\/14\/nabeul-neuf-emigres-clandestins-sauves-au-large-del-haouaria\/\",\"url\":\"https:\/\/kapitalis.com\/tunisie\/2016\/09\/14\/nabeul-neuf-emigres-clandestins-sauves-au-large-del-haouaria\/\",\"name\":\"Nabeul\u00a0: Neuf \u00e9migr\u00e9s clandestins sauv\u00e9s au large d'El-Haouaria - Kapitalis\",\"isPartOf\":{\"@id\":\"https:\/\/kapitalis.com\/tunisie\/#website\"},\"primaryImageOfPage\":{\"@id\":\"https:\/\/kapitalis.com\/tunisie\/2016\/09\/14\/nabeul-neuf-emigres-clandestins-sauves-au-large-del-haouaria\/#primaryimage\"},\"image\":{\"@id\":\"https:\/\/kapitalis.com\/tunisie\/2016\/09\/14\/nabeul-neuf-emigres-clandestins-sauves-au-large-del-haouaria\/#primaryimage\"},\"thumbnailUrl\":\"\",\"datePublished\":\"2016-09-14T07:05:28+00:00\",\"breadcrumb\":{\"@id\":\"https:\/\/kapitalis.com\/tunisie\/2016\/09\/14\/nabeul-neuf-emigres-clandestins-sauves-au-large-del-haouaria\/#breadcrumb\"},\"inLanguage\":\"fr-FR\",\"potentialAction\":[{\"@type\":\"ReadAction\",\"target\":[\"https:\/\/kapitalis.com\/tunisie\/2016\/09\/14\/nabeul-neuf-emigres-clandestins-sauves-au-large-del-haouaria\/\"]}]},{\"@type\":\"ImageObject\",\"inLanguage\":\"fr-FR\",\"@id\":\"https:\/\/kapitalis.com\/tunisie\/2016\/09\/14\/nabeul-neuf-emigres-clandestins-sauves-au-large-del-haouaria\/#primaryimage\",\"url\":\"\",\"contentUrl\":\"\"},{\"@type\":\"BreadcrumbList\",\"@id\":\"https:\/\/kapitalis.com\/tunisie\/2016\/09\/14\/nabeul-neuf-emigres-clandestins-sauves-au-large-del-haouaria\/#breadcrumb\",\"itemListElement\":[{\"@type\":\"ListItem\",\"position\":1,\"name\":\"Accueil\",\"item\":\"https:\/\/kapitalis.com\/tunisie\/\"},{\"@type\":\"ListItem\",\"position\":2,\"name\":\"Nabeul\u00a0: Neuf \u00e9migr\u00e9s clandestins sauv\u00e9s au large d&rsquo;El-Haouaria\"}]},{\"@type\":\"WebSite\",\"@id\":\"https:\/\/kapitalis.com\/tunisie\/#website\",\"url\":\"https:\/\/kapitalis.com\/tunisie\/\",\"name\":\"Kapitalis\",\"description\":\"L&#039;actualit\u00e9 en Tunisie et dans le monde\",\"publisher\":{\"@id\":\"https:\/\/kapitalis.com\/tunisie\/#organization\"},\"potentialAction\":[{\"@type\":\"SearchAction\",\"target\":{\"@type\":\"EntryPoint\",\"urlTemplate\":\"https:\/\/kapitalis.com\/tunisie\/?s={search_term_string}\"},\"query-input\":{\"@type\":\"PropertyValueSpecification\",\"valueRequired\":true,\"valueName\":\"search_term_string\"}}],\"inLanguage\":\"fr-FR\"},{\"@type\":\"Organization\",\"@id\":\"https:\/\/kapitalis.com\/tunisie\/#organization\",\"name\":\"Kapitalis\",\"url\":\"https:\/\/kapitalis.com\/tunisie\/\",\"logo\":{\"@type\":\"ImageObject\",\"inLanguage\":\"fr-FR\",\"@id\":\"https:\/\/kapitalis.com\/tunisie\/#\/schema\/logo\/image\/\",\"url\":\"https:\/\/kapitalis.com\/tunisie\/wp-content\/uploads\/2022\/05\/Kapitalis-big-size.png\",\"contentUrl\":\"https:\/\/kapitalis.com\/tunisie\/wp-content\/uploads\/2022\/05\/Kapitalis-big-size.png\",\"width\":5000,\"height\":1500,\"caption\":\"Kapitalis\"},\"image\":{\"@id\":\"https:\/\/kapitalis.com\/tunisie\/#\/schema\/logo\/image\/\"},\"sameAs\":[\"https:\/\/www.facebook.com\/KapitalisInfo\/\",\"https:\/\/x.com\/KapitalisInfo\",\"https:\/\/www.youtube.com\/channel\/UC-yDYrHyfFBWWZaOw3FPg9Q\"]},{\"@type\":\"Person\",\"@id\":\"https:\/\/kapitalis.com\/tunisie\/#\/schema\/person\/6fc2988ceb6eacf6836db1d8360b4912\",\"name\":\"zohra abid\",\"url\":\"https:\/\/kapitalis.com\/tunisie\/author\/zohra-abid-2015\/\"}]}<\/script>\n<!-- \/ Yoast SEO plugin. -->","yoast_head_json":{"title":"Nabeul\u00a0: Neuf \u00e9migr\u00e9s clandestins sauv\u00e9s au large d'El-Haouaria - Kapitalis","robots":{"index":"index","follow":"follow","max-snippet":"max-snippet:-1","max-image-preview":"max-image-preview:large","max-video-preview":"max-video-preview:-1"},"canonical":"https:\/\/kapitalis.com\/tunisie\/2016\/09\/14\/nabeul-neuf-emigres-clandestins-sauves-au-large-del-haouaria\/","og_locale":"fr_FR","og_type":"article","og_title":"Nabeul\u00a0: Neuf \u00e9migr\u00e9s clandestins sauv\u00e9s au large d'El-Haouaria - Kapitalis","og_description":"La marine tunisienne a sauv\u00e9, mardi apr\u00e8s-midi, 9 \u00e9migr\u00e9s clandestins noy\u00e9s au large d\u2019El-Haouaria, \u00e0 la pointe\u00a0du Cap Bon,\u00a0gouvernorat de Nabeul.","og_url":"https:\/\/kapitalis.com\/tunisie\/2016\/09\/14\/nabeul-neuf-emigres-clandestins-sauves-au-large-del-haouaria\/","og_site_name":"Kapitalis","article_publisher":"https:\/\/www.facebook.com\/KapitalisInfo\/","article_published_time":"2016-09-14T07:05:28+00:00","og_image":[{"width":1200,"height":630,"url":"https:\/\/kapitalis.com\/tunisie\/wp-content\/uploads\/2022\/05\/kapitalis-logo-fb.png","type":"image\/png"}],"author":"zohra abid","twitter_card":"summary_large_image","twitter_creator":"@KapitalisInfo","twitter_site":"@KapitalisInfo","twitter_misc":{"\u00c9crit par":"zohra abid"},"schema":{"@context":"https:\/\/schema.org","@graph":[{"@type":"Article","@id":"https:\/\/kapitalis.com\/tunisie\/2016\/09\/14\/nabeul-neuf-emigres-clandestins-sauves-au-large-del-haouaria\/#article","isPartOf":{"@id":"https:\/\/kapitalis.com\/tunisie\/2016\/09\/14\/nabeul-neuf-emigres-clandestins-sauves-au-large-del-haouaria\/"},"author":{"name":"zohra abid","@id":"https:\/\/kapitalis.com\/tunisie\/#\/schema\/person\/6fc2988ceb6eacf6836db1d8360b4912"},"headline":"Nabeul\u00a0: Neuf \u00e9migr\u00e9s clandestins sauv\u00e9s au large d&rsquo;El-Haouaria","datePublished":"2016-09-14T07:05:28+00:00","mainEntityOfPage":{"@id":"https:\/\/kapitalis.com\/tunisie\/2016\/09\/14\/nabeul-neuf-emigres-clandestins-sauves-au-large-del-haouaria\/"},"wordCount":100,"commentCount":0,"publisher":{"@id":"https:\/\/kapitalis.com\/tunisie\/#organization"},"image":{"@id":"https:\/\/kapitalis.com\/tunisie\/2016\/09\/14\/nabeul-neuf-emigres-clandestins-sauves-au-large-del-haouaria\/#primaryimage"},"thumbnailUrl":"","keywords":["Cap Bon","El-Haouaria","Italie","marine tunisienne","Nabeul","Sicile"],"articleSection":["SOCIETE","Tunisie"],"inLanguage":"fr-FR","potentialAction":[{"@type":"CommentAction","name":"Comment","target":["https:\/\/kapitalis.com\/tunisie\/2016\/09\/14\/nabeul-neuf-emigres-clandestins-sauves-au-large-del-haouaria\/#respond"]}]},{"@type":"WebPage","@id":"https:\/\/kapitalis.com\/tunisie\/2016\/09\/14\/nabeul-neuf-emigres-clandestins-sauves-au-large-del-haouaria\/","url":"https:\/\/kapitalis.com\/tunisie\/2016\/09\/14\/nabeul-neuf-emigres-clandestins-sauves-au-large-del-haouaria\/","name":"Nabeul\u00a0: Neuf \u00e9migr\u00e9s clandestins sauv\u00e9s au large d'El-Haouaria - Kapitalis","isPartOf":{"@id":"https:\/\/kapitalis.com\/tunisie\/#website"},"primaryImageOfPage":{"@id":"https:\/\/kapitalis.com\/tunisie\/2016\/09\/14\/nabeul-neuf-emigres-clandestins-sauves-au-large-del-haouaria\/#primaryimage"},"image":{"@id":"https:\/\/kapitalis.com\/tunisie\/2016\/09\/14\/nabeul-neuf-emigres-clandestins-sauves-au-large-del-haouaria\/#primaryimage"},"thumbnailUrl":"","datePublished":"2016-09-14T07:05:28+00:00","breadcrumb":{"@id":"https:\/\/kapitalis.com\/tunisie\/2016\/09\/14\/nabeul-neuf-emigres-clandestins-sauves-au-large-del-haouaria\/#breadcrumb"},"inLanguage":"fr-FR","potentialAction":[{"@type":"ReadAction","target":["https:\/\/kapitalis.com\/tunisie\/2016\/09\/14\/nabeul-neuf-emigres-clandestins-sauves-au-large-del-haouaria\/"]}]},{"@type":"ImageObject","inLanguage":"fr-FR","@id":"https:\/\/kapitalis.com\/tunisie\/2016\/09\/14\/nabeul-neuf-emigres-clandestins-sauves-au-large-del-haouaria\/#primaryimage","url":"","contentUrl":""},{"@type":"BreadcrumbList","@id":"https:\/\/kapitalis.com\/tunisie\/2016\/09\/14\/nabeul-neuf-emigres-clandestins-sauves-au-large-del-haouaria\/#breadcrumb","itemListElement":[{"@type":"ListItem","position":1,"name":"Accueil","item":"https:\/\/kapitalis.com\/tunisie\/"},{"@type":"ListItem","position":2,"name":"Nabeul\u00a0: Neuf \u00e9migr\u00e9s clandestins sauv\u00e9s au large d&rsquo;El-Haouaria"}]},{"@type":"WebSite","@id":"https:\/\/kapitalis.com\/tunisie\/#website","url":"https:\/\/kapitalis.com\/tunisie\/","name":"Kapitalis","description":"L&#039;actualit\u00e9 en Tunisie et dans le monde","publisher":{"@id":"https:\/\/kapitalis.com\/tunisie\/#organization"},"potentialAction":[{"@type":"SearchAction","target":{"@type":"EntryPoint","urlTemplate":"https:\/\/kapitalis.com\/tunisie\/?s={search_term_string}"},"query-input":{"@type":"PropertyValueSpecification","valueRequired":true,"valueName":"search_term_string"}}],"inLanguage":"fr-FR"},{"@type":"Organization","@id":"https:\/\/kapitalis.com\/tunisie\/#organization","name":"Kapitalis","url":"https:\/\/kapitalis.com\/tunisie\/","logo":{"@type":"ImageObject","inLanguage":"fr-FR","@id":"https:\/\/kapitalis.com\/tunisie\/#\/schema\/logo\/image\/","url":"https:\/\/kapitalis.com\/tunisie\/wp-content\/uploads\/2022\/05\/Kapitalis-big-size.png","contentUrl":"https:\/\/kapitalis.com\/tunisie\/wp-content\/uploads\/2022\/05\/Kapitalis-big-size.png","width":5000,"height":1500,"caption":"Kapitalis"},"image":{"@id":"https:\/\/kapitalis.com\/tunisie\/#\/schema\/logo\/image\/"},"sameAs":["https:\/\/www.facebook.com\/KapitalisInfo\/","https:\/\/x.com\/KapitalisInfo","https:\/\/www.youtube.com\/channel\/UC-yDYrHyfFBWWZaOw3FPg9Q"]},{"@type":"Person","@id":"https:\/\/kapitalis.com\/tunisie\/#\/schema\/person\/6fc2988ceb6eacf6836db1d8360b4912","name":"zohra abid","url":"https:\/\/kapitalis.com\/tunisie\/author\/zohra-abid-2015\/"}]}},"_links":{"self":[{"href":"https:\/\/kapitalis.com\/tunisie\/wp-json\/wp\/v2\/posts\/64579","targetHints":{"allow":["GET"]}}],"collection":[{"href":"https:\/\/kapitalis.com\/tunisie\/wp-json\/wp\/v2\/posts"}],"about":[{"href":"https:\/\/kapitalis.com\/tunisie\/wp-json\/wp\/v2\/types\/post"}],"author":[{"embeddable":true,"href":"https:\/\/kapitalis.com\/tunisie\/wp-json\/wp\/v2\/users\/7"}],"replies":[{"embeddable":true,"href":"https:\/\/kapitalis.com\/tunisie\/wp-json\/wp\/v2\/comments?post=64579"}],"version-history":[{"count":0,"href":"https:\/\/kapitalis.com\/tunisie\/wp-json\/wp\/v2\/posts\/64579\/revisions"}],"wp:featuredmedia":[{"embeddable":true,"href":"https:\/\/kapitalis.com\/tunisie\/wp-json\/wp\/v2\/media\/64586"}],"wp:attachment":[{"href":"https:\/\/kapitalis.com\/tunisie\/wp-json\/wp\/v2\/media?parent=64579"}],"wp:term":[{"taxonomy":"category","embeddable":true,"href":"https:\/\/kapitalis.com\/tunisie\/wp-json\/wp\/v2\/categories?post=64579"},{"taxonomy":"post_tag","embeddable":true,"href":"https:\/\/kapitalis.com\/tunisie\/wp-json\/wp\/v2\/tags?post=64579"}],"curies":[{"name":"wp","href":"https:\/\/api.w.org\/{rel}","templated":true}]}}