{"id":646049,"date":"2022-05-14T11:50:38","date_gmt":"2022-05-14T09:50:38","guid":{"rendered":"https:\/\/kapitalis.com\/tunisie\/?p=646049"},"modified":"2022-05-14T11:53:30","modified_gmt":"2022-05-14T09:53:30","slug":"tunisie-evenements-solidaires-avec-souk-jara-a-gabes","status":"publish","type":"post","link":"https:\/\/kapitalis.com\/tunisie\/2022\/05\/14\/tunisie-evenements-solidaires-avec-souk-jara-a-gabes\/","title":{"rendered":"Tunisie\u00a0: Ev\u00e9nements solidaires avec Souk Jara \u00e0 Gab\u00e8s"},"content":{"rendered":"\n<p><strong><em>Diff\u00e9rents \u00e9v\u00e9nements artistiques auront prochainement lieu en soutien au Souk Jara \u00e0 Gab\u00e8s qui a \u00e9t\u00e9 incendi\u00e9 au d\u00e9but de ce mois.<\/em><\/strong><\/p>\n\n\n\n<!--more-->\n\n\n\n<p>La Cit\u00e9 de la Culture \u00e0 Tunis accueillera le dimanche 22 mai prochain une soir\u00e9e musicale et une exposition d\u2019art plastique afin de collecter des fonds pour Souk de l\u2019artisanat de Jara \u00e0 Gab\u00e8s, ayant \u00e9t\u00e9 victime d\u2019un \u00e9norme incendie qui a eu lieu le 2 mai 2022, jour de l\u2019A\u00efd Al-Fitr.<\/p>\n\n\n\n<div class=\"wp-block-image\"><figure class=\"aligncenter size-large\"><img loading=\"lazy\" decoding=\"async\" width=\"1024\" height=\"538\" src=\"https:\/\/kapitalis.com\/tunisie\/wp-content\/uploads\/2022\/05\/evenement-solidaire-Souk-Jara-Gabes-1024x538.jpg\" alt=\"\" class=\"wp-image-646918\" srcset=\"https:\/\/kapitalis.com\/tunisie\/wp-content\/uploads\/2022\/05\/evenement-solidaire-Souk-Jara-Gabes-1024x538.jpg 1024w, https:\/\/kapitalis.com\/tunisie\/wp-content\/uploads\/2022\/05\/evenement-solidaire-Souk-Jara-Gabes-300x158.jpg 300w, https:\/\/kapitalis.com\/tunisie\/wp-content\/uploads\/2022\/05\/evenement-solidaire-Souk-Jara-Gabes-768x403.jpg 768w, https:\/\/kapitalis.com\/tunisie\/wp-content\/uploads\/2022\/05\/evenement-solidaire-Souk-Jara-Gabes-580x305.jpg 580w, https:\/\/kapitalis.com\/tunisie\/wp-content\/uploads\/2022\/05\/evenement-solidaire-Souk-Jara-Gabes-860x452.jpg 860w, https:\/\/kapitalis.com\/tunisie\/wp-content\/uploads\/2022\/05\/evenement-solidaire-Souk-Jara-Gabes-1160x609.jpg 1160w, https:\/\/kapitalis.com\/tunisie\/wp-content\/uploads\/2022\/05\/evenement-solidaire-Souk-Jara-Gabes.jpg 1200w\" sizes=\"auto, (max-width: 1024px) 100vw, 1024px\" \/><\/figure><\/div>\n\n\n\n<p>Les initiatives de solidarit\u00e9 se multiplient pour venir en aide aux victimes et pour que le Souk ouvre de nouveau ses portes. Un autre \u00e9v\u00e9nement organis\u00e9 par la municipalit\u00e9 de la ville de Gab\u00e8s aura lieu le samedi 21 mai, avec la participation des deux artistes Raouf Meher et Kilani Tlik.<\/p>\n\n\n\n<p class=\"has-text-align-right\"><strong>F.B<\/strong><\/p>\n","protected":false},"excerpt":{"rendered":"<p>Diff\u00e9rents \u00e9v\u00e9nements artistiques auront prochainement lieu en soutien au Souk Jara \u00e0 Gab\u00e8s qui a \u00e9t\u00e9 incendi\u00e9 au d\u00e9but de ce mois.<\/p>\n","protected":false},"author":26,"featured_media":646650,"comment_status":"open","ping_status":"open","sticky":false,"template":"","format":"standard","meta":{"footnotes":""},"categories":[994,998,2433],"tags":[99696,406,99695,62643],"class_list":["post-646049","post","type-post","status-publish","format-standard","has-post-thumbnail","hentry","category-culture","category-societe","category-tunisie","tag-evenement-solidaire","tag-gabes","tag-souk-jara","tag-tunisie"],"yoast_head":"<!-- This site is optimized with the Yoast SEO plugin v26.6 - https:\/\/yoast.com\/wordpress\/plugins\/seo\/ -->\n<title>Tunisie\u00a0: Ev\u00e9nements solidaires avec Souk Jara \u00e0 Gab\u00e8s - Kapitalis<\/title>\n<meta name=\"robots\" content=\"index, follow, max-snippet:-1, max-image-preview:large, max-video-preview:-1\" \/>\n<link rel=\"canonical\" href=\"https:\/\/kapitalis.com\/tunisie\/2022\/05\/14\/tunisie-evenements-solidaires-avec-souk-jara-a-gabes\/\" \/>\n<meta property=\"og:locale\" content=\"fr_FR\" \/>\n<meta property=\"og:type\" content=\"article\" \/>\n<meta property=\"og:title\" content=\"Tunisie\u00a0: Ev\u00e9nements solidaires avec Souk Jara \u00e0 Gab\u00e8s - Kapitalis\" \/>\n<meta property=\"og:description\" content=\"Diff\u00e9rents \u00e9v\u00e9nements artistiques auront prochainement lieu en soutien au Souk Jara \u00e0 Gab\u00e8s qui a \u00e9t\u00e9 incendi\u00e9 au d\u00e9but de ce mois.\" \/>\n<meta property=\"og:url\" content=\"https:\/\/kapitalis.com\/tunisie\/2022\/05\/14\/tunisie-evenements-solidaires-avec-souk-jara-a-gabes\/\" \/>\n<meta property=\"og:site_name\" content=\"Kapitalis\" \/>\n<meta property=\"article:publisher\" content=\"https:\/\/www.facebook.com\/KapitalisInfo\/\" \/>\n<meta property=\"article:published_time\" content=\"2022-05-14T09:50:38+00:00\" \/>\n<meta property=\"article:modified_time\" content=\"2022-05-14T09:53:30+00:00\" \/>\n<meta property=\"og:image\" content=\"https:\/\/kapitalis.com\/tunisie\/wp-content\/uploads\/2022\/05\/Souk-Jara.jpg\" \/>\n\t<meta property=\"og:image:width\" content=\"1200\" \/>\n\t<meta property=\"og:image:height\" content=\"630\" \/>\n\t<meta property=\"og:image:type\" content=\"image\/jpeg\" \/>\n<meta name=\"author\" content=\"Fawz BenAli\" \/>\n<meta name=\"twitter:card\" content=\"summary_large_image\" \/>\n<meta name=\"twitter:creator\" content=\"@KapitalisInfo\" \/>\n<meta name=\"twitter:site\" content=\"@KapitalisInfo\" \/>\n<meta name=\"twitter:label1\" content=\"\u00c9crit par\" \/>\n\t<meta name=\"twitter:data1\" content=\"Fawz BenAli\" \/>\n\t<meta name=\"twitter:label2\" content=\"Dur\u00e9e de lecture estim\u00e9e\" \/>\n\t<meta name=\"twitter:data2\" content=\"1 minute\" \/>\n<script type=\"application\/ld+json\" class=\"yoast-schema-graph\">{\"@context\":\"https:\/\/schema.org\",\"@graph\":[{\"@type\":\"Article\",\"@id\":\"https:\/\/kapitalis.com\/tunisie\/2022\/05\/14\/tunisie-evenements-solidaires-avec-souk-jara-a-gabes\/#article\",\"isPartOf\":{\"@id\":\"https:\/\/kapitalis.com\/tunisie\/2022\/05\/14\/tunisie-evenements-solidaires-avec-souk-jara-a-gabes\/\"},\"author\":{\"name\":\"Fawz BenAli\",\"@id\":\"https:\/\/kapitalis.com\/tunisie\/#\/schema\/person\/73a5ecc1f6ae540c6ed91342eadca948\"},\"headline\":\"Tunisie\u00a0: Ev\u00e9nements solidaires avec Souk Jara \u00e0 Gab\u00e8s\",\"datePublished\":\"2022-05-14T09:50:38+00:00\",\"dateModified\":\"2022-05-14T09:53:30+00:00\",\"mainEntityOfPage\":{\"@id\":\"https:\/\/kapitalis.com\/tunisie\/2022\/05\/14\/tunisie-evenements-solidaires-avec-souk-jara-a-gabes\/\"},\"wordCount\":142,\"commentCount\":0,\"publisher\":{\"@id\":\"https:\/\/kapitalis.com\/tunisie\/#organization\"},\"image\":{\"@id\":\"https:\/\/kapitalis.com\/tunisie\/2022\/05\/14\/tunisie-evenements-solidaires-avec-souk-jara-a-gabes\/#primaryimage\"},\"thumbnailUrl\":\"https:\/\/kapitalis.com\/tunisie\/wp-content\/uploads\/2022\/05\/Souk-Jara.jpg\",\"keywords\":[\"\u00e9v\u00e9nement solidaire\",\"Gab\u00e8s\",\"Souk Jara\",\"Tunisie\"],\"articleSection\":[\"CULTURE\",\"SOCIETE\",\"Tunisie\"],\"inLanguage\":\"fr-FR\",\"potentialAction\":[{\"@type\":\"CommentAction\",\"name\":\"Comment\",\"target\":[\"https:\/\/kapitalis.com\/tunisie\/2022\/05\/14\/tunisie-evenements-solidaires-avec-souk-jara-a-gabes\/#respond\"]}]},{\"@type\":\"WebPage\",\"@id\":\"https:\/\/kapitalis.com\/tunisie\/2022\/05\/14\/tunisie-evenements-solidaires-avec-souk-jara-a-gabes\/\",\"url\":\"https:\/\/kapitalis.com\/tunisie\/2022\/05\/14\/tunisie-evenements-solidaires-avec-souk-jara-a-gabes\/\",\"name\":\"Tunisie\u00a0: Ev\u00e9nements solidaires avec Souk Jara \u00e0 Gab\u00e8s - Kapitalis\",\"isPartOf\":{\"@id\":\"https:\/\/kapitalis.com\/tunisie\/#website\"},\"primaryImageOfPage\":{\"@id\":\"https:\/\/kapitalis.com\/tunisie\/2022\/05\/14\/tunisie-evenements-solidaires-avec-souk-jara-a-gabes\/#primaryimage\"},\"image\":{\"@id\":\"https:\/\/kapitalis.com\/tunisie\/2022\/05\/14\/tunisie-evenements-solidaires-avec-souk-jara-a-gabes\/#primaryimage\"},\"thumbnailUrl\":\"https:\/\/kapitalis.com\/tunisie\/wp-content\/uploads\/2022\/05\/Souk-Jara.jpg\",\"datePublished\":\"2022-05-14T09:50:38+00:00\",\"dateModified\":\"2022-05-14T09:53:30+00:00\",\"breadcrumb\":{\"@id\":\"https:\/\/kapitalis.com\/tunisie\/2022\/05\/14\/tunisie-evenements-solidaires-avec-souk-jara-a-gabes\/#breadcrumb\"},\"inLanguage\":\"fr-FR\",\"potentialAction\":[{\"@type\":\"ReadAction\",\"target\":[\"https:\/\/kapitalis.com\/tunisie\/2022\/05\/14\/tunisie-evenements-solidaires-avec-souk-jara-a-gabes\/\"]}]},{\"@type\":\"ImageObject\",\"inLanguage\":\"fr-FR\",\"@id\":\"https:\/\/kapitalis.com\/tunisie\/2022\/05\/14\/tunisie-evenements-solidaires-avec-souk-jara-a-gabes\/#primaryimage\",\"url\":\"https:\/\/kapitalis.com\/tunisie\/wp-content\/uploads\/2022\/05\/Souk-Jara.jpg\",\"contentUrl\":\"https:\/\/kapitalis.com\/tunisie\/wp-content\/uploads\/2022\/05\/Souk-Jara.jpg\",\"width\":1200,\"height\":630},{\"@type\":\"BreadcrumbList\",\"@id\":\"https:\/\/kapitalis.com\/tunisie\/2022\/05\/14\/tunisie-evenements-solidaires-avec-souk-jara-a-gabes\/#breadcrumb\",\"itemListElement\":[{\"@type\":\"ListItem\",\"position\":1,\"name\":\"Accueil\",\"item\":\"https:\/\/kapitalis.com\/tunisie\/\"},{\"@type\":\"ListItem\",\"position\":2,\"name\":\"Tunisie\u00a0: Ev\u00e9nements solidaires avec Souk Jara \u00e0 Gab\u00e8s\"}]},{\"@type\":\"WebSite\",\"@id\":\"https:\/\/kapitalis.com\/tunisie\/#website\",\"url\":\"https:\/\/kapitalis.com\/tunisie\/\",\"name\":\"Kapitalis\",\"description\":\"L&#039;actualit\u00e9 en Tunisie et dans le monde\",\"publisher\":{\"@id\":\"https:\/\/kapitalis.com\/tunisie\/#organization\"},\"potentialAction\":[{\"@type\":\"SearchAction\",\"target\":{\"@type\":\"EntryPoint\",\"urlTemplate\":\"https:\/\/kapitalis.com\/tunisie\/?s={search_term_string}\"},\"query-input\":{\"@type\":\"PropertyValueSpecification\",\"valueRequired\":true,\"valueName\":\"search_term_string\"}}],\"inLanguage\":\"fr-FR\"},{\"@type\":\"Organization\",\"@id\":\"https:\/\/kapitalis.com\/tunisie\/#organization\",\"name\":\"Kapitalis\",\"url\":\"https:\/\/kapitalis.com\/tunisie\/\",\"logo\":{\"@type\":\"ImageObject\",\"inLanguage\":\"fr-FR\",\"@id\":\"https:\/\/kapitalis.com\/tunisie\/#\/schema\/logo\/image\/\",\"url\":\"https:\/\/kapitalis.com\/tunisie\/wp-content\/uploads\/2022\/05\/Kapitalis-big-size.png\",\"contentUrl\":\"https:\/\/kapitalis.com\/tunisie\/wp-content\/uploads\/2022\/05\/Kapitalis-big-size.png\",\"width\":5000,\"height\":1500,\"caption\":\"Kapitalis\"},\"image\":{\"@id\":\"https:\/\/kapitalis.com\/tunisie\/#\/schema\/logo\/image\/\"},\"sameAs\":[\"https:\/\/www.facebook.com\/KapitalisInfo\/\",\"https:\/\/x.com\/KapitalisInfo\",\"https:\/\/www.youtube.com\/channel\/UC-yDYrHyfFBWWZaOw3FPg9Q\"]},{\"@type\":\"Person\",\"@id\":\"https:\/\/kapitalis.com\/tunisie\/#\/schema\/person\/73a5ecc1f6ae540c6ed91342eadca948\",\"name\":\"Fawz BenAli\",\"url\":\"https:\/\/kapitalis.com\/tunisie\/author\/fawz\/\"}]}<\/script>\n<!-- \/ Yoast SEO plugin. -->","yoast_head_json":{"title":"Tunisie\u00a0: Ev\u00e9nements solidaires avec Souk Jara \u00e0 Gab\u00e8s - Kapitalis","robots":{"index":"index","follow":"follow","max-snippet":"max-snippet:-1","max-image-preview":"max-image-preview:large","max-video-preview":"max-video-preview:-1"},"canonical":"https:\/\/kapitalis.com\/tunisie\/2022\/05\/14\/tunisie-evenements-solidaires-avec-souk-jara-a-gabes\/","og_locale":"fr_FR","og_type":"article","og_title":"Tunisie\u00a0: Ev\u00e9nements solidaires avec Souk Jara \u00e0 Gab\u00e8s - Kapitalis","og_description":"Diff\u00e9rents \u00e9v\u00e9nements artistiques auront prochainement lieu en soutien au Souk Jara \u00e0 Gab\u00e8s qui a \u00e9t\u00e9 incendi\u00e9 au d\u00e9but de ce mois.","og_url":"https:\/\/kapitalis.com\/tunisie\/2022\/05\/14\/tunisie-evenements-solidaires-avec-souk-jara-a-gabes\/","og_site_name":"Kapitalis","article_publisher":"https:\/\/www.facebook.com\/KapitalisInfo\/","article_published_time":"2022-05-14T09:50:38+00:00","article_modified_time":"2022-05-14T09:53:30+00:00","og_image":[{"width":1200,"height":630,"url":"https:\/\/kapitalis.com\/tunisie\/wp-content\/uploads\/2022\/05\/Souk-Jara.jpg","type":"image\/jpeg"}],"author":"Fawz BenAli","twitter_card":"summary_large_image","twitter_creator":"@KapitalisInfo","twitter_site":"@KapitalisInfo","twitter_misc":{"\u00c9crit par":"Fawz BenAli","Dur\u00e9e de lecture estim\u00e9e":"1 minute"},"schema":{"@context":"https:\/\/schema.org","@graph":[{"@type":"Article","@id":"https:\/\/kapitalis.com\/tunisie\/2022\/05\/14\/tunisie-evenements-solidaires-avec-souk-jara-a-gabes\/#article","isPartOf":{"@id":"https:\/\/kapitalis.com\/tunisie\/2022\/05\/14\/tunisie-evenements-solidaires-avec-souk-jara-a-gabes\/"},"author":{"name":"Fawz BenAli","@id":"https:\/\/kapitalis.com\/tunisie\/#\/schema\/person\/73a5ecc1f6ae540c6ed91342eadca948"},"headline":"Tunisie\u00a0: Ev\u00e9nements solidaires avec Souk Jara \u00e0 Gab\u00e8s","datePublished":"2022-05-14T09:50:38+00:00","dateModified":"2022-05-14T09:53:30+00:00","mainEntityOfPage":{"@id":"https:\/\/kapitalis.com\/tunisie\/2022\/05\/14\/tunisie-evenements-solidaires-avec-souk-jara-a-gabes\/"},"wordCount":142,"commentCount":0,"publisher":{"@id":"https:\/\/kapitalis.com\/tunisie\/#organization"},"image":{"@id":"https:\/\/kapitalis.com\/tunisie\/2022\/05\/14\/tunisie-evenements-solidaires-avec-souk-jara-a-gabes\/#primaryimage"},"thumbnailUrl":"https:\/\/kapitalis.com\/tunisie\/wp-content\/uploads\/2022\/05\/Souk-Jara.jpg","keywords":["\u00e9v\u00e9nement solidaire","Gab\u00e8s","Souk Jara","Tunisie"],"articleSection":["CULTURE","SOCIETE","Tunisie"],"inLanguage":"fr-FR","potentialAction":[{"@type":"CommentAction","name":"Comment","target":["https:\/\/kapitalis.com\/tunisie\/2022\/05\/14\/tunisie-evenements-solidaires-avec-souk-jara-a-gabes\/#respond"]}]},{"@type":"WebPage","@id":"https:\/\/kapitalis.com\/tunisie\/2022\/05\/14\/tunisie-evenements-solidaires-avec-souk-jara-a-gabes\/","url":"https:\/\/kapitalis.com\/tunisie\/2022\/05\/14\/tunisie-evenements-solidaires-avec-souk-jara-a-gabes\/","name":"Tunisie\u00a0: Ev\u00e9nements solidaires avec Souk Jara \u00e0 Gab\u00e8s - Kapitalis","isPartOf":{"@id":"https:\/\/kapitalis.com\/tunisie\/#website"},"primaryImageOfPage":{"@id":"https:\/\/kapitalis.com\/tunisie\/2022\/05\/14\/tunisie-evenements-solidaires-avec-souk-jara-a-gabes\/#primaryimage"},"image":{"@id":"https:\/\/kapitalis.com\/tunisie\/2022\/05\/14\/tunisie-evenements-solidaires-avec-souk-jara-a-gabes\/#primaryimage"},"thumbnailUrl":"https:\/\/kapitalis.com\/tunisie\/wp-content\/uploads\/2022\/05\/Souk-Jara.jpg","datePublished":"2022-05-14T09:50:38+00:00","dateModified":"2022-05-14T09:53:30+00:00","breadcrumb":{"@id":"https:\/\/kapitalis.com\/tunisie\/2022\/05\/14\/tunisie-evenements-solidaires-avec-souk-jara-a-gabes\/#breadcrumb"},"inLanguage":"fr-FR","potentialAction":[{"@type":"ReadAction","target":["https:\/\/kapitalis.com\/tunisie\/2022\/05\/14\/tunisie-evenements-solidaires-avec-souk-jara-a-gabes\/"]}]},{"@type":"ImageObject","inLanguage":"fr-FR","@id":"https:\/\/kapitalis.com\/tunisie\/2022\/05\/14\/tunisie-evenements-solidaires-avec-souk-jara-a-gabes\/#primaryimage","url":"https:\/\/kapitalis.com\/tunisie\/wp-content\/uploads\/2022\/05\/Souk-Jara.jpg","contentUrl":"https:\/\/kapitalis.com\/tunisie\/wp-content\/uploads\/2022\/05\/Souk-Jara.jpg","width":1200,"height":630},{"@type":"BreadcrumbList","@id":"https:\/\/kapitalis.com\/tunisie\/2022\/05\/14\/tunisie-evenements-solidaires-avec-souk-jara-a-gabes\/#breadcrumb","itemListElement":[{"@type":"ListItem","position":1,"name":"Accueil","item":"https:\/\/kapitalis.com\/tunisie\/"},{"@type":"ListItem","position":2,"name":"Tunisie\u00a0: Ev\u00e9nements solidaires avec Souk Jara \u00e0 Gab\u00e8s"}]},{"@type":"WebSite","@id":"https:\/\/kapitalis.com\/tunisie\/#website","url":"https:\/\/kapitalis.com\/tunisie\/","name":"Kapitalis","description":"L&#039;actualit\u00e9 en Tunisie et dans le monde","publisher":{"@id":"https:\/\/kapitalis.com\/tunisie\/#organization"},"potentialAction":[{"@type":"SearchAction","target":{"@type":"EntryPoint","urlTemplate":"https:\/\/kapitalis.com\/tunisie\/?s={search_term_string}"},"query-input":{"@type":"PropertyValueSpecification","valueRequired":true,"valueName":"search_term_string"}}],"inLanguage":"fr-FR"},{"@type":"Organization","@id":"https:\/\/kapitalis.com\/tunisie\/#organization","name":"Kapitalis","url":"https:\/\/kapitalis.com\/tunisie\/","logo":{"@type":"ImageObject","inLanguage":"fr-FR","@id":"https:\/\/kapitalis.com\/tunisie\/#\/schema\/logo\/image\/","url":"https:\/\/kapitalis.com\/tunisie\/wp-content\/uploads\/2022\/05\/Kapitalis-big-size.png","contentUrl":"https:\/\/kapitalis.com\/tunisie\/wp-content\/uploads\/2022\/05\/Kapitalis-big-size.png","width":5000,"height":1500,"caption":"Kapitalis"},"image":{"@id":"https:\/\/kapitalis.com\/tunisie\/#\/schema\/logo\/image\/"},"sameAs":["https:\/\/www.facebook.com\/KapitalisInfo\/","https:\/\/x.com\/KapitalisInfo","https:\/\/www.youtube.com\/channel\/UC-yDYrHyfFBWWZaOw3FPg9Q"]},{"@type":"Person","@id":"https:\/\/kapitalis.com\/tunisie\/#\/schema\/person\/73a5ecc1f6ae540c6ed91342eadca948","name":"Fawz BenAli","url":"https:\/\/kapitalis.com\/tunisie\/author\/fawz\/"}]}},"_links":{"self":[{"href":"https:\/\/kapitalis.com\/tunisie\/wp-json\/wp\/v2\/posts\/646049","targetHints":{"allow":["GET"]}}],"collection":[{"href":"https:\/\/kapitalis.com\/tunisie\/wp-json\/wp\/v2\/posts"}],"about":[{"href":"https:\/\/kapitalis.com\/tunisie\/wp-json\/wp\/v2\/types\/post"}],"author":[{"embeddable":true,"href":"https:\/\/kapitalis.com\/tunisie\/wp-json\/wp\/v2\/users\/26"}],"replies":[{"embeddable":true,"href":"https:\/\/kapitalis.com\/tunisie\/wp-json\/wp\/v2\/comments?post=646049"}],"version-history":[{"count":0,"href":"https:\/\/kapitalis.com\/tunisie\/wp-json\/wp\/v2\/posts\/646049\/revisions"}],"wp:featuredmedia":[{"embeddable":true,"href":"https:\/\/kapitalis.com\/tunisie\/wp-json\/wp\/v2\/media\/646650"}],"wp:attachment":[{"href":"https:\/\/kapitalis.com\/tunisie\/wp-json\/wp\/v2\/media?parent=646049"}],"wp:term":[{"taxonomy":"category","embeddable":true,"href":"https:\/\/kapitalis.com\/tunisie\/wp-json\/wp\/v2\/categories?post=646049"},{"taxonomy":"post_tag","embeddable":true,"href":"https:\/\/kapitalis.com\/tunisie\/wp-json\/wp\/v2\/tags?post=646049"}],"curies":[{"name":"wp","href":"https:\/\/api.w.org\/{rel}","templated":true}]}}