{"id":64606,"date":"2016-09-14T09:45:03","date_gmt":"2016-09-14T08:45:03","guid":{"rendered":"http:\/\/kapitalis.com\/tunisie\/?p=64606"},"modified":"2016-09-14T09:46:00","modified_gmt":"2016-09-14T08:46:00","slug":"france-un-tunisien-decouvre-une-tete-de-cochon-devant-son-salon-de-coiffure","status":"publish","type":"post","link":"https:\/\/kapitalis.com\/tunisie\/2016\/09\/14\/france-un-tunisien-decouvre-une-tete-de-cochon-devant-son-salon-de-coiffure\/","title":{"rendered":"France\u00a0: Un Tunisien d\u00e9couvre une t\u00eate de cochon devant son salon de coiffure"},"content":{"rendered":"<p style=\"text-align: center;\"><img loading=\"lazy\" decoding=\"async\" class=\"alignnone size-full wp-image-64611\" src=\"http:\/\/kapitalis.com\/tunisie\/wp-content\/uploads\/2016\/09\/Tete-de-cochon.jpg\" alt=\"tete-de-cochon\" width=\"626\" height=\"380\" \/><\/p>\n<p><em><strong>Le coiffeur Mohamed Manoubi a d\u00e9couvert, dimanche dernier, une t\u00eate de cochon grill\u00e9e d\u00e9pos\u00e9e le matin \u00e0 l\u2019entr\u00e9e de son salon dans le centre-ville d\u2019Albert, en Picardie (France).<\/strong><\/em><\/p>\n<p><!--more--><\/p>\n<p>Le coiffeur tunisien, r\u00e9sidant en France depuis plus de 10 ans, a \u00e9t\u00e9 effar\u00e9 de d\u00e9couvrir, un mois apr\u00e8s l\u2019ouverture de son salon, la t\u00eate d\u2019un cochon grill\u00e9e d\u00e9pos\u00e9e sur le seuil de son salon.<\/p>\n<p>Dans une d\u00e9claration \u00e0 France 3 Picardie et au \u00ab\u00a0<em>Courrier picard\u00a0\u00bb<\/em>, M. Manoubi a d\u00e9plor\u00e9 cet acte racial et annonc\u00e9 qu\u2019il a d\u00e9pos\u00e9 une plainte contre X. <em>\u00abDepuis un mois et demi \u00e7a marche super bien, les clients sont super satisfaits, et voil\u00e0 ce qui se passe aujourd\u2019hui. Je suis d\u00e9go\u00fbt\u00e9. Avec le terrorisme et tout ce qui se passe, il y a une haine qui monte contre les m\u00e9tiss\u00e9s, les Arabes, les gens convertis \u00e0 l\u2019Islam. Dommage pour certains, je suis arabe, je suis Tunisien. Les terroristes sont des gens n\u00e9s en France et ce sont eux qui foutent la France en l\u2019air\u00bb<\/em>, a-t-il d\u00e9clar\u00e9, d\u00e9go\u00fbt\u00e9.<\/p>\n<p style=\"text-align: left;\">Une enqu\u00eate a \u00e9t\u00e9 ouverte par la gendarmerie de Picardie pour acte racial.<\/p>\n<p style=\"text-align: right;\"><strong>Z. A.\u00a0<\/strong><\/p>\n","protected":false},"excerpt":{"rendered":"<p>Le coiffeur Mohamed Manoubi a d\u00e9couvert, dimanche dernier, une t\u00eate de cochon grill\u00e9e d\u00e9pos\u00e9e le matin \u00e0 l\u2019entr\u00e9e de son salon dans le centre-ville d\u2019Albert, en Picardie (France).<\/p>\n","protected":false},"author":7,"featured_media":64611,"comment_status":"open","ping_status":"open","sticky":false,"template":"","format":"standard","meta":{"footnotes":""},"categories":[998,2433],"tags":[4519,395,500,897],"class_list":["post-64606","post","type-post","status-publish","format-standard","has-post-thumbnail","hentry","category-societe","category-tunisie","tag-arabe","tag-france","tag-islam","tag-terrorisme"],"yoast_head":"<!-- This site is optimized with the Yoast SEO plugin v26.6 - https:\/\/yoast.com\/wordpress\/plugins\/seo\/ -->\n<title>France\u00a0: Un Tunisien d\u00e9couvre une t\u00eate de cochon devant son salon de coiffure - Kapitalis<\/title>\n<meta name=\"robots\" content=\"index, follow, max-snippet:-1, max-image-preview:large, max-video-preview:-1\" \/>\n<link rel=\"canonical\" href=\"https:\/\/kapitalis.com\/tunisie\/2016\/09\/14\/france-un-tunisien-decouvre-une-tete-de-cochon-devant-son-salon-de-coiffure\/\" \/>\n<meta property=\"og:locale\" content=\"fr_FR\" \/>\n<meta property=\"og:type\" content=\"article\" \/>\n<meta property=\"og:title\" content=\"France\u00a0: Un Tunisien d\u00e9couvre une t\u00eate de cochon devant son salon de coiffure - Kapitalis\" \/>\n<meta property=\"og:description\" content=\"Le coiffeur Mohamed Manoubi a d\u00e9couvert, dimanche dernier, une t\u00eate de cochon grill\u00e9e d\u00e9pos\u00e9e le matin \u00e0 l\u2019entr\u00e9e de son salon dans le centre-ville d\u2019Albert, en Picardie (France).\" \/>\n<meta property=\"og:url\" content=\"https:\/\/kapitalis.com\/tunisie\/2016\/09\/14\/france-un-tunisien-decouvre-une-tete-de-cochon-devant-son-salon-de-coiffure\/\" \/>\n<meta property=\"og:site_name\" content=\"Kapitalis\" \/>\n<meta property=\"article:publisher\" content=\"https:\/\/www.facebook.com\/KapitalisInfo\/\" \/>\n<meta property=\"article:published_time\" content=\"2016-09-14T08:45:03+00:00\" \/>\n<meta property=\"article:modified_time\" content=\"2016-09-14T08:46:00+00:00\" \/>\n<meta property=\"og:image\" content=\"https:\/\/kapitalis.com\/tunisie\/wp-content\/uploads\/2022\/05\/kapitalis-logo-fb.png\" \/>\n\t<meta property=\"og:image:width\" content=\"1200\" \/>\n\t<meta property=\"og:image:height\" content=\"630\" \/>\n\t<meta property=\"og:image:type\" content=\"image\/png\" \/>\n<meta name=\"author\" content=\"zohra abid\" \/>\n<meta name=\"twitter:card\" content=\"summary_large_image\" \/>\n<meta name=\"twitter:creator\" content=\"@KapitalisInfo\" \/>\n<meta name=\"twitter:site\" content=\"@KapitalisInfo\" \/>\n<meta name=\"twitter:label1\" content=\"\u00c9crit par\" \/>\n\t<meta name=\"twitter:data1\" content=\"zohra abid\" \/>\n\t<meta name=\"twitter:label2\" content=\"Dur\u00e9e de lecture estim\u00e9e\" \/>\n\t<meta name=\"twitter:data2\" content=\"1 minute\" \/>\n<script type=\"application\/ld+json\" class=\"yoast-schema-graph\">{\"@context\":\"https:\/\/schema.org\",\"@graph\":[{\"@type\":\"Article\",\"@id\":\"https:\/\/kapitalis.com\/tunisie\/2016\/09\/14\/france-un-tunisien-decouvre-une-tete-de-cochon-devant-son-salon-de-coiffure\/#article\",\"isPartOf\":{\"@id\":\"https:\/\/kapitalis.com\/tunisie\/2016\/09\/14\/france-un-tunisien-decouvre-une-tete-de-cochon-devant-son-salon-de-coiffure\/\"},\"author\":{\"name\":\"zohra abid\",\"@id\":\"https:\/\/kapitalis.com\/tunisie\/#\/schema\/person\/6fc2988ceb6eacf6836db1d8360b4912\"},\"headline\":\"France\u00a0: Un Tunisien d\u00e9couvre une t\u00eate de cochon devant son salon de coiffure\",\"datePublished\":\"2016-09-14T08:45:03+00:00\",\"dateModified\":\"2016-09-14T08:46:00+00:00\",\"mainEntityOfPage\":{\"@id\":\"https:\/\/kapitalis.com\/tunisie\/2016\/09\/14\/france-un-tunisien-decouvre-une-tete-de-cochon-devant-son-salon-de-coiffure\/\"},\"wordCount\":228,\"commentCount\":13,\"publisher\":{\"@id\":\"https:\/\/kapitalis.com\/tunisie\/#organization\"},\"image\":{\"@id\":\"https:\/\/kapitalis.com\/tunisie\/2016\/09\/14\/france-un-tunisien-decouvre-une-tete-de-cochon-devant-son-salon-de-coiffure\/#primaryimage\"},\"thumbnailUrl\":\"\",\"keywords\":[\"Arabe\",\"France\",\"islam\",\"terrorisme\"],\"articleSection\":[\"SOCIETE\",\"Tunisie\"],\"inLanguage\":\"fr-FR\",\"potentialAction\":[{\"@type\":\"CommentAction\",\"name\":\"Comment\",\"target\":[\"https:\/\/kapitalis.com\/tunisie\/2016\/09\/14\/france-un-tunisien-decouvre-une-tete-de-cochon-devant-son-salon-de-coiffure\/#respond\"]}]},{\"@type\":\"WebPage\",\"@id\":\"https:\/\/kapitalis.com\/tunisie\/2016\/09\/14\/france-un-tunisien-decouvre-une-tete-de-cochon-devant-son-salon-de-coiffure\/\",\"url\":\"https:\/\/kapitalis.com\/tunisie\/2016\/09\/14\/france-un-tunisien-decouvre-une-tete-de-cochon-devant-son-salon-de-coiffure\/\",\"name\":\"France\u00a0: Un Tunisien d\u00e9couvre une t\u00eate de cochon devant son salon de coiffure - Kapitalis\",\"isPartOf\":{\"@id\":\"https:\/\/kapitalis.com\/tunisie\/#website\"},\"primaryImageOfPage\":{\"@id\":\"https:\/\/kapitalis.com\/tunisie\/2016\/09\/14\/france-un-tunisien-decouvre-une-tete-de-cochon-devant-son-salon-de-coiffure\/#primaryimage\"},\"image\":{\"@id\":\"https:\/\/kapitalis.com\/tunisie\/2016\/09\/14\/france-un-tunisien-decouvre-une-tete-de-cochon-devant-son-salon-de-coiffure\/#primaryimage\"},\"thumbnailUrl\":\"\",\"datePublished\":\"2016-09-14T08:45:03+00:00\",\"dateModified\":\"2016-09-14T08:46:00+00:00\",\"breadcrumb\":{\"@id\":\"https:\/\/kapitalis.com\/tunisie\/2016\/09\/14\/france-un-tunisien-decouvre-une-tete-de-cochon-devant-son-salon-de-coiffure\/#breadcrumb\"},\"inLanguage\":\"fr-FR\",\"potentialAction\":[{\"@type\":\"ReadAction\",\"target\":[\"https:\/\/kapitalis.com\/tunisie\/2016\/09\/14\/france-un-tunisien-decouvre-une-tete-de-cochon-devant-son-salon-de-coiffure\/\"]}]},{\"@type\":\"ImageObject\",\"inLanguage\":\"fr-FR\",\"@id\":\"https:\/\/kapitalis.com\/tunisie\/2016\/09\/14\/france-un-tunisien-decouvre-une-tete-de-cochon-devant-son-salon-de-coiffure\/#primaryimage\",\"url\":\"\",\"contentUrl\":\"\"},{\"@type\":\"BreadcrumbList\",\"@id\":\"https:\/\/kapitalis.com\/tunisie\/2016\/09\/14\/france-un-tunisien-decouvre-une-tete-de-cochon-devant-son-salon-de-coiffure\/#breadcrumb\",\"itemListElement\":[{\"@type\":\"ListItem\",\"position\":1,\"name\":\"Accueil\",\"item\":\"https:\/\/kapitalis.com\/tunisie\/\"},{\"@type\":\"ListItem\",\"position\":2,\"name\":\"France\u00a0: Un Tunisien d\u00e9couvre une t\u00eate de cochon devant son salon de coiffure\"}]},{\"@type\":\"WebSite\",\"@id\":\"https:\/\/kapitalis.com\/tunisie\/#website\",\"url\":\"https:\/\/kapitalis.com\/tunisie\/\",\"name\":\"Kapitalis\",\"description\":\"L&#039;actualit\u00e9 en Tunisie et dans le monde\",\"publisher\":{\"@id\":\"https:\/\/kapitalis.com\/tunisie\/#organization\"},\"potentialAction\":[{\"@type\":\"SearchAction\",\"target\":{\"@type\":\"EntryPoint\",\"urlTemplate\":\"https:\/\/kapitalis.com\/tunisie\/?s={search_term_string}\"},\"query-input\":{\"@type\":\"PropertyValueSpecification\",\"valueRequired\":true,\"valueName\":\"search_term_string\"}}],\"inLanguage\":\"fr-FR\"},{\"@type\":\"Organization\",\"@id\":\"https:\/\/kapitalis.com\/tunisie\/#organization\",\"name\":\"Kapitalis\",\"url\":\"https:\/\/kapitalis.com\/tunisie\/\",\"logo\":{\"@type\":\"ImageObject\",\"inLanguage\":\"fr-FR\",\"@id\":\"https:\/\/kapitalis.com\/tunisie\/#\/schema\/logo\/image\/\",\"url\":\"https:\/\/kapitalis.com\/tunisie\/wp-content\/uploads\/2022\/05\/Kapitalis-big-size.png\",\"contentUrl\":\"https:\/\/kapitalis.com\/tunisie\/wp-content\/uploads\/2022\/05\/Kapitalis-big-size.png\",\"width\":5000,\"height\":1500,\"caption\":\"Kapitalis\"},\"image\":{\"@id\":\"https:\/\/kapitalis.com\/tunisie\/#\/schema\/logo\/image\/\"},\"sameAs\":[\"https:\/\/www.facebook.com\/KapitalisInfo\/\",\"https:\/\/x.com\/KapitalisInfo\",\"https:\/\/www.youtube.com\/channel\/UC-yDYrHyfFBWWZaOw3FPg9Q\"]},{\"@type\":\"Person\",\"@id\":\"https:\/\/kapitalis.com\/tunisie\/#\/schema\/person\/6fc2988ceb6eacf6836db1d8360b4912\",\"name\":\"zohra abid\",\"url\":\"https:\/\/kapitalis.com\/tunisie\/author\/zohra-abid-2015\/\"}]}<\/script>\n<!-- \/ Yoast SEO plugin. -->","yoast_head_json":{"title":"France\u00a0: Un Tunisien d\u00e9couvre une t\u00eate de cochon devant son salon de coiffure - Kapitalis","robots":{"index":"index","follow":"follow","max-snippet":"max-snippet:-1","max-image-preview":"max-image-preview:large","max-video-preview":"max-video-preview:-1"},"canonical":"https:\/\/kapitalis.com\/tunisie\/2016\/09\/14\/france-un-tunisien-decouvre-une-tete-de-cochon-devant-son-salon-de-coiffure\/","og_locale":"fr_FR","og_type":"article","og_title":"France\u00a0: Un Tunisien d\u00e9couvre une t\u00eate de cochon devant son salon de coiffure - Kapitalis","og_description":"Le coiffeur Mohamed Manoubi a d\u00e9couvert, dimanche dernier, une t\u00eate de cochon grill\u00e9e d\u00e9pos\u00e9e le matin \u00e0 l\u2019entr\u00e9e de son salon dans le centre-ville d\u2019Albert, en Picardie (France).","og_url":"https:\/\/kapitalis.com\/tunisie\/2016\/09\/14\/france-un-tunisien-decouvre-une-tete-de-cochon-devant-son-salon-de-coiffure\/","og_site_name":"Kapitalis","article_publisher":"https:\/\/www.facebook.com\/KapitalisInfo\/","article_published_time":"2016-09-14T08:45:03+00:00","article_modified_time":"2016-09-14T08:46:00+00:00","og_image":[{"width":1200,"height":630,"url":"https:\/\/kapitalis.com\/tunisie\/wp-content\/uploads\/2022\/05\/kapitalis-logo-fb.png","type":"image\/png"}],"author":"zohra abid","twitter_card":"summary_large_image","twitter_creator":"@KapitalisInfo","twitter_site":"@KapitalisInfo","twitter_misc":{"\u00c9crit par":"zohra abid","Dur\u00e9e de lecture estim\u00e9e":"1 minute"},"schema":{"@context":"https:\/\/schema.org","@graph":[{"@type":"Article","@id":"https:\/\/kapitalis.com\/tunisie\/2016\/09\/14\/france-un-tunisien-decouvre-une-tete-de-cochon-devant-son-salon-de-coiffure\/#article","isPartOf":{"@id":"https:\/\/kapitalis.com\/tunisie\/2016\/09\/14\/france-un-tunisien-decouvre-une-tete-de-cochon-devant-son-salon-de-coiffure\/"},"author":{"name":"zohra abid","@id":"https:\/\/kapitalis.com\/tunisie\/#\/schema\/person\/6fc2988ceb6eacf6836db1d8360b4912"},"headline":"France\u00a0: Un Tunisien d\u00e9couvre une t\u00eate de cochon devant son salon de coiffure","datePublished":"2016-09-14T08:45:03+00:00","dateModified":"2016-09-14T08:46:00+00:00","mainEntityOfPage":{"@id":"https:\/\/kapitalis.com\/tunisie\/2016\/09\/14\/france-un-tunisien-decouvre-une-tete-de-cochon-devant-son-salon-de-coiffure\/"},"wordCount":228,"commentCount":13,"publisher":{"@id":"https:\/\/kapitalis.com\/tunisie\/#organization"},"image":{"@id":"https:\/\/kapitalis.com\/tunisie\/2016\/09\/14\/france-un-tunisien-decouvre-une-tete-de-cochon-devant-son-salon-de-coiffure\/#primaryimage"},"thumbnailUrl":"","keywords":["Arabe","France","islam","terrorisme"],"articleSection":["SOCIETE","Tunisie"],"inLanguage":"fr-FR","potentialAction":[{"@type":"CommentAction","name":"Comment","target":["https:\/\/kapitalis.com\/tunisie\/2016\/09\/14\/france-un-tunisien-decouvre-une-tete-de-cochon-devant-son-salon-de-coiffure\/#respond"]}]},{"@type":"WebPage","@id":"https:\/\/kapitalis.com\/tunisie\/2016\/09\/14\/france-un-tunisien-decouvre-une-tete-de-cochon-devant-son-salon-de-coiffure\/","url":"https:\/\/kapitalis.com\/tunisie\/2016\/09\/14\/france-un-tunisien-decouvre-une-tete-de-cochon-devant-son-salon-de-coiffure\/","name":"France\u00a0: Un Tunisien d\u00e9couvre une t\u00eate de cochon devant son salon de coiffure - Kapitalis","isPartOf":{"@id":"https:\/\/kapitalis.com\/tunisie\/#website"},"primaryImageOfPage":{"@id":"https:\/\/kapitalis.com\/tunisie\/2016\/09\/14\/france-un-tunisien-decouvre-une-tete-de-cochon-devant-son-salon-de-coiffure\/#primaryimage"},"image":{"@id":"https:\/\/kapitalis.com\/tunisie\/2016\/09\/14\/france-un-tunisien-decouvre-une-tete-de-cochon-devant-son-salon-de-coiffure\/#primaryimage"},"thumbnailUrl":"","datePublished":"2016-09-14T08:45:03+00:00","dateModified":"2016-09-14T08:46:00+00:00","breadcrumb":{"@id":"https:\/\/kapitalis.com\/tunisie\/2016\/09\/14\/france-un-tunisien-decouvre-une-tete-de-cochon-devant-son-salon-de-coiffure\/#breadcrumb"},"inLanguage":"fr-FR","potentialAction":[{"@type":"ReadAction","target":["https:\/\/kapitalis.com\/tunisie\/2016\/09\/14\/france-un-tunisien-decouvre-une-tete-de-cochon-devant-son-salon-de-coiffure\/"]}]},{"@type":"ImageObject","inLanguage":"fr-FR","@id":"https:\/\/kapitalis.com\/tunisie\/2016\/09\/14\/france-un-tunisien-decouvre-une-tete-de-cochon-devant-son-salon-de-coiffure\/#primaryimage","url":"","contentUrl":""},{"@type":"BreadcrumbList","@id":"https:\/\/kapitalis.com\/tunisie\/2016\/09\/14\/france-un-tunisien-decouvre-une-tete-de-cochon-devant-son-salon-de-coiffure\/#breadcrumb","itemListElement":[{"@type":"ListItem","position":1,"name":"Accueil","item":"https:\/\/kapitalis.com\/tunisie\/"},{"@type":"ListItem","position":2,"name":"France\u00a0: Un Tunisien d\u00e9couvre une t\u00eate de cochon devant son salon de coiffure"}]},{"@type":"WebSite","@id":"https:\/\/kapitalis.com\/tunisie\/#website","url":"https:\/\/kapitalis.com\/tunisie\/","name":"Kapitalis","description":"L&#039;actualit\u00e9 en Tunisie et dans le monde","publisher":{"@id":"https:\/\/kapitalis.com\/tunisie\/#organization"},"potentialAction":[{"@type":"SearchAction","target":{"@type":"EntryPoint","urlTemplate":"https:\/\/kapitalis.com\/tunisie\/?s={search_term_string}"},"query-input":{"@type":"PropertyValueSpecification","valueRequired":true,"valueName":"search_term_string"}}],"inLanguage":"fr-FR"},{"@type":"Organization","@id":"https:\/\/kapitalis.com\/tunisie\/#organization","name":"Kapitalis","url":"https:\/\/kapitalis.com\/tunisie\/","logo":{"@type":"ImageObject","inLanguage":"fr-FR","@id":"https:\/\/kapitalis.com\/tunisie\/#\/schema\/logo\/image\/","url":"https:\/\/kapitalis.com\/tunisie\/wp-content\/uploads\/2022\/05\/Kapitalis-big-size.png","contentUrl":"https:\/\/kapitalis.com\/tunisie\/wp-content\/uploads\/2022\/05\/Kapitalis-big-size.png","width":5000,"height":1500,"caption":"Kapitalis"},"image":{"@id":"https:\/\/kapitalis.com\/tunisie\/#\/schema\/logo\/image\/"},"sameAs":["https:\/\/www.facebook.com\/KapitalisInfo\/","https:\/\/x.com\/KapitalisInfo","https:\/\/www.youtube.com\/channel\/UC-yDYrHyfFBWWZaOw3FPg9Q"]},{"@type":"Person","@id":"https:\/\/kapitalis.com\/tunisie\/#\/schema\/person\/6fc2988ceb6eacf6836db1d8360b4912","name":"zohra abid","url":"https:\/\/kapitalis.com\/tunisie\/author\/zohra-abid-2015\/"}]}},"_links":{"self":[{"href":"https:\/\/kapitalis.com\/tunisie\/wp-json\/wp\/v2\/posts\/64606","targetHints":{"allow":["GET"]}}],"collection":[{"href":"https:\/\/kapitalis.com\/tunisie\/wp-json\/wp\/v2\/posts"}],"about":[{"href":"https:\/\/kapitalis.com\/tunisie\/wp-json\/wp\/v2\/types\/post"}],"author":[{"embeddable":true,"href":"https:\/\/kapitalis.com\/tunisie\/wp-json\/wp\/v2\/users\/7"}],"replies":[{"embeddable":true,"href":"https:\/\/kapitalis.com\/tunisie\/wp-json\/wp\/v2\/comments?post=64606"}],"version-history":[{"count":0,"href":"https:\/\/kapitalis.com\/tunisie\/wp-json\/wp\/v2\/posts\/64606\/revisions"}],"wp:featuredmedia":[{"embeddable":true,"href":"https:\/\/kapitalis.com\/tunisie\/wp-json\/wp\/v2\/media\/64611"}],"wp:attachment":[{"href":"https:\/\/kapitalis.com\/tunisie\/wp-json\/wp\/v2\/media?parent=64606"}],"wp:term":[{"taxonomy":"category","embeddable":true,"href":"https:\/\/kapitalis.com\/tunisie\/wp-json\/wp\/v2\/categories?post=64606"},{"taxonomy":"post_tag","embeddable":true,"href":"https:\/\/kapitalis.com\/tunisie\/wp-json\/wp\/v2\/tags?post=64606"}],"curies":[{"name":"wp","href":"https:\/\/api.w.org\/{rel}","templated":true}]}}