{"id":64738,"date":"2016-09-15T16:43:49","date_gmt":"2016-09-15T15:43:49","guid":{"rendered":"http:\/\/kapitalis.com\/tunisie\/?p=64738"},"modified":"2016-09-15T16:55:19","modified_gmt":"2016-09-15T15:55:19","slug":"la-fondation-biat-etend-action-un-cartable-un-avenir-55-ecoles","status":"publish","type":"post","link":"https:\/\/kapitalis.com\/tunisie\/2016\/09\/15\/la-fondation-biat-etend-action-un-cartable-un-avenir-55-ecoles\/","title":{"rendered":"La Fondation Biat \u00e9tend son action \u00abUn cartable, un avenir\u00bb \u00e0 55 \u00e9coles"},"content":{"rendered":"<p style=\"text-align: center;\"><img loading=\"lazy\" decoding=\"async\" class=\"alignnone size-full wp-image-64739\" src=\"http:\/\/kapitalis.com\/tunisie\/wp-content\/uploads\/2016\/09\/Fondation-Biat-Un-cartable.jpg\" alt=\"fondation-biat-un-cartable\" width=\"626\" height=\"380\" \/><\/p>\n<p style=\"text-align: left;\"><em><strong>Pour la rentr\u00e9e scolaire 2016-2017, la Fondation Biat pour la jeunesse reprend son action solidaire \u00abUn cartable, un avenir\u00bb, qui participe \u00e0 la lutte contre l\u2019abandon scolaire.<\/strong><\/em><\/p>\n<p style=\"text-align: left;\"><!--more--><\/p>\n<p style=\"text-align: left;\">Aujourd\u2019hui, en Tunisie, plus de 100.000 cas d\u2019abandon scolaire sont recens\u00e9s chaque ann\u00e9e et touche particuli\u00e8rement les jeunes des zones rurales du pays. C\u2019est la pr\u00e9carit\u00e9 des familles et le manque de moyens qui sont la cause de cet abandon.<\/p>\n<p style=\"text-align: left;\">Avec son action <em>\u00abUn cartable, un avenir\u00bb,<\/em> la Fondation Biat pour la jeunesse consolide son engagement citoyen en faveur de l\u2019\u00e9galit\u00e9 des chances en soutenant et en encourageant les jeunes \u00e0 pers\u00e9v\u00e9rer dans leur parcours scolaire.<\/p>\n<p style=\"text-align: left;\">La fondation poursuit son action et l\u2019\u00e9tend, cette ann\u00e9e, \u00e0 55 \u00e9coles primaires, en offrant \u00e0 tous leurs \u00e9l\u00e8ves un cartable avec tout le n\u00e9cessaire scolaire, soit plus de 5.000 cartables. Les \u00e9coles cibl\u00e9es se trouvent dans les r\u00e9gions non communales dont la population ne d\u00e9passe pas 3.000 habitants.<\/p>\n<p style=\"text-align: left;\">La p\u00e9rennisation de cette action permet de tisser des liens entre la Fondation Biat et ces jeunes qui assureront le d\u00e9veloppement de leurs r\u00e9gions.<\/p>\n<p style=\"text-align: left;\">Cr\u00e9\u00e9e en mars 2014, \u00e0 l\u2019initiative du pr\u00e9sident du conseil d\u2019administration de la Banque internationale arabe de Tunisie (Biat), Isma\u00efl Mabrouk, la <a href=\"http:\/\/www.fondationbiat.org.tn\">Fondation Biat<\/a> accompagne la jeunesse tunisienne dans le but de r\u00e9duire les in\u00e9galit\u00e9s sociales, de soutenir la cr\u00e9ation et la diversit\u00e9 culturelle, \u00e0 travers trois axes: l\u2019\u00e9ducation, la culture et la promotion de l\u2019entrepreneuriat.<\/p>\n<p style=\"text-align: left;\">La Fondation, pr\u00e9sid\u00e9e par Tahar Sioud, est une organisation \u00e0 but non lucratif. Elle est une traduction concr\u00e8te et p\u00e9renne de l\u2019engagement citoyen et de la d\u00e9marche de responsabilit\u00e9 sociale de la Biat.<\/p>\n<p style=\"text-align: left;\"><em><strong>Source<\/strong><\/em> : communiqu\u00e9.<\/p>\n","protected":false},"excerpt":{"rendered":"<p>Pour la rentr\u00e9e scolaire 2016-2017, la Fondation Biat pour la jeunesse reprend son action solidaire \u00abUn cartable, un avenir\u00bb, qui participe \u00e0 la lutte contre l\u2019abandon scolaire.<\/p>\n","protected":false},"author":8,"featured_media":64739,"comment_status":"open","ping_status":"open","sticky":false,"template":"","format":"standard","meta":{"footnotes":""},"categories":[998,2433],"tags":[1750,12697,1221,9295],"class_list":["post-64738","post","type-post","status-publish","format-standard","has-post-thumbnail","hentry","category-societe","category-tunisie","tag-ecoles","tag-fondation-biat","tag-ismail-mabrouk","tag-tahar-sioud"],"yoast_head":"<!-- This site is optimized with the Yoast SEO plugin v26.6 - https:\/\/yoast.com\/wordpress\/plugins\/seo\/ -->\n<title>La Fondation Biat \u00e9tend son action \u00abUn cartable, un avenir\u00bb \u00e0 55 \u00e9coles - Kapitalis<\/title>\n<meta name=\"robots\" content=\"index, follow, max-snippet:-1, max-image-preview:large, max-video-preview:-1\" \/>\n<link rel=\"canonical\" href=\"https:\/\/kapitalis.com\/tunisie\/2016\/09\/15\/la-fondation-biat-etend-action-un-cartable-un-avenir-55-ecoles\/\" \/>\n<meta property=\"og:locale\" content=\"fr_FR\" \/>\n<meta property=\"og:type\" content=\"article\" \/>\n<meta property=\"og:title\" content=\"La Fondation Biat \u00e9tend son action \u00abUn cartable, un avenir\u00bb \u00e0 55 \u00e9coles - Kapitalis\" \/>\n<meta property=\"og:description\" content=\"Pour la rentr\u00e9e scolaire 2016-2017, la Fondation Biat pour la jeunesse reprend son action solidaire \u00abUn cartable, un avenir\u00bb, qui participe \u00e0 la lutte contre l\u2019abandon scolaire.\" \/>\n<meta property=\"og:url\" content=\"https:\/\/kapitalis.com\/tunisie\/2016\/09\/15\/la-fondation-biat-etend-action-un-cartable-un-avenir-55-ecoles\/\" \/>\n<meta property=\"og:site_name\" content=\"Kapitalis\" \/>\n<meta property=\"article:publisher\" content=\"https:\/\/www.facebook.com\/KapitalisInfo\/\" \/>\n<meta property=\"article:published_time\" content=\"2016-09-15T15:43:49+00:00\" \/>\n<meta property=\"article:modified_time\" content=\"2016-09-15T15:55:19+00:00\" \/>\n<meta property=\"og:image\" content=\"https:\/\/kapitalis.com\/tunisie\/wp-content\/uploads\/2022\/05\/kapitalis-logo-fb.png\" \/>\n\t<meta property=\"og:image:width\" content=\"1200\" \/>\n\t<meta property=\"og:image:height\" content=\"630\" \/>\n\t<meta property=\"og:image:type\" content=\"image\/png\" \/>\n<meta name=\"author\" content=\"webmaster kapitalis\" \/>\n<meta name=\"twitter:card\" content=\"summary_large_image\" \/>\n<meta name=\"twitter:creator\" content=\"@KapitalisInfo\" \/>\n<meta name=\"twitter:site\" content=\"@KapitalisInfo\" \/>\n<meta name=\"twitter:label1\" content=\"\u00c9crit par\" \/>\n\t<meta name=\"twitter:data1\" content=\"webmaster kapitalis\" \/>\n\t<meta name=\"twitter:label2\" content=\"Dur\u00e9e de lecture estim\u00e9e\" \/>\n\t<meta name=\"twitter:data2\" content=\"1 minute\" \/>\n<script type=\"application\/ld+json\" class=\"yoast-schema-graph\">{\"@context\":\"https:\/\/schema.org\",\"@graph\":[{\"@type\":\"Article\",\"@id\":\"https:\/\/kapitalis.com\/tunisie\/2016\/09\/15\/la-fondation-biat-etend-action-un-cartable-un-avenir-55-ecoles\/#article\",\"isPartOf\":{\"@id\":\"https:\/\/kapitalis.com\/tunisie\/2016\/09\/15\/la-fondation-biat-etend-action-un-cartable-un-avenir-55-ecoles\/\"},\"author\":{\"name\":\"webmaster kapitalis\",\"@id\":\"https:\/\/kapitalis.com\/tunisie\/#\/schema\/person\/d71f33a9ca44f7bad4698210b480c8e9\"},\"headline\":\"La Fondation Biat \u00e9tend son action \u00abUn cartable, un avenir\u00bb \u00e0 55 \u00e9coles\",\"datePublished\":\"2016-09-15T15:43:49+00:00\",\"dateModified\":\"2016-09-15T15:55:19+00:00\",\"mainEntityOfPage\":{\"@id\":\"https:\/\/kapitalis.com\/tunisie\/2016\/09\/15\/la-fondation-biat-etend-action-un-cartable-un-avenir-55-ecoles\/\"},\"wordCount\":305,\"commentCount\":0,\"publisher\":{\"@id\":\"https:\/\/kapitalis.com\/tunisie\/#organization\"},\"image\":{\"@id\":\"https:\/\/kapitalis.com\/tunisie\/2016\/09\/15\/la-fondation-biat-etend-action-un-cartable-un-avenir-55-ecoles\/#primaryimage\"},\"thumbnailUrl\":\"\",\"keywords\":[\"\u00e9coles\",\"Fondation Biat\",\"Isma\u00efl Mabrouk\",\"Tahar Sioud\"],\"articleSection\":[\"SOCIETE\",\"Tunisie\"],\"inLanguage\":\"fr-FR\",\"potentialAction\":[{\"@type\":\"CommentAction\",\"name\":\"Comment\",\"target\":[\"https:\/\/kapitalis.com\/tunisie\/2016\/09\/15\/la-fondation-biat-etend-action-un-cartable-un-avenir-55-ecoles\/#respond\"]}]},{\"@type\":\"WebPage\",\"@id\":\"https:\/\/kapitalis.com\/tunisie\/2016\/09\/15\/la-fondation-biat-etend-action-un-cartable-un-avenir-55-ecoles\/\",\"url\":\"https:\/\/kapitalis.com\/tunisie\/2016\/09\/15\/la-fondation-biat-etend-action-un-cartable-un-avenir-55-ecoles\/\",\"name\":\"La Fondation Biat \u00e9tend son action \u00abUn cartable, un avenir\u00bb \u00e0 55 \u00e9coles - Kapitalis\",\"isPartOf\":{\"@id\":\"https:\/\/kapitalis.com\/tunisie\/#website\"},\"primaryImageOfPage\":{\"@id\":\"https:\/\/kapitalis.com\/tunisie\/2016\/09\/15\/la-fondation-biat-etend-action-un-cartable-un-avenir-55-ecoles\/#primaryimage\"},\"image\":{\"@id\":\"https:\/\/kapitalis.com\/tunisie\/2016\/09\/15\/la-fondation-biat-etend-action-un-cartable-un-avenir-55-ecoles\/#primaryimage\"},\"thumbnailUrl\":\"\",\"datePublished\":\"2016-09-15T15:43:49+00:00\",\"dateModified\":\"2016-09-15T15:55:19+00:00\",\"breadcrumb\":{\"@id\":\"https:\/\/kapitalis.com\/tunisie\/2016\/09\/15\/la-fondation-biat-etend-action-un-cartable-un-avenir-55-ecoles\/#breadcrumb\"},\"inLanguage\":\"fr-FR\",\"potentialAction\":[{\"@type\":\"ReadAction\",\"target\":[\"https:\/\/kapitalis.com\/tunisie\/2016\/09\/15\/la-fondation-biat-etend-action-un-cartable-un-avenir-55-ecoles\/\"]}]},{\"@type\":\"ImageObject\",\"inLanguage\":\"fr-FR\",\"@id\":\"https:\/\/kapitalis.com\/tunisie\/2016\/09\/15\/la-fondation-biat-etend-action-un-cartable-un-avenir-55-ecoles\/#primaryimage\",\"url\":\"\",\"contentUrl\":\"\"},{\"@type\":\"BreadcrumbList\",\"@id\":\"https:\/\/kapitalis.com\/tunisie\/2016\/09\/15\/la-fondation-biat-etend-action-un-cartable-un-avenir-55-ecoles\/#breadcrumb\",\"itemListElement\":[{\"@type\":\"ListItem\",\"position\":1,\"name\":\"Accueil\",\"item\":\"https:\/\/kapitalis.com\/tunisie\/\"},{\"@type\":\"ListItem\",\"position\":2,\"name\":\"La Fondation Biat \u00e9tend son action \u00abUn cartable, un avenir\u00bb \u00e0 55 \u00e9coles\"}]},{\"@type\":\"WebSite\",\"@id\":\"https:\/\/kapitalis.com\/tunisie\/#website\",\"url\":\"https:\/\/kapitalis.com\/tunisie\/\",\"name\":\"Kapitalis\",\"description\":\"L&#039;actualit\u00e9 en Tunisie et dans le monde\",\"publisher\":{\"@id\":\"https:\/\/kapitalis.com\/tunisie\/#organization\"},\"potentialAction\":[{\"@type\":\"SearchAction\",\"target\":{\"@type\":\"EntryPoint\",\"urlTemplate\":\"https:\/\/kapitalis.com\/tunisie\/?s={search_term_string}\"},\"query-input\":{\"@type\":\"PropertyValueSpecification\",\"valueRequired\":true,\"valueName\":\"search_term_string\"}}],\"inLanguage\":\"fr-FR\"},{\"@type\":\"Organization\",\"@id\":\"https:\/\/kapitalis.com\/tunisie\/#organization\",\"name\":\"Kapitalis\",\"url\":\"https:\/\/kapitalis.com\/tunisie\/\",\"logo\":{\"@type\":\"ImageObject\",\"inLanguage\":\"fr-FR\",\"@id\":\"https:\/\/kapitalis.com\/tunisie\/#\/schema\/logo\/image\/\",\"url\":\"https:\/\/kapitalis.com\/tunisie\/wp-content\/uploads\/2022\/05\/Kapitalis-big-size.png\",\"contentUrl\":\"https:\/\/kapitalis.com\/tunisie\/wp-content\/uploads\/2022\/05\/Kapitalis-big-size.png\",\"width\":5000,\"height\":1500,\"caption\":\"Kapitalis\"},\"image\":{\"@id\":\"https:\/\/kapitalis.com\/tunisie\/#\/schema\/logo\/image\/\"},\"sameAs\":[\"https:\/\/www.facebook.com\/KapitalisInfo\/\",\"https:\/\/x.com\/KapitalisInfo\",\"https:\/\/www.youtube.com\/channel\/UC-yDYrHyfFBWWZaOw3FPg9Q\"]},{\"@type\":\"Person\",\"@id\":\"https:\/\/kapitalis.com\/tunisie\/#\/schema\/person\/d71f33a9ca44f7bad4698210b480c8e9\",\"name\":\"webmaster kapitalis\",\"url\":\"https:\/\/kapitalis.com\/tunisie\/author\/webmaster-kapitalis\/\"}]}<\/script>\n<!-- \/ Yoast SEO plugin. -->","yoast_head_json":{"title":"La Fondation Biat \u00e9tend son action \u00abUn cartable, un avenir\u00bb \u00e0 55 \u00e9coles - Kapitalis","robots":{"index":"index","follow":"follow","max-snippet":"max-snippet:-1","max-image-preview":"max-image-preview:large","max-video-preview":"max-video-preview:-1"},"canonical":"https:\/\/kapitalis.com\/tunisie\/2016\/09\/15\/la-fondation-biat-etend-action-un-cartable-un-avenir-55-ecoles\/","og_locale":"fr_FR","og_type":"article","og_title":"La Fondation Biat \u00e9tend son action \u00abUn cartable, un avenir\u00bb \u00e0 55 \u00e9coles - Kapitalis","og_description":"Pour la rentr\u00e9e scolaire 2016-2017, la Fondation Biat pour la jeunesse reprend son action solidaire \u00abUn cartable, un avenir\u00bb, qui participe \u00e0 la lutte contre l\u2019abandon scolaire.","og_url":"https:\/\/kapitalis.com\/tunisie\/2016\/09\/15\/la-fondation-biat-etend-action-un-cartable-un-avenir-55-ecoles\/","og_site_name":"Kapitalis","article_publisher":"https:\/\/www.facebook.com\/KapitalisInfo\/","article_published_time":"2016-09-15T15:43:49+00:00","article_modified_time":"2016-09-15T15:55:19+00:00","og_image":[{"width":1200,"height":630,"url":"https:\/\/kapitalis.com\/tunisie\/wp-content\/uploads\/2022\/05\/kapitalis-logo-fb.png","type":"image\/png"}],"author":"webmaster kapitalis","twitter_card":"summary_large_image","twitter_creator":"@KapitalisInfo","twitter_site":"@KapitalisInfo","twitter_misc":{"\u00c9crit par":"webmaster kapitalis","Dur\u00e9e de lecture estim\u00e9e":"1 minute"},"schema":{"@context":"https:\/\/schema.org","@graph":[{"@type":"Article","@id":"https:\/\/kapitalis.com\/tunisie\/2016\/09\/15\/la-fondation-biat-etend-action-un-cartable-un-avenir-55-ecoles\/#article","isPartOf":{"@id":"https:\/\/kapitalis.com\/tunisie\/2016\/09\/15\/la-fondation-biat-etend-action-un-cartable-un-avenir-55-ecoles\/"},"author":{"name":"webmaster kapitalis","@id":"https:\/\/kapitalis.com\/tunisie\/#\/schema\/person\/d71f33a9ca44f7bad4698210b480c8e9"},"headline":"La Fondation Biat \u00e9tend son action \u00abUn cartable, un avenir\u00bb \u00e0 55 \u00e9coles","datePublished":"2016-09-15T15:43:49+00:00","dateModified":"2016-09-15T15:55:19+00:00","mainEntityOfPage":{"@id":"https:\/\/kapitalis.com\/tunisie\/2016\/09\/15\/la-fondation-biat-etend-action-un-cartable-un-avenir-55-ecoles\/"},"wordCount":305,"commentCount":0,"publisher":{"@id":"https:\/\/kapitalis.com\/tunisie\/#organization"},"image":{"@id":"https:\/\/kapitalis.com\/tunisie\/2016\/09\/15\/la-fondation-biat-etend-action-un-cartable-un-avenir-55-ecoles\/#primaryimage"},"thumbnailUrl":"","keywords":["\u00e9coles","Fondation Biat","Isma\u00efl Mabrouk","Tahar Sioud"],"articleSection":["SOCIETE","Tunisie"],"inLanguage":"fr-FR","potentialAction":[{"@type":"CommentAction","name":"Comment","target":["https:\/\/kapitalis.com\/tunisie\/2016\/09\/15\/la-fondation-biat-etend-action-un-cartable-un-avenir-55-ecoles\/#respond"]}]},{"@type":"WebPage","@id":"https:\/\/kapitalis.com\/tunisie\/2016\/09\/15\/la-fondation-biat-etend-action-un-cartable-un-avenir-55-ecoles\/","url":"https:\/\/kapitalis.com\/tunisie\/2016\/09\/15\/la-fondation-biat-etend-action-un-cartable-un-avenir-55-ecoles\/","name":"La Fondation Biat \u00e9tend son action \u00abUn cartable, un avenir\u00bb \u00e0 55 \u00e9coles - Kapitalis","isPartOf":{"@id":"https:\/\/kapitalis.com\/tunisie\/#website"},"primaryImageOfPage":{"@id":"https:\/\/kapitalis.com\/tunisie\/2016\/09\/15\/la-fondation-biat-etend-action-un-cartable-un-avenir-55-ecoles\/#primaryimage"},"image":{"@id":"https:\/\/kapitalis.com\/tunisie\/2016\/09\/15\/la-fondation-biat-etend-action-un-cartable-un-avenir-55-ecoles\/#primaryimage"},"thumbnailUrl":"","datePublished":"2016-09-15T15:43:49+00:00","dateModified":"2016-09-15T15:55:19+00:00","breadcrumb":{"@id":"https:\/\/kapitalis.com\/tunisie\/2016\/09\/15\/la-fondation-biat-etend-action-un-cartable-un-avenir-55-ecoles\/#breadcrumb"},"inLanguage":"fr-FR","potentialAction":[{"@type":"ReadAction","target":["https:\/\/kapitalis.com\/tunisie\/2016\/09\/15\/la-fondation-biat-etend-action-un-cartable-un-avenir-55-ecoles\/"]}]},{"@type":"ImageObject","inLanguage":"fr-FR","@id":"https:\/\/kapitalis.com\/tunisie\/2016\/09\/15\/la-fondation-biat-etend-action-un-cartable-un-avenir-55-ecoles\/#primaryimage","url":"","contentUrl":""},{"@type":"BreadcrumbList","@id":"https:\/\/kapitalis.com\/tunisie\/2016\/09\/15\/la-fondation-biat-etend-action-un-cartable-un-avenir-55-ecoles\/#breadcrumb","itemListElement":[{"@type":"ListItem","position":1,"name":"Accueil","item":"https:\/\/kapitalis.com\/tunisie\/"},{"@type":"ListItem","position":2,"name":"La Fondation Biat \u00e9tend son action \u00abUn cartable, un avenir\u00bb \u00e0 55 \u00e9coles"}]},{"@type":"WebSite","@id":"https:\/\/kapitalis.com\/tunisie\/#website","url":"https:\/\/kapitalis.com\/tunisie\/","name":"Kapitalis","description":"L&#039;actualit\u00e9 en Tunisie et dans le monde","publisher":{"@id":"https:\/\/kapitalis.com\/tunisie\/#organization"},"potentialAction":[{"@type":"SearchAction","target":{"@type":"EntryPoint","urlTemplate":"https:\/\/kapitalis.com\/tunisie\/?s={search_term_string}"},"query-input":{"@type":"PropertyValueSpecification","valueRequired":true,"valueName":"search_term_string"}}],"inLanguage":"fr-FR"},{"@type":"Organization","@id":"https:\/\/kapitalis.com\/tunisie\/#organization","name":"Kapitalis","url":"https:\/\/kapitalis.com\/tunisie\/","logo":{"@type":"ImageObject","inLanguage":"fr-FR","@id":"https:\/\/kapitalis.com\/tunisie\/#\/schema\/logo\/image\/","url":"https:\/\/kapitalis.com\/tunisie\/wp-content\/uploads\/2022\/05\/Kapitalis-big-size.png","contentUrl":"https:\/\/kapitalis.com\/tunisie\/wp-content\/uploads\/2022\/05\/Kapitalis-big-size.png","width":5000,"height":1500,"caption":"Kapitalis"},"image":{"@id":"https:\/\/kapitalis.com\/tunisie\/#\/schema\/logo\/image\/"},"sameAs":["https:\/\/www.facebook.com\/KapitalisInfo\/","https:\/\/x.com\/KapitalisInfo","https:\/\/www.youtube.com\/channel\/UC-yDYrHyfFBWWZaOw3FPg9Q"]},{"@type":"Person","@id":"https:\/\/kapitalis.com\/tunisie\/#\/schema\/person\/d71f33a9ca44f7bad4698210b480c8e9","name":"webmaster kapitalis","url":"https:\/\/kapitalis.com\/tunisie\/author\/webmaster-kapitalis\/"}]}},"_links":{"self":[{"href":"https:\/\/kapitalis.com\/tunisie\/wp-json\/wp\/v2\/posts\/64738","targetHints":{"allow":["GET"]}}],"collection":[{"href":"https:\/\/kapitalis.com\/tunisie\/wp-json\/wp\/v2\/posts"}],"about":[{"href":"https:\/\/kapitalis.com\/tunisie\/wp-json\/wp\/v2\/types\/post"}],"author":[{"embeddable":true,"href":"https:\/\/kapitalis.com\/tunisie\/wp-json\/wp\/v2\/users\/8"}],"replies":[{"embeddable":true,"href":"https:\/\/kapitalis.com\/tunisie\/wp-json\/wp\/v2\/comments?post=64738"}],"version-history":[{"count":0,"href":"https:\/\/kapitalis.com\/tunisie\/wp-json\/wp\/v2\/posts\/64738\/revisions"}],"wp:featuredmedia":[{"embeddable":true,"href":"https:\/\/kapitalis.com\/tunisie\/wp-json\/wp\/v2\/media\/64739"}],"wp:attachment":[{"href":"https:\/\/kapitalis.com\/tunisie\/wp-json\/wp\/v2\/media?parent=64738"}],"wp:term":[{"taxonomy":"category","embeddable":true,"href":"https:\/\/kapitalis.com\/tunisie\/wp-json\/wp\/v2\/categories?post=64738"},{"taxonomy":"post_tag","embeddable":true,"href":"https:\/\/kapitalis.com\/tunisie\/wp-json\/wp\/v2\/tags?post=64738"}],"curies":[{"name":"wp","href":"https:\/\/api.w.org\/{rel}","templated":true}]}}