{"id":6475434,"date":"2023-02-14T12:02:06","date_gmt":"2023-02-14T11:02:06","guid":{"rendered":"https:\/\/kapitalis.com\/tunisie\/?p=6475434"},"modified":"2023-02-14T12:27:25","modified_gmt":"2023-02-14T11:27:25","slug":"me-msaddek-noureddine-boutar-na-pas-ete-informe-de-laccusation-portee-contre-lui","status":"publish","type":"post","link":"https:\/\/kapitalis.com\/tunisie\/2023\/02\/14\/me-msaddek-noureddine-boutar-na-pas-ete-informe-de-laccusation-portee-contre-lui\/","title":{"rendered":"Me Msaddek\u00a0: \u00abNoureddine Boutar n\u2019a pas \u00e9t\u00e9 inform\u00e9 de l\u2019accusation port\u00e9e contre lui\u00bb"},"content":{"rendered":"\n<p><strong><em>Selon son avocate, Me Dalila Msaddek, le directeur g\u00e9n\u00e9ral de la radio Mosa\u00efque FM, Noureddine Boutar, arr\u00eat\u00e9 hier soir, lundi 13 f\u00e9vrier 2023, a \u00e9t\u00e9 entendu par la brigade criminelle au centre d\u2019El-Gorjani, \u00e0 Tunis, et mis en d\u00e9tention provisoire sans qu\u2019aucune accusation n\u2019ait \u00e9t\u00e9 port\u00e9e contre lui.<\/em><\/strong><\/p>\n\n\n\n<!--more-->\n\n\n\n<p>L\u2019avocate, qui intervenait ce mardi 14 f\u00e9vrier 2023, dans la Matinale de Shems FM, a insist\u00e9 sur le fait que son client a \u00e9t\u00e9 entendu dans une affaire sans lien avec celle d\u2019atteinte \u00e0 la s\u00fbret\u00e9 de l\u2019Etat o\u00f9 sont entendus, depuis samedi, les activistes politiques <a href=\"https:\/\/kapitalis.com\/tunisie\/2023\/02\/13\/tunisie-que-reproche-t-on-exactement-a-khayam-turki\/\" target=\"_blank\" rel=\"noreferrer noopener\">Khayam Turki<\/a>, <a href=\"https:\/\/kapitalis.com\/tunisie\/2023\/02\/12\/tunisie-considerations-preliminaires-sur-laffaire-kamel-eltaief\/\" target=\"_blank\" rel=\"noreferrer noopener\">Kamel Eltaief <\/a>et <a href=\"https:\/\/kapitalis.com\/tunisie\/2023\/02\/14\/tunisie-ennahdha-denonce-des-enlevements-et-des-abus-visant-les-opposants\/\" target=\"_blank\" rel=\"noreferrer noopener\">Abdelhamid Jelassi<\/a>, pr\u00e9cisant que son client a \u00e9t\u00e9 interrog\u00e9 \u00e0 propos de la radio Mosa\u00efque FM, comment il l\u2019avait cr\u00e9\u00e9e, qui sont ses associ\u00e9s et les parts de chacun d\u2019entre eux dans le capital de la soci\u00e9t\u00e9.<\/p>\n\n\n\n<p>Noureddine Boutar a aussi \u00e9t\u00e9 interrog\u00e9 sur ses biens, a-t-elle affirm\u00e9. Des questions lui ont \u00e9galement \u00e9t\u00e9 pos\u00e9es sur la ligne \u00e9ditoriale de la radio et sur ses chroniqueurs, a expliqu\u00e9 Me Msaddek, ajoutant que des questions lui ont \u00e9t\u00e9 pos\u00e9es sur la ligne \u00e9ditoriale de la radio, et il a r\u00e9pondu qu\u2019il y a une charte \u00e9ditoriale g\u00e9n\u00e9rale et que la ligne de chaque \u00e9mission est d\u00e9finie par le r\u00e9dacteur en chef et le pr\u00e9sentateur, et qu\u2019il n\u2019y intervient pas personnellement.<\/p>\n\n\n\n<p>Me Msaddek a, par ailleurs, indiqu\u00e9 qu\u2019elle a assist\u00e9 \u00e0 l\u2019interrogatoire de son client et signal\u00e9 dans le proc\u00e8s verbal de l\u2019audition qu\u2019il n\u2019a pas \u00e9t\u00e9 inform\u00e9 de l\u2019accusation port\u00e9e \u00e0 son encontre.<\/p>\n\n\n\n<p class=\"has-text-align-right\"><strong>I. B.<\/strong><\/p>\n\n\n\n<figure class=\"wp-block-embed is-type-wp-embed is-provider-kapitalis wp-block-embed-kapitalis\"><div class=\"wp-block-embed__wrapper\">\n<blockquote class=\"wp-embedded-content\" data-secret=\"LE1o9iE8Fy\"><a href=\"https:\/\/kapitalis.com\/tunisie\/2023\/02\/13\/tunisie-le-directeur-general-de-mosaique-fm-noureddine-boutar-conduit-a-el-gorjani\/\">Tunisie : Le directeur g\u00e9n\u00e9ral de Mosa\u00efque FM Noureddine Boutar conduit \u00e0 El-Gorjani<\/a><\/blockquote><iframe loading=\"lazy\" class=\"wp-embedded-content\" sandbox=\"allow-scripts\" security=\"restricted\" style=\"position: absolute; clip: rect(1px, 1px, 1px, 1px);\" title=\"\u00ab\u00a0Tunisie : Le directeur g\u00e9n\u00e9ral de Mosa\u00efque FM Noureddine Boutar conduit \u00e0 El-Gorjani\u00a0\u00bb &#8212; Kapitalis\" src=\"https:\/\/kapitalis.com\/tunisie\/2023\/02\/13\/tunisie-le-directeur-general-de-mosaique-fm-noureddine-boutar-conduit-a-el-gorjani\/embed\/#?secret=ZDsAV5EGKm#?secret=LE1o9iE8Fy\" data-secret=\"LE1o9iE8Fy\" width=\"600\" height=\"338\" frameborder=\"0\" marginwidth=\"0\" marginheight=\"0\" scrolling=\"no\"><\/iframe>\n<\/div><\/figure>\n","protected":false},"excerpt":{"rendered":"<p>Noureddine Boutar a \u00e9t\u00e9 mis en d\u00e9tention provisoire sans qu\u2019aucune accusation n\u2019ait \u00e9t\u00e9 port\u00e9e contre lui.<\/p>\n","protected":false},"author":8,"featured_media":6475481,"comment_status":"open","ping_status":"open","sticky":false,"template":"","format":"standard","meta":{"footnotes":""},"categories":[996,997,2433],"tags":[1584,26125,81062,106617,4166,106605,62643],"class_list":["post-6475434","post","type-post","status-publish","format-standard","has-post-thumbnail","hentry","category-media","category-politique","category-tunisie","tag-abdelhamid-jelassi","tag-kamel-eltaief","tag-khayam-turki","tag-me-dalila-msaddek","tag-mosaique-fm","tag-noureddine-boutar","tag-tunisie"],"yoast_head":"<!-- This site is optimized with the Yoast SEO plugin v26.6 - https:\/\/yoast.com\/wordpress\/plugins\/seo\/ -->\n<title>Me Msaddek\u00a0: \u00abNoureddine Boutar n\u2019a pas \u00e9t\u00e9 inform\u00e9 de l\u2019accusation port\u00e9e contre lui\u00bb - Kapitalis<\/title>\n<meta name=\"robots\" content=\"index, follow, max-snippet:-1, max-image-preview:large, max-video-preview:-1\" \/>\n<link rel=\"canonical\" href=\"https:\/\/kapitalis.com\/tunisie\/2023\/02\/14\/me-msaddek-noureddine-boutar-na-pas-ete-informe-de-laccusation-portee-contre-lui\/\" \/>\n<meta property=\"og:locale\" content=\"fr_FR\" \/>\n<meta property=\"og:type\" content=\"article\" \/>\n<meta property=\"og:title\" content=\"Me Msaddek\u00a0: \u00abNoureddine Boutar n\u2019a pas \u00e9t\u00e9 inform\u00e9 de l\u2019accusation port\u00e9e contre lui\u00bb - Kapitalis\" \/>\n<meta property=\"og:description\" content=\"Noureddine Boutar a \u00e9t\u00e9 mis en d\u00e9tention provisoire sans qu\u2019aucune accusation n\u2019ait \u00e9t\u00e9 port\u00e9e contre lui.\" \/>\n<meta property=\"og:url\" content=\"https:\/\/kapitalis.com\/tunisie\/2023\/02\/14\/me-msaddek-noureddine-boutar-na-pas-ete-informe-de-laccusation-portee-contre-lui\/\" \/>\n<meta property=\"og:site_name\" content=\"Kapitalis\" \/>\n<meta property=\"article:publisher\" content=\"https:\/\/www.facebook.com\/KapitalisInfo\/\" \/>\n<meta property=\"article:published_time\" content=\"2023-02-14T11:02:06+00:00\" \/>\n<meta property=\"article:modified_time\" content=\"2023-02-14T11:27:25+00:00\" \/>\n<meta property=\"og:image\" content=\"https:\/\/kapitalis.com\/tunisie\/wp-content\/uploads\/2023\/02\/Noureddine-Boutar-1.jpg\" \/>\n\t<meta property=\"og:image:width\" content=\"1200\" \/>\n\t<meta property=\"og:image:height\" content=\"630\" \/>\n\t<meta property=\"og:image:type\" content=\"image\/jpeg\" \/>\n<meta name=\"author\" content=\"webmaster kapitalis\" \/>\n<meta name=\"twitter:card\" content=\"summary_large_image\" \/>\n<meta name=\"twitter:creator\" content=\"@KapitalisInfo\" \/>\n<meta name=\"twitter:site\" content=\"@KapitalisInfo\" \/>\n<meta name=\"twitter:label1\" content=\"\u00c9crit par\" \/>\n\t<meta name=\"twitter:data1\" content=\"webmaster kapitalis\" \/>\n\t<meta name=\"twitter:label2\" content=\"Dur\u00e9e de lecture estim\u00e9e\" \/>\n\t<meta name=\"twitter:data2\" content=\"2 minutes\" \/>\n<script type=\"application\/ld+json\" class=\"yoast-schema-graph\">{\"@context\":\"https:\/\/schema.org\",\"@graph\":[{\"@type\":\"Article\",\"@id\":\"https:\/\/kapitalis.com\/tunisie\/2023\/02\/14\/me-msaddek-noureddine-boutar-na-pas-ete-informe-de-laccusation-portee-contre-lui\/#article\",\"isPartOf\":{\"@id\":\"https:\/\/kapitalis.com\/tunisie\/2023\/02\/14\/me-msaddek-noureddine-boutar-na-pas-ete-informe-de-laccusation-portee-contre-lui\/\"},\"author\":{\"name\":\"webmaster kapitalis\",\"@id\":\"https:\/\/kapitalis.com\/tunisie\/#\/schema\/person\/d71f33a9ca44f7bad4698210b480c8e9\"},\"headline\":\"Me Msaddek\u00a0: \u00abNoureddine Boutar n\u2019a pas \u00e9t\u00e9 inform\u00e9 de l\u2019accusation port\u00e9e contre lui\u00bb\",\"datePublished\":\"2023-02-14T11:02:06+00:00\",\"dateModified\":\"2023-02-14T11:27:25+00:00\",\"mainEntityOfPage\":{\"@id\":\"https:\/\/kapitalis.com\/tunisie\/2023\/02\/14\/me-msaddek-noureddine-boutar-na-pas-ete-informe-de-laccusation-portee-contre-lui\/\"},\"wordCount\":306,\"commentCount\":2,\"publisher\":{\"@id\":\"https:\/\/kapitalis.com\/tunisie\/#organization\"},\"image\":{\"@id\":\"https:\/\/kapitalis.com\/tunisie\/2023\/02\/14\/me-msaddek-noureddine-boutar-na-pas-ete-informe-de-laccusation-portee-contre-lui\/#primaryimage\"},\"thumbnailUrl\":\"https:\/\/kapitalis.com\/tunisie\/wp-content\/uploads\/2023\/02\/Noureddine-Boutar-1.jpg\",\"keywords\":[\"Abdelhamid Jelassi\",\"Kamel Eltaief\",\"khayam turki\",\"Me Dalila Msaddek\",\"Mosa\u00efque FM\",\"Noureddine Boutar\",\"Tunisie\"],\"articleSection\":[\"MEDIA\",\"POLITIQUE\",\"Tunisie\"],\"inLanguage\":\"fr-FR\",\"potentialAction\":[{\"@type\":\"CommentAction\",\"name\":\"Comment\",\"target\":[\"https:\/\/kapitalis.com\/tunisie\/2023\/02\/14\/me-msaddek-noureddine-boutar-na-pas-ete-informe-de-laccusation-portee-contre-lui\/#respond\"]}]},{\"@type\":\"WebPage\",\"@id\":\"https:\/\/kapitalis.com\/tunisie\/2023\/02\/14\/me-msaddek-noureddine-boutar-na-pas-ete-informe-de-laccusation-portee-contre-lui\/\",\"url\":\"https:\/\/kapitalis.com\/tunisie\/2023\/02\/14\/me-msaddek-noureddine-boutar-na-pas-ete-informe-de-laccusation-portee-contre-lui\/\",\"name\":\"Me Msaddek\u00a0: \u00abNoureddine Boutar n\u2019a pas \u00e9t\u00e9 inform\u00e9 de l\u2019accusation port\u00e9e contre lui\u00bb - Kapitalis\",\"isPartOf\":{\"@id\":\"https:\/\/kapitalis.com\/tunisie\/#website\"},\"primaryImageOfPage\":{\"@id\":\"https:\/\/kapitalis.com\/tunisie\/2023\/02\/14\/me-msaddek-noureddine-boutar-na-pas-ete-informe-de-laccusation-portee-contre-lui\/#primaryimage\"},\"image\":{\"@id\":\"https:\/\/kapitalis.com\/tunisie\/2023\/02\/14\/me-msaddek-noureddine-boutar-na-pas-ete-informe-de-laccusation-portee-contre-lui\/#primaryimage\"},\"thumbnailUrl\":\"https:\/\/kapitalis.com\/tunisie\/wp-content\/uploads\/2023\/02\/Noureddine-Boutar-1.jpg\",\"datePublished\":\"2023-02-14T11:02:06+00:00\",\"dateModified\":\"2023-02-14T11:27:25+00:00\",\"breadcrumb\":{\"@id\":\"https:\/\/kapitalis.com\/tunisie\/2023\/02\/14\/me-msaddek-noureddine-boutar-na-pas-ete-informe-de-laccusation-portee-contre-lui\/#breadcrumb\"},\"inLanguage\":\"fr-FR\",\"potentialAction\":[{\"@type\":\"ReadAction\",\"target\":[\"https:\/\/kapitalis.com\/tunisie\/2023\/02\/14\/me-msaddek-noureddine-boutar-na-pas-ete-informe-de-laccusation-portee-contre-lui\/\"]}]},{\"@type\":\"ImageObject\",\"inLanguage\":\"fr-FR\",\"@id\":\"https:\/\/kapitalis.com\/tunisie\/2023\/02\/14\/me-msaddek-noureddine-boutar-na-pas-ete-informe-de-laccusation-portee-contre-lui\/#primaryimage\",\"url\":\"https:\/\/kapitalis.com\/tunisie\/wp-content\/uploads\/2023\/02\/Noureddine-Boutar-1.jpg\",\"contentUrl\":\"https:\/\/kapitalis.com\/tunisie\/wp-content\/uploads\/2023\/02\/Noureddine-Boutar-1.jpg\",\"width\":1200,\"height\":630},{\"@type\":\"BreadcrumbList\",\"@id\":\"https:\/\/kapitalis.com\/tunisie\/2023\/02\/14\/me-msaddek-noureddine-boutar-na-pas-ete-informe-de-laccusation-portee-contre-lui\/#breadcrumb\",\"itemListElement\":[{\"@type\":\"ListItem\",\"position\":1,\"name\":\"Accueil\",\"item\":\"https:\/\/kapitalis.com\/tunisie\/\"},{\"@type\":\"ListItem\",\"position\":2,\"name\":\"Me Msaddek\u00a0: \u00abNoureddine Boutar n\u2019a pas \u00e9t\u00e9 inform\u00e9 de l\u2019accusation port\u00e9e contre lui\u00bb\"}]},{\"@type\":\"WebSite\",\"@id\":\"https:\/\/kapitalis.com\/tunisie\/#website\",\"url\":\"https:\/\/kapitalis.com\/tunisie\/\",\"name\":\"Kapitalis\",\"description\":\"L&#039;actualit\u00e9 en Tunisie et dans le monde\",\"publisher\":{\"@id\":\"https:\/\/kapitalis.com\/tunisie\/#organization\"},\"potentialAction\":[{\"@type\":\"SearchAction\",\"target\":{\"@type\":\"EntryPoint\",\"urlTemplate\":\"https:\/\/kapitalis.com\/tunisie\/?s={search_term_string}\"},\"query-input\":{\"@type\":\"PropertyValueSpecification\",\"valueRequired\":true,\"valueName\":\"search_term_string\"}}],\"inLanguage\":\"fr-FR\"},{\"@type\":\"Organization\",\"@id\":\"https:\/\/kapitalis.com\/tunisie\/#organization\",\"name\":\"Kapitalis\",\"url\":\"https:\/\/kapitalis.com\/tunisie\/\",\"logo\":{\"@type\":\"ImageObject\",\"inLanguage\":\"fr-FR\",\"@id\":\"https:\/\/kapitalis.com\/tunisie\/#\/schema\/logo\/image\/\",\"url\":\"https:\/\/kapitalis.com\/tunisie\/wp-content\/uploads\/2022\/05\/Kapitalis-big-size.png\",\"contentUrl\":\"https:\/\/kapitalis.com\/tunisie\/wp-content\/uploads\/2022\/05\/Kapitalis-big-size.png\",\"width\":5000,\"height\":1500,\"caption\":\"Kapitalis\"},\"image\":{\"@id\":\"https:\/\/kapitalis.com\/tunisie\/#\/schema\/logo\/image\/\"},\"sameAs\":[\"https:\/\/www.facebook.com\/KapitalisInfo\/\",\"https:\/\/x.com\/KapitalisInfo\",\"https:\/\/www.youtube.com\/channel\/UC-yDYrHyfFBWWZaOw3FPg9Q\"]},{\"@type\":\"Person\",\"@id\":\"https:\/\/kapitalis.com\/tunisie\/#\/schema\/person\/d71f33a9ca44f7bad4698210b480c8e9\",\"name\":\"webmaster kapitalis\",\"url\":\"https:\/\/kapitalis.com\/tunisie\/author\/webmaster-kapitalis\/\"}]}<\/script>\n<!-- \/ Yoast SEO plugin. -->","yoast_head_json":{"title":"Me Msaddek\u00a0: \u00abNoureddine Boutar n\u2019a pas \u00e9t\u00e9 inform\u00e9 de l\u2019accusation port\u00e9e contre lui\u00bb - Kapitalis","robots":{"index":"index","follow":"follow","max-snippet":"max-snippet:-1","max-image-preview":"max-image-preview:large","max-video-preview":"max-video-preview:-1"},"canonical":"https:\/\/kapitalis.com\/tunisie\/2023\/02\/14\/me-msaddek-noureddine-boutar-na-pas-ete-informe-de-laccusation-portee-contre-lui\/","og_locale":"fr_FR","og_type":"article","og_title":"Me Msaddek\u00a0: \u00abNoureddine Boutar n\u2019a pas \u00e9t\u00e9 inform\u00e9 de l\u2019accusation port\u00e9e contre lui\u00bb - Kapitalis","og_description":"Noureddine Boutar a \u00e9t\u00e9 mis en d\u00e9tention provisoire sans qu\u2019aucune accusation n\u2019ait \u00e9t\u00e9 port\u00e9e contre lui.","og_url":"https:\/\/kapitalis.com\/tunisie\/2023\/02\/14\/me-msaddek-noureddine-boutar-na-pas-ete-informe-de-laccusation-portee-contre-lui\/","og_site_name":"Kapitalis","article_publisher":"https:\/\/www.facebook.com\/KapitalisInfo\/","article_published_time":"2023-02-14T11:02:06+00:00","article_modified_time":"2023-02-14T11:27:25+00:00","og_image":[{"width":1200,"height":630,"url":"https:\/\/kapitalis.com\/tunisie\/wp-content\/uploads\/2023\/02\/Noureddine-Boutar-1.jpg","type":"image\/jpeg"}],"author":"webmaster kapitalis","twitter_card":"summary_large_image","twitter_creator":"@KapitalisInfo","twitter_site":"@KapitalisInfo","twitter_misc":{"\u00c9crit par":"webmaster kapitalis","Dur\u00e9e de lecture estim\u00e9e":"2 minutes"},"schema":{"@context":"https:\/\/schema.org","@graph":[{"@type":"Article","@id":"https:\/\/kapitalis.com\/tunisie\/2023\/02\/14\/me-msaddek-noureddine-boutar-na-pas-ete-informe-de-laccusation-portee-contre-lui\/#article","isPartOf":{"@id":"https:\/\/kapitalis.com\/tunisie\/2023\/02\/14\/me-msaddek-noureddine-boutar-na-pas-ete-informe-de-laccusation-portee-contre-lui\/"},"author":{"name":"webmaster kapitalis","@id":"https:\/\/kapitalis.com\/tunisie\/#\/schema\/person\/d71f33a9ca44f7bad4698210b480c8e9"},"headline":"Me Msaddek\u00a0: \u00abNoureddine Boutar n\u2019a pas \u00e9t\u00e9 inform\u00e9 de l\u2019accusation port\u00e9e contre lui\u00bb","datePublished":"2023-02-14T11:02:06+00:00","dateModified":"2023-02-14T11:27:25+00:00","mainEntityOfPage":{"@id":"https:\/\/kapitalis.com\/tunisie\/2023\/02\/14\/me-msaddek-noureddine-boutar-na-pas-ete-informe-de-laccusation-portee-contre-lui\/"},"wordCount":306,"commentCount":2,"publisher":{"@id":"https:\/\/kapitalis.com\/tunisie\/#organization"},"image":{"@id":"https:\/\/kapitalis.com\/tunisie\/2023\/02\/14\/me-msaddek-noureddine-boutar-na-pas-ete-informe-de-laccusation-portee-contre-lui\/#primaryimage"},"thumbnailUrl":"https:\/\/kapitalis.com\/tunisie\/wp-content\/uploads\/2023\/02\/Noureddine-Boutar-1.jpg","keywords":["Abdelhamid Jelassi","Kamel Eltaief","khayam turki","Me Dalila Msaddek","Mosa\u00efque FM","Noureddine Boutar","Tunisie"],"articleSection":["MEDIA","POLITIQUE","Tunisie"],"inLanguage":"fr-FR","potentialAction":[{"@type":"CommentAction","name":"Comment","target":["https:\/\/kapitalis.com\/tunisie\/2023\/02\/14\/me-msaddek-noureddine-boutar-na-pas-ete-informe-de-laccusation-portee-contre-lui\/#respond"]}]},{"@type":"WebPage","@id":"https:\/\/kapitalis.com\/tunisie\/2023\/02\/14\/me-msaddek-noureddine-boutar-na-pas-ete-informe-de-laccusation-portee-contre-lui\/","url":"https:\/\/kapitalis.com\/tunisie\/2023\/02\/14\/me-msaddek-noureddine-boutar-na-pas-ete-informe-de-laccusation-portee-contre-lui\/","name":"Me Msaddek\u00a0: \u00abNoureddine Boutar n\u2019a pas \u00e9t\u00e9 inform\u00e9 de l\u2019accusation port\u00e9e contre lui\u00bb - Kapitalis","isPartOf":{"@id":"https:\/\/kapitalis.com\/tunisie\/#website"},"primaryImageOfPage":{"@id":"https:\/\/kapitalis.com\/tunisie\/2023\/02\/14\/me-msaddek-noureddine-boutar-na-pas-ete-informe-de-laccusation-portee-contre-lui\/#primaryimage"},"image":{"@id":"https:\/\/kapitalis.com\/tunisie\/2023\/02\/14\/me-msaddek-noureddine-boutar-na-pas-ete-informe-de-laccusation-portee-contre-lui\/#primaryimage"},"thumbnailUrl":"https:\/\/kapitalis.com\/tunisie\/wp-content\/uploads\/2023\/02\/Noureddine-Boutar-1.jpg","datePublished":"2023-02-14T11:02:06+00:00","dateModified":"2023-02-14T11:27:25+00:00","breadcrumb":{"@id":"https:\/\/kapitalis.com\/tunisie\/2023\/02\/14\/me-msaddek-noureddine-boutar-na-pas-ete-informe-de-laccusation-portee-contre-lui\/#breadcrumb"},"inLanguage":"fr-FR","potentialAction":[{"@type":"ReadAction","target":["https:\/\/kapitalis.com\/tunisie\/2023\/02\/14\/me-msaddek-noureddine-boutar-na-pas-ete-informe-de-laccusation-portee-contre-lui\/"]}]},{"@type":"ImageObject","inLanguage":"fr-FR","@id":"https:\/\/kapitalis.com\/tunisie\/2023\/02\/14\/me-msaddek-noureddine-boutar-na-pas-ete-informe-de-laccusation-portee-contre-lui\/#primaryimage","url":"https:\/\/kapitalis.com\/tunisie\/wp-content\/uploads\/2023\/02\/Noureddine-Boutar-1.jpg","contentUrl":"https:\/\/kapitalis.com\/tunisie\/wp-content\/uploads\/2023\/02\/Noureddine-Boutar-1.jpg","width":1200,"height":630},{"@type":"BreadcrumbList","@id":"https:\/\/kapitalis.com\/tunisie\/2023\/02\/14\/me-msaddek-noureddine-boutar-na-pas-ete-informe-de-laccusation-portee-contre-lui\/#breadcrumb","itemListElement":[{"@type":"ListItem","position":1,"name":"Accueil","item":"https:\/\/kapitalis.com\/tunisie\/"},{"@type":"ListItem","position":2,"name":"Me Msaddek\u00a0: \u00abNoureddine Boutar n\u2019a pas \u00e9t\u00e9 inform\u00e9 de l\u2019accusation port\u00e9e contre lui\u00bb"}]},{"@type":"WebSite","@id":"https:\/\/kapitalis.com\/tunisie\/#website","url":"https:\/\/kapitalis.com\/tunisie\/","name":"Kapitalis","description":"L&#039;actualit\u00e9 en Tunisie et dans le monde","publisher":{"@id":"https:\/\/kapitalis.com\/tunisie\/#organization"},"potentialAction":[{"@type":"SearchAction","target":{"@type":"EntryPoint","urlTemplate":"https:\/\/kapitalis.com\/tunisie\/?s={search_term_string}"},"query-input":{"@type":"PropertyValueSpecification","valueRequired":true,"valueName":"search_term_string"}}],"inLanguage":"fr-FR"},{"@type":"Organization","@id":"https:\/\/kapitalis.com\/tunisie\/#organization","name":"Kapitalis","url":"https:\/\/kapitalis.com\/tunisie\/","logo":{"@type":"ImageObject","inLanguage":"fr-FR","@id":"https:\/\/kapitalis.com\/tunisie\/#\/schema\/logo\/image\/","url":"https:\/\/kapitalis.com\/tunisie\/wp-content\/uploads\/2022\/05\/Kapitalis-big-size.png","contentUrl":"https:\/\/kapitalis.com\/tunisie\/wp-content\/uploads\/2022\/05\/Kapitalis-big-size.png","width":5000,"height":1500,"caption":"Kapitalis"},"image":{"@id":"https:\/\/kapitalis.com\/tunisie\/#\/schema\/logo\/image\/"},"sameAs":["https:\/\/www.facebook.com\/KapitalisInfo\/","https:\/\/x.com\/KapitalisInfo","https:\/\/www.youtube.com\/channel\/UC-yDYrHyfFBWWZaOw3FPg9Q"]},{"@type":"Person","@id":"https:\/\/kapitalis.com\/tunisie\/#\/schema\/person\/d71f33a9ca44f7bad4698210b480c8e9","name":"webmaster kapitalis","url":"https:\/\/kapitalis.com\/tunisie\/author\/webmaster-kapitalis\/"}]}},"_links":{"self":[{"href":"https:\/\/kapitalis.com\/tunisie\/wp-json\/wp\/v2\/posts\/6475434","targetHints":{"allow":["GET"]}}],"collection":[{"href":"https:\/\/kapitalis.com\/tunisie\/wp-json\/wp\/v2\/posts"}],"about":[{"href":"https:\/\/kapitalis.com\/tunisie\/wp-json\/wp\/v2\/types\/post"}],"author":[{"embeddable":true,"href":"https:\/\/kapitalis.com\/tunisie\/wp-json\/wp\/v2\/users\/8"}],"replies":[{"embeddable":true,"href":"https:\/\/kapitalis.com\/tunisie\/wp-json\/wp\/v2\/comments?post=6475434"}],"version-history":[{"count":2,"href":"https:\/\/kapitalis.com\/tunisie\/wp-json\/wp\/v2\/posts\/6475434\/revisions"}],"predecessor-version":[{"id":6476078,"href":"https:\/\/kapitalis.com\/tunisie\/wp-json\/wp\/v2\/posts\/6475434\/revisions\/6476078"}],"wp:featuredmedia":[{"embeddable":true,"href":"https:\/\/kapitalis.com\/tunisie\/wp-json\/wp\/v2\/media\/6475481"}],"wp:attachment":[{"href":"https:\/\/kapitalis.com\/tunisie\/wp-json\/wp\/v2\/media?parent=6475434"}],"wp:term":[{"taxonomy":"category","embeddable":true,"href":"https:\/\/kapitalis.com\/tunisie\/wp-json\/wp\/v2\/categories?post=6475434"},{"taxonomy":"post_tag","embeddable":true,"href":"https:\/\/kapitalis.com\/tunisie\/wp-json\/wp\/v2\/tags?post=6475434"}],"curies":[{"name":"wp","href":"https:\/\/api.w.org\/{rel}","templated":true}]}}