{"id":64768,"date":"2016-09-16T08:48:45","date_gmt":"2016-09-16T07:48:45","guid":{"rendered":"http:\/\/kapitalis.com\/tunisie\/?p=64768"},"modified":"2016-09-16T08:50:54","modified_gmt":"2016-09-16T07:50:54","slug":"chilis-ouvre-un-2e-restaurant-aux-berges-du-lac-de-tunis","status":"publish","type":"post","link":"https:\/\/kapitalis.com\/tunisie\/2016\/09\/16\/chilis-ouvre-un-2e-restaurant-aux-berges-du-lac-de-tunis\/","title":{"rendered":"Chili\u2019s ouvre un 2e restaurant aux Berges du Lac de Tunis"},"content":{"rendered":"<p><img loading=\"lazy\" decoding=\"async\" class=\"alignnone size-full wp-image-64769 aligncenter\" src=\"http:\/\/kapitalis.com\/tunisie\/wp-content\/uploads\/2016\/09\/Chilis.jpg\" alt=\"chilis\" width=\"626\" height=\"380\" \/><\/p>\n<p><em><strong>Apr\u00e8s avoir ouvert son premier restaurant \u00e0 El Manar 2, en septembre 2015, la cha\u00eene am\u00e9ricaine Chili\u2019s vient d\u2019en ouvrier un second aux Berges du Lac I, \u00e0 Tunis.<\/strong> <\/em><\/p>\n<p><!--more--><\/p>\n<p>C\u2019est la soci\u00e9t\u00e9 tunisienne SGR, \u00e9galement franchis\u00e9e Papa John&rsquo;s, enseigne am\u00e9ricaine de pizza, qui exploite les deux restaurants\u00a0\u00e0 la marque Chili\u2019s, enseigne am\u00e9ricaine de Casual dining proposant une cuisine Tex Mex, sorte de mix entre plats mexicains et am\u00e9ricains du Texas et autres Etats du sud des Etats-Unis.<\/p>\n<p>Si en termes d\u2019espace et de nombre de couverts, ce deuxi\u00e8me point, ouvert le 10 septembre, est moins imposant que son a\u00een\u00e9, il promet n\u00e9anmoins une vari\u00e9t\u00e9 et une qualit\u00e9 de mets et de services.<\/p>\n<p>Le nouveau point de vente d\u2019une capacit\u00e9 de 206 couverts (contre 450 pour le restaurant d\u2019El-Manar 2) va permettre de cr\u00e9er plus d\u2019une soixante de postes d\u2019emplois (pour une \u00e9quipe de 150 personnes \u00e0 El-Manar 2).<\/p>\n<p>Le client aura le choix entre plus de 80 articles parmi lesquels Appetizers, Salads, Pastas, Fajitas, Quesadillas, Burgers, Steaks, Enchiladas, Tacos\u2026 Mais, selon la direction du restaurant, la star de la carte sera incontestablement le Molten Chocolate Cake, superbe dessert au chocolat qui ne laisse personne indiff\u00e9rent.<\/p>\n<p>Pour ceux qui ne voudraient se contenter que d\u2019une boisson, le bar offre plus de 30 vari\u00e9t\u00e9s de cocktails dont les c\u00e9l\u00e8bres Margaritas et Mojito, si pris\u00e9s en Tunisie.<\/p>\n<p>Chili\u2019s est l\u2019enseigne \u00e0 l\u2019origine du groupe Brinker International, class\u00e9 7e leader mondial de la restauration avec ses 1800 restaurants, qui s\u2019enorgueillit de servir plus d\u2019un million de personnes par jour. Son histoire a commenc\u00e9 en 1975 quand Larry Lavine a r\u00e9ussi \u00e0 transformer un centre de tri postal de Dallas en restaurant proposant hamburgers et frites.<\/p>\n<p>Moins de 10 ans plus tard, l&rsquo;entreprise entre en bourse pour pouvoir r\u00e9aliser des acquisitions et se d\u00e9velopper \u00e0 l\u2019international.<\/p>\n<p>Le groupe compte aujourd\u2019hui 4 enseignes diff\u00e9rentes : Romano&rsquo;s Macaroni Grill et Maggiano&rsquo;s Little Italy proposent de la nourriture italienne, On the border, les plats mexicains, et Chili&rsquo;s, des hamburgers.<\/p>\n<p style=\"text-align: right;\"><strong>I. B. <\/strong><\/p>\n","protected":false},"excerpt":{"rendered":"<p>Apr\u00e8s avoir ouvert son premier restaurant \u00e0 El Manar 2, en septembre 2015, la cha\u00eene am\u00e9ricaine Chili\u2019s vient d\u2019en ouvrier un second aux Berges du Lac I, \u00e0 Tunis.<\/p>\n","protected":false},"author":8,"featured_media":64769,"comment_status":"open","ping_status":"open","sticky":false,"template":"","format":"standard","meta":{"footnotes":""},"categories":[993,2433],"tags":[143],"class_list":["post-64768","post","type-post","status-publish","format-standard","has-post-thumbnail","hentry","category-conso","category-tunisie","tag-berges-du-lac"],"yoast_head":"<!-- This site is optimized with the Yoast SEO plugin v26.6 - https:\/\/yoast.com\/wordpress\/plugins\/seo\/ -->\n<title>Chili\u2019s ouvre un 2e restaurant aux Berges du Lac de Tunis - Kapitalis<\/title>\n<meta name=\"robots\" content=\"index, follow, max-snippet:-1, max-image-preview:large, max-video-preview:-1\" \/>\n<link rel=\"canonical\" href=\"https:\/\/kapitalis.com\/tunisie\/2016\/09\/16\/chilis-ouvre-un-2e-restaurant-aux-berges-du-lac-de-tunis\/\" \/>\n<meta property=\"og:locale\" content=\"fr_FR\" \/>\n<meta property=\"og:type\" content=\"article\" \/>\n<meta property=\"og:title\" content=\"Chili\u2019s ouvre un 2e restaurant aux Berges du Lac de Tunis - Kapitalis\" \/>\n<meta property=\"og:description\" content=\"Apr\u00e8s avoir ouvert son premier restaurant \u00e0 El Manar 2, en septembre 2015, la cha\u00eene am\u00e9ricaine Chili\u2019s vient d\u2019en ouvrier un second aux Berges du Lac I, \u00e0 Tunis.\" \/>\n<meta property=\"og:url\" content=\"https:\/\/kapitalis.com\/tunisie\/2016\/09\/16\/chilis-ouvre-un-2e-restaurant-aux-berges-du-lac-de-tunis\/\" \/>\n<meta property=\"og:site_name\" content=\"Kapitalis\" \/>\n<meta property=\"article:publisher\" content=\"https:\/\/www.facebook.com\/KapitalisInfo\/\" \/>\n<meta property=\"article:published_time\" content=\"2016-09-16T07:48:45+00:00\" \/>\n<meta property=\"article:modified_time\" content=\"2016-09-16T07:50:54+00:00\" \/>\n<meta property=\"og:image\" content=\"https:\/\/kapitalis.com\/tunisie\/wp-content\/uploads\/2022\/05\/kapitalis-logo-fb.png\" \/>\n\t<meta property=\"og:image:width\" content=\"1200\" \/>\n\t<meta property=\"og:image:height\" content=\"630\" \/>\n\t<meta property=\"og:image:type\" content=\"image\/png\" \/>\n<meta name=\"author\" content=\"webmaster kapitalis\" \/>\n<meta name=\"twitter:card\" content=\"summary_large_image\" \/>\n<meta name=\"twitter:creator\" content=\"@KapitalisInfo\" \/>\n<meta name=\"twitter:site\" content=\"@KapitalisInfo\" \/>\n<meta name=\"twitter:label1\" content=\"\u00c9crit par\" \/>\n\t<meta name=\"twitter:data1\" content=\"webmaster kapitalis\" \/>\n\t<meta name=\"twitter:label2\" content=\"Dur\u00e9e de lecture estim\u00e9e\" \/>\n\t<meta name=\"twitter:data2\" content=\"2 minutes\" \/>\n<script type=\"application\/ld+json\" class=\"yoast-schema-graph\">{\"@context\":\"https:\/\/schema.org\",\"@graph\":[{\"@type\":\"Article\",\"@id\":\"https:\/\/kapitalis.com\/tunisie\/2016\/09\/16\/chilis-ouvre-un-2e-restaurant-aux-berges-du-lac-de-tunis\/#article\",\"isPartOf\":{\"@id\":\"https:\/\/kapitalis.com\/tunisie\/2016\/09\/16\/chilis-ouvre-un-2e-restaurant-aux-berges-du-lac-de-tunis\/\"},\"author\":{\"name\":\"webmaster kapitalis\",\"@id\":\"https:\/\/kapitalis.com\/tunisie\/#\/schema\/person\/d71f33a9ca44f7bad4698210b480c8e9\"},\"headline\":\"Chili\u2019s ouvre un 2e restaurant aux Berges du Lac de Tunis\",\"datePublished\":\"2016-09-16T07:48:45+00:00\",\"dateModified\":\"2016-09-16T07:50:54+00:00\",\"mainEntityOfPage\":{\"@id\":\"https:\/\/kapitalis.com\/tunisie\/2016\/09\/16\/chilis-ouvre-un-2e-restaurant-aux-berges-du-lac-de-tunis\/\"},\"wordCount\":364,\"commentCount\":0,\"publisher\":{\"@id\":\"https:\/\/kapitalis.com\/tunisie\/#organization\"},\"image\":{\"@id\":\"https:\/\/kapitalis.com\/tunisie\/2016\/09\/16\/chilis-ouvre-un-2e-restaurant-aux-berges-du-lac-de-tunis\/#primaryimage\"},\"thumbnailUrl\":\"\",\"keywords\":[\"Berges du Lac\"],\"articleSection\":[\"CONSO\",\"Tunisie\"],\"inLanguage\":\"fr-FR\",\"potentialAction\":[{\"@type\":\"CommentAction\",\"name\":\"Comment\",\"target\":[\"https:\/\/kapitalis.com\/tunisie\/2016\/09\/16\/chilis-ouvre-un-2e-restaurant-aux-berges-du-lac-de-tunis\/#respond\"]}]},{\"@type\":\"WebPage\",\"@id\":\"https:\/\/kapitalis.com\/tunisie\/2016\/09\/16\/chilis-ouvre-un-2e-restaurant-aux-berges-du-lac-de-tunis\/\",\"url\":\"https:\/\/kapitalis.com\/tunisie\/2016\/09\/16\/chilis-ouvre-un-2e-restaurant-aux-berges-du-lac-de-tunis\/\",\"name\":\"Chili\u2019s ouvre un 2e restaurant aux Berges du Lac de Tunis - Kapitalis\",\"isPartOf\":{\"@id\":\"https:\/\/kapitalis.com\/tunisie\/#website\"},\"primaryImageOfPage\":{\"@id\":\"https:\/\/kapitalis.com\/tunisie\/2016\/09\/16\/chilis-ouvre-un-2e-restaurant-aux-berges-du-lac-de-tunis\/#primaryimage\"},\"image\":{\"@id\":\"https:\/\/kapitalis.com\/tunisie\/2016\/09\/16\/chilis-ouvre-un-2e-restaurant-aux-berges-du-lac-de-tunis\/#primaryimage\"},\"thumbnailUrl\":\"\",\"datePublished\":\"2016-09-16T07:48:45+00:00\",\"dateModified\":\"2016-09-16T07:50:54+00:00\",\"breadcrumb\":{\"@id\":\"https:\/\/kapitalis.com\/tunisie\/2016\/09\/16\/chilis-ouvre-un-2e-restaurant-aux-berges-du-lac-de-tunis\/#breadcrumb\"},\"inLanguage\":\"fr-FR\",\"potentialAction\":[{\"@type\":\"ReadAction\",\"target\":[\"https:\/\/kapitalis.com\/tunisie\/2016\/09\/16\/chilis-ouvre-un-2e-restaurant-aux-berges-du-lac-de-tunis\/\"]}]},{\"@type\":\"ImageObject\",\"inLanguage\":\"fr-FR\",\"@id\":\"https:\/\/kapitalis.com\/tunisie\/2016\/09\/16\/chilis-ouvre-un-2e-restaurant-aux-berges-du-lac-de-tunis\/#primaryimage\",\"url\":\"\",\"contentUrl\":\"\"},{\"@type\":\"BreadcrumbList\",\"@id\":\"https:\/\/kapitalis.com\/tunisie\/2016\/09\/16\/chilis-ouvre-un-2e-restaurant-aux-berges-du-lac-de-tunis\/#breadcrumb\",\"itemListElement\":[{\"@type\":\"ListItem\",\"position\":1,\"name\":\"Accueil\",\"item\":\"https:\/\/kapitalis.com\/tunisie\/\"},{\"@type\":\"ListItem\",\"position\":2,\"name\":\"Chili\u2019s ouvre un 2e restaurant aux Berges du Lac de Tunis\"}]},{\"@type\":\"WebSite\",\"@id\":\"https:\/\/kapitalis.com\/tunisie\/#website\",\"url\":\"https:\/\/kapitalis.com\/tunisie\/\",\"name\":\"Kapitalis\",\"description\":\"L&#039;actualit\u00e9 en Tunisie et dans le monde\",\"publisher\":{\"@id\":\"https:\/\/kapitalis.com\/tunisie\/#organization\"},\"potentialAction\":[{\"@type\":\"SearchAction\",\"target\":{\"@type\":\"EntryPoint\",\"urlTemplate\":\"https:\/\/kapitalis.com\/tunisie\/?s={search_term_string}\"},\"query-input\":{\"@type\":\"PropertyValueSpecification\",\"valueRequired\":true,\"valueName\":\"search_term_string\"}}],\"inLanguage\":\"fr-FR\"},{\"@type\":\"Organization\",\"@id\":\"https:\/\/kapitalis.com\/tunisie\/#organization\",\"name\":\"Kapitalis\",\"url\":\"https:\/\/kapitalis.com\/tunisie\/\",\"logo\":{\"@type\":\"ImageObject\",\"inLanguage\":\"fr-FR\",\"@id\":\"https:\/\/kapitalis.com\/tunisie\/#\/schema\/logo\/image\/\",\"url\":\"https:\/\/kapitalis.com\/tunisie\/wp-content\/uploads\/2022\/05\/Kapitalis-big-size.png\",\"contentUrl\":\"https:\/\/kapitalis.com\/tunisie\/wp-content\/uploads\/2022\/05\/Kapitalis-big-size.png\",\"width\":5000,\"height\":1500,\"caption\":\"Kapitalis\"},\"image\":{\"@id\":\"https:\/\/kapitalis.com\/tunisie\/#\/schema\/logo\/image\/\"},\"sameAs\":[\"https:\/\/www.facebook.com\/KapitalisInfo\/\",\"https:\/\/x.com\/KapitalisInfo\",\"https:\/\/www.youtube.com\/channel\/UC-yDYrHyfFBWWZaOw3FPg9Q\"]},{\"@type\":\"Person\",\"@id\":\"https:\/\/kapitalis.com\/tunisie\/#\/schema\/person\/d71f33a9ca44f7bad4698210b480c8e9\",\"name\":\"webmaster kapitalis\",\"url\":\"https:\/\/kapitalis.com\/tunisie\/author\/webmaster-kapitalis\/\"}]}<\/script>\n<!-- \/ Yoast SEO plugin. -->","yoast_head_json":{"title":"Chili\u2019s ouvre un 2e restaurant aux Berges du Lac de Tunis - Kapitalis","robots":{"index":"index","follow":"follow","max-snippet":"max-snippet:-1","max-image-preview":"max-image-preview:large","max-video-preview":"max-video-preview:-1"},"canonical":"https:\/\/kapitalis.com\/tunisie\/2016\/09\/16\/chilis-ouvre-un-2e-restaurant-aux-berges-du-lac-de-tunis\/","og_locale":"fr_FR","og_type":"article","og_title":"Chili\u2019s ouvre un 2e restaurant aux Berges du Lac de Tunis - Kapitalis","og_description":"Apr\u00e8s avoir ouvert son premier restaurant \u00e0 El Manar 2, en septembre 2015, la cha\u00eene am\u00e9ricaine Chili\u2019s vient d\u2019en ouvrier un second aux Berges du Lac I, \u00e0 Tunis.","og_url":"https:\/\/kapitalis.com\/tunisie\/2016\/09\/16\/chilis-ouvre-un-2e-restaurant-aux-berges-du-lac-de-tunis\/","og_site_name":"Kapitalis","article_publisher":"https:\/\/www.facebook.com\/KapitalisInfo\/","article_published_time":"2016-09-16T07:48:45+00:00","article_modified_time":"2016-09-16T07:50:54+00:00","og_image":[{"width":1200,"height":630,"url":"https:\/\/kapitalis.com\/tunisie\/wp-content\/uploads\/2022\/05\/kapitalis-logo-fb.png","type":"image\/png"}],"author":"webmaster kapitalis","twitter_card":"summary_large_image","twitter_creator":"@KapitalisInfo","twitter_site":"@KapitalisInfo","twitter_misc":{"\u00c9crit par":"webmaster kapitalis","Dur\u00e9e de lecture estim\u00e9e":"2 minutes"},"schema":{"@context":"https:\/\/schema.org","@graph":[{"@type":"Article","@id":"https:\/\/kapitalis.com\/tunisie\/2016\/09\/16\/chilis-ouvre-un-2e-restaurant-aux-berges-du-lac-de-tunis\/#article","isPartOf":{"@id":"https:\/\/kapitalis.com\/tunisie\/2016\/09\/16\/chilis-ouvre-un-2e-restaurant-aux-berges-du-lac-de-tunis\/"},"author":{"name":"webmaster kapitalis","@id":"https:\/\/kapitalis.com\/tunisie\/#\/schema\/person\/d71f33a9ca44f7bad4698210b480c8e9"},"headline":"Chili\u2019s ouvre un 2e restaurant aux Berges du Lac de Tunis","datePublished":"2016-09-16T07:48:45+00:00","dateModified":"2016-09-16T07:50:54+00:00","mainEntityOfPage":{"@id":"https:\/\/kapitalis.com\/tunisie\/2016\/09\/16\/chilis-ouvre-un-2e-restaurant-aux-berges-du-lac-de-tunis\/"},"wordCount":364,"commentCount":0,"publisher":{"@id":"https:\/\/kapitalis.com\/tunisie\/#organization"},"image":{"@id":"https:\/\/kapitalis.com\/tunisie\/2016\/09\/16\/chilis-ouvre-un-2e-restaurant-aux-berges-du-lac-de-tunis\/#primaryimage"},"thumbnailUrl":"","keywords":["Berges du Lac"],"articleSection":["CONSO","Tunisie"],"inLanguage":"fr-FR","potentialAction":[{"@type":"CommentAction","name":"Comment","target":["https:\/\/kapitalis.com\/tunisie\/2016\/09\/16\/chilis-ouvre-un-2e-restaurant-aux-berges-du-lac-de-tunis\/#respond"]}]},{"@type":"WebPage","@id":"https:\/\/kapitalis.com\/tunisie\/2016\/09\/16\/chilis-ouvre-un-2e-restaurant-aux-berges-du-lac-de-tunis\/","url":"https:\/\/kapitalis.com\/tunisie\/2016\/09\/16\/chilis-ouvre-un-2e-restaurant-aux-berges-du-lac-de-tunis\/","name":"Chili\u2019s ouvre un 2e restaurant aux Berges du Lac de Tunis - Kapitalis","isPartOf":{"@id":"https:\/\/kapitalis.com\/tunisie\/#website"},"primaryImageOfPage":{"@id":"https:\/\/kapitalis.com\/tunisie\/2016\/09\/16\/chilis-ouvre-un-2e-restaurant-aux-berges-du-lac-de-tunis\/#primaryimage"},"image":{"@id":"https:\/\/kapitalis.com\/tunisie\/2016\/09\/16\/chilis-ouvre-un-2e-restaurant-aux-berges-du-lac-de-tunis\/#primaryimage"},"thumbnailUrl":"","datePublished":"2016-09-16T07:48:45+00:00","dateModified":"2016-09-16T07:50:54+00:00","breadcrumb":{"@id":"https:\/\/kapitalis.com\/tunisie\/2016\/09\/16\/chilis-ouvre-un-2e-restaurant-aux-berges-du-lac-de-tunis\/#breadcrumb"},"inLanguage":"fr-FR","potentialAction":[{"@type":"ReadAction","target":["https:\/\/kapitalis.com\/tunisie\/2016\/09\/16\/chilis-ouvre-un-2e-restaurant-aux-berges-du-lac-de-tunis\/"]}]},{"@type":"ImageObject","inLanguage":"fr-FR","@id":"https:\/\/kapitalis.com\/tunisie\/2016\/09\/16\/chilis-ouvre-un-2e-restaurant-aux-berges-du-lac-de-tunis\/#primaryimage","url":"","contentUrl":""},{"@type":"BreadcrumbList","@id":"https:\/\/kapitalis.com\/tunisie\/2016\/09\/16\/chilis-ouvre-un-2e-restaurant-aux-berges-du-lac-de-tunis\/#breadcrumb","itemListElement":[{"@type":"ListItem","position":1,"name":"Accueil","item":"https:\/\/kapitalis.com\/tunisie\/"},{"@type":"ListItem","position":2,"name":"Chili\u2019s ouvre un 2e restaurant aux Berges du Lac de Tunis"}]},{"@type":"WebSite","@id":"https:\/\/kapitalis.com\/tunisie\/#website","url":"https:\/\/kapitalis.com\/tunisie\/","name":"Kapitalis","description":"L&#039;actualit\u00e9 en Tunisie et dans le monde","publisher":{"@id":"https:\/\/kapitalis.com\/tunisie\/#organization"},"potentialAction":[{"@type":"SearchAction","target":{"@type":"EntryPoint","urlTemplate":"https:\/\/kapitalis.com\/tunisie\/?s={search_term_string}"},"query-input":{"@type":"PropertyValueSpecification","valueRequired":true,"valueName":"search_term_string"}}],"inLanguage":"fr-FR"},{"@type":"Organization","@id":"https:\/\/kapitalis.com\/tunisie\/#organization","name":"Kapitalis","url":"https:\/\/kapitalis.com\/tunisie\/","logo":{"@type":"ImageObject","inLanguage":"fr-FR","@id":"https:\/\/kapitalis.com\/tunisie\/#\/schema\/logo\/image\/","url":"https:\/\/kapitalis.com\/tunisie\/wp-content\/uploads\/2022\/05\/Kapitalis-big-size.png","contentUrl":"https:\/\/kapitalis.com\/tunisie\/wp-content\/uploads\/2022\/05\/Kapitalis-big-size.png","width":5000,"height":1500,"caption":"Kapitalis"},"image":{"@id":"https:\/\/kapitalis.com\/tunisie\/#\/schema\/logo\/image\/"},"sameAs":["https:\/\/www.facebook.com\/KapitalisInfo\/","https:\/\/x.com\/KapitalisInfo","https:\/\/www.youtube.com\/channel\/UC-yDYrHyfFBWWZaOw3FPg9Q"]},{"@type":"Person","@id":"https:\/\/kapitalis.com\/tunisie\/#\/schema\/person\/d71f33a9ca44f7bad4698210b480c8e9","name":"webmaster kapitalis","url":"https:\/\/kapitalis.com\/tunisie\/author\/webmaster-kapitalis\/"}]}},"_links":{"self":[{"href":"https:\/\/kapitalis.com\/tunisie\/wp-json\/wp\/v2\/posts\/64768","targetHints":{"allow":["GET"]}}],"collection":[{"href":"https:\/\/kapitalis.com\/tunisie\/wp-json\/wp\/v2\/posts"}],"about":[{"href":"https:\/\/kapitalis.com\/tunisie\/wp-json\/wp\/v2\/types\/post"}],"author":[{"embeddable":true,"href":"https:\/\/kapitalis.com\/tunisie\/wp-json\/wp\/v2\/users\/8"}],"replies":[{"embeddable":true,"href":"https:\/\/kapitalis.com\/tunisie\/wp-json\/wp\/v2\/comments?post=64768"}],"version-history":[{"count":0,"href":"https:\/\/kapitalis.com\/tunisie\/wp-json\/wp\/v2\/posts\/64768\/revisions"}],"wp:featuredmedia":[{"embeddable":true,"href":"https:\/\/kapitalis.com\/tunisie\/wp-json\/wp\/v2\/media\/64769"}],"wp:attachment":[{"href":"https:\/\/kapitalis.com\/tunisie\/wp-json\/wp\/v2\/media?parent=64768"}],"wp:term":[{"taxonomy":"category","embeddable":true,"href":"https:\/\/kapitalis.com\/tunisie\/wp-json\/wp\/v2\/categories?post=64768"},{"taxonomy":"post_tag","embeddable":true,"href":"https:\/\/kapitalis.com\/tunisie\/wp-json\/wp\/v2\/tags?post=64768"}],"curies":[{"name":"wp","href":"https:\/\/api.w.org\/{rel}","templated":true}]}}