{"id":64920,"date":"2016-09-17T13:48:58","date_gmt":"2016-09-17T12:48:58","guid":{"rendered":"http:\/\/kapitalis.com\/tunisie\/?p=64920"},"modified":"2016-09-17T13:48:58","modified_gmt":"2016-09-17T12:48:58","slug":"mohamed-salah-meftah-5e-pelerin-tunisien-decede-a-la-mecque","status":"publish","type":"post","link":"https:\/\/kapitalis.com\/tunisie\/2016\/09\/17\/mohamed-salah-meftah-5e-pelerin-tunisien-decede-a-la-mecque\/","title":{"rendered":"Mohamed Salah Meftah, 5e p\u00e8lerin tunisien d\u00e9c\u00e9d\u00e9 \u00e0 la Mecque"},"content":{"rendered":"<p style=\"text-align: center;\"><img loading=\"lazy\" decoding=\"async\" class=\"alignnone size-full wp-image-16352\" src=\"http:\/\/kapitalis.com\/tunisie\/wp-content\/uploads\/2015\/09\/pelerins.jpg\" alt=\"pelerins\" width=\"626\" height=\"380\" \/><\/p>\n<p><em><strong>Mohamed Salah Meftah, \u00e2g\u00e9 de 67 ans et originaire de Hammam-Sousse, est d\u00e9c\u00e9d\u00e9 aujourd\u2019hui \u00e0 l\u2019aube dans sa chambre, \u00e0 l\u2019h\u00f4tel Palestine, \u00e0 la Mecque.<\/strong> <\/em><\/p>\n<p><!--more--><\/p>\n<p>Dans un communiqu\u00e9 publi\u00e9 aujourd\u2019hui sur sa page Facebook, le minist\u00e8re des Affaires religieuses a annonc\u00e9 le d\u00e9c\u00e8s de ce 5<sup>e<\/sup> p\u00e8lerin \u00a0tunisien \u00e0 La Mecque, en Arabie saoudite.<\/p>\n<p>Les 4 autres p\u00e8lerins tunisiens d\u00e9c\u00e9d\u00e9s\u00a0\u00e0 la Mecque sont\u00a0Salem Ahmed Kechih de Beni Khedache (M\u00e9denine), qui a rendu l&rsquo;\u00e2me avant-hier, \u00e0 l\u2019h\u00f4pital Nour, Samira Hentati (d\u00e9c\u00e9d\u00e9e le 13 septembre, originaire de Sfax), Zinouba Elhedi Ellouz, originaire de Sfax, d\u00e9c\u00e9d\u00e9e suite \u00e0 une crise cardiaque dans le camp de Mina,\u00a0le 12 septembre, jour de l\u2019A\u00efd Al-Adha,\u00a0ainsi que Mehria Hrabi Brigui, originaire de Medenine, d\u00e9c\u00e9d\u00e9e le 11 septembre, apr\u00e8s une semaine en salle de\u00a0r\u00e9animation \u00e0 l\u2019h\u00f4pital Ezzaher, \u00e0 la Mecque.<\/p>\n<p style=\"text-align: right;\"><strong>Z. A.<\/strong><\/p>\n","protected":false},"excerpt":{"rendered":"<p>Mohamed Salah Meftah, \u00e2g\u00e9 de 67 ans et originaire de Hammam-Sousse, est d\u00e9c\u00e9d\u00e9 aujourd\u2019hui \u00e0 l\u2019aube dans sa chambre, \u00e0 l\u2019h\u00f4tel Palestine, \u00e0 la Mecque.<\/p>\n","protected":false},"author":7,"featured_media":0,"comment_status":"open","ping_status":"open","sticky":false,"template":"","format":"standard","meta":{"footnotes":""},"categories":[998,2433],"tags":[2638,4564,6287,6746],"class_list":["post-64920","post","type-post","status-publish","format-standard","hentry","category-societe","category-tunisie","tag-arabie-saoudite","tag-mecque","tag-ministere-des-affaires-religieuses","tag-pelerins-tunisiens"],"yoast_head":"<!-- This site is optimized with the Yoast SEO plugin v26.6 - https:\/\/yoast.com\/wordpress\/plugins\/seo\/ -->\n<title>Mohamed Salah Meftah, 5e p\u00e8lerin tunisien d\u00e9c\u00e9d\u00e9 \u00e0 la Mecque - Kapitalis<\/title>\n<meta name=\"robots\" content=\"index, follow, max-snippet:-1, max-image-preview:large, max-video-preview:-1\" \/>\n<link rel=\"canonical\" href=\"https:\/\/kapitalis.com\/tunisie\/2016\/09\/17\/mohamed-salah-meftah-5e-pelerin-tunisien-decede-a-la-mecque\/\" \/>\n<meta property=\"og:locale\" content=\"fr_FR\" \/>\n<meta property=\"og:type\" content=\"article\" \/>\n<meta property=\"og:title\" content=\"Mohamed Salah Meftah, 5e p\u00e8lerin tunisien d\u00e9c\u00e9d\u00e9 \u00e0 la Mecque - Kapitalis\" \/>\n<meta property=\"og:description\" content=\"Mohamed Salah Meftah, \u00e2g\u00e9 de 67 ans et originaire de Hammam-Sousse, est d\u00e9c\u00e9d\u00e9 aujourd\u2019hui \u00e0 l\u2019aube dans sa chambre, \u00e0 l\u2019h\u00f4tel Palestine, \u00e0 la Mecque.\" \/>\n<meta property=\"og:url\" content=\"https:\/\/kapitalis.com\/tunisie\/2016\/09\/17\/mohamed-salah-meftah-5e-pelerin-tunisien-decede-a-la-mecque\/\" \/>\n<meta property=\"og:site_name\" content=\"Kapitalis\" \/>\n<meta property=\"article:publisher\" content=\"https:\/\/www.facebook.com\/KapitalisInfo\/\" \/>\n<meta property=\"article:published_time\" content=\"2016-09-17T12:48:58+00:00\" \/>\n<meta property=\"og:image\" content=\"http:\/\/kapitalis.com\/tunisie\/wp-content\/uploads\/2015\/09\/pelerins.jpg\" \/>\n<meta name=\"author\" content=\"zohra abid\" \/>\n<meta name=\"twitter:card\" content=\"summary_large_image\" \/>\n<meta name=\"twitter:creator\" content=\"@KapitalisInfo\" \/>\n<meta name=\"twitter:site\" content=\"@KapitalisInfo\" \/>\n<meta name=\"twitter:label1\" content=\"\u00c9crit par\" \/>\n\t<meta name=\"twitter:data1\" content=\"zohra abid\" \/>\n\t<meta name=\"twitter:label2\" content=\"Dur\u00e9e de lecture estim\u00e9e\" \/>\n\t<meta name=\"twitter:data2\" content=\"1 minute\" \/>\n<script type=\"application\/ld+json\" class=\"yoast-schema-graph\">{\"@context\":\"https:\/\/schema.org\",\"@graph\":[{\"@type\":\"Article\",\"@id\":\"https:\/\/kapitalis.com\/tunisie\/2016\/09\/17\/mohamed-salah-meftah-5e-pelerin-tunisien-decede-a-la-mecque\/#article\",\"isPartOf\":{\"@id\":\"https:\/\/kapitalis.com\/tunisie\/2016\/09\/17\/mohamed-salah-meftah-5e-pelerin-tunisien-decede-a-la-mecque\/\"},\"author\":{\"name\":\"zohra abid\",\"@id\":\"https:\/\/kapitalis.com\/tunisie\/#\/schema\/person\/6fc2988ceb6eacf6836db1d8360b4912\"},\"headline\":\"Mohamed Salah Meftah, 5e p\u00e8lerin tunisien d\u00e9c\u00e9d\u00e9 \u00e0 la Mecque\",\"datePublished\":\"2016-09-17T12:48:58+00:00\",\"mainEntityOfPage\":{\"@id\":\"https:\/\/kapitalis.com\/tunisie\/2016\/09\/17\/mohamed-salah-meftah-5e-pelerin-tunisien-decede-a-la-mecque\/\"},\"wordCount\":171,\"commentCount\":0,\"publisher\":{\"@id\":\"https:\/\/kapitalis.com\/tunisie\/#organization\"},\"image\":{\"@id\":\"https:\/\/kapitalis.com\/tunisie\/2016\/09\/17\/mohamed-salah-meftah-5e-pelerin-tunisien-decede-a-la-mecque\/#primaryimage\"},\"thumbnailUrl\":\"http:\/\/kapitalis.com\/tunisie\/wp-content\/uploads\/2015\/09\/pelerins.jpg\",\"keywords\":[\"Arabie saoudite\",\"Mecque\",\"ministere des affaires religieuses\",\"p\u00e8lerins tunisiens\"],\"articleSection\":[\"SOCIETE\",\"Tunisie\"],\"inLanguage\":\"fr-FR\",\"potentialAction\":[{\"@type\":\"CommentAction\",\"name\":\"Comment\",\"target\":[\"https:\/\/kapitalis.com\/tunisie\/2016\/09\/17\/mohamed-salah-meftah-5e-pelerin-tunisien-decede-a-la-mecque\/#respond\"]}]},{\"@type\":\"WebPage\",\"@id\":\"https:\/\/kapitalis.com\/tunisie\/2016\/09\/17\/mohamed-salah-meftah-5e-pelerin-tunisien-decede-a-la-mecque\/\",\"url\":\"https:\/\/kapitalis.com\/tunisie\/2016\/09\/17\/mohamed-salah-meftah-5e-pelerin-tunisien-decede-a-la-mecque\/\",\"name\":\"Mohamed Salah Meftah, 5e p\u00e8lerin tunisien d\u00e9c\u00e9d\u00e9 \u00e0 la Mecque - Kapitalis\",\"isPartOf\":{\"@id\":\"https:\/\/kapitalis.com\/tunisie\/#website\"},\"primaryImageOfPage\":{\"@id\":\"https:\/\/kapitalis.com\/tunisie\/2016\/09\/17\/mohamed-salah-meftah-5e-pelerin-tunisien-decede-a-la-mecque\/#primaryimage\"},\"image\":{\"@id\":\"https:\/\/kapitalis.com\/tunisie\/2016\/09\/17\/mohamed-salah-meftah-5e-pelerin-tunisien-decede-a-la-mecque\/#primaryimage\"},\"thumbnailUrl\":\"http:\/\/kapitalis.com\/tunisie\/wp-content\/uploads\/2015\/09\/pelerins.jpg\",\"datePublished\":\"2016-09-17T12:48:58+00:00\",\"breadcrumb\":{\"@id\":\"https:\/\/kapitalis.com\/tunisie\/2016\/09\/17\/mohamed-salah-meftah-5e-pelerin-tunisien-decede-a-la-mecque\/#breadcrumb\"},\"inLanguage\":\"fr-FR\",\"potentialAction\":[{\"@type\":\"ReadAction\",\"target\":[\"https:\/\/kapitalis.com\/tunisie\/2016\/09\/17\/mohamed-salah-meftah-5e-pelerin-tunisien-decede-a-la-mecque\/\"]}]},{\"@type\":\"ImageObject\",\"inLanguage\":\"fr-FR\",\"@id\":\"https:\/\/kapitalis.com\/tunisie\/2016\/09\/17\/mohamed-salah-meftah-5e-pelerin-tunisien-decede-a-la-mecque\/#primaryimage\",\"url\":\"http:\/\/kapitalis.com\/tunisie\/wp-content\/uploads\/2015\/09\/pelerins.jpg\",\"contentUrl\":\"http:\/\/kapitalis.com\/tunisie\/wp-content\/uploads\/2015\/09\/pelerins.jpg\"},{\"@type\":\"BreadcrumbList\",\"@id\":\"https:\/\/kapitalis.com\/tunisie\/2016\/09\/17\/mohamed-salah-meftah-5e-pelerin-tunisien-decede-a-la-mecque\/#breadcrumb\",\"itemListElement\":[{\"@type\":\"ListItem\",\"position\":1,\"name\":\"Accueil\",\"item\":\"https:\/\/kapitalis.com\/tunisie\/\"},{\"@type\":\"ListItem\",\"position\":2,\"name\":\"Mohamed Salah Meftah, 5e p\u00e8lerin tunisien d\u00e9c\u00e9d\u00e9 \u00e0 la Mecque\"}]},{\"@type\":\"WebSite\",\"@id\":\"https:\/\/kapitalis.com\/tunisie\/#website\",\"url\":\"https:\/\/kapitalis.com\/tunisie\/\",\"name\":\"Kapitalis\",\"description\":\"L&#039;actualit\u00e9 en Tunisie et dans le monde\",\"publisher\":{\"@id\":\"https:\/\/kapitalis.com\/tunisie\/#organization\"},\"potentialAction\":[{\"@type\":\"SearchAction\",\"target\":{\"@type\":\"EntryPoint\",\"urlTemplate\":\"https:\/\/kapitalis.com\/tunisie\/?s={search_term_string}\"},\"query-input\":{\"@type\":\"PropertyValueSpecification\",\"valueRequired\":true,\"valueName\":\"search_term_string\"}}],\"inLanguage\":\"fr-FR\"},{\"@type\":\"Organization\",\"@id\":\"https:\/\/kapitalis.com\/tunisie\/#organization\",\"name\":\"Kapitalis\",\"url\":\"https:\/\/kapitalis.com\/tunisie\/\",\"logo\":{\"@type\":\"ImageObject\",\"inLanguage\":\"fr-FR\",\"@id\":\"https:\/\/kapitalis.com\/tunisie\/#\/schema\/logo\/image\/\",\"url\":\"https:\/\/kapitalis.com\/tunisie\/wp-content\/uploads\/2022\/05\/Kapitalis-big-size.png\",\"contentUrl\":\"https:\/\/kapitalis.com\/tunisie\/wp-content\/uploads\/2022\/05\/Kapitalis-big-size.png\",\"width\":5000,\"height\":1500,\"caption\":\"Kapitalis\"},\"image\":{\"@id\":\"https:\/\/kapitalis.com\/tunisie\/#\/schema\/logo\/image\/\"},\"sameAs\":[\"https:\/\/www.facebook.com\/KapitalisInfo\/\",\"https:\/\/x.com\/KapitalisInfo\",\"https:\/\/www.youtube.com\/channel\/UC-yDYrHyfFBWWZaOw3FPg9Q\"]},{\"@type\":\"Person\",\"@id\":\"https:\/\/kapitalis.com\/tunisie\/#\/schema\/person\/6fc2988ceb6eacf6836db1d8360b4912\",\"name\":\"zohra abid\",\"url\":\"https:\/\/kapitalis.com\/tunisie\/author\/zohra-abid-2015\/\"}]}<\/script>\n<!-- \/ Yoast SEO plugin. -->","yoast_head_json":{"title":"Mohamed Salah Meftah, 5e p\u00e8lerin tunisien d\u00e9c\u00e9d\u00e9 \u00e0 la Mecque - Kapitalis","robots":{"index":"index","follow":"follow","max-snippet":"max-snippet:-1","max-image-preview":"max-image-preview:large","max-video-preview":"max-video-preview:-1"},"canonical":"https:\/\/kapitalis.com\/tunisie\/2016\/09\/17\/mohamed-salah-meftah-5e-pelerin-tunisien-decede-a-la-mecque\/","og_locale":"fr_FR","og_type":"article","og_title":"Mohamed Salah Meftah, 5e p\u00e8lerin tunisien d\u00e9c\u00e9d\u00e9 \u00e0 la Mecque - Kapitalis","og_description":"Mohamed Salah Meftah, \u00e2g\u00e9 de 67 ans et originaire de Hammam-Sousse, est d\u00e9c\u00e9d\u00e9 aujourd\u2019hui \u00e0 l\u2019aube dans sa chambre, \u00e0 l\u2019h\u00f4tel Palestine, \u00e0 la Mecque.","og_url":"https:\/\/kapitalis.com\/tunisie\/2016\/09\/17\/mohamed-salah-meftah-5e-pelerin-tunisien-decede-a-la-mecque\/","og_site_name":"Kapitalis","article_publisher":"https:\/\/www.facebook.com\/KapitalisInfo\/","article_published_time":"2016-09-17T12:48:58+00:00","og_image":[{"url":"http:\/\/kapitalis.com\/tunisie\/wp-content\/uploads\/2015\/09\/pelerins.jpg","type":"","width":"","height":""}],"author":"zohra abid","twitter_card":"summary_large_image","twitter_creator":"@KapitalisInfo","twitter_site":"@KapitalisInfo","twitter_misc":{"\u00c9crit par":"zohra abid","Dur\u00e9e de lecture estim\u00e9e":"1 minute"},"schema":{"@context":"https:\/\/schema.org","@graph":[{"@type":"Article","@id":"https:\/\/kapitalis.com\/tunisie\/2016\/09\/17\/mohamed-salah-meftah-5e-pelerin-tunisien-decede-a-la-mecque\/#article","isPartOf":{"@id":"https:\/\/kapitalis.com\/tunisie\/2016\/09\/17\/mohamed-salah-meftah-5e-pelerin-tunisien-decede-a-la-mecque\/"},"author":{"name":"zohra abid","@id":"https:\/\/kapitalis.com\/tunisie\/#\/schema\/person\/6fc2988ceb6eacf6836db1d8360b4912"},"headline":"Mohamed Salah Meftah, 5e p\u00e8lerin tunisien d\u00e9c\u00e9d\u00e9 \u00e0 la Mecque","datePublished":"2016-09-17T12:48:58+00:00","mainEntityOfPage":{"@id":"https:\/\/kapitalis.com\/tunisie\/2016\/09\/17\/mohamed-salah-meftah-5e-pelerin-tunisien-decede-a-la-mecque\/"},"wordCount":171,"commentCount":0,"publisher":{"@id":"https:\/\/kapitalis.com\/tunisie\/#organization"},"image":{"@id":"https:\/\/kapitalis.com\/tunisie\/2016\/09\/17\/mohamed-salah-meftah-5e-pelerin-tunisien-decede-a-la-mecque\/#primaryimage"},"thumbnailUrl":"http:\/\/kapitalis.com\/tunisie\/wp-content\/uploads\/2015\/09\/pelerins.jpg","keywords":["Arabie saoudite","Mecque","ministere des affaires religieuses","p\u00e8lerins tunisiens"],"articleSection":["SOCIETE","Tunisie"],"inLanguage":"fr-FR","potentialAction":[{"@type":"CommentAction","name":"Comment","target":["https:\/\/kapitalis.com\/tunisie\/2016\/09\/17\/mohamed-salah-meftah-5e-pelerin-tunisien-decede-a-la-mecque\/#respond"]}]},{"@type":"WebPage","@id":"https:\/\/kapitalis.com\/tunisie\/2016\/09\/17\/mohamed-salah-meftah-5e-pelerin-tunisien-decede-a-la-mecque\/","url":"https:\/\/kapitalis.com\/tunisie\/2016\/09\/17\/mohamed-salah-meftah-5e-pelerin-tunisien-decede-a-la-mecque\/","name":"Mohamed Salah Meftah, 5e p\u00e8lerin tunisien d\u00e9c\u00e9d\u00e9 \u00e0 la Mecque - Kapitalis","isPartOf":{"@id":"https:\/\/kapitalis.com\/tunisie\/#website"},"primaryImageOfPage":{"@id":"https:\/\/kapitalis.com\/tunisie\/2016\/09\/17\/mohamed-salah-meftah-5e-pelerin-tunisien-decede-a-la-mecque\/#primaryimage"},"image":{"@id":"https:\/\/kapitalis.com\/tunisie\/2016\/09\/17\/mohamed-salah-meftah-5e-pelerin-tunisien-decede-a-la-mecque\/#primaryimage"},"thumbnailUrl":"http:\/\/kapitalis.com\/tunisie\/wp-content\/uploads\/2015\/09\/pelerins.jpg","datePublished":"2016-09-17T12:48:58+00:00","breadcrumb":{"@id":"https:\/\/kapitalis.com\/tunisie\/2016\/09\/17\/mohamed-salah-meftah-5e-pelerin-tunisien-decede-a-la-mecque\/#breadcrumb"},"inLanguage":"fr-FR","potentialAction":[{"@type":"ReadAction","target":["https:\/\/kapitalis.com\/tunisie\/2016\/09\/17\/mohamed-salah-meftah-5e-pelerin-tunisien-decede-a-la-mecque\/"]}]},{"@type":"ImageObject","inLanguage":"fr-FR","@id":"https:\/\/kapitalis.com\/tunisie\/2016\/09\/17\/mohamed-salah-meftah-5e-pelerin-tunisien-decede-a-la-mecque\/#primaryimage","url":"http:\/\/kapitalis.com\/tunisie\/wp-content\/uploads\/2015\/09\/pelerins.jpg","contentUrl":"http:\/\/kapitalis.com\/tunisie\/wp-content\/uploads\/2015\/09\/pelerins.jpg"},{"@type":"BreadcrumbList","@id":"https:\/\/kapitalis.com\/tunisie\/2016\/09\/17\/mohamed-salah-meftah-5e-pelerin-tunisien-decede-a-la-mecque\/#breadcrumb","itemListElement":[{"@type":"ListItem","position":1,"name":"Accueil","item":"https:\/\/kapitalis.com\/tunisie\/"},{"@type":"ListItem","position":2,"name":"Mohamed Salah Meftah, 5e p\u00e8lerin tunisien d\u00e9c\u00e9d\u00e9 \u00e0 la Mecque"}]},{"@type":"WebSite","@id":"https:\/\/kapitalis.com\/tunisie\/#website","url":"https:\/\/kapitalis.com\/tunisie\/","name":"Kapitalis","description":"L&#039;actualit\u00e9 en Tunisie et dans le monde","publisher":{"@id":"https:\/\/kapitalis.com\/tunisie\/#organization"},"potentialAction":[{"@type":"SearchAction","target":{"@type":"EntryPoint","urlTemplate":"https:\/\/kapitalis.com\/tunisie\/?s={search_term_string}"},"query-input":{"@type":"PropertyValueSpecification","valueRequired":true,"valueName":"search_term_string"}}],"inLanguage":"fr-FR"},{"@type":"Organization","@id":"https:\/\/kapitalis.com\/tunisie\/#organization","name":"Kapitalis","url":"https:\/\/kapitalis.com\/tunisie\/","logo":{"@type":"ImageObject","inLanguage":"fr-FR","@id":"https:\/\/kapitalis.com\/tunisie\/#\/schema\/logo\/image\/","url":"https:\/\/kapitalis.com\/tunisie\/wp-content\/uploads\/2022\/05\/Kapitalis-big-size.png","contentUrl":"https:\/\/kapitalis.com\/tunisie\/wp-content\/uploads\/2022\/05\/Kapitalis-big-size.png","width":5000,"height":1500,"caption":"Kapitalis"},"image":{"@id":"https:\/\/kapitalis.com\/tunisie\/#\/schema\/logo\/image\/"},"sameAs":["https:\/\/www.facebook.com\/KapitalisInfo\/","https:\/\/x.com\/KapitalisInfo","https:\/\/www.youtube.com\/channel\/UC-yDYrHyfFBWWZaOw3FPg9Q"]},{"@type":"Person","@id":"https:\/\/kapitalis.com\/tunisie\/#\/schema\/person\/6fc2988ceb6eacf6836db1d8360b4912","name":"zohra abid","url":"https:\/\/kapitalis.com\/tunisie\/author\/zohra-abid-2015\/"}]}},"_links":{"self":[{"href":"https:\/\/kapitalis.com\/tunisie\/wp-json\/wp\/v2\/posts\/64920","targetHints":{"allow":["GET"]}}],"collection":[{"href":"https:\/\/kapitalis.com\/tunisie\/wp-json\/wp\/v2\/posts"}],"about":[{"href":"https:\/\/kapitalis.com\/tunisie\/wp-json\/wp\/v2\/types\/post"}],"author":[{"embeddable":true,"href":"https:\/\/kapitalis.com\/tunisie\/wp-json\/wp\/v2\/users\/7"}],"replies":[{"embeddable":true,"href":"https:\/\/kapitalis.com\/tunisie\/wp-json\/wp\/v2\/comments?post=64920"}],"version-history":[{"count":0,"href":"https:\/\/kapitalis.com\/tunisie\/wp-json\/wp\/v2\/posts\/64920\/revisions"}],"wp:attachment":[{"href":"https:\/\/kapitalis.com\/tunisie\/wp-json\/wp\/v2\/media?parent=64920"}],"wp:term":[{"taxonomy":"category","embeddable":true,"href":"https:\/\/kapitalis.com\/tunisie\/wp-json\/wp\/v2\/categories?post=64920"},{"taxonomy":"post_tag","embeddable":true,"href":"https:\/\/kapitalis.com\/tunisie\/wp-json\/wp\/v2\/tags?post=64920"}],"curies":[{"name":"wp","href":"https:\/\/api.w.org\/{rel}","templated":true}]}}