{"id":64984,"date":"2016-09-18T12:36:24","date_gmt":"2016-09-18T11:36:24","guid":{"rendered":"http:\/\/kapitalis.com\/tunisie\/?p=64984"},"modified":"2016-09-18T13:25:17","modified_gmt":"2016-09-18T12:25:17","slug":"samir-taieb-le-deficit-hydrique-nest-pas-catastrophique","status":"publish","type":"post","link":"https:\/\/kapitalis.com\/tunisie\/2016\/09\/18\/samir-taieb-le-deficit-hydrique-nest-pas-catastrophique\/","title":{"rendered":"Samir Taieb : Le d\u00e9ficit hydrique en Tunisie \u00abn\u2019est pas catastrophique\u00bb"},"content":{"rendered":"<p style=\"text-align: center;\"><img loading=\"lazy\" decoding=\"async\" class=\"alignnone size-full wp-image-64988\" src=\"http:\/\/kapitalis.com\/tunisie\/wp-content\/uploads\/2016\/09\/Samir-Taieb-Barrage.jpg\" alt=\"samir-taieb-barrage\" width=\"626\" height=\"380\" \/><\/p>\n<p><em><strong>\u00abEstim\u00e9 \u00e0 500 millions m\u00e8tres cubes, le d\u00e9ficit hydrique actuel en Tunisie n\u2019est pas catastrophique et des solutions \u00e0 moyen terme sont disponibles\u00bb, a affirm\u00e9 Samir Taieb.<\/strong> <\/em><\/p>\n<p><!--more--><\/p>\n<p>Le ministre de l\u2019Agriculture, des Ressources hydrauliques et de la P\u00eache, qui parlait samedi, lors d\u2019une conf\u00e9rence-d\u00e9bat \u00e0 Tunis, sur <em>\u00abl\u2019avenir de notre \u00e9cosyt\u00e8me eau\u00bb<\/em>, \u00e0 l\u2019Institut national agronomique de Tunis (Inat), a estim\u00e9 que les r\u00e9serves en eau sont estim\u00e9es, actuellement, \u00e0 plus de 700 m\u00e8tres cubes contre 1.200 m\u00e8tres cubes d\u2019habitude, rappelant les mesures urgentes adopt\u00e9es au cours de cette semaine pour faire face \u00e0 ce d\u00e9ficit.<\/p>\n<p>Ces mesures, dont le co\u00fbt global s\u2019\u00e9l\u00e8ve \u00e0 200 millions de dinars tunisiens (MDT), portent notamment sur l\u2019acquisition d\u2019une quarantaine d\u2019unit\u00e9s mobiles de dessalement de l\u2019eau, a-t-il rappel\u00e9. Ces unit\u00e9s, dont la capacit\u00e9 est estim\u00e9 \u00e0 2000 m\u00e8tres cubes par jour, seront disponibles \u00e0 partir de l\u2019\u00e9t\u00e9 prochain.<\/p>\n<p>M. Ettaieb Il a ajout\u00e9 que son d\u00e9partement compte communiquer sur la r\u00e9alit\u00e9 de la situation hydrique en Tunisie, soulignant la n\u00e9cessit\u00e9 de rationaliser la consommation de l\u2019eau et d\u2019adopter une d\u00e9marche participative dans ce domaine.<\/p>\n<p>La conf\u00e9rence d\u00e9bat a \u00e9t\u00e9 organis\u00e9e par le minist\u00e8re de l\u2019Agriculture et l\u2019organisation tunisienne \u2018\u2018Dynamique autour de l\u2019Eau\u2019\u2019. Elle intervient dans une conjoncture de d\u00e9ficit pluviom\u00e9trique et de difficult\u00e9s d\u2019approvisionnement de certaines r\u00e9gions du pays en eau potable et d\u2019irrigation.<\/p>\n<p style=\"text-align: right;\"><strong>I. B.<\/strong> (avec Tap).<\/p>\n","protected":false},"excerpt":{"rendered":"<p>\u00abEstim\u00e9 \u00e0 500 millions m\u00e8tres cubes, le d\u00e9ficit hydrique actuel en Tunisie n\u2019est pas catastrophique et des solutions \u00e0 moyen terme sont disponibles\u00bb, a affirm\u00e9 Samir Taieb.<\/p>\n","protected":false},"author":8,"featured_media":64985,"comment_status":"open","ping_status":"open","sticky":false,"template":"","format":"standard","meta":{"footnotes":""},"categories":[995,2433],"tags":[47,1206,3042,5157,9487],"class_list":["post-64984","post","type-post","status-publish","format-standard","has-post-thumbnail","hentry","category-economie","category-tunisie","tag-agriculture","tag-deficit-pluviometrique","tag-eau-potable","tag-irrigation","tag-samir-taieb"],"yoast_head":"<!-- This site is optimized with the Yoast SEO plugin v26.6 - https:\/\/yoast.com\/wordpress\/plugins\/seo\/ -->\n<title>Samir Taieb : Le d\u00e9ficit hydrique en Tunisie \u00abn\u2019est pas catastrophique\u00bb - Kapitalis<\/title>\n<meta name=\"robots\" content=\"index, follow, max-snippet:-1, max-image-preview:large, max-video-preview:-1\" \/>\n<link rel=\"canonical\" href=\"https:\/\/kapitalis.com\/tunisie\/2016\/09\/18\/samir-taieb-le-deficit-hydrique-nest-pas-catastrophique\/\" \/>\n<meta property=\"og:locale\" content=\"fr_FR\" \/>\n<meta property=\"og:type\" content=\"article\" \/>\n<meta property=\"og:title\" content=\"Samir Taieb : Le d\u00e9ficit hydrique en Tunisie \u00abn\u2019est pas catastrophique\u00bb - Kapitalis\" \/>\n<meta property=\"og:description\" content=\"\u00abEstim\u00e9 \u00e0 500 millions m\u00e8tres cubes, le d\u00e9ficit hydrique actuel en Tunisie n\u2019est pas catastrophique et des solutions \u00e0 moyen terme sont disponibles\u00bb, a affirm\u00e9 Samir Taieb.\" \/>\n<meta property=\"og:url\" content=\"https:\/\/kapitalis.com\/tunisie\/2016\/09\/18\/samir-taieb-le-deficit-hydrique-nest-pas-catastrophique\/\" \/>\n<meta property=\"og:site_name\" content=\"Kapitalis\" \/>\n<meta property=\"article:publisher\" content=\"https:\/\/www.facebook.com\/KapitalisInfo\/\" \/>\n<meta property=\"article:published_time\" content=\"2016-09-18T11:36:24+00:00\" \/>\n<meta property=\"article:modified_time\" content=\"2016-09-18T12:25:17+00:00\" \/>\n<meta property=\"og:image\" content=\"https:\/\/kapitalis.com\/tunisie\/wp-content\/uploads\/2022\/05\/kapitalis-logo-fb.png\" \/>\n\t<meta property=\"og:image:width\" content=\"1200\" \/>\n\t<meta property=\"og:image:height\" content=\"630\" \/>\n\t<meta property=\"og:image:type\" content=\"image\/png\" \/>\n<meta name=\"author\" content=\"webmaster kapitalis\" \/>\n<meta name=\"twitter:card\" content=\"summary_large_image\" \/>\n<meta name=\"twitter:creator\" content=\"@KapitalisInfo\" \/>\n<meta name=\"twitter:site\" content=\"@KapitalisInfo\" \/>\n<meta name=\"twitter:label1\" content=\"\u00c9crit par\" \/>\n\t<meta name=\"twitter:data1\" content=\"webmaster kapitalis\" \/>\n\t<meta name=\"twitter:label2\" content=\"Dur\u00e9e de lecture estim\u00e9e\" \/>\n\t<meta name=\"twitter:data2\" content=\"1 minute\" \/>\n<script type=\"application\/ld+json\" class=\"yoast-schema-graph\">{\"@context\":\"https:\/\/schema.org\",\"@graph\":[{\"@type\":\"Article\",\"@id\":\"https:\/\/kapitalis.com\/tunisie\/2016\/09\/18\/samir-taieb-le-deficit-hydrique-nest-pas-catastrophique\/#article\",\"isPartOf\":{\"@id\":\"https:\/\/kapitalis.com\/tunisie\/2016\/09\/18\/samir-taieb-le-deficit-hydrique-nest-pas-catastrophique\/\"},\"author\":{\"name\":\"webmaster kapitalis\",\"@id\":\"https:\/\/kapitalis.com\/tunisie\/#\/schema\/person\/d71f33a9ca44f7bad4698210b480c8e9\"},\"headline\":\"Samir Taieb : Le d\u00e9ficit hydrique en Tunisie \u00abn\u2019est pas catastrophique\u00bb\",\"datePublished\":\"2016-09-18T11:36:24+00:00\",\"dateModified\":\"2016-09-18T12:25:17+00:00\",\"mainEntityOfPage\":{\"@id\":\"https:\/\/kapitalis.com\/tunisie\/2016\/09\/18\/samir-taieb-le-deficit-hydrique-nest-pas-catastrophique\/\"},\"wordCount\":270,\"commentCount\":7,\"publisher\":{\"@id\":\"https:\/\/kapitalis.com\/tunisie\/#organization\"},\"image\":{\"@id\":\"https:\/\/kapitalis.com\/tunisie\/2016\/09\/18\/samir-taieb-le-deficit-hydrique-nest-pas-catastrophique\/#primaryimage\"},\"thumbnailUrl\":\"\",\"keywords\":[\"Agriculture\",\"d\u00e9ficit pluviom\u00e9trique\",\"eau potable\",\"irrigation\",\"Samir Taieb\"],\"articleSection\":[\"ECONOMIE\",\"Tunisie\"],\"inLanguage\":\"fr-FR\",\"potentialAction\":[{\"@type\":\"CommentAction\",\"name\":\"Comment\",\"target\":[\"https:\/\/kapitalis.com\/tunisie\/2016\/09\/18\/samir-taieb-le-deficit-hydrique-nest-pas-catastrophique\/#respond\"]}]},{\"@type\":\"WebPage\",\"@id\":\"https:\/\/kapitalis.com\/tunisie\/2016\/09\/18\/samir-taieb-le-deficit-hydrique-nest-pas-catastrophique\/\",\"url\":\"https:\/\/kapitalis.com\/tunisie\/2016\/09\/18\/samir-taieb-le-deficit-hydrique-nest-pas-catastrophique\/\",\"name\":\"Samir Taieb : Le d\u00e9ficit hydrique en Tunisie \u00abn\u2019est pas catastrophique\u00bb - Kapitalis\",\"isPartOf\":{\"@id\":\"https:\/\/kapitalis.com\/tunisie\/#website\"},\"primaryImageOfPage\":{\"@id\":\"https:\/\/kapitalis.com\/tunisie\/2016\/09\/18\/samir-taieb-le-deficit-hydrique-nest-pas-catastrophique\/#primaryimage\"},\"image\":{\"@id\":\"https:\/\/kapitalis.com\/tunisie\/2016\/09\/18\/samir-taieb-le-deficit-hydrique-nest-pas-catastrophique\/#primaryimage\"},\"thumbnailUrl\":\"\",\"datePublished\":\"2016-09-18T11:36:24+00:00\",\"dateModified\":\"2016-09-18T12:25:17+00:00\",\"breadcrumb\":{\"@id\":\"https:\/\/kapitalis.com\/tunisie\/2016\/09\/18\/samir-taieb-le-deficit-hydrique-nest-pas-catastrophique\/#breadcrumb\"},\"inLanguage\":\"fr-FR\",\"potentialAction\":[{\"@type\":\"ReadAction\",\"target\":[\"https:\/\/kapitalis.com\/tunisie\/2016\/09\/18\/samir-taieb-le-deficit-hydrique-nest-pas-catastrophique\/\"]}]},{\"@type\":\"ImageObject\",\"inLanguage\":\"fr-FR\",\"@id\":\"https:\/\/kapitalis.com\/tunisie\/2016\/09\/18\/samir-taieb-le-deficit-hydrique-nest-pas-catastrophique\/#primaryimage\",\"url\":\"\",\"contentUrl\":\"\"},{\"@type\":\"BreadcrumbList\",\"@id\":\"https:\/\/kapitalis.com\/tunisie\/2016\/09\/18\/samir-taieb-le-deficit-hydrique-nest-pas-catastrophique\/#breadcrumb\",\"itemListElement\":[{\"@type\":\"ListItem\",\"position\":1,\"name\":\"Accueil\",\"item\":\"https:\/\/kapitalis.com\/tunisie\/\"},{\"@type\":\"ListItem\",\"position\":2,\"name\":\"Samir Taieb : Le d\u00e9ficit hydrique en Tunisie \u00abn\u2019est pas catastrophique\u00bb\"}]},{\"@type\":\"WebSite\",\"@id\":\"https:\/\/kapitalis.com\/tunisie\/#website\",\"url\":\"https:\/\/kapitalis.com\/tunisie\/\",\"name\":\"Kapitalis\",\"description\":\"L&#039;actualit\u00e9 en Tunisie et dans le monde\",\"publisher\":{\"@id\":\"https:\/\/kapitalis.com\/tunisie\/#organization\"},\"potentialAction\":[{\"@type\":\"SearchAction\",\"target\":{\"@type\":\"EntryPoint\",\"urlTemplate\":\"https:\/\/kapitalis.com\/tunisie\/?s={search_term_string}\"},\"query-input\":{\"@type\":\"PropertyValueSpecification\",\"valueRequired\":true,\"valueName\":\"search_term_string\"}}],\"inLanguage\":\"fr-FR\"},{\"@type\":\"Organization\",\"@id\":\"https:\/\/kapitalis.com\/tunisie\/#organization\",\"name\":\"Kapitalis\",\"url\":\"https:\/\/kapitalis.com\/tunisie\/\",\"logo\":{\"@type\":\"ImageObject\",\"inLanguage\":\"fr-FR\",\"@id\":\"https:\/\/kapitalis.com\/tunisie\/#\/schema\/logo\/image\/\",\"url\":\"https:\/\/kapitalis.com\/tunisie\/wp-content\/uploads\/2022\/05\/Kapitalis-big-size.png\",\"contentUrl\":\"https:\/\/kapitalis.com\/tunisie\/wp-content\/uploads\/2022\/05\/Kapitalis-big-size.png\",\"width\":5000,\"height\":1500,\"caption\":\"Kapitalis\"},\"image\":{\"@id\":\"https:\/\/kapitalis.com\/tunisie\/#\/schema\/logo\/image\/\"},\"sameAs\":[\"https:\/\/www.facebook.com\/KapitalisInfo\/\",\"https:\/\/x.com\/KapitalisInfo\",\"https:\/\/www.youtube.com\/channel\/UC-yDYrHyfFBWWZaOw3FPg9Q\"]},{\"@type\":\"Person\",\"@id\":\"https:\/\/kapitalis.com\/tunisie\/#\/schema\/person\/d71f33a9ca44f7bad4698210b480c8e9\",\"name\":\"webmaster kapitalis\",\"url\":\"https:\/\/kapitalis.com\/tunisie\/author\/webmaster-kapitalis\/\"}]}<\/script>\n<!-- \/ Yoast SEO plugin. -->","yoast_head_json":{"title":"Samir Taieb : Le d\u00e9ficit hydrique en Tunisie \u00abn\u2019est pas catastrophique\u00bb - Kapitalis","robots":{"index":"index","follow":"follow","max-snippet":"max-snippet:-1","max-image-preview":"max-image-preview:large","max-video-preview":"max-video-preview:-1"},"canonical":"https:\/\/kapitalis.com\/tunisie\/2016\/09\/18\/samir-taieb-le-deficit-hydrique-nest-pas-catastrophique\/","og_locale":"fr_FR","og_type":"article","og_title":"Samir Taieb : Le d\u00e9ficit hydrique en Tunisie \u00abn\u2019est pas catastrophique\u00bb - Kapitalis","og_description":"\u00abEstim\u00e9 \u00e0 500 millions m\u00e8tres cubes, le d\u00e9ficit hydrique actuel en Tunisie n\u2019est pas catastrophique et des solutions \u00e0 moyen terme sont disponibles\u00bb, a affirm\u00e9 Samir Taieb.","og_url":"https:\/\/kapitalis.com\/tunisie\/2016\/09\/18\/samir-taieb-le-deficit-hydrique-nest-pas-catastrophique\/","og_site_name":"Kapitalis","article_publisher":"https:\/\/www.facebook.com\/KapitalisInfo\/","article_published_time":"2016-09-18T11:36:24+00:00","article_modified_time":"2016-09-18T12:25:17+00:00","og_image":[{"width":1200,"height":630,"url":"https:\/\/kapitalis.com\/tunisie\/wp-content\/uploads\/2022\/05\/kapitalis-logo-fb.png","type":"image\/png"}],"author":"webmaster kapitalis","twitter_card":"summary_large_image","twitter_creator":"@KapitalisInfo","twitter_site":"@KapitalisInfo","twitter_misc":{"\u00c9crit par":"webmaster kapitalis","Dur\u00e9e de lecture estim\u00e9e":"1 minute"},"schema":{"@context":"https:\/\/schema.org","@graph":[{"@type":"Article","@id":"https:\/\/kapitalis.com\/tunisie\/2016\/09\/18\/samir-taieb-le-deficit-hydrique-nest-pas-catastrophique\/#article","isPartOf":{"@id":"https:\/\/kapitalis.com\/tunisie\/2016\/09\/18\/samir-taieb-le-deficit-hydrique-nest-pas-catastrophique\/"},"author":{"name":"webmaster kapitalis","@id":"https:\/\/kapitalis.com\/tunisie\/#\/schema\/person\/d71f33a9ca44f7bad4698210b480c8e9"},"headline":"Samir Taieb : Le d\u00e9ficit hydrique en Tunisie \u00abn\u2019est pas catastrophique\u00bb","datePublished":"2016-09-18T11:36:24+00:00","dateModified":"2016-09-18T12:25:17+00:00","mainEntityOfPage":{"@id":"https:\/\/kapitalis.com\/tunisie\/2016\/09\/18\/samir-taieb-le-deficit-hydrique-nest-pas-catastrophique\/"},"wordCount":270,"commentCount":7,"publisher":{"@id":"https:\/\/kapitalis.com\/tunisie\/#organization"},"image":{"@id":"https:\/\/kapitalis.com\/tunisie\/2016\/09\/18\/samir-taieb-le-deficit-hydrique-nest-pas-catastrophique\/#primaryimage"},"thumbnailUrl":"","keywords":["Agriculture","d\u00e9ficit pluviom\u00e9trique","eau potable","irrigation","Samir Taieb"],"articleSection":["ECONOMIE","Tunisie"],"inLanguage":"fr-FR","potentialAction":[{"@type":"CommentAction","name":"Comment","target":["https:\/\/kapitalis.com\/tunisie\/2016\/09\/18\/samir-taieb-le-deficit-hydrique-nest-pas-catastrophique\/#respond"]}]},{"@type":"WebPage","@id":"https:\/\/kapitalis.com\/tunisie\/2016\/09\/18\/samir-taieb-le-deficit-hydrique-nest-pas-catastrophique\/","url":"https:\/\/kapitalis.com\/tunisie\/2016\/09\/18\/samir-taieb-le-deficit-hydrique-nest-pas-catastrophique\/","name":"Samir Taieb : Le d\u00e9ficit hydrique en Tunisie \u00abn\u2019est pas catastrophique\u00bb - Kapitalis","isPartOf":{"@id":"https:\/\/kapitalis.com\/tunisie\/#website"},"primaryImageOfPage":{"@id":"https:\/\/kapitalis.com\/tunisie\/2016\/09\/18\/samir-taieb-le-deficit-hydrique-nest-pas-catastrophique\/#primaryimage"},"image":{"@id":"https:\/\/kapitalis.com\/tunisie\/2016\/09\/18\/samir-taieb-le-deficit-hydrique-nest-pas-catastrophique\/#primaryimage"},"thumbnailUrl":"","datePublished":"2016-09-18T11:36:24+00:00","dateModified":"2016-09-18T12:25:17+00:00","breadcrumb":{"@id":"https:\/\/kapitalis.com\/tunisie\/2016\/09\/18\/samir-taieb-le-deficit-hydrique-nest-pas-catastrophique\/#breadcrumb"},"inLanguage":"fr-FR","potentialAction":[{"@type":"ReadAction","target":["https:\/\/kapitalis.com\/tunisie\/2016\/09\/18\/samir-taieb-le-deficit-hydrique-nest-pas-catastrophique\/"]}]},{"@type":"ImageObject","inLanguage":"fr-FR","@id":"https:\/\/kapitalis.com\/tunisie\/2016\/09\/18\/samir-taieb-le-deficit-hydrique-nest-pas-catastrophique\/#primaryimage","url":"","contentUrl":""},{"@type":"BreadcrumbList","@id":"https:\/\/kapitalis.com\/tunisie\/2016\/09\/18\/samir-taieb-le-deficit-hydrique-nest-pas-catastrophique\/#breadcrumb","itemListElement":[{"@type":"ListItem","position":1,"name":"Accueil","item":"https:\/\/kapitalis.com\/tunisie\/"},{"@type":"ListItem","position":2,"name":"Samir Taieb : Le d\u00e9ficit hydrique en Tunisie \u00abn\u2019est pas catastrophique\u00bb"}]},{"@type":"WebSite","@id":"https:\/\/kapitalis.com\/tunisie\/#website","url":"https:\/\/kapitalis.com\/tunisie\/","name":"Kapitalis","description":"L&#039;actualit\u00e9 en Tunisie et dans le monde","publisher":{"@id":"https:\/\/kapitalis.com\/tunisie\/#organization"},"potentialAction":[{"@type":"SearchAction","target":{"@type":"EntryPoint","urlTemplate":"https:\/\/kapitalis.com\/tunisie\/?s={search_term_string}"},"query-input":{"@type":"PropertyValueSpecification","valueRequired":true,"valueName":"search_term_string"}}],"inLanguage":"fr-FR"},{"@type":"Organization","@id":"https:\/\/kapitalis.com\/tunisie\/#organization","name":"Kapitalis","url":"https:\/\/kapitalis.com\/tunisie\/","logo":{"@type":"ImageObject","inLanguage":"fr-FR","@id":"https:\/\/kapitalis.com\/tunisie\/#\/schema\/logo\/image\/","url":"https:\/\/kapitalis.com\/tunisie\/wp-content\/uploads\/2022\/05\/Kapitalis-big-size.png","contentUrl":"https:\/\/kapitalis.com\/tunisie\/wp-content\/uploads\/2022\/05\/Kapitalis-big-size.png","width":5000,"height":1500,"caption":"Kapitalis"},"image":{"@id":"https:\/\/kapitalis.com\/tunisie\/#\/schema\/logo\/image\/"},"sameAs":["https:\/\/www.facebook.com\/KapitalisInfo\/","https:\/\/x.com\/KapitalisInfo","https:\/\/www.youtube.com\/channel\/UC-yDYrHyfFBWWZaOw3FPg9Q"]},{"@type":"Person","@id":"https:\/\/kapitalis.com\/tunisie\/#\/schema\/person\/d71f33a9ca44f7bad4698210b480c8e9","name":"webmaster kapitalis","url":"https:\/\/kapitalis.com\/tunisie\/author\/webmaster-kapitalis\/"}]}},"_links":{"self":[{"href":"https:\/\/kapitalis.com\/tunisie\/wp-json\/wp\/v2\/posts\/64984","targetHints":{"allow":["GET"]}}],"collection":[{"href":"https:\/\/kapitalis.com\/tunisie\/wp-json\/wp\/v2\/posts"}],"about":[{"href":"https:\/\/kapitalis.com\/tunisie\/wp-json\/wp\/v2\/types\/post"}],"author":[{"embeddable":true,"href":"https:\/\/kapitalis.com\/tunisie\/wp-json\/wp\/v2\/users\/8"}],"replies":[{"embeddable":true,"href":"https:\/\/kapitalis.com\/tunisie\/wp-json\/wp\/v2\/comments?post=64984"}],"version-history":[{"count":0,"href":"https:\/\/kapitalis.com\/tunisie\/wp-json\/wp\/v2\/posts\/64984\/revisions"}],"wp:featuredmedia":[{"embeddable":true,"href":"https:\/\/kapitalis.com\/tunisie\/wp-json\/wp\/v2\/media\/64985"}],"wp:attachment":[{"href":"https:\/\/kapitalis.com\/tunisie\/wp-json\/wp\/v2\/media?parent=64984"}],"wp:term":[{"taxonomy":"category","embeddable":true,"href":"https:\/\/kapitalis.com\/tunisie\/wp-json\/wp\/v2\/categories?post=64984"},{"taxonomy":"post_tag","embeddable":true,"href":"https:\/\/kapitalis.com\/tunisie\/wp-json\/wp\/v2\/tags?post=64984"}],"curies":[{"name":"wp","href":"https:\/\/api.w.org\/{rel}","templated":true}]}}