{"id":65032,"date":"2016-09-19T09:04:54","date_gmt":"2016-09-19T08:04:54","guid":{"rendered":"http:\/\/kapitalis.com\/tunisie\/?p=65032"},"modified":"2016-09-19T09:06:29","modified_gmt":"2016-09-19T08:06:29","slug":"arabie-saoudite-un-7e-pelerin-tunisien-decede-a-medine","status":"publish","type":"post","link":"https:\/\/kapitalis.com\/tunisie\/2016\/09\/19\/arabie-saoudite-un-7e-pelerin-tunisien-decede-a-medine\/","title":{"rendered":"Arabie saoudite\u00a0: Un 7e p\u00e8lerin tunisien d\u00e9c\u00e9d\u00e9 \u00e0 M\u00e9dine"},"content":{"rendered":"<p style=\"text-align: center;\"><img loading=\"lazy\" decoding=\"async\" class=\"alignnone size-full wp-image-65044\" src=\"http:\/\/kapitalis.com\/tunisie\/wp-content\/uploads\/2016\/09\/Pelerins-tunisiens.jpg\" alt=\"pelerins-tunisiens\" width=\"626\" height=\"380\" \/><\/p>\n<p><em><strong>Haj Ridha Zouari (66 ans), originaire de Ben Arous, est d\u00e9c\u00e9d\u00e9, dimanche, \u00e0 l\u2019h\u00f4pital Al-Ansar, \u00e0 M\u00e9dine, en Arabie saoudite.<\/strong><\/em><\/p>\n<p><!--more--><\/p>\n<p>Ce\u00a07<sup>e<\/sup>\u00a0d\u00e8c\u00e8s d&rsquo;un p\u00e8lerin tunisien effectuant les rites du haj \u00e0 la Mecque a \u00e9t\u00e9 annonc\u00e9 dans\u00a0un communiqu\u00e9 du\u00a0minist\u00e8re des Affaires religieuses, qui avait \u00e9galement annonc\u00e9,\u00a0la veille, le d\u00e9c\u00e8s de Kmar Chaker (70 ans), originaire de Sfax, d\u00e9c\u00e9d\u00e9e \u00e0 l\u2019h\u00f4pital Attaware\u2019 \u00e0 Mina, o\u00f9 elle avait \u00e9t\u00e9 admise depuis une semaine dans le service de r\u00e9animation.<\/p>\n<p>Au total\u00a0: 7 p\u00e8lerins tunisiens sont d\u00e9c\u00e9d\u00e9s depuis le d\u00e9but du hajj en septembre: Ridha Zouari, le 18, Kmar Chaker et Mohamed Salah Meftah, le 17, Salem Ahmed Kechih, le 15, Samira Hentati, le 13, Zinouba Hedi Ellouze, le 12 et Mehria Hrabi Brigui, le 11.<\/p>\n<p style=\"text-align: right;\"><strong>Z. A.<\/strong><\/p>\n","protected":false},"excerpt":{"rendered":"<p>Haj Ridha Zouari (66 ans), originaire de Ben Arous, est d\u00e9c\u00e9d\u00e9, dimanche, \u00e0 l\u2019h\u00f4pital Al-Ansar, \u00e0 M\u00e9dine, en Arabie saoudite.<\/p>\n","protected":false},"author":7,"featured_media":65044,"comment_status":"open","ping_status":"open","sticky":false,"template":"","format":"standard","meta":{"footnotes":""},"categories":[998,2433],"tags":[2638,141,4564,4565,6479],"class_list":["post-65032","post","type-post","status-publish","format-standard","has-post-thumbnail","hentry","category-societe","category-tunisie","tag-arabie-saoudite","tag-ben-arous","tag-mecque","tag-medine","tag-pelerin-tunisien"],"yoast_head":"<!-- This site is optimized with the Yoast SEO plugin v26.6 - https:\/\/yoast.com\/wordpress\/plugins\/seo\/ -->\n<title>Arabie saoudite\u00a0: Un 7e p\u00e8lerin tunisien d\u00e9c\u00e9d\u00e9 \u00e0 M\u00e9dine - Kapitalis<\/title>\n<meta name=\"robots\" content=\"index, follow, max-snippet:-1, max-image-preview:large, max-video-preview:-1\" \/>\n<link rel=\"canonical\" href=\"https:\/\/kapitalis.com\/tunisie\/2016\/09\/19\/arabie-saoudite-un-7e-pelerin-tunisien-decede-a-medine\/\" \/>\n<meta property=\"og:locale\" content=\"fr_FR\" \/>\n<meta property=\"og:type\" content=\"article\" \/>\n<meta property=\"og:title\" content=\"Arabie saoudite\u00a0: Un 7e p\u00e8lerin tunisien d\u00e9c\u00e9d\u00e9 \u00e0 M\u00e9dine - Kapitalis\" \/>\n<meta property=\"og:description\" content=\"Haj Ridha Zouari (66 ans), originaire de Ben Arous, est d\u00e9c\u00e9d\u00e9, dimanche, \u00e0 l\u2019h\u00f4pital Al-Ansar, \u00e0 M\u00e9dine, en Arabie saoudite.\" \/>\n<meta property=\"og:url\" content=\"https:\/\/kapitalis.com\/tunisie\/2016\/09\/19\/arabie-saoudite-un-7e-pelerin-tunisien-decede-a-medine\/\" \/>\n<meta property=\"og:site_name\" content=\"Kapitalis\" \/>\n<meta property=\"article:publisher\" content=\"https:\/\/www.facebook.com\/KapitalisInfo\/\" \/>\n<meta property=\"article:published_time\" content=\"2016-09-19T08:04:54+00:00\" \/>\n<meta property=\"article:modified_time\" content=\"2016-09-19T08:06:29+00:00\" \/>\n<meta property=\"og:image\" content=\"https:\/\/kapitalis.com\/tunisie\/wp-content\/uploads\/2022\/05\/kapitalis-logo-fb.png\" \/>\n\t<meta property=\"og:image:width\" content=\"1200\" \/>\n\t<meta property=\"og:image:height\" content=\"630\" \/>\n\t<meta property=\"og:image:type\" content=\"image\/png\" \/>\n<meta name=\"author\" content=\"zohra abid\" \/>\n<meta name=\"twitter:card\" content=\"summary_large_image\" \/>\n<meta name=\"twitter:creator\" content=\"@KapitalisInfo\" \/>\n<meta name=\"twitter:site\" content=\"@KapitalisInfo\" \/>\n<meta name=\"twitter:label1\" content=\"\u00c9crit par\" \/>\n\t<meta name=\"twitter:data1\" content=\"zohra abid\" \/>\n\t<meta name=\"twitter:label2\" content=\"Dur\u00e9e de lecture estim\u00e9e\" \/>\n\t<meta name=\"twitter:data2\" content=\"1 minute\" \/>\n<script type=\"application\/ld+json\" class=\"yoast-schema-graph\">{\"@context\":\"https:\/\/schema.org\",\"@graph\":[{\"@type\":\"Article\",\"@id\":\"https:\/\/kapitalis.com\/tunisie\/2016\/09\/19\/arabie-saoudite-un-7e-pelerin-tunisien-decede-a-medine\/#article\",\"isPartOf\":{\"@id\":\"https:\/\/kapitalis.com\/tunisie\/2016\/09\/19\/arabie-saoudite-un-7e-pelerin-tunisien-decede-a-medine\/\"},\"author\":{\"name\":\"zohra abid\",\"@id\":\"https:\/\/kapitalis.com\/tunisie\/#\/schema\/person\/6fc2988ceb6eacf6836db1d8360b4912\"},\"headline\":\"Arabie saoudite\u00a0: Un 7e p\u00e8lerin tunisien d\u00e9c\u00e9d\u00e9 \u00e0 M\u00e9dine\",\"datePublished\":\"2016-09-19T08:04:54+00:00\",\"dateModified\":\"2016-09-19T08:06:29+00:00\",\"mainEntityOfPage\":{\"@id\":\"https:\/\/kapitalis.com\/tunisie\/2016\/09\/19\/arabie-saoudite-un-7e-pelerin-tunisien-decede-a-medine\/\"},\"wordCount\":148,\"commentCount\":1,\"publisher\":{\"@id\":\"https:\/\/kapitalis.com\/tunisie\/#organization\"},\"image\":{\"@id\":\"https:\/\/kapitalis.com\/tunisie\/2016\/09\/19\/arabie-saoudite-un-7e-pelerin-tunisien-decede-a-medine\/#primaryimage\"},\"thumbnailUrl\":\"\",\"keywords\":[\"Arabie saoudite\",\"Ben Arous\",\"Mecque\",\"M\u00e9dine\",\"p\u00e8lerin tunisien\"],\"articleSection\":[\"SOCIETE\",\"Tunisie\"],\"inLanguage\":\"fr-FR\",\"potentialAction\":[{\"@type\":\"CommentAction\",\"name\":\"Comment\",\"target\":[\"https:\/\/kapitalis.com\/tunisie\/2016\/09\/19\/arabie-saoudite-un-7e-pelerin-tunisien-decede-a-medine\/#respond\"]}]},{\"@type\":\"WebPage\",\"@id\":\"https:\/\/kapitalis.com\/tunisie\/2016\/09\/19\/arabie-saoudite-un-7e-pelerin-tunisien-decede-a-medine\/\",\"url\":\"https:\/\/kapitalis.com\/tunisie\/2016\/09\/19\/arabie-saoudite-un-7e-pelerin-tunisien-decede-a-medine\/\",\"name\":\"Arabie saoudite\u00a0: Un 7e p\u00e8lerin tunisien d\u00e9c\u00e9d\u00e9 \u00e0 M\u00e9dine - Kapitalis\",\"isPartOf\":{\"@id\":\"https:\/\/kapitalis.com\/tunisie\/#website\"},\"primaryImageOfPage\":{\"@id\":\"https:\/\/kapitalis.com\/tunisie\/2016\/09\/19\/arabie-saoudite-un-7e-pelerin-tunisien-decede-a-medine\/#primaryimage\"},\"image\":{\"@id\":\"https:\/\/kapitalis.com\/tunisie\/2016\/09\/19\/arabie-saoudite-un-7e-pelerin-tunisien-decede-a-medine\/#primaryimage\"},\"thumbnailUrl\":\"\",\"datePublished\":\"2016-09-19T08:04:54+00:00\",\"dateModified\":\"2016-09-19T08:06:29+00:00\",\"breadcrumb\":{\"@id\":\"https:\/\/kapitalis.com\/tunisie\/2016\/09\/19\/arabie-saoudite-un-7e-pelerin-tunisien-decede-a-medine\/#breadcrumb\"},\"inLanguage\":\"fr-FR\",\"potentialAction\":[{\"@type\":\"ReadAction\",\"target\":[\"https:\/\/kapitalis.com\/tunisie\/2016\/09\/19\/arabie-saoudite-un-7e-pelerin-tunisien-decede-a-medine\/\"]}]},{\"@type\":\"ImageObject\",\"inLanguage\":\"fr-FR\",\"@id\":\"https:\/\/kapitalis.com\/tunisie\/2016\/09\/19\/arabie-saoudite-un-7e-pelerin-tunisien-decede-a-medine\/#primaryimage\",\"url\":\"\",\"contentUrl\":\"\"},{\"@type\":\"BreadcrumbList\",\"@id\":\"https:\/\/kapitalis.com\/tunisie\/2016\/09\/19\/arabie-saoudite-un-7e-pelerin-tunisien-decede-a-medine\/#breadcrumb\",\"itemListElement\":[{\"@type\":\"ListItem\",\"position\":1,\"name\":\"Accueil\",\"item\":\"https:\/\/kapitalis.com\/tunisie\/\"},{\"@type\":\"ListItem\",\"position\":2,\"name\":\"Arabie saoudite\u00a0: Un 7e p\u00e8lerin tunisien d\u00e9c\u00e9d\u00e9 \u00e0 M\u00e9dine\"}]},{\"@type\":\"WebSite\",\"@id\":\"https:\/\/kapitalis.com\/tunisie\/#website\",\"url\":\"https:\/\/kapitalis.com\/tunisie\/\",\"name\":\"Kapitalis\",\"description\":\"L&#039;actualit\u00e9 en Tunisie et dans le monde\",\"publisher\":{\"@id\":\"https:\/\/kapitalis.com\/tunisie\/#organization\"},\"potentialAction\":[{\"@type\":\"SearchAction\",\"target\":{\"@type\":\"EntryPoint\",\"urlTemplate\":\"https:\/\/kapitalis.com\/tunisie\/?s={search_term_string}\"},\"query-input\":{\"@type\":\"PropertyValueSpecification\",\"valueRequired\":true,\"valueName\":\"search_term_string\"}}],\"inLanguage\":\"fr-FR\"},{\"@type\":\"Organization\",\"@id\":\"https:\/\/kapitalis.com\/tunisie\/#organization\",\"name\":\"Kapitalis\",\"url\":\"https:\/\/kapitalis.com\/tunisie\/\",\"logo\":{\"@type\":\"ImageObject\",\"inLanguage\":\"fr-FR\",\"@id\":\"https:\/\/kapitalis.com\/tunisie\/#\/schema\/logo\/image\/\",\"url\":\"https:\/\/kapitalis.com\/tunisie\/wp-content\/uploads\/2022\/05\/Kapitalis-big-size.png\",\"contentUrl\":\"https:\/\/kapitalis.com\/tunisie\/wp-content\/uploads\/2022\/05\/Kapitalis-big-size.png\",\"width\":5000,\"height\":1500,\"caption\":\"Kapitalis\"},\"image\":{\"@id\":\"https:\/\/kapitalis.com\/tunisie\/#\/schema\/logo\/image\/\"},\"sameAs\":[\"https:\/\/www.facebook.com\/KapitalisInfo\/\",\"https:\/\/x.com\/KapitalisInfo\",\"https:\/\/www.youtube.com\/channel\/UC-yDYrHyfFBWWZaOw3FPg9Q\"]},{\"@type\":\"Person\",\"@id\":\"https:\/\/kapitalis.com\/tunisie\/#\/schema\/person\/6fc2988ceb6eacf6836db1d8360b4912\",\"name\":\"zohra abid\",\"url\":\"https:\/\/kapitalis.com\/tunisie\/author\/zohra-abid-2015\/\"}]}<\/script>\n<!-- \/ Yoast SEO plugin. -->","yoast_head_json":{"title":"Arabie saoudite\u00a0: Un 7e p\u00e8lerin tunisien d\u00e9c\u00e9d\u00e9 \u00e0 M\u00e9dine - Kapitalis","robots":{"index":"index","follow":"follow","max-snippet":"max-snippet:-1","max-image-preview":"max-image-preview:large","max-video-preview":"max-video-preview:-1"},"canonical":"https:\/\/kapitalis.com\/tunisie\/2016\/09\/19\/arabie-saoudite-un-7e-pelerin-tunisien-decede-a-medine\/","og_locale":"fr_FR","og_type":"article","og_title":"Arabie saoudite\u00a0: Un 7e p\u00e8lerin tunisien d\u00e9c\u00e9d\u00e9 \u00e0 M\u00e9dine - Kapitalis","og_description":"Haj Ridha Zouari (66 ans), originaire de Ben Arous, est d\u00e9c\u00e9d\u00e9, dimanche, \u00e0 l\u2019h\u00f4pital Al-Ansar, \u00e0 M\u00e9dine, en Arabie saoudite.","og_url":"https:\/\/kapitalis.com\/tunisie\/2016\/09\/19\/arabie-saoudite-un-7e-pelerin-tunisien-decede-a-medine\/","og_site_name":"Kapitalis","article_publisher":"https:\/\/www.facebook.com\/KapitalisInfo\/","article_published_time":"2016-09-19T08:04:54+00:00","article_modified_time":"2016-09-19T08:06:29+00:00","og_image":[{"width":1200,"height":630,"url":"https:\/\/kapitalis.com\/tunisie\/wp-content\/uploads\/2022\/05\/kapitalis-logo-fb.png","type":"image\/png"}],"author":"zohra abid","twitter_card":"summary_large_image","twitter_creator":"@KapitalisInfo","twitter_site":"@KapitalisInfo","twitter_misc":{"\u00c9crit par":"zohra abid","Dur\u00e9e de lecture estim\u00e9e":"1 minute"},"schema":{"@context":"https:\/\/schema.org","@graph":[{"@type":"Article","@id":"https:\/\/kapitalis.com\/tunisie\/2016\/09\/19\/arabie-saoudite-un-7e-pelerin-tunisien-decede-a-medine\/#article","isPartOf":{"@id":"https:\/\/kapitalis.com\/tunisie\/2016\/09\/19\/arabie-saoudite-un-7e-pelerin-tunisien-decede-a-medine\/"},"author":{"name":"zohra abid","@id":"https:\/\/kapitalis.com\/tunisie\/#\/schema\/person\/6fc2988ceb6eacf6836db1d8360b4912"},"headline":"Arabie saoudite\u00a0: Un 7e p\u00e8lerin tunisien d\u00e9c\u00e9d\u00e9 \u00e0 M\u00e9dine","datePublished":"2016-09-19T08:04:54+00:00","dateModified":"2016-09-19T08:06:29+00:00","mainEntityOfPage":{"@id":"https:\/\/kapitalis.com\/tunisie\/2016\/09\/19\/arabie-saoudite-un-7e-pelerin-tunisien-decede-a-medine\/"},"wordCount":148,"commentCount":1,"publisher":{"@id":"https:\/\/kapitalis.com\/tunisie\/#organization"},"image":{"@id":"https:\/\/kapitalis.com\/tunisie\/2016\/09\/19\/arabie-saoudite-un-7e-pelerin-tunisien-decede-a-medine\/#primaryimage"},"thumbnailUrl":"","keywords":["Arabie saoudite","Ben Arous","Mecque","M\u00e9dine","p\u00e8lerin tunisien"],"articleSection":["SOCIETE","Tunisie"],"inLanguage":"fr-FR","potentialAction":[{"@type":"CommentAction","name":"Comment","target":["https:\/\/kapitalis.com\/tunisie\/2016\/09\/19\/arabie-saoudite-un-7e-pelerin-tunisien-decede-a-medine\/#respond"]}]},{"@type":"WebPage","@id":"https:\/\/kapitalis.com\/tunisie\/2016\/09\/19\/arabie-saoudite-un-7e-pelerin-tunisien-decede-a-medine\/","url":"https:\/\/kapitalis.com\/tunisie\/2016\/09\/19\/arabie-saoudite-un-7e-pelerin-tunisien-decede-a-medine\/","name":"Arabie saoudite\u00a0: Un 7e p\u00e8lerin tunisien d\u00e9c\u00e9d\u00e9 \u00e0 M\u00e9dine - Kapitalis","isPartOf":{"@id":"https:\/\/kapitalis.com\/tunisie\/#website"},"primaryImageOfPage":{"@id":"https:\/\/kapitalis.com\/tunisie\/2016\/09\/19\/arabie-saoudite-un-7e-pelerin-tunisien-decede-a-medine\/#primaryimage"},"image":{"@id":"https:\/\/kapitalis.com\/tunisie\/2016\/09\/19\/arabie-saoudite-un-7e-pelerin-tunisien-decede-a-medine\/#primaryimage"},"thumbnailUrl":"","datePublished":"2016-09-19T08:04:54+00:00","dateModified":"2016-09-19T08:06:29+00:00","breadcrumb":{"@id":"https:\/\/kapitalis.com\/tunisie\/2016\/09\/19\/arabie-saoudite-un-7e-pelerin-tunisien-decede-a-medine\/#breadcrumb"},"inLanguage":"fr-FR","potentialAction":[{"@type":"ReadAction","target":["https:\/\/kapitalis.com\/tunisie\/2016\/09\/19\/arabie-saoudite-un-7e-pelerin-tunisien-decede-a-medine\/"]}]},{"@type":"ImageObject","inLanguage":"fr-FR","@id":"https:\/\/kapitalis.com\/tunisie\/2016\/09\/19\/arabie-saoudite-un-7e-pelerin-tunisien-decede-a-medine\/#primaryimage","url":"","contentUrl":""},{"@type":"BreadcrumbList","@id":"https:\/\/kapitalis.com\/tunisie\/2016\/09\/19\/arabie-saoudite-un-7e-pelerin-tunisien-decede-a-medine\/#breadcrumb","itemListElement":[{"@type":"ListItem","position":1,"name":"Accueil","item":"https:\/\/kapitalis.com\/tunisie\/"},{"@type":"ListItem","position":2,"name":"Arabie saoudite\u00a0: Un 7e p\u00e8lerin tunisien d\u00e9c\u00e9d\u00e9 \u00e0 M\u00e9dine"}]},{"@type":"WebSite","@id":"https:\/\/kapitalis.com\/tunisie\/#website","url":"https:\/\/kapitalis.com\/tunisie\/","name":"Kapitalis","description":"L&#039;actualit\u00e9 en Tunisie et dans le monde","publisher":{"@id":"https:\/\/kapitalis.com\/tunisie\/#organization"},"potentialAction":[{"@type":"SearchAction","target":{"@type":"EntryPoint","urlTemplate":"https:\/\/kapitalis.com\/tunisie\/?s={search_term_string}"},"query-input":{"@type":"PropertyValueSpecification","valueRequired":true,"valueName":"search_term_string"}}],"inLanguage":"fr-FR"},{"@type":"Organization","@id":"https:\/\/kapitalis.com\/tunisie\/#organization","name":"Kapitalis","url":"https:\/\/kapitalis.com\/tunisie\/","logo":{"@type":"ImageObject","inLanguage":"fr-FR","@id":"https:\/\/kapitalis.com\/tunisie\/#\/schema\/logo\/image\/","url":"https:\/\/kapitalis.com\/tunisie\/wp-content\/uploads\/2022\/05\/Kapitalis-big-size.png","contentUrl":"https:\/\/kapitalis.com\/tunisie\/wp-content\/uploads\/2022\/05\/Kapitalis-big-size.png","width":5000,"height":1500,"caption":"Kapitalis"},"image":{"@id":"https:\/\/kapitalis.com\/tunisie\/#\/schema\/logo\/image\/"},"sameAs":["https:\/\/www.facebook.com\/KapitalisInfo\/","https:\/\/x.com\/KapitalisInfo","https:\/\/www.youtube.com\/channel\/UC-yDYrHyfFBWWZaOw3FPg9Q"]},{"@type":"Person","@id":"https:\/\/kapitalis.com\/tunisie\/#\/schema\/person\/6fc2988ceb6eacf6836db1d8360b4912","name":"zohra abid","url":"https:\/\/kapitalis.com\/tunisie\/author\/zohra-abid-2015\/"}]}},"_links":{"self":[{"href":"https:\/\/kapitalis.com\/tunisie\/wp-json\/wp\/v2\/posts\/65032","targetHints":{"allow":["GET"]}}],"collection":[{"href":"https:\/\/kapitalis.com\/tunisie\/wp-json\/wp\/v2\/posts"}],"about":[{"href":"https:\/\/kapitalis.com\/tunisie\/wp-json\/wp\/v2\/types\/post"}],"author":[{"embeddable":true,"href":"https:\/\/kapitalis.com\/tunisie\/wp-json\/wp\/v2\/users\/7"}],"replies":[{"embeddable":true,"href":"https:\/\/kapitalis.com\/tunisie\/wp-json\/wp\/v2\/comments?post=65032"}],"version-history":[{"count":0,"href":"https:\/\/kapitalis.com\/tunisie\/wp-json\/wp\/v2\/posts\/65032\/revisions"}],"wp:featuredmedia":[{"embeddable":true,"href":"https:\/\/kapitalis.com\/tunisie\/wp-json\/wp\/v2\/media\/65044"}],"wp:attachment":[{"href":"https:\/\/kapitalis.com\/tunisie\/wp-json\/wp\/v2\/media?parent=65032"}],"wp:term":[{"taxonomy":"category","embeddable":true,"href":"https:\/\/kapitalis.com\/tunisie\/wp-json\/wp\/v2\/categories?post=65032"},{"taxonomy":"post_tag","embeddable":true,"href":"https:\/\/kapitalis.com\/tunisie\/wp-json\/wp\/v2\/tags?post=65032"}],"curies":[{"name":"wp","href":"https:\/\/api.w.org\/{rel}","templated":true}]}}