{"id":65243,"date":"2016-09-20T12:15:07","date_gmt":"2016-09-20T11:15:07","guid":{"rendered":"http:\/\/kapitalis.com\/tunisie\/?p=65243"},"modified":"2016-09-20T12:16:15","modified_gmt":"2016-09-20T11:16:15","slug":"bizerte-arrestation-de-2-terroristes-condamnes-a-24-ans-de-prison","status":"publish","type":"post","link":"https:\/\/kapitalis.com\/tunisie\/2016\/09\/20\/bizerte-arrestation-de-2-terroristes-condamnes-a-24-ans-de-prison\/","title":{"rendered":"Bizerte : Arrestation de 2 terroristes condamn\u00e9s \u00e0 24 ans de prison"},"content":{"rendered":"<p style=\"text-align: center;\"><img loading=\"lazy\" decoding=\"async\" class=\"alignnone size-full wp-image-62638\" src=\"http:\/\/kapitalis.com\/tunisie\/wp-content\/uploads\/2016\/08\/Arrestation-extr\u00e9miste-religieux.jpg\" alt=\"Arrestation extr\u00e9miste religieux\" width=\"626\" height=\"380\" \/><\/p>\n<p><em><strong>La police de Zarzouna, gouvernorat de Bizerte, a arr\u00eat\u00e9, hier soir, 2 terroristes recherch\u00e9s et condamn\u00e9s \u00e0 24 ans de prison chacun.<\/strong><\/em><\/p>\n<p><!--more--><\/p>\n<p>Les 2 extr\u00e9mistes religieux avaient s\u00e9questr\u00e9 et tortur\u00e9 un citoyen en 2011, pour le punir d\u2019un d\u00e9lit, en \u00a0application de la loi islamique (charia). Ils ont ensuite ill\u00e9galement fui le territoire tunisien avant de revenir l\u2019an dernier.<\/p>\n<p>Les pr\u00e9venus \u00e9taient membres d&rsquo;Ansar Charia, class\u00e9e organisation terroriste en 2012. Ses membres ont\u00a0particip\u00e9 \u00e0 l&rsquo;assassinat des opposants de gauche Chokri Bela\u00efd (6 f\u00e9vrier 2013) et Mohamed Brahmi (25 juillet 2013).\u00a0Elle a des liens avec Al-Qaida au Maghreb islamique (Aqmi)et son chef, Seifeddine Ben Hassine (Abu Iyadh), est en fuite en Libye.<\/p>\n<p style=\"text-align: right;\"><strong>Y. N.<\/strong><\/p>\n","protected":false},"excerpt":{"rendered":"<p>La police de Zarzouna, gouvernorat de Bizerte, a arr\u00eat\u00e9, hier soir, 2 terroristes recherch\u00e9s et condamn\u00e9s \u00e0 24 ans de prison chacun.<\/p>\n","protected":false},"author":6,"featured_media":0,"comment_status":"open","ping_status":"open","sticky":false,"template":"","format":"standard","meta":{"footnotes":""},"categories":[998,2433],"tags":[2009,1937,2566,2500,204,10936,625,11010],"class_list":["post-65243","post","type-post","status-publish","format-standard","hentry","category-societe","category-tunisie","tag-al-qaida","tag-ansar-charia","tag-aqmi","tag-assassinat-politique","tag-chokri-belaid","tag-loi-islamique","tag-mohamed-brahmi","tag-zarzouna"],"yoast_head":"<!-- This site is optimized with the Yoast SEO plugin v26.6 - https:\/\/yoast.com\/wordpress\/plugins\/seo\/ -->\n<title>Bizerte : Arrestation de 2 terroristes condamn\u00e9s \u00e0 24 ans de prison - Kapitalis<\/title>\n<meta name=\"robots\" content=\"index, follow, max-snippet:-1, max-image-preview:large, max-video-preview:-1\" \/>\n<link rel=\"canonical\" href=\"https:\/\/kapitalis.com\/tunisie\/2016\/09\/20\/bizerte-arrestation-de-2-terroristes-condamnes-a-24-ans-de-prison\/\" \/>\n<meta property=\"og:locale\" content=\"fr_FR\" \/>\n<meta property=\"og:type\" content=\"article\" \/>\n<meta property=\"og:title\" content=\"Bizerte : Arrestation de 2 terroristes condamn\u00e9s \u00e0 24 ans de prison - Kapitalis\" \/>\n<meta property=\"og:description\" content=\"La police de Zarzouna, gouvernorat de Bizerte, a arr\u00eat\u00e9, hier soir, 2 terroristes recherch\u00e9s et condamn\u00e9s \u00e0 24 ans de prison chacun.\" \/>\n<meta property=\"og:url\" content=\"https:\/\/kapitalis.com\/tunisie\/2016\/09\/20\/bizerte-arrestation-de-2-terroristes-condamnes-a-24-ans-de-prison\/\" \/>\n<meta property=\"og:site_name\" content=\"Kapitalis\" \/>\n<meta property=\"article:publisher\" content=\"https:\/\/www.facebook.com\/KapitalisInfo\/\" \/>\n<meta property=\"article:published_time\" content=\"2016-09-20T11:15:07+00:00\" \/>\n<meta property=\"article:modified_time\" content=\"2016-09-20T11:16:15+00:00\" \/>\n<meta property=\"og:image\" content=\"https:\/\/kapitalis.com\/tunisie\/wp-content\/uploads\/2022\/05\/kapitalis-logo-fb.png\" \/>\n\t<meta property=\"og:image:width\" content=\"1200\" \/>\n\t<meta property=\"og:image:height\" content=\"630\" \/>\n\t<meta property=\"og:image:type\" content=\"image\/png\" \/>\n<meta name=\"author\" content=\"Yusra NY\" \/>\n<meta name=\"twitter:card\" content=\"summary_large_image\" \/>\n<meta name=\"twitter:creator\" content=\"@KapitalisInfo\" \/>\n<meta name=\"twitter:site\" content=\"@KapitalisInfo\" \/>\n<meta name=\"twitter:label1\" content=\"\u00c9crit par\" \/>\n\t<meta name=\"twitter:data1\" content=\"Yusra NY\" \/>\n\t<meta name=\"twitter:label2\" content=\"Dur\u00e9e de lecture estim\u00e9e\" \/>\n\t<meta name=\"twitter:data2\" content=\"1 minute\" \/>\n<script type=\"application\/ld+json\" class=\"yoast-schema-graph\">{\"@context\":\"https:\/\/schema.org\",\"@graph\":[{\"@type\":\"Article\",\"@id\":\"https:\/\/kapitalis.com\/tunisie\/2016\/09\/20\/bizerte-arrestation-de-2-terroristes-condamnes-a-24-ans-de-prison\/#article\",\"isPartOf\":{\"@id\":\"https:\/\/kapitalis.com\/tunisie\/2016\/09\/20\/bizerte-arrestation-de-2-terroristes-condamnes-a-24-ans-de-prison\/\"},\"author\":{\"name\":\"Yusra NY\",\"@id\":\"https:\/\/kapitalis.com\/tunisie\/#\/schema\/person\/74bbde0154d49d790a92aaeac5bc01d5\"},\"headline\":\"Bizerte : Arrestation de 2 terroristes condamn\u00e9s \u00e0 24 ans de prison\",\"datePublished\":\"2016-09-20T11:15:07+00:00\",\"dateModified\":\"2016-09-20T11:16:15+00:00\",\"mainEntityOfPage\":{\"@id\":\"https:\/\/kapitalis.com\/tunisie\/2016\/09\/20\/bizerte-arrestation-de-2-terroristes-condamnes-a-24-ans-de-prison\/\"},\"wordCount\":127,\"commentCount\":1,\"publisher\":{\"@id\":\"https:\/\/kapitalis.com\/tunisie\/#organization\"},\"keywords\":[\"Al-Qa\u00efda\",\"Ansar Charia\",\"Aqmi\",\"assassinat politique\",\"Chokri Belaid\",\"loi islamique\",\"Mohamed Brahmi\",\"Zarzouna\"],\"articleSection\":[\"SOCIETE\",\"Tunisie\"],\"inLanguage\":\"fr-FR\",\"potentialAction\":[{\"@type\":\"CommentAction\",\"name\":\"Comment\",\"target\":[\"https:\/\/kapitalis.com\/tunisie\/2016\/09\/20\/bizerte-arrestation-de-2-terroristes-condamnes-a-24-ans-de-prison\/#respond\"]}]},{\"@type\":\"WebPage\",\"@id\":\"https:\/\/kapitalis.com\/tunisie\/2016\/09\/20\/bizerte-arrestation-de-2-terroristes-condamnes-a-24-ans-de-prison\/\",\"url\":\"https:\/\/kapitalis.com\/tunisie\/2016\/09\/20\/bizerte-arrestation-de-2-terroristes-condamnes-a-24-ans-de-prison\/\",\"name\":\"Bizerte : Arrestation de 2 terroristes condamn\u00e9s \u00e0 24 ans de prison - Kapitalis\",\"isPartOf\":{\"@id\":\"https:\/\/kapitalis.com\/tunisie\/#website\"},\"datePublished\":\"2016-09-20T11:15:07+00:00\",\"dateModified\":\"2016-09-20T11:16:15+00:00\",\"breadcrumb\":{\"@id\":\"https:\/\/kapitalis.com\/tunisie\/2016\/09\/20\/bizerte-arrestation-de-2-terroristes-condamnes-a-24-ans-de-prison\/#breadcrumb\"},\"inLanguage\":\"fr-FR\",\"potentialAction\":[{\"@type\":\"ReadAction\",\"target\":[\"https:\/\/kapitalis.com\/tunisie\/2016\/09\/20\/bizerte-arrestation-de-2-terroristes-condamnes-a-24-ans-de-prison\/\"]}]},{\"@type\":\"BreadcrumbList\",\"@id\":\"https:\/\/kapitalis.com\/tunisie\/2016\/09\/20\/bizerte-arrestation-de-2-terroristes-condamnes-a-24-ans-de-prison\/#breadcrumb\",\"itemListElement\":[{\"@type\":\"ListItem\",\"position\":1,\"name\":\"Accueil\",\"item\":\"https:\/\/kapitalis.com\/tunisie\/\"},{\"@type\":\"ListItem\",\"position\":2,\"name\":\"Bizerte : Arrestation de 2 terroristes condamn\u00e9s \u00e0 24 ans de prison\"}]},{\"@type\":\"WebSite\",\"@id\":\"https:\/\/kapitalis.com\/tunisie\/#website\",\"url\":\"https:\/\/kapitalis.com\/tunisie\/\",\"name\":\"Kapitalis\",\"description\":\"L&#039;actualit\u00e9 en Tunisie et dans le monde\",\"publisher\":{\"@id\":\"https:\/\/kapitalis.com\/tunisie\/#organization\"},\"potentialAction\":[{\"@type\":\"SearchAction\",\"target\":{\"@type\":\"EntryPoint\",\"urlTemplate\":\"https:\/\/kapitalis.com\/tunisie\/?s={search_term_string}\"},\"query-input\":{\"@type\":\"PropertyValueSpecification\",\"valueRequired\":true,\"valueName\":\"search_term_string\"}}],\"inLanguage\":\"fr-FR\"},{\"@type\":\"Organization\",\"@id\":\"https:\/\/kapitalis.com\/tunisie\/#organization\",\"name\":\"Kapitalis\",\"url\":\"https:\/\/kapitalis.com\/tunisie\/\",\"logo\":{\"@type\":\"ImageObject\",\"inLanguage\":\"fr-FR\",\"@id\":\"https:\/\/kapitalis.com\/tunisie\/#\/schema\/logo\/image\/\",\"url\":\"https:\/\/kapitalis.com\/tunisie\/wp-content\/uploads\/2022\/05\/Kapitalis-big-size.png\",\"contentUrl\":\"https:\/\/kapitalis.com\/tunisie\/wp-content\/uploads\/2022\/05\/Kapitalis-big-size.png\",\"width\":5000,\"height\":1500,\"caption\":\"Kapitalis\"},\"image\":{\"@id\":\"https:\/\/kapitalis.com\/tunisie\/#\/schema\/logo\/image\/\"},\"sameAs\":[\"https:\/\/www.facebook.com\/KapitalisInfo\/\",\"https:\/\/x.com\/KapitalisInfo\",\"https:\/\/www.youtube.com\/channel\/UC-yDYrHyfFBWWZaOw3FPg9Q\"]},{\"@type\":\"Person\",\"@id\":\"https:\/\/kapitalis.com\/tunisie\/#\/schema\/person\/74bbde0154d49d790a92aaeac5bc01d5\",\"name\":\"Yusra NY\",\"url\":\"https:\/\/kapitalis.com\/tunisie\/author\/yuza_adam\/\"}]}<\/script>\n<!-- \/ Yoast SEO plugin. -->","yoast_head_json":{"title":"Bizerte : Arrestation de 2 terroristes condamn\u00e9s \u00e0 24 ans de prison - Kapitalis","robots":{"index":"index","follow":"follow","max-snippet":"max-snippet:-1","max-image-preview":"max-image-preview:large","max-video-preview":"max-video-preview:-1"},"canonical":"https:\/\/kapitalis.com\/tunisie\/2016\/09\/20\/bizerte-arrestation-de-2-terroristes-condamnes-a-24-ans-de-prison\/","og_locale":"fr_FR","og_type":"article","og_title":"Bizerte : Arrestation de 2 terroristes condamn\u00e9s \u00e0 24 ans de prison - Kapitalis","og_description":"La police de Zarzouna, gouvernorat de Bizerte, a arr\u00eat\u00e9, hier soir, 2 terroristes recherch\u00e9s et condamn\u00e9s \u00e0 24 ans de prison chacun.","og_url":"https:\/\/kapitalis.com\/tunisie\/2016\/09\/20\/bizerte-arrestation-de-2-terroristes-condamnes-a-24-ans-de-prison\/","og_site_name":"Kapitalis","article_publisher":"https:\/\/www.facebook.com\/KapitalisInfo\/","article_published_time":"2016-09-20T11:15:07+00:00","article_modified_time":"2016-09-20T11:16:15+00:00","og_image":[{"width":1200,"height":630,"url":"https:\/\/kapitalis.com\/tunisie\/wp-content\/uploads\/2022\/05\/kapitalis-logo-fb.png","type":"image\/png"}],"author":"Yusra NY","twitter_card":"summary_large_image","twitter_creator":"@KapitalisInfo","twitter_site":"@KapitalisInfo","twitter_misc":{"\u00c9crit par":"Yusra NY","Dur\u00e9e de lecture estim\u00e9e":"1 minute"},"schema":{"@context":"https:\/\/schema.org","@graph":[{"@type":"Article","@id":"https:\/\/kapitalis.com\/tunisie\/2016\/09\/20\/bizerte-arrestation-de-2-terroristes-condamnes-a-24-ans-de-prison\/#article","isPartOf":{"@id":"https:\/\/kapitalis.com\/tunisie\/2016\/09\/20\/bizerte-arrestation-de-2-terroristes-condamnes-a-24-ans-de-prison\/"},"author":{"name":"Yusra NY","@id":"https:\/\/kapitalis.com\/tunisie\/#\/schema\/person\/74bbde0154d49d790a92aaeac5bc01d5"},"headline":"Bizerte : Arrestation de 2 terroristes condamn\u00e9s \u00e0 24 ans de prison","datePublished":"2016-09-20T11:15:07+00:00","dateModified":"2016-09-20T11:16:15+00:00","mainEntityOfPage":{"@id":"https:\/\/kapitalis.com\/tunisie\/2016\/09\/20\/bizerte-arrestation-de-2-terroristes-condamnes-a-24-ans-de-prison\/"},"wordCount":127,"commentCount":1,"publisher":{"@id":"https:\/\/kapitalis.com\/tunisie\/#organization"},"keywords":["Al-Qa\u00efda","Ansar Charia","Aqmi","assassinat politique","Chokri Belaid","loi islamique","Mohamed Brahmi","Zarzouna"],"articleSection":["SOCIETE","Tunisie"],"inLanguage":"fr-FR","potentialAction":[{"@type":"CommentAction","name":"Comment","target":["https:\/\/kapitalis.com\/tunisie\/2016\/09\/20\/bizerte-arrestation-de-2-terroristes-condamnes-a-24-ans-de-prison\/#respond"]}]},{"@type":"WebPage","@id":"https:\/\/kapitalis.com\/tunisie\/2016\/09\/20\/bizerte-arrestation-de-2-terroristes-condamnes-a-24-ans-de-prison\/","url":"https:\/\/kapitalis.com\/tunisie\/2016\/09\/20\/bizerte-arrestation-de-2-terroristes-condamnes-a-24-ans-de-prison\/","name":"Bizerte : Arrestation de 2 terroristes condamn\u00e9s \u00e0 24 ans de prison - Kapitalis","isPartOf":{"@id":"https:\/\/kapitalis.com\/tunisie\/#website"},"datePublished":"2016-09-20T11:15:07+00:00","dateModified":"2016-09-20T11:16:15+00:00","breadcrumb":{"@id":"https:\/\/kapitalis.com\/tunisie\/2016\/09\/20\/bizerte-arrestation-de-2-terroristes-condamnes-a-24-ans-de-prison\/#breadcrumb"},"inLanguage":"fr-FR","potentialAction":[{"@type":"ReadAction","target":["https:\/\/kapitalis.com\/tunisie\/2016\/09\/20\/bizerte-arrestation-de-2-terroristes-condamnes-a-24-ans-de-prison\/"]}]},{"@type":"BreadcrumbList","@id":"https:\/\/kapitalis.com\/tunisie\/2016\/09\/20\/bizerte-arrestation-de-2-terroristes-condamnes-a-24-ans-de-prison\/#breadcrumb","itemListElement":[{"@type":"ListItem","position":1,"name":"Accueil","item":"https:\/\/kapitalis.com\/tunisie\/"},{"@type":"ListItem","position":2,"name":"Bizerte : Arrestation de 2 terroristes condamn\u00e9s \u00e0 24 ans de prison"}]},{"@type":"WebSite","@id":"https:\/\/kapitalis.com\/tunisie\/#website","url":"https:\/\/kapitalis.com\/tunisie\/","name":"Kapitalis","description":"L&#039;actualit\u00e9 en Tunisie et dans le monde","publisher":{"@id":"https:\/\/kapitalis.com\/tunisie\/#organization"},"potentialAction":[{"@type":"SearchAction","target":{"@type":"EntryPoint","urlTemplate":"https:\/\/kapitalis.com\/tunisie\/?s={search_term_string}"},"query-input":{"@type":"PropertyValueSpecification","valueRequired":true,"valueName":"search_term_string"}}],"inLanguage":"fr-FR"},{"@type":"Organization","@id":"https:\/\/kapitalis.com\/tunisie\/#organization","name":"Kapitalis","url":"https:\/\/kapitalis.com\/tunisie\/","logo":{"@type":"ImageObject","inLanguage":"fr-FR","@id":"https:\/\/kapitalis.com\/tunisie\/#\/schema\/logo\/image\/","url":"https:\/\/kapitalis.com\/tunisie\/wp-content\/uploads\/2022\/05\/Kapitalis-big-size.png","contentUrl":"https:\/\/kapitalis.com\/tunisie\/wp-content\/uploads\/2022\/05\/Kapitalis-big-size.png","width":5000,"height":1500,"caption":"Kapitalis"},"image":{"@id":"https:\/\/kapitalis.com\/tunisie\/#\/schema\/logo\/image\/"},"sameAs":["https:\/\/www.facebook.com\/KapitalisInfo\/","https:\/\/x.com\/KapitalisInfo","https:\/\/www.youtube.com\/channel\/UC-yDYrHyfFBWWZaOw3FPg9Q"]},{"@type":"Person","@id":"https:\/\/kapitalis.com\/tunisie\/#\/schema\/person\/74bbde0154d49d790a92aaeac5bc01d5","name":"Yusra NY","url":"https:\/\/kapitalis.com\/tunisie\/author\/yuza_adam\/"}]}},"_links":{"self":[{"href":"https:\/\/kapitalis.com\/tunisie\/wp-json\/wp\/v2\/posts\/65243","targetHints":{"allow":["GET"]}}],"collection":[{"href":"https:\/\/kapitalis.com\/tunisie\/wp-json\/wp\/v2\/posts"}],"about":[{"href":"https:\/\/kapitalis.com\/tunisie\/wp-json\/wp\/v2\/types\/post"}],"author":[{"embeddable":true,"href":"https:\/\/kapitalis.com\/tunisie\/wp-json\/wp\/v2\/users\/6"}],"replies":[{"embeddable":true,"href":"https:\/\/kapitalis.com\/tunisie\/wp-json\/wp\/v2\/comments?post=65243"}],"version-history":[{"count":0,"href":"https:\/\/kapitalis.com\/tunisie\/wp-json\/wp\/v2\/posts\/65243\/revisions"}],"wp:attachment":[{"href":"https:\/\/kapitalis.com\/tunisie\/wp-json\/wp\/v2\/media?parent=65243"}],"wp:term":[{"taxonomy":"category","embeddable":true,"href":"https:\/\/kapitalis.com\/tunisie\/wp-json\/wp\/v2\/categories?post=65243"},{"taxonomy":"post_tag","embeddable":true,"href":"https:\/\/kapitalis.com\/tunisie\/wp-json\/wp\/v2\/tags?post=65243"}],"curies":[{"name":"wp","href":"https:\/\/api.w.org\/{rel}","templated":true}]}}