{"id":6533653,"date":"2023-02-17T07:01:49","date_gmt":"2023-02-17T06:01:49","guid":{"rendered":"https:\/\/kapitalis.com\/tunisie\/?p=6533653"},"modified":"2023-02-17T07:01:51","modified_gmt":"2023-02-17T06:01:51","slug":"mission-economique-tunisienne-en-rdc","status":"publish","type":"post","link":"https:\/\/kapitalis.com\/tunisie\/2023\/02\/17\/mission-economique-tunisienne-en-rdc\/","title":{"rendered":"Mission \u00e9conomique tunisienne en RDC"},"content":{"rendered":"\n<p><strong><em>Le Tunisia-Africa Business Council (TABC) organise une mission \u00e9conomique multisectorielle en R\u00e9publique d\u00e9mocratique du Congo (RDC) du 13 au 18 f\u00e9vrier 2023 \u00e0 l\u2019h\u00f4tel Sultani Kinshasa.<\/em><\/strong><\/p>\n\n\n\n<!--more-->\n\n\n\n<p>Cette mission est organis\u00e9e en partenariat avec l\u2019ambassade tunisienne \u00e0 la RDC pour accompagner les entreprises tunisiennes dans leur strat\u00e9gie d\u2019impl\u00e9mentation en Afrique subsaharienne. &nbsp;<\/p>\n\n\n\n<p>L\u2019ouverture officielle du forum \u00e9conomique tuniso-congolais a vu la participation de deux ministres congolais: D\u00e9sir\u00e9-Cashmir Kolongele Eberande (Num\u00e9rique), et Muhindo Nzangi Butondo (Enseignement sup\u00e9rieur) ainsi que l\u2019ambassadeur tunisien \u00e0 Kinshasa Bouzekri Remili et le pr\u00e9sident de TABC Anis Jaziri.<\/p>\n\n\n\n<p>Quelque 30 chefs d\u2019entreprise tunisiens et congolais ont particip\u00e9 au forum, qui a \u00e9t\u00e9 suivi de plusieurs rencontres BtoB et BtoG.<\/p>\n\n\n\n<p>Le programme de la mission \u00e9conomique pr\u00e9voit aussi des rencontres institutionnelles de la d\u00e9l\u00e9gation tunisienne avec des responsables minist\u00e9riels congolais, des directeurs de cabinets et des pr\u00e9sidents de chambres de commerce.<\/p>\n\n\n\n<p>Cette deuxi\u00e8me \u00e9dition de la mission \u00e9conomique en RDC organis\u00e9e par TABC vient renforcer les efforts d\u2019impl\u00e9mentation des entreprises tunisiennes en RDC et l\u2019am\u00e9lioration des \u00e9changes bilat\u00e9raux avec un pays \u00e0 tr\u00e8s haut potentiel, avec&nbsp; une superficie qui d\u00e9passe 2 millions km\u00b2, une population de plus de 100 millions d\u2019habitants et des richesses naturelles extraordinaires.&nbsp;<\/p>\n","protected":false},"excerpt":{"rendered":"<p>Une mission \u00e9conomique multisectorielle en RD Congo du 13 au 18 f\u00e9vrier 2023 \u00e0 Kinshasa.<\/p>\n","protected":false},"author":8,"featured_media":6533690,"comment_status":"open","ping_status":"open","sticky":false,"template":"","format":"standard","meta":{"footnotes":""},"categories":[995,2433],"tags":[27544,106687,106685,1488,106686,35880,875],"class_list":["post-6533653","post","type-post","status-publish","format-standard","has-post-thumbnail","hentry","category-economie","category-tunisie","tag-anis-jaziri","tag-bouzekri-remili","tag-cashmir-kolongele-eberande","tag-congo","tag-muhindo-nzangi-butondo","tag-rdc","tag-tabc"],"yoast_head":"<!-- This site is optimized with the Yoast SEO plugin v26.6 - https:\/\/yoast.com\/wordpress\/plugins\/seo\/ -->\n<title>Mission \u00e9conomique tunisienne en RDC - Kapitalis<\/title>\n<meta name=\"robots\" content=\"index, follow, max-snippet:-1, max-image-preview:large, max-video-preview:-1\" \/>\n<link rel=\"canonical\" href=\"https:\/\/kapitalis.com\/tunisie\/2023\/02\/17\/mission-economique-tunisienne-en-rdc\/\" \/>\n<meta property=\"og:locale\" content=\"fr_FR\" \/>\n<meta property=\"og:type\" content=\"article\" \/>\n<meta property=\"og:title\" content=\"Mission \u00e9conomique tunisienne en RDC - Kapitalis\" \/>\n<meta property=\"og:description\" content=\"Une mission \u00e9conomique multisectorielle en RD Congo du 13 au 18 f\u00e9vrier 2023 \u00e0 Kinshasa.\" \/>\n<meta property=\"og:url\" content=\"https:\/\/kapitalis.com\/tunisie\/2023\/02\/17\/mission-economique-tunisienne-en-rdc\/\" \/>\n<meta property=\"og:site_name\" content=\"Kapitalis\" \/>\n<meta property=\"article:publisher\" content=\"https:\/\/www.facebook.com\/KapitalisInfo\/\" \/>\n<meta property=\"article:published_time\" content=\"2023-02-17T06:01:49+00:00\" \/>\n<meta property=\"article:modified_time\" content=\"2023-02-17T06:01:51+00:00\" \/>\n<meta property=\"og:image\" content=\"https:\/\/kapitalis.com\/tunisie\/wp-content\/uploads\/2023\/02\/TABC-RDC.jpg\" \/>\n\t<meta property=\"og:image:width\" content=\"1200\" \/>\n\t<meta property=\"og:image:height\" content=\"630\" \/>\n\t<meta property=\"og:image:type\" content=\"image\/jpeg\" \/>\n<meta name=\"author\" content=\"webmaster kapitalis\" \/>\n<meta name=\"twitter:card\" content=\"summary_large_image\" \/>\n<meta name=\"twitter:creator\" content=\"@KapitalisInfo\" \/>\n<meta name=\"twitter:site\" content=\"@KapitalisInfo\" \/>\n<meta name=\"twitter:label1\" content=\"\u00c9crit par\" \/>\n\t<meta name=\"twitter:data1\" content=\"webmaster kapitalis\" \/>\n\t<meta name=\"twitter:label2\" content=\"Dur\u00e9e de lecture estim\u00e9e\" \/>\n\t<meta name=\"twitter:data2\" content=\"2 minutes\" \/>\n<script type=\"application\/ld+json\" class=\"yoast-schema-graph\">{\"@context\":\"https:\/\/schema.org\",\"@graph\":[{\"@type\":\"Article\",\"@id\":\"https:\/\/kapitalis.com\/tunisie\/2023\/02\/17\/mission-economique-tunisienne-en-rdc\/#article\",\"isPartOf\":{\"@id\":\"https:\/\/kapitalis.com\/tunisie\/2023\/02\/17\/mission-economique-tunisienne-en-rdc\/\"},\"author\":{\"name\":\"webmaster kapitalis\",\"@id\":\"https:\/\/kapitalis.com\/tunisie\/#\/schema\/person\/d71f33a9ca44f7bad4698210b480c8e9\"},\"headline\":\"Mission \u00e9conomique tunisienne en RDC\",\"datePublished\":\"2023-02-17T06:01:49+00:00\",\"dateModified\":\"2023-02-17T06:01:51+00:00\",\"mainEntityOfPage\":{\"@id\":\"https:\/\/kapitalis.com\/tunisie\/2023\/02\/17\/mission-economique-tunisienne-en-rdc\/\"},\"wordCount\":227,\"commentCount\":0,\"publisher\":{\"@id\":\"https:\/\/kapitalis.com\/tunisie\/#organization\"},\"image\":{\"@id\":\"https:\/\/kapitalis.com\/tunisie\/2023\/02\/17\/mission-economique-tunisienne-en-rdc\/#primaryimage\"},\"thumbnailUrl\":\"https:\/\/kapitalis.com\/tunisie\/wp-content\/uploads\/2023\/02\/TABC-RDC.jpg\",\"keywords\":[\"Anis Jaziri\",\"Bouzekri Remili\",\"Cashmir Kolongele Eberande\",\"Congo\",\"Muhindo Nzangi Butondo\",\"RDC\",\"TABC\"],\"articleSection\":[\"ECONOMIE\",\"Tunisie\"],\"inLanguage\":\"fr-FR\",\"potentialAction\":[{\"@type\":\"CommentAction\",\"name\":\"Comment\",\"target\":[\"https:\/\/kapitalis.com\/tunisie\/2023\/02\/17\/mission-economique-tunisienne-en-rdc\/#respond\"]}]},{\"@type\":\"WebPage\",\"@id\":\"https:\/\/kapitalis.com\/tunisie\/2023\/02\/17\/mission-economique-tunisienne-en-rdc\/\",\"url\":\"https:\/\/kapitalis.com\/tunisie\/2023\/02\/17\/mission-economique-tunisienne-en-rdc\/\",\"name\":\"Mission \u00e9conomique tunisienne en RDC - Kapitalis\",\"isPartOf\":{\"@id\":\"https:\/\/kapitalis.com\/tunisie\/#website\"},\"primaryImageOfPage\":{\"@id\":\"https:\/\/kapitalis.com\/tunisie\/2023\/02\/17\/mission-economique-tunisienne-en-rdc\/#primaryimage\"},\"image\":{\"@id\":\"https:\/\/kapitalis.com\/tunisie\/2023\/02\/17\/mission-economique-tunisienne-en-rdc\/#primaryimage\"},\"thumbnailUrl\":\"https:\/\/kapitalis.com\/tunisie\/wp-content\/uploads\/2023\/02\/TABC-RDC.jpg\",\"datePublished\":\"2023-02-17T06:01:49+00:00\",\"dateModified\":\"2023-02-17T06:01:51+00:00\",\"breadcrumb\":{\"@id\":\"https:\/\/kapitalis.com\/tunisie\/2023\/02\/17\/mission-economique-tunisienne-en-rdc\/#breadcrumb\"},\"inLanguage\":\"fr-FR\",\"potentialAction\":[{\"@type\":\"ReadAction\",\"target\":[\"https:\/\/kapitalis.com\/tunisie\/2023\/02\/17\/mission-economique-tunisienne-en-rdc\/\"]}]},{\"@type\":\"ImageObject\",\"inLanguage\":\"fr-FR\",\"@id\":\"https:\/\/kapitalis.com\/tunisie\/2023\/02\/17\/mission-economique-tunisienne-en-rdc\/#primaryimage\",\"url\":\"https:\/\/kapitalis.com\/tunisie\/wp-content\/uploads\/2023\/02\/TABC-RDC.jpg\",\"contentUrl\":\"https:\/\/kapitalis.com\/tunisie\/wp-content\/uploads\/2023\/02\/TABC-RDC.jpg\",\"width\":1200,\"height\":630},{\"@type\":\"BreadcrumbList\",\"@id\":\"https:\/\/kapitalis.com\/tunisie\/2023\/02\/17\/mission-economique-tunisienne-en-rdc\/#breadcrumb\",\"itemListElement\":[{\"@type\":\"ListItem\",\"position\":1,\"name\":\"Accueil\",\"item\":\"https:\/\/kapitalis.com\/tunisie\/\"},{\"@type\":\"ListItem\",\"position\":2,\"name\":\"Mission \u00e9conomique tunisienne en RDC\"}]},{\"@type\":\"WebSite\",\"@id\":\"https:\/\/kapitalis.com\/tunisie\/#website\",\"url\":\"https:\/\/kapitalis.com\/tunisie\/\",\"name\":\"Kapitalis\",\"description\":\"L&#039;actualit\u00e9 en Tunisie et dans le monde\",\"publisher\":{\"@id\":\"https:\/\/kapitalis.com\/tunisie\/#organization\"},\"potentialAction\":[{\"@type\":\"SearchAction\",\"target\":{\"@type\":\"EntryPoint\",\"urlTemplate\":\"https:\/\/kapitalis.com\/tunisie\/?s={search_term_string}\"},\"query-input\":{\"@type\":\"PropertyValueSpecification\",\"valueRequired\":true,\"valueName\":\"search_term_string\"}}],\"inLanguage\":\"fr-FR\"},{\"@type\":\"Organization\",\"@id\":\"https:\/\/kapitalis.com\/tunisie\/#organization\",\"name\":\"Kapitalis\",\"url\":\"https:\/\/kapitalis.com\/tunisie\/\",\"logo\":{\"@type\":\"ImageObject\",\"inLanguage\":\"fr-FR\",\"@id\":\"https:\/\/kapitalis.com\/tunisie\/#\/schema\/logo\/image\/\",\"url\":\"https:\/\/kapitalis.com\/tunisie\/wp-content\/uploads\/2022\/05\/Kapitalis-big-size.png\",\"contentUrl\":\"https:\/\/kapitalis.com\/tunisie\/wp-content\/uploads\/2022\/05\/Kapitalis-big-size.png\",\"width\":5000,\"height\":1500,\"caption\":\"Kapitalis\"},\"image\":{\"@id\":\"https:\/\/kapitalis.com\/tunisie\/#\/schema\/logo\/image\/\"},\"sameAs\":[\"https:\/\/www.facebook.com\/KapitalisInfo\/\",\"https:\/\/x.com\/KapitalisInfo\",\"https:\/\/www.youtube.com\/channel\/UC-yDYrHyfFBWWZaOw3FPg9Q\"]},{\"@type\":\"Person\",\"@id\":\"https:\/\/kapitalis.com\/tunisie\/#\/schema\/person\/d71f33a9ca44f7bad4698210b480c8e9\",\"name\":\"webmaster kapitalis\",\"url\":\"https:\/\/kapitalis.com\/tunisie\/author\/webmaster-kapitalis\/\"}]}<\/script>\n<!-- \/ Yoast SEO plugin. -->","yoast_head_json":{"title":"Mission \u00e9conomique tunisienne en RDC - Kapitalis","robots":{"index":"index","follow":"follow","max-snippet":"max-snippet:-1","max-image-preview":"max-image-preview:large","max-video-preview":"max-video-preview:-1"},"canonical":"https:\/\/kapitalis.com\/tunisie\/2023\/02\/17\/mission-economique-tunisienne-en-rdc\/","og_locale":"fr_FR","og_type":"article","og_title":"Mission \u00e9conomique tunisienne en RDC - Kapitalis","og_description":"Une mission \u00e9conomique multisectorielle en RD Congo du 13 au 18 f\u00e9vrier 2023 \u00e0 Kinshasa.","og_url":"https:\/\/kapitalis.com\/tunisie\/2023\/02\/17\/mission-economique-tunisienne-en-rdc\/","og_site_name":"Kapitalis","article_publisher":"https:\/\/www.facebook.com\/KapitalisInfo\/","article_published_time":"2023-02-17T06:01:49+00:00","article_modified_time":"2023-02-17T06:01:51+00:00","og_image":[{"width":1200,"height":630,"url":"https:\/\/kapitalis.com\/tunisie\/wp-content\/uploads\/2023\/02\/TABC-RDC.jpg","type":"image\/jpeg"}],"author":"webmaster kapitalis","twitter_card":"summary_large_image","twitter_creator":"@KapitalisInfo","twitter_site":"@KapitalisInfo","twitter_misc":{"\u00c9crit par":"webmaster kapitalis","Dur\u00e9e de lecture estim\u00e9e":"2 minutes"},"schema":{"@context":"https:\/\/schema.org","@graph":[{"@type":"Article","@id":"https:\/\/kapitalis.com\/tunisie\/2023\/02\/17\/mission-economique-tunisienne-en-rdc\/#article","isPartOf":{"@id":"https:\/\/kapitalis.com\/tunisie\/2023\/02\/17\/mission-economique-tunisienne-en-rdc\/"},"author":{"name":"webmaster kapitalis","@id":"https:\/\/kapitalis.com\/tunisie\/#\/schema\/person\/d71f33a9ca44f7bad4698210b480c8e9"},"headline":"Mission \u00e9conomique tunisienne en RDC","datePublished":"2023-02-17T06:01:49+00:00","dateModified":"2023-02-17T06:01:51+00:00","mainEntityOfPage":{"@id":"https:\/\/kapitalis.com\/tunisie\/2023\/02\/17\/mission-economique-tunisienne-en-rdc\/"},"wordCount":227,"commentCount":0,"publisher":{"@id":"https:\/\/kapitalis.com\/tunisie\/#organization"},"image":{"@id":"https:\/\/kapitalis.com\/tunisie\/2023\/02\/17\/mission-economique-tunisienne-en-rdc\/#primaryimage"},"thumbnailUrl":"https:\/\/kapitalis.com\/tunisie\/wp-content\/uploads\/2023\/02\/TABC-RDC.jpg","keywords":["Anis Jaziri","Bouzekri Remili","Cashmir Kolongele Eberande","Congo","Muhindo Nzangi Butondo","RDC","TABC"],"articleSection":["ECONOMIE","Tunisie"],"inLanguage":"fr-FR","potentialAction":[{"@type":"CommentAction","name":"Comment","target":["https:\/\/kapitalis.com\/tunisie\/2023\/02\/17\/mission-economique-tunisienne-en-rdc\/#respond"]}]},{"@type":"WebPage","@id":"https:\/\/kapitalis.com\/tunisie\/2023\/02\/17\/mission-economique-tunisienne-en-rdc\/","url":"https:\/\/kapitalis.com\/tunisie\/2023\/02\/17\/mission-economique-tunisienne-en-rdc\/","name":"Mission \u00e9conomique tunisienne en RDC - Kapitalis","isPartOf":{"@id":"https:\/\/kapitalis.com\/tunisie\/#website"},"primaryImageOfPage":{"@id":"https:\/\/kapitalis.com\/tunisie\/2023\/02\/17\/mission-economique-tunisienne-en-rdc\/#primaryimage"},"image":{"@id":"https:\/\/kapitalis.com\/tunisie\/2023\/02\/17\/mission-economique-tunisienne-en-rdc\/#primaryimage"},"thumbnailUrl":"https:\/\/kapitalis.com\/tunisie\/wp-content\/uploads\/2023\/02\/TABC-RDC.jpg","datePublished":"2023-02-17T06:01:49+00:00","dateModified":"2023-02-17T06:01:51+00:00","breadcrumb":{"@id":"https:\/\/kapitalis.com\/tunisie\/2023\/02\/17\/mission-economique-tunisienne-en-rdc\/#breadcrumb"},"inLanguage":"fr-FR","potentialAction":[{"@type":"ReadAction","target":["https:\/\/kapitalis.com\/tunisie\/2023\/02\/17\/mission-economique-tunisienne-en-rdc\/"]}]},{"@type":"ImageObject","inLanguage":"fr-FR","@id":"https:\/\/kapitalis.com\/tunisie\/2023\/02\/17\/mission-economique-tunisienne-en-rdc\/#primaryimage","url":"https:\/\/kapitalis.com\/tunisie\/wp-content\/uploads\/2023\/02\/TABC-RDC.jpg","contentUrl":"https:\/\/kapitalis.com\/tunisie\/wp-content\/uploads\/2023\/02\/TABC-RDC.jpg","width":1200,"height":630},{"@type":"BreadcrumbList","@id":"https:\/\/kapitalis.com\/tunisie\/2023\/02\/17\/mission-economique-tunisienne-en-rdc\/#breadcrumb","itemListElement":[{"@type":"ListItem","position":1,"name":"Accueil","item":"https:\/\/kapitalis.com\/tunisie\/"},{"@type":"ListItem","position":2,"name":"Mission \u00e9conomique tunisienne en RDC"}]},{"@type":"WebSite","@id":"https:\/\/kapitalis.com\/tunisie\/#website","url":"https:\/\/kapitalis.com\/tunisie\/","name":"Kapitalis","description":"L&#039;actualit\u00e9 en Tunisie et dans le monde","publisher":{"@id":"https:\/\/kapitalis.com\/tunisie\/#organization"},"potentialAction":[{"@type":"SearchAction","target":{"@type":"EntryPoint","urlTemplate":"https:\/\/kapitalis.com\/tunisie\/?s={search_term_string}"},"query-input":{"@type":"PropertyValueSpecification","valueRequired":true,"valueName":"search_term_string"}}],"inLanguage":"fr-FR"},{"@type":"Organization","@id":"https:\/\/kapitalis.com\/tunisie\/#organization","name":"Kapitalis","url":"https:\/\/kapitalis.com\/tunisie\/","logo":{"@type":"ImageObject","inLanguage":"fr-FR","@id":"https:\/\/kapitalis.com\/tunisie\/#\/schema\/logo\/image\/","url":"https:\/\/kapitalis.com\/tunisie\/wp-content\/uploads\/2022\/05\/Kapitalis-big-size.png","contentUrl":"https:\/\/kapitalis.com\/tunisie\/wp-content\/uploads\/2022\/05\/Kapitalis-big-size.png","width":5000,"height":1500,"caption":"Kapitalis"},"image":{"@id":"https:\/\/kapitalis.com\/tunisie\/#\/schema\/logo\/image\/"},"sameAs":["https:\/\/www.facebook.com\/KapitalisInfo\/","https:\/\/x.com\/KapitalisInfo","https:\/\/www.youtube.com\/channel\/UC-yDYrHyfFBWWZaOw3FPg9Q"]},{"@type":"Person","@id":"https:\/\/kapitalis.com\/tunisie\/#\/schema\/person\/d71f33a9ca44f7bad4698210b480c8e9","name":"webmaster kapitalis","url":"https:\/\/kapitalis.com\/tunisie\/author\/webmaster-kapitalis\/"}]}},"_links":{"self":[{"href":"https:\/\/kapitalis.com\/tunisie\/wp-json\/wp\/v2\/posts\/6533653","targetHints":{"allow":["GET"]}}],"collection":[{"href":"https:\/\/kapitalis.com\/tunisie\/wp-json\/wp\/v2\/posts"}],"about":[{"href":"https:\/\/kapitalis.com\/tunisie\/wp-json\/wp\/v2\/types\/post"}],"author":[{"embeddable":true,"href":"https:\/\/kapitalis.com\/tunisie\/wp-json\/wp\/v2\/users\/8"}],"replies":[{"embeddable":true,"href":"https:\/\/kapitalis.com\/tunisie\/wp-json\/wp\/v2\/comments?post=6533653"}],"version-history":[{"count":1,"href":"https:\/\/kapitalis.com\/tunisie\/wp-json\/wp\/v2\/posts\/6533653\/revisions"}],"predecessor-version":[{"id":6533698,"href":"https:\/\/kapitalis.com\/tunisie\/wp-json\/wp\/v2\/posts\/6533653\/revisions\/6533698"}],"wp:featuredmedia":[{"embeddable":true,"href":"https:\/\/kapitalis.com\/tunisie\/wp-json\/wp\/v2\/media\/6533690"}],"wp:attachment":[{"href":"https:\/\/kapitalis.com\/tunisie\/wp-json\/wp\/v2\/media?parent=6533653"}],"wp:term":[{"taxonomy":"category","embeddable":true,"href":"https:\/\/kapitalis.com\/tunisie\/wp-json\/wp\/v2\/categories?post=6533653"},{"taxonomy":"post_tag","embeddable":true,"href":"https:\/\/kapitalis.com\/tunisie\/wp-json\/wp\/v2\/tags?post=6533653"}],"curies":[{"name":"wp","href":"https:\/\/api.w.org\/{rel}","templated":true}]}}