{"id":6534809,"date":"2023-02-17T08:55:56","date_gmt":"2023-02-17T07:55:56","guid":{"rendered":"https:\/\/kapitalis.com\/tunisie\/?p=6534809"},"modified":"2023-02-17T08:55:57","modified_gmt":"2023-02-17T07:55:57","slug":"kais-saied-il-ny-a-aucune-restriction-a-la-liberte-de-la-presse-en-tunisie","status":"publish","type":"post","link":"https:\/\/kapitalis.com\/tunisie\/2023\/02\/17\/kais-saied-il-ny-a-aucune-restriction-a-la-liberte-de-la-presse-en-tunisie\/","title":{"rendered":"Ka\u00efs Sa\u00efed&nbsp;: \u00abIl n\u2019y a aucune restriction \u00e0 la libert\u00e9 de la presse en Tunisie\u00bb"},"content":{"rendered":"\n<p><strong><em>Aux<a href=\"https:\/\/kapitalis.com\/tunisie\/2023\/02\/16\/tunisie-retour-en-images-sur-la-journee-de-colere-des-journalistes\/\" target=\"_blank\" rel=\"noreferrer noopener\"> journalistes qui protestaient<\/a> jeudi 16 f\u00e9vrier 2023, devant le si\u00e8ge du gouvernement, \u00e0 la Kasbah, contre \u00ables atteintes r\u00e9p\u00e9t\u00e9es \u00e0 la libert\u00e9 d\u2019expression\u00bb et \u00ables tentatives du pouvoir de museler les voix libres et d\u2019asservir les m\u00e9dias\u00bb, le pr\u00e9sident Ka\u00efs Sa\u00efed a r\u00e9pondu, dans la soir\u00e9e, qu\u2019\u00abil n\u2019y a aucune restriction \u00e0 la libert\u00e9 de la presse et d\u2019expression en Tunisie.\u00bb<\/em><\/strong><\/p>\n\n\n\n<!--more-->\n\n\n\n<p><em>\u00abUn journal a-t-il \u00e9t\u00e9 censur\u00e9 ou une \u00e9mission interdite ? Un journaliste a-t-il \u00e9t\u00e9 menac\u00e9 ou poursuivi pour avoir exerc\u00e9 sa libert\u00e9 de la presse ?\u00bb<\/em> a-t-il lanc\u00e9, sur un ton ironique, lors de sa rencontre avec la Premi\u00e8re ministre Najla Bouden au palais de Carthage.<\/p>\n\n\n\n<p><em>\u00abCe sont de purs mensonges et calomnies que le peuple connait (&#8230;) la v\u00e9rit\u00e9 sortira pour \u00e9clairer les Tunisiens sur ceux qui les privent de leurs moyens de subsistance et ceux qui tentent de nuire \u00e0 la paix sociale\u00bb<\/em>, a encore soulign\u00e9 Sa\u00efed, dans une limpide allusion aux activistes politiques, hommes d\u2019affaires et journalistes arr\u00eat\u00e9s depuis samedi dernier, et qui sont d\u00e9sign\u00e9s \u00e0 la vindicte populaire par le pr\u00e9sident lui-m\u00eame et par ses partisans, \u00e0 travers les r\u00e9seaux sociaux, en les accusant de corruption, de complot contre la s\u00fbret\u00e9 de l\u2019Etat et de chercher \u00e0 affamer le peuple. Pas moins\u00a0! <\/p>\n\n\n\n<p>Dans la m\u00eame vid\u00e9o diffus\u00e9e par la pr\u00e9sidence de la r\u00e9publique, le chef de l\u2019Etat a critiqu\u00e9 les campagnes de diffamation contre la Tunisie qui sont men\u00e9es depuis la Tunisie. <em>\u00abMalheureusement, ces campagnes trouvent un public r\u00e9ceptif parmi ceux qui ignorent totalement la r\u00e9alit\u00e9 de la situation en Tunisie\u00bb<\/em>, a-t-il d\u00e9clar\u00e9, ajoutant qu\u2019il y avait <em>\u00abun \u00e9trange paradoxe en Tunisie : la personne qui se dit menac\u00e9e d\u2019assassinat et qui le crie haut et fort b\u00e9n\u00e9ficie d\u2019une protection rapproch\u00e9e, tandis que la personne qui crie pour la libert\u00e9 d\u2019expression (&#8230;) s\u2019exprime librement chaque jour sur les stations de radio, les cha\u00eenes de t\u00e9l\u00e9vision et les r\u00e9seaux sociaux.\u00bb<\/em><\/p>\n\n\n\n<figure class=\"wp-block-embed is-type-wp-embed is-provider-kapitalis wp-block-embed-kapitalis\"><div class=\"wp-block-embed__wrapper\">\n<blockquote class=\"wp-embedded-content\" data-secret=\"bwL9QgDmX9\"><a href=\"https:\/\/kapitalis.com\/tunisie\/2023\/02\/16\/tunisie-retour-en-images-sur-la-journee-de-colere-des-journalistes\/\">Tunisie : Retour en images sur la Journ\u00e9e de col\u00e8re des journalistes<\/a><\/blockquote><iframe loading=\"lazy\" class=\"wp-embedded-content\" sandbox=\"allow-scripts\" security=\"restricted\" style=\"position: absolute; clip: rect(1px, 1px, 1px, 1px);\" title=\"\u00ab\u00a0Tunisie : Retour en images sur la Journ\u00e9e de col\u00e8re des journalistes\u00a0\u00bb &#8212; Kapitalis\" src=\"https:\/\/kapitalis.com\/tunisie\/2023\/02\/16\/tunisie-retour-en-images-sur-la-journee-de-colere-des-journalistes\/embed\/#?secret=v5ucD0QFPo#?secret=bwL9QgDmX9\" data-secret=\"bwL9QgDmX9\" width=\"600\" height=\"338\" frameborder=\"0\" marginwidth=\"0\" marginheight=\"0\" scrolling=\"no\"><\/iframe>\n<\/div><\/figure>\n\n\n\n<figure class=\"wp-block-embed is-type-wp-embed is-provider-kapitalis wp-block-embed-kapitalis\"><div class=\"wp-block-embed__wrapper\">\n<blockquote class=\"wp-embedded-content\" data-secret=\"QjtEHqjuWJ\"><a href=\"https:\/\/kapitalis.com\/tunisie\/2023\/02\/16\/le-message-de-colere-des-journalistes-tunisiens\/\">Le message de col\u00e8re des journalistes tunisiens<\/a><\/blockquote><iframe loading=\"lazy\" class=\"wp-embedded-content\" sandbox=\"allow-scripts\" security=\"restricted\" style=\"position: absolute; clip: rect(1px, 1px, 1px, 1px);\" title=\"\u00ab\u00a0Le message de col\u00e8re des journalistes tunisiens\u00a0\u00bb &#8212; Kapitalis\" src=\"https:\/\/kapitalis.com\/tunisie\/2023\/02\/16\/le-message-de-colere-des-journalistes-tunisiens\/embed\/#?secret=0vAyykt688#?secret=QjtEHqjuWJ\" data-secret=\"QjtEHqjuWJ\" width=\"600\" height=\"338\" frameborder=\"0\" marginwidth=\"0\" marginheight=\"0\" scrolling=\"no\"><\/iframe>\n<\/div><\/figure>\n","protected":false},"excerpt":{"rendered":"<p>Ka\u00efs Sa\u00efed r\u00e9pond aux journalistes qui protestaient hier contre les atteintes \u00e0 la libert\u00e9 de la presse. <\/p>\n","protected":false},"author":8,"featured_media":6534905,"comment_status":"open","ping_status":"open","sticky":false,"template":"","format":"standard","meta":{"footnotes":""},"categories":[996,997,2433],"tags":[12235,8698,6372,93702,62643],"class_list":["post-6534809","post","type-post","status-publish","format-standard","has-post-thumbnail","hentry","category-media","category-politique","category-tunisie","tag-kais-saied","tag-liberte-dexpression","tag-liberte-de-la-presse","tag-najla-bouden","tag-tunisie"],"yoast_head":"<!-- This site is optimized with the Yoast SEO plugin v26.6 - https:\/\/yoast.com\/wordpress\/plugins\/seo\/ -->\n<title>Ka\u00efs Sa\u00efed&nbsp;: \u00abIl n\u2019y a aucune restriction \u00e0 la libert\u00e9 de la presse en Tunisie\u00bb - Kapitalis<\/title>\n<meta name=\"robots\" content=\"index, follow, max-snippet:-1, max-image-preview:large, max-video-preview:-1\" \/>\n<link rel=\"canonical\" href=\"https:\/\/kapitalis.com\/tunisie\/2023\/02\/17\/kais-saied-il-ny-a-aucune-restriction-a-la-liberte-de-la-presse-en-tunisie\/\" \/>\n<meta property=\"og:locale\" content=\"fr_FR\" \/>\n<meta property=\"og:type\" content=\"article\" \/>\n<meta property=\"og:title\" content=\"Ka\u00efs Sa\u00efed&nbsp;: \u00abIl n\u2019y a aucune restriction \u00e0 la libert\u00e9 de la presse en Tunisie\u00bb - Kapitalis\" \/>\n<meta property=\"og:description\" content=\"Ka\u00efs Sa\u00efed r\u00e9pond aux journalistes qui protestaient hier contre les atteintes \u00e0 la libert\u00e9 de la presse.\" \/>\n<meta property=\"og:url\" content=\"https:\/\/kapitalis.com\/tunisie\/2023\/02\/17\/kais-saied-il-ny-a-aucune-restriction-a-la-liberte-de-la-presse-en-tunisie\/\" \/>\n<meta property=\"og:site_name\" content=\"Kapitalis\" \/>\n<meta property=\"article:publisher\" content=\"https:\/\/www.facebook.com\/KapitalisInfo\/\" \/>\n<meta property=\"article:published_time\" content=\"2023-02-17T07:55:56+00:00\" \/>\n<meta property=\"article:modified_time\" content=\"2023-02-17T07:55:57+00:00\" \/>\n<meta property=\"og:image\" content=\"https:\/\/kapitalis.com\/tunisie\/wp-content\/uploads\/2023\/02\/Kais-Saied.jpg\" \/>\n\t<meta property=\"og:image:width\" content=\"1200\" \/>\n\t<meta property=\"og:image:height\" content=\"630\" \/>\n\t<meta property=\"og:image:type\" content=\"image\/jpeg\" \/>\n<meta name=\"author\" content=\"webmaster kapitalis\" \/>\n<meta name=\"twitter:card\" content=\"summary_large_image\" \/>\n<meta name=\"twitter:creator\" content=\"@KapitalisInfo\" \/>\n<meta name=\"twitter:site\" content=\"@KapitalisInfo\" \/>\n<meta name=\"twitter:label1\" content=\"\u00c9crit par\" \/>\n\t<meta name=\"twitter:data1\" content=\"webmaster kapitalis\" \/>\n\t<meta name=\"twitter:label2\" content=\"Dur\u00e9e de lecture estim\u00e9e\" \/>\n\t<meta name=\"twitter:data2\" content=\"2 minutes\" \/>\n<script type=\"application\/ld+json\" class=\"yoast-schema-graph\">{\"@context\":\"https:\/\/schema.org\",\"@graph\":[{\"@type\":\"Article\",\"@id\":\"https:\/\/kapitalis.com\/tunisie\/2023\/02\/17\/kais-saied-il-ny-a-aucune-restriction-a-la-liberte-de-la-presse-en-tunisie\/#article\",\"isPartOf\":{\"@id\":\"https:\/\/kapitalis.com\/tunisie\/2023\/02\/17\/kais-saied-il-ny-a-aucune-restriction-a-la-liberte-de-la-presse-en-tunisie\/\"},\"author\":{\"name\":\"webmaster kapitalis\",\"@id\":\"https:\/\/kapitalis.com\/tunisie\/#\/schema\/person\/d71f33a9ca44f7bad4698210b480c8e9\"},\"headline\":\"Ka\u00efs Sa\u00efed&nbsp;: \u00abIl n\u2019y a aucune restriction \u00e0 la libert\u00e9 de la presse en Tunisie\u00bb\",\"datePublished\":\"2023-02-17T07:55:56+00:00\",\"dateModified\":\"2023-02-17T07:55:57+00:00\",\"mainEntityOfPage\":{\"@id\":\"https:\/\/kapitalis.com\/tunisie\/2023\/02\/17\/kais-saied-il-ny-a-aucune-restriction-a-la-liberte-de-la-presse-en-tunisie\/\"},\"wordCount\":381,\"commentCount\":0,\"publisher\":{\"@id\":\"https:\/\/kapitalis.com\/tunisie\/#organization\"},\"image\":{\"@id\":\"https:\/\/kapitalis.com\/tunisie\/2023\/02\/17\/kais-saied-il-ny-a-aucune-restriction-a-la-liberte-de-la-presse-en-tunisie\/#primaryimage\"},\"thumbnailUrl\":\"https:\/\/kapitalis.com\/tunisie\/wp-content\/uploads\/2023\/02\/Kais-Saied.jpg\",\"keywords\":[\"Ka\u00efs Saied\",\"libert\u00e9 d'expression\",\"libert\u00e9 de la presse\",\"Najla Bouden\",\"Tunisie\"],\"articleSection\":[\"MEDIA\",\"POLITIQUE\",\"Tunisie\"],\"inLanguage\":\"fr-FR\",\"potentialAction\":[{\"@type\":\"CommentAction\",\"name\":\"Comment\",\"target\":[\"https:\/\/kapitalis.com\/tunisie\/2023\/02\/17\/kais-saied-il-ny-a-aucune-restriction-a-la-liberte-de-la-presse-en-tunisie\/#respond\"]}]},{\"@type\":\"WebPage\",\"@id\":\"https:\/\/kapitalis.com\/tunisie\/2023\/02\/17\/kais-saied-il-ny-a-aucune-restriction-a-la-liberte-de-la-presse-en-tunisie\/\",\"url\":\"https:\/\/kapitalis.com\/tunisie\/2023\/02\/17\/kais-saied-il-ny-a-aucune-restriction-a-la-liberte-de-la-presse-en-tunisie\/\",\"name\":\"Ka\u00efs Sa\u00efed&nbsp;: \u00abIl n\u2019y a aucune restriction \u00e0 la libert\u00e9 de la presse en Tunisie\u00bb - Kapitalis\",\"isPartOf\":{\"@id\":\"https:\/\/kapitalis.com\/tunisie\/#website\"},\"primaryImageOfPage\":{\"@id\":\"https:\/\/kapitalis.com\/tunisie\/2023\/02\/17\/kais-saied-il-ny-a-aucune-restriction-a-la-liberte-de-la-presse-en-tunisie\/#primaryimage\"},\"image\":{\"@id\":\"https:\/\/kapitalis.com\/tunisie\/2023\/02\/17\/kais-saied-il-ny-a-aucune-restriction-a-la-liberte-de-la-presse-en-tunisie\/#primaryimage\"},\"thumbnailUrl\":\"https:\/\/kapitalis.com\/tunisie\/wp-content\/uploads\/2023\/02\/Kais-Saied.jpg\",\"datePublished\":\"2023-02-17T07:55:56+00:00\",\"dateModified\":\"2023-02-17T07:55:57+00:00\",\"breadcrumb\":{\"@id\":\"https:\/\/kapitalis.com\/tunisie\/2023\/02\/17\/kais-saied-il-ny-a-aucune-restriction-a-la-liberte-de-la-presse-en-tunisie\/#breadcrumb\"},\"inLanguage\":\"fr-FR\",\"potentialAction\":[{\"@type\":\"ReadAction\",\"target\":[\"https:\/\/kapitalis.com\/tunisie\/2023\/02\/17\/kais-saied-il-ny-a-aucune-restriction-a-la-liberte-de-la-presse-en-tunisie\/\"]}]},{\"@type\":\"ImageObject\",\"inLanguage\":\"fr-FR\",\"@id\":\"https:\/\/kapitalis.com\/tunisie\/2023\/02\/17\/kais-saied-il-ny-a-aucune-restriction-a-la-liberte-de-la-presse-en-tunisie\/#primaryimage\",\"url\":\"https:\/\/kapitalis.com\/tunisie\/wp-content\/uploads\/2023\/02\/Kais-Saied.jpg\",\"contentUrl\":\"https:\/\/kapitalis.com\/tunisie\/wp-content\/uploads\/2023\/02\/Kais-Saied.jpg\",\"width\":1200,\"height\":630},{\"@type\":\"BreadcrumbList\",\"@id\":\"https:\/\/kapitalis.com\/tunisie\/2023\/02\/17\/kais-saied-il-ny-a-aucune-restriction-a-la-liberte-de-la-presse-en-tunisie\/#breadcrumb\",\"itemListElement\":[{\"@type\":\"ListItem\",\"position\":1,\"name\":\"Accueil\",\"item\":\"https:\/\/kapitalis.com\/tunisie\/\"},{\"@type\":\"ListItem\",\"position\":2,\"name\":\"Ka\u00efs Sa\u00efed&nbsp;: \u00abIl n\u2019y a aucune restriction \u00e0 la libert\u00e9 de la presse en Tunisie\u00bb\"}]},{\"@type\":\"WebSite\",\"@id\":\"https:\/\/kapitalis.com\/tunisie\/#website\",\"url\":\"https:\/\/kapitalis.com\/tunisie\/\",\"name\":\"Kapitalis\",\"description\":\"L&#039;actualit\u00e9 en Tunisie et dans le monde\",\"publisher\":{\"@id\":\"https:\/\/kapitalis.com\/tunisie\/#organization\"},\"potentialAction\":[{\"@type\":\"SearchAction\",\"target\":{\"@type\":\"EntryPoint\",\"urlTemplate\":\"https:\/\/kapitalis.com\/tunisie\/?s={search_term_string}\"},\"query-input\":{\"@type\":\"PropertyValueSpecification\",\"valueRequired\":true,\"valueName\":\"search_term_string\"}}],\"inLanguage\":\"fr-FR\"},{\"@type\":\"Organization\",\"@id\":\"https:\/\/kapitalis.com\/tunisie\/#organization\",\"name\":\"Kapitalis\",\"url\":\"https:\/\/kapitalis.com\/tunisie\/\",\"logo\":{\"@type\":\"ImageObject\",\"inLanguage\":\"fr-FR\",\"@id\":\"https:\/\/kapitalis.com\/tunisie\/#\/schema\/logo\/image\/\",\"url\":\"https:\/\/kapitalis.com\/tunisie\/wp-content\/uploads\/2022\/05\/Kapitalis-big-size.png\",\"contentUrl\":\"https:\/\/kapitalis.com\/tunisie\/wp-content\/uploads\/2022\/05\/Kapitalis-big-size.png\",\"width\":5000,\"height\":1500,\"caption\":\"Kapitalis\"},\"image\":{\"@id\":\"https:\/\/kapitalis.com\/tunisie\/#\/schema\/logo\/image\/\"},\"sameAs\":[\"https:\/\/www.facebook.com\/KapitalisInfo\/\",\"https:\/\/x.com\/KapitalisInfo\",\"https:\/\/www.youtube.com\/channel\/UC-yDYrHyfFBWWZaOw3FPg9Q\"]},{\"@type\":\"Person\",\"@id\":\"https:\/\/kapitalis.com\/tunisie\/#\/schema\/person\/d71f33a9ca44f7bad4698210b480c8e9\",\"name\":\"webmaster kapitalis\",\"url\":\"https:\/\/kapitalis.com\/tunisie\/author\/webmaster-kapitalis\/\"}]}<\/script>\n<!-- \/ Yoast SEO plugin. -->","yoast_head_json":{"title":"Ka\u00efs Sa\u00efed&nbsp;: \u00abIl n\u2019y a aucune restriction \u00e0 la libert\u00e9 de la presse en Tunisie\u00bb - Kapitalis","robots":{"index":"index","follow":"follow","max-snippet":"max-snippet:-1","max-image-preview":"max-image-preview:large","max-video-preview":"max-video-preview:-1"},"canonical":"https:\/\/kapitalis.com\/tunisie\/2023\/02\/17\/kais-saied-il-ny-a-aucune-restriction-a-la-liberte-de-la-presse-en-tunisie\/","og_locale":"fr_FR","og_type":"article","og_title":"Ka\u00efs Sa\u00efed&nbsp;: \u00abIl n\u2019y a aucune restriction \u00e0 la libert\u00e9 de la presse en Tunisie\u00bb - Kapitalis","og_description":"Ka\u00efs Sa\u00efed r\u00e9pond aux journalistes qui protestaient hier contre les atteintes \u00e0 la libert\u00e9 de la presse.","og_url":"https:\/\/kapitalis.com\/tunisie\/2023\/02\/17\/kais-saied-il-ny-a-aucune-restriction-a-la-liberte-de-la-presse-en-tunisie\/","og_site_name":"Kapitalis","article_publisher":"https:\/\/www.facebook.com\/KapitalisInfo\/","article_published_time":"2023-02-17T07:55:56+00:00","article_modified_time":"2023-02-17T07:55:57+00:00","og_image":[{"width":1200,"height":630,"url":"https:\/\/kapitalis.com\/tunisie\/wp-content\/uploads\/2023\/02\/Kais-Saied.jpg","type":"image\/jpeg"}],"author":"webmaster kapitalis","twitter_card":"summary_large_image","twitter_creator":"@KapitalisInfo","twitter_site":"@KapitalisInfo","twitter_misc":{"\u00c9crit par":"webmaster kapitalis","Dur\u00e9e de lecture estim\u00e9e":"2 minutes"},"schema":{"@context":"https:\/\/schema.org","@graph":[{"@type":"Article","@id":"https:\/\/kapitalis.com\/tunisie\/2023\/02\/17\/kais-saied-il-ny-a-aucune-restriction-a-la-liberte-de-la-presse-en-tunisie\/#article","isPartOf":{"@id":"https:\/\/kapitalis.com\/tunisie\/2023\/02\/17\/kais-saied-il-ny-a-aucune-restriction-a-la-liberte-de-la-presse-en-tunisie\/"},"author":{"name":"webmaster kapitalis","@id":"https:\/\/kapitalis.com\/tunisie\/#\/schema\/person\/d71f33a9ca44f7bad4698210b480c8e9"},"headline":"Ka\u00efs Sa\u00efed&nbsp;: \u00abIl n\u2019y a aucune restriction \u00e0 la libert\u00e9 de la presse en Tunisie\u00bb","datePublished":"2023-02-17T07:55:56+00:00","dateModified":"2023-02-17T07:55:57+00:00","mainEntityOfPage":{"@id":"https:\/\/kapitalis.com\/tunisie\/2023\/02\/17\/kais-saied-il-ny-a-aucune-restriction-a-la-liberte-de-la-presse-en-tunisie\/"},"wordCount":381,"commentCount":0,"publisher":{"@id":"https:\/\/kapitalis.com\/tunisie\/#organization"},"image":{"@id":"https:\/\/kapitalis.com\/tunisie\/2023\/02\/17\/kais-saied-il-ny-a-aucune-restriction-a-la-liberte-de-la-presse-en-tunisie\/#primaryimage"},"thumbnailUrl":"https:\/\/kapitalis.com\/tunisie\/wp-content\/uploads\/2023\/02\/Kais-Saied.jpg","keywords":["Ka\u00efs Saied","libert\u00e9 d'expression","libert\u00e9 de la presse","Najla Bouden","Tunisie"],"articleSection":["MEDIA","POLITIQUE","Tunisie"],"inLanguage":"fr-FR","potentialAction":[{"@type":"CommentAction","name":"Comment","target":["https:\/\/kapitalis.com\/tunisie\/2023\/02\/17\/kais-saied-il-ny-a-aucune-restriction-a-la-liberte-de-la-presse-en-tunisie\/#respond"]}]},{"@type":"WebPage","@id":"https:\/\/kapitalis.com\/tunisie\/2023\/02\/17\/kais-saied-il-ny-a-aucune-restriction-a-la-liberte-de-la-presse-en-tunisie\/","url":"https:\/\/kapitalis.com\/tunisie\/2023\/02\/17\/kais-saied-il-ny-a-aucune-restriction-a-la-liberte-de-la-presse-en-tunisie\/","name":"Ka\u00efs Sa\u00efed&nbsp;: \u00abIl n\u2019y a aucune restriction \u00e0 la libert\u00e9 de la presse en Tunisie\u00bb - Kapitalis","isPartOf":{"@id":"https:\/\/kapitalis.com\/tunisie\/#website"},"primaryImageOfPage":{"@id":"https:\/\/kapitalis.com\/tunisie\/2023\/02\/17\/kais-saied-il-ny-a-aucune-restriction-a-la-liberte-de-la-presse-en-tunisie\/#primaryimage"},"image":{"@id":"https:\/\/kapitalis.com\/tunisie\/2023\/02\/17\/kais-saied-il-ny-a-aucune-restriction-a-la-liberte-de-la-presse-en-tunisie\/#primaryimage"},"thumbnailUrl":"https:\/\/kapitalis.com\/tunisie\/wp-content\/uploads\/2023\/02\/Kais-Saied.jpg","datePublished":"2023-02-17T07:55:56+00:00","dateModified":"2023-02-17T07:55:57+00:00","breadcrumb":{"@id":"https:\/\/kapitalis.com\/tunisie\/2023\/02\/17\/kais-saied-il-ny-a-aucune-restriction-a-la-liberte-de-la-presse-en-tunisie\/#breadcrumb"},"inLanguage":"fr-FR","potentialAction":[{"@type":"ReadAction","target":["https:\/\/kapitalis.com\/tunisie\/2023\/02\/17\/kais-saied-il-ny-a-aucune-restriction-a-la-liberte-de-la-presse-en-tunisie\/"]}]},{"@type":"ImageObject","inLanguage":"fr-FR","@id":"https:\/\/kapitalis.com\/tunisie\/2023\/02\/17\/kais-saied-il-ny-a-aucune-restriction-a-la-liberte-de-la-presse-en-tunisie\/#primaryimage","url":"https:\/\/kapitalis.com\/tunisie\/wp-content\/uploads\/2023\/02\/Kais-Saied.jpg","contentUrl":"https:\/\/kapitalis.com\/tunisie\/wp-content\/uploads\/2023\/02\/Kais-Saied.jpg","width":1200,"height":630},{"@type":"BreadcrumbList","@id":"https:\/\/kapitalis.com\/tunisie\/2023\/02\/17\/kais-saied-il-ny-a-aucune-restriction-a-la-liberte-de-la-presse-en-tunisie\/#breadcrumb","itemListElement":[{"@type":"ListItem","position":1,"name":"Accueil","item":"https:\/\/kapitalis.com\/tunisie\/"},{"@type":"ListItem","position":2,"name":"Ka\u00efs Sa\u00efed&nbsp;: \u00abIl n\u2019y a aucune restriction \u00e0 la libert\u00e9 de la presse en Tunisie\u00bb"}]},{"@type":"WebSite","@id":"https:\/\/kapitalis.com\/tunisie\/#website","url":"https:\/\/kapitalis.com\/tunisie\/","name":"Kapitalis","description":"L&#039;actualit\u00e9 en Tunisie et dans le monde","publisher":{"@id":"https:\/\/kapitalis.com\/tunisie\/#organization"},"potentialAction":[{"@type":"SearchAction","target":{"@type":"EntryPoint","urlTemplate":"https:\/\/kapitalis.com\/tunisie\/?s={search_term_string}"},"query-input":{"@type":"PropertyValueSpecification","valueRequired":true,"valueName":"search_term_string"}}],"inLanguage":"fr-FR"},{"@type":"Organization","@id":"https:\/\/kapitalis.com\/tunisie\/#organization","name":"Kapitalis","url":"https:\/\/kapitalis.com\/tunisie\/","logo":{"@type":"ImageObject","inLanguage":"fr-FR","@id":"https:\/\/kapitalis.com\/tunisie\/#\/schema\/logo\/image\/","url":"https:\/\/kapitalis.com\/tunisie\/wp-content\/uploads\/2022\/05\/Kapitalis-big-size.png","contentUrl":"https:\/\/kapitalis.com\/tunisie\/wp-content\/uploads\/2022\/05\/Kapitalis-big-size.png","width":5000,"height":1500,"caption":"Kapitalis"},"image":{"@id":"https:\/\/kapitalis.com\/tunisie\/#\/schema\/logo\/image\/"},"sameAs":["https:\/\/www.facebook.com\/KapitalisInfo\/","https:\/\/x.com\/KapitalisInfo","https:\/\/www.youtube.com\/channel\/UC-yDYrHyfFBWWZaOw3FPg9Q"]},{"@type":"Person","@id":"https:\/\/kapitalis.com\/tunisie\/#\/schema\/person\/d71f33a9ca44f7bad4698210b480c8e9","name":"webmaster kapitalis","url":"https:\/\/kapitalis.com\/tunisie\/author\/webmaster-kapitalis\/"}]}},"_links":{"self":[{"href":"https:\/\/kapitalis.com\/tunisie\/wp-json\/wp\/v2\/posts\/6534809","targetHints":{"allow":["GET"]}}],"collection":[{"href":"https:\/\/kapitalis.com\/tunisie\/wp-json\/wp\/v2\/posts"}],"about":[{"href":"https:\/\/kapitalis.com\/tunisie\/wp-json\/wp\/v2\/types\/post"}],"author":[{"embeddable":true,"href":"https:\/\/kapitalis.com\/tunisie\/wp-json\/wp\/v2\/users\/8"}],"replies":[{"embeddable":true,"href":"https:\/\/kapitalis.com\/tunisie\/wp-json\/wp\/v2\/comments?post=6534809"}],"version-history":[{"count":1,"href":"https:\/\/kapitalis.com\/tunisie\/wp-json\/wp\/v2\/posts\/6534809\/revisions"}],"predecessor-version":[{"id":6534910,"href":"https:\/\/kapitalis.com\/tunisie\/wp-json\/wp\/v2\/posts\/6534809\/revisions\/6534910"}],"wp:featuredmedia":[{"embeddable":true,"href":"https:\/\/kapitalis.com\/tunisie\/wp-json\/wp\/v2\/media\/6534905"}],"wp:attachment":[{"href":"https:\/\/kapitalis.com\/tunisie\/wp-json\/wp\/v2\/media?parent=6534809"}],"wp:term":[{"taxonomy":"category","embeddable":true,"href":"https:\/\/kapitalis.com\/tunisie\/wp-json\/wp\/v2\/categories?post=6534809"},{"taxonomy":"post_tag","embeddable":true,"href":"https:\/\/kapitalis.com\/tunisie\/wp-json\/wp\/v2\/tags?post=6534809"}],"curies":[{"name":"wp","href":"https:\/\/api.w.org\/{rel}","templated":true}]}}