{"id":65440,"date":"2016-09-21T17:39:58","date_gmt":"2016-09-21T16:39:58","guid":{"rendered":"http:\/\/kapitalis.com\/tunisie\/?p=65440"},"modified":"2016-09-21T17:39:58","modified_gmt":"2016-09-21T16:39:58","slug":"les-filles-sinsurgent-contre-le-port-obligatoire-du-tablier-au-lycee","status":"publish","type":"post","link":"https:\/\/kapitalis.com\/tunisie\/2016\/09\/21\/les-filles-sinsurgent-contre-le-port-obligatoire-du-tablier-au-lycee\/","title":{"rendered":"Les filles s&rsquo;insurgent contre le port obligatoire du tablier au lyc\u00e9e"},"content":{"rendered":"<p style=\"text-align: center;\"><img loading=\"lazy\" decoding=\"async\" class=\"alignnone size-full wp-image-65441\" src=\"http:\/\/kapitalis.com\/tunisie\/wp-content\/uploads\/2016\/09\/El\u00e8ves-port-tablier-filles.jpg\" alt=\"eleves-port-tablier-filles\" width=\"626\" height=\"380\" \/><\/p>\n<p><em><strong>En Tunisie, le port du tablier dans les lyc\u00e9es est obligatoire pour les filles. Les lyc\u00e9ennes ont d\u00e9cid\u00e9 de \u00a0faire face \u00e0 cette mesure discriminatoire.<\/strong><\/em><\/p>\n<p><!--more--><\/p>\n<p>Le port du tablier est impos\u00e9 pour les 2 sexes \u00e0 l&rsquo;\u00e9cole primaire. Mais au coll\u00e8ge et au lyc\u00e9e, le port d\u2019un tablier n&rsquo;est plus exig\u00e9 que des\u00a0jeunes filles. Une mesure sexiste que les adolescentes tunisiennes ne sont plus dispos\u00e9e \u00e0 accepter.<\/p>\n<p>Tout a commenc\u00e9 \u00e0 la rentr\u00e9e 2016-2017, quand Selma E., une \u00e9l\u00e8ve du lyc\u00e9e public d&rsquo;El-Menzah 9, a refus\u00e9 d\u2019acheter le tablier impos\u00e9 par l\u2019\u00e9tablissement scolaire (vendu \u00e0 25 dinars et obligatoire pour les filles). Refusant d\u2019acheter un tablier alors qu\u2019elle en avait d\u00e9j\u00e0 un, la jeune-fille a d\u00e9cid\u00e9 de ne plus se plier \u00e0 la r\u00e8gle. Cela lui a, bien s\u00fbr, caus\u00e9 des soucis et elle a \u00e9t\u00e9 tax\u00e9e d\u2019\u00e9l\u00e8ve r\u00e9fractaire et insolente.<\/p>\n<p>\u00ab<em>Si<\/em> <em>je n\u2019ach\u00e8te pas ce tablier, c\u2019est avant tout par principe car ce serait me plier \u00e0 l\u2019injustice de l\u2019administration et l&rsquo;autoriser \u00e0 abuser de son\u00a0autorit\u00e9. L&rsquo;ann\u00e9e derni\u00e8re, j\u2019\u00e9tais r\u00e9volt\u00e9e contre le code vestimentaire sexiste dans les lyc\u00e9es qui impose le port du tablier seulement aux filles et je me rappelle que beaucoup de personnes au\u00a0lyc\u00e9e et en dehors m\u2019avaient soutenue. Mais \u00a0rien ne semble avoir encore\u00a0chang\u00e9<\/em>\u00bb, a indiqu\u00e9 Selma, qui a appel\u00e9 ses camarades \u00e0 se mobiliser contre\u00a0de pareilles injustices, qui n&rsquo;ont plus leur place dans une Tunisie libre.<\/p>\n<p style=\"text-align: center;\"><img loading=\"lazy\" decoding=\"async\" class=\"alignnone size-full wp-image-65444\" src=\"http:\/\/kapitalis.com\/tunisie\/wp-content\/uploads\/2016\/09\/Tablier-fille-lyc\u00e9e-Menzah.jpg\" alt=\"tablier-fille-lycee-menzah\" width=\"500\" height=\"300\" \/><\/p>\n<p style=\"text-align: center;\"><em>Selma, l&rsquo;\u00e9l\u00e8ve qui a dit non.<\/em><\/p>\n<p>Ce\u00a0bras-de-fer a soulev\u00e9 le probl\u00e8me de l&rsquo;in\u00e9galit\u00e9 de traitement entre les filles et les gar\u00e7ons.\u00a0Des professeurs se sont indign\u00e9s que l\u2019on puisse imposer des r\u00e8gles \u00e0 l\u2019\u00e9cole qui ne vont pas dans le sens de la constitution tunisienne, qui stipule dans son article 21: \u00ab<em>Les citoyens et les citoyennes sont \u00e9gaux en droits et devoirs. Ils sont \u00e9gaux devant la loi sans discrimination aucune\u00bb.<\/em><\/p>\n<p>C&rsquo;est de cette r\u00e9volte\u00a0qu&rsquo;est n\u00e9e l\u2019id\u00e9e de lancer un mouvement pour d\u00e9noncer la\u00a0discrimination sexiste dans les coll\u00e8ges et lyc\u00e9es.\u00a0Le\u00a0mouvement \u00ab<a href=\"https:\/\/www.facebook.com\/events\/1632187307112174\/\"><em>Tabliers pour tous ou tous sans tabliers<\/em><\/a>\u00bb est ainsi n\u00e9.<\/p>\n<p>On rappellera que l\u2019an dernier, Neji Jalloul, ministre de l&rsquo;Education, avait parl\u00e9 d\u2019une <a href=\"http:\/\/kapitalis.com\/tunisie\/2016\/03\/05\/les-eleves-de-mateur-les-premiers-a-enfiler-luniforme-scolaire\/\">r\u00e9forme de l&rsquo;uniforme scolaire <\/a>afin de mettre tout le monde sur le m\u00eame pied d\u2019\u00e9galit\u00e9 et \u00e9limine toute diff\u00e9rence, notamment entre les \u00e9l\u00e8ves qui portent des v\u00eatements de marque et les autres. Il semble avoir oubli\u00e9 sa promesse.<\/p>\n<p style=\"text-align: right;\"><strong>Y. N.<\/strong><\/p>\n","protected":false},"excerpt":{"rendered":"<p>En Tunisie, le port du tablier dans les lyc\u00e9es est obligatoire pour les filles. Les lyc\u00e9ennes ont d\u00e9cid\u00e9 de \u00a0faire face \u00e0 cette mesure discriminatoire.<\/p>\n","protected":false},"author":6,"featured_media":65441,"comment_status":"open","ping_status":"open","sticky":false,"template":"","format":"standard","meta":{"footnotes":""},"categories":[998,2433],"tags":[5204,297,315,8845,561,1219,3159,5503],"class_list":["post-65440","post","type-post","status-publish","format-standard","has-post-thumbnail","hentry","category-societe","category-tunisie","tag-college","tag-ecole","tag-eleves","tag-jeune-fille","tag-lycee","tag-ministere-education","tag-neji-jalloul","tag-primaire"],"yoast_head":"<!-- This site is optimized with the Yoast SEO plugin v26.6 - https:\/\/yoast.com\/wordpress\/plugins\/seo\/ -->\n<title>Les filles s&#039;insurgent contre le port obligatoire du tablier au lyc\u00e9e - Kapitalis<\/title>\n<meta name=\"robots\" content=\"index, follow, max-snippet:-1, max-image-preview:large, max-video-preview:-1\" \/>\n<link rel=\"canonical\" href=\"https:\/\/kapitalis.com\/tunisie\/2016\/09\/21\/les-filles-sinsurgent-contre-le-port-obligatoire-du-tablier-au-lycee\/\" \/>\n<meta property=\"og:locale\" content=\"fr_FR\" \/>\n<meta property=\"og:type\" content=\"article\" \/>\n<meta property=\"og:title\" content=\"Les filles s&#039;insurgent contre le port obligatoire du tablier au lyc\u00e9e - Kapitalis\" \/>\n<meta property=\"og:description\" content=\"En Tunisie, le port du tablier dans les lyc\u00e9es est obligatoire pour les filles. Les lyc\u00e9ennes ont d\u00e9cid\u00e9 de \u00a0faire face \u00e0 cette mesure discriminatoire.\" \/>\n<meta property=\"og:url\" content=\"https:\/\/kapitalis.com\/tunisie\/2016\/09\/21\/les-filles-sinsurgent-contre-le-port-obligatoire-du-tablier-au-lycee\/\" \/>\n<meta property=\"og:site_name\" content=\"Kapitalis\" \/>\n<meta property=\"article:publisher\" content=\"https:\/\/www.facebook.com\/KapitalisInfo\/\" \/>\n<meta property=\"article:published_time\" content=\"2016-09-21T16:39:58+00:00\" \/>\n<meta property=\"og:image\" content=\"https:\/\/kapitalis.com\/tunisie\/wp-content\/uploads\/2022\/05\/kapitalis-logo-fb.png\" \/>\n\t<meta property=\"og:image:width\" content=\"1200\" \/>\n\t<meta property=\"og:image:height\" content=\"630\" \/>\n\t<meta property=\"og:image:type\" content=\"image\/png\" \/>\n<meta name=\"author\" content=\"Yusra NY\" \/>\n<meta name=\"twitter:card\" content=\"summary_large_image\" \/>\n<meta name=\"twitter:creator\" content=\"@KapitalisInfo\" \/>\n<meta name=\"twitter:site\" content=\"@KapitalisInfo\" \/>\n<meta name=\"twitter:label1\" content=\"\u00c9crit par\" \/>\n\t<meta name=\"twitter:data1\" content=\"Yusra NY\" \/>\n\t<meta name=\"twitter:label2\" content=\"Dur\u00e9e de lecture estim\u00e9e\" \/>\n\t<meta name=\"twitter:data2\" content=\"2 minutes\" \/>\n<script type=\"application\/ld+json\" class=\"yoast-schema-graph\">{\"@context\":\"https:\/\/schema.org\",\"@graph\":[{\"@type\":\"Article\",\"@id\":\"https:\/\/kapitalis.com\/tunisie\/2016\/09\/21\/les-filles-sinsurgent-contre-le-port-obligatoire-du-tablier-au-lycee\/#article\",\"isPartOf\":{\"@id\":\"https:\/\/kapitalis.com\/tunisie\/2016\/09\/21\/les-filles-sinsurgent-contre-le-port-obligatoire-du-tablier-au-lycee\/\"},\"author\":{\"name\":\"Yusra NY\",\"@id\":\"https:\/\/kapitalis.com\/tunisie\/#\/schema\/person\/74bbde0154d49d790a92aaeac5bc01d5\"},\"headline\":\"Les filles s&rsquo;insurgent contre le port obligatoire du tablier au lyc\u00e9e\",\"datePublished\":\"2016-09-21T16:39:58+00:00\",\"mainEntityOfPage\":{\"@id\":\"https:\/\/kapitalis.com\/tunisie\/2016\/09\/21\/les-filles-sinsurgent-contre-le-port-obligatoire-du-tablier-au-lycee\/\"},\"wordCount\":452,\"commentCount\":5,\"publisher\":{\"@id\":\"https:\/\/kapitalis.com\/tunisie\/#organization\"},\"image\":{\"@id\":\"https:\/\/kapitalis.com\/tunisie\/2016\/09\/21\/les-filles-sinsurgent-contre-le-port-obligatoire-du-tablier-au-lycee\/#primaryimage\"},\"thumbnailUrl\":\"\",\"keywords\":[\"coll\u00e8ge\",\"\u00e9cole\",\"\u00e9l\u00e8ves\",\"jeune fille\",\"lyc\u00e9e\",\"minist\u00e8re Education\",\"Neji Jalloul\",\"primaire\"],\"articleSection\":[\"SOCIETE\",\"Tunisie\"],\"inLanguage\":\"fr-FR\",\"potentialAction\":[{\"@type\":\"CommentAction\",\"name\":\"Comment\",\"target\":[\"https:\/\/kapitalis.com\/tunisie\/2016\/09\/21\/les-filles-sinsurgent-contre-le-port-obligatoire-du-tablier-au-lycee\/#respond\"]}]},{\"@type\":\"WebPage\",\"@id\":\"https:\/\/kapitalis.com\/tunisie\/2016\/09\/21\/les-filles-sinsurgent-contre-le-port-obligatoire-du-tablier-au-lycee\/\",\"url\":\"https:\/\/kapitalis.com\/tunisie\/2016\/09\/21\/les-filles-sinsurgent-contre-le-port-obligatoire-du-tablier-au-lycee\/\",\"name\":\"Les filles s'insurgent contre le port obligatoire du tablier au lyc\u00e9e - Kapitalis\",\"isPartOf\":{\"@id\":\"https:\/\/kapitalis.com\/tunisie\/#website\"},\"primaryImageOfPage\":{\"@id\":\"https:\/\/kapitalis.com\/tunisie\/2016\/09\/21\/les-filles-sinsurgent-contre-le-port-obligatoire-du-tablier-au-lycee\/#primaryimage\"},\"image\":{\"@id\":\"https:\/\/kapitalis.com\/tunisie\/2016\/09\/21\/les-filles-sinsurgent-contre-le-port-obligatoire-du-tablier-au-lycee\/#primaryimage\"},\"thumbnailUrl\":\"\",\"datePublished\":\"2016-09-21T16:39:58+00:00\",\"breadcrumb\":{\"@id\":\"https:\/\/kapitalis.com\/tunisie\/2016\/09\/21\/les-filles-sinsurgent-contre-le-port-obligatoire-du-tablier-au-lycee\/#breadcrumb\"},\"inLanguage\":\"fr-FR\",\"potentialAction\":[{\"@type\":\"ReadAction\",\"target\":[\"https:\/\/kapitalis.com\/tunisie\/2016\/09\/21\/les-filles-sinsurgent-contre-le-port-obligatoire-du-tablier-au-lycee\/\"]}]},{\"@type\":\"ImageObject\",\"inLanguage\":\"fr-FR\",\"@id\":\"https:\/\/kapitalis.com\/tunisie\/2016\/09\/21\/les-filles-sinsurgent-contre-le-port-obligatoire-du-tablier-au-lycee\/#primaryimage\",\"url\":\"\",\"contentUrl\":\"\"},{\"@type\":\"BreadcrumbList\",\"@id\":\"https:\/\/kapitalis.com\/tunisie\/2016\/09\/21\/les-filles-sinsurgent-contre-le-port-obligatoire-du-tablier-au-lycee\/#breadcrumb\",\"itemListElement\":[{\"@type\":\"ListItem\",\"position\":1,\"name\":\"Accueil\",\"item\":\"https:\/\/kapitalis.com\/tunisie\/\"},{\"@type\":\"ListItem\",\"position\":2,\"name\":\"Les filles s&rsquo;insurgent contre le port obligatoire du tablier au lyc\u00e9e\"}]},{\"@type\":\"WebSite\",\"@id\":\"https:\/\/kapitalis.com\/tunisie\/#website\",\"url\":\"https:\/\/kapitalis.com\/tunisie\/\",\"name\":\"Kapitalis\",\"description\":\"L&#039;actualit\u00e9 en Tunisie et dans le monde\",\"publisher\":{\"@id\":\"https:\/\/kapitalis.com\/tunisie\/#organization\"},\"potentialAction\":[{\"@type\":\"SearchAction\",\"target\":{\"@type\":\"EntryPoint\",\"urlTemplate\":\"https:\/\/kapitalis.com\/tunisie\/?s={search_term_string}\"},\"query-input\":{\"@type\":\"PropertyValueSpecification\",\"valueRequired\":true,\"valueName\":\"search_term_string\"}}],\"inLanguage\":\"fr-FR\"},{\"@type\":\"Organization\",\"@id\":\"https:\/\/kapitalis.com\/tunisie\/#organization\",\"name\":\"Kapitalis\",\"url\":\"https:\/\/kapitalis.com\/tunisie\/\",\"logo\":{\"@type\":\"ImageObject\",\"inLanguage\":\"fr-FR\",\"@id\":\"https:\/\/kapitalis.com\/tunisie\/#\/schema\/logo\/image\/\",\"url\":\"https:\/\/kapitalis.com\/tunisie\/wp-content\/uploads\/2022\/05\/Kapitalis-big-size.png\",\"contentUrl\":\"https:\/\/kapitalis.com\/tunisie\/wp-content\/uploads\/2022\/05\/Kapitalis-big-size.png\",\"width\":5000,\"height\":1500,\"caption\":\"Kapitalis\"},\"image\":{\"@id\":\"https:\/\/kapitalis.com\/tunisie\/#\/schema\/logo\/image\/\"},\"sameAs\":[\"https:\/\/www.facebook.com\/KapitalisInfo\/\",\"https:\/\/x.com\/KapitalisInfo\",\"https:\/\/www.youtube.com\/channel\/UC-yDYrHyfFBWWZaOw3FPg9Q\"]},{\"@type\":\"Person\",\"@id\":\"https:\/\/kapitalis.com\/tunisie\/#\/schema\/person\/74bbde0154d49d790a92aaeac5bc01d5\",\"name\":\"Yusra NY\",\"url\":\"https:\/\/kapitalis.com\/tunisie\/author\/yuza_adam\/\"}]}<\/script>\n<!-- \/ Yoast SEO plugin. -->","yoast_head_json":{"title":"Les filles s'insurgent contre le port obligatoire du tablier au lyc\u00e9e - Kapitalis","robots":{"index":"index","follow":"follow","max-snippet":"max-snippet:-1","max-image-preview":"max-image-preview:large","max-video-preview":"max-video-preview:-1"},"canonical":"https:\/\/kapitalis.com\/tunisie\/2016\/09\/21\/les-filles-sinsurgent-contre-le-port-obligatoire-du-tablier-au-lycee\/","og_locale":"fr_FR","og_type":"article","og_title":"Les filles s'insurgent contre le port obligatoire du tablier au lyc\u00e9e - Kapitalis","og_description":"En Tunisie, le port du tablier dans les lyc\u00e9es est obligatoire pour les filles. Les lyc\u00e9ennes ont d\u00e9cid\u00e9 de \u00a0faire face \u00e0 cette mesure discriminatoire.","og_url":"https:\/\/kapitalis.com\/tunisie\/2016\/09\/21\/les-filles-sinsurgent-contre-le-port-obligatoire-du-tablier-au-lycee\/","og_site_name":"Kapitalis","article_publisher":"https:\/\/www.facebook.com\/KapitalisInfo\/","article_published_time":"2016-09-21T16:39:58+00:00","og_image":[{"width":1200,"height":630,"url":"https:\/\/kapitalis.com\/tunisie\/wp-content\/uploads\/2022\/05\/kapitalis-logo-fb.png","type":"image\/png"}],"author":"Yusra NY","twitter_card":"summary_large_image","twitter_creator":"@KapitalisInfo","twitter_site":"@KapitalisInfo","twitter_misc":{"\u00c9crit par":"Yusra NY","Dur\u00e9e de lecture estim\u00e9e":"2 minutes"},"schema":{"@context":"https:\/\/schema.org","@graph":[{"@type":"Article","@id":"https:\/\/kapitalis.com\/tunisie\/2016\/09\/21\/les-filles-sinsurgent-contre-le-port-obligatoire-du-tablier-au-lycee\/#article","isPartOf":{"@id":"https:\/\/kapitalis.com\/tunisie\/2016\/09\/21\/les-filles-sinsurgent-contre-le-port-obligatoire-du-tablier-au-lycee\/"},"author":{"name":"Yusra NY","@id":"https:\/\/kapitalis.com\/tunisie\/#\/schema\/person\/74bbde0154d49d790a92aaeac5bc01d5"},"headline":"Les filles s&rsquo;insurgent contre le port obligatoire du tablier au lyc\u00e9e","datePublished":"2016-09-21T16:39:58+00:00","mainEntityOfPage":{"@id":"https:\/\/kapitalis.com\/tunisie\/2016\/09\/21\/les-filles-sinsurgent-contre-le-port-obligatoire-du-tablier-au-lycee\/"},"wordCount":452,"commentCount":5,"publisher":{"@id":"https:\/\/kapitalis.com\/tunisie\/#organization"},"image":{"@id":"https:\/\/kapitalis.com\/tunisie\/2016\/09\/21\/les-filles-sinsurgent-contre-le-port-obligatoire-du-tablier-au-lycee\/#primaryimage"},"thumbnailUrl":"","keywords":["coll\u00e8ge","\u00e9cole","\u00e9l\u00e8ves","jeune fille","lyc\u00e9e","minist\u00e8re Education","Neji Jalloul","primaire"],"articleSection":["SOCIETE","Tunisie"],"inLanguage":"fr-FR","potentialAction":[{"@type":"CommentAction","name":"Comment","target":["https:\/\/kapitalis.com\/tunisie\/2016\/09\/21\/les-filles-sinsurgent-contre-le-port-obligatoire-du-tablier-au-lycee\/#respond"]}]},{"@type":"WebPage","@id":"https:\/\/kapitalis.com\/tunisie\/2016\/09\/21\/les-filles-sinsurgent-contre-le-port-obligatoire-du-tablier-au-lycee\/","url":"https:\/\/kapitalis.com\/tunisie\/2016\/09\/21\/les-filles-sinsurgent-contre-le-port-obligatoire-du-tablier-au-lycee\/","name":"Les filles s'insurgent contre le port obligatoire du tablier au lyc\u00e9e - Kapitalis","isPartOf":{"@id":"https:\/\/kapitalis.com\/tunisie\/#website"},"primaryImageOfPage":{"@id":"https:\/\/kapitalis.com\/tunisie\/2016\/09\/21\/les-filles-sinsurgent-contre-le-port-obligatoire-du-tablier-au-lycee\/#primaryimage"},"image":{"@id":"https:\/\/kapitalis.com\/tunisie\/2016\/09\/21\/les-filles-sinsurgent-contre-le-port-obligatoire-du-tablier-au-lycee\/#primaryimage"},"thumbnailUrl":"","datePublished":"2016-09-21T16:39:58+00:00","breadcrumb":{"@id":"https:\/\/kapitalis.com\/tunisie\/2016\/09\/21\/les-filles-sinsurgent-contre-le-port-obligatoire-du-tablier-au-lycee\/#breadcrumb"},"inLanguage":"fr-FR","potentialAction":[{"@type":"ReadAction","target":["https:\/\/kapitalis.com\/tunisie\/2016\/09\/21\/les-filles-sinsurgent-contre-le-port-obligatoire-du-tablier-au-lycee\/"]}]},{"@type":"ImageObject","inLanguage":"fr-FR","@id":"https:\/\/kapitalis.com\/tunisie\/2016\/09\/21\/les-filles-sinsurgent-contre-le-port-obligatoire-du-tablier-au-lycee\/#primaryimage","url":"","contentUrl":""},{"@type":"BreadcrumbList","@id":"https:\/\/kapitalis.com\/tunisie\/2016\/09\/21\/les-filles-sinsurgent-contre-le-port-obligatoire-du-tablier-au-lycee\/#breadcrumb","itemListElement":[{"@type":"ListItem","position":1,"name":"Accueil","item":"https:\/\/kapitalis.com\/tunisie\/"},{"@type":"ListItem","position":2,"name":"Les filles s&rsquo;insurgent contre le port obligatoire du tablier au lyc\u00e9e"}]},{"@type":"WebSite","@id":"https:\/\/kapitalis.com\/tunisie\/#website","url":"https:\/\/kapitalis.com\/tunisie\/","name":"Kapitalis","description":"L&#039;actualit\u00e9 en Tunisie et dans le monde","publisher":{"@id":"https:\/\/kapitalis.com\/tunisie\/#organization"},"potentialAction":[{"@type":"SearchAction","target":{"@type":"EntryPoint","urlTemplate":"https:\/\/kapitalis.com\/tunisie\/?s={search_term_string}"},"query-input":{"@type":"PropertyValueSpecification","valueRequired":true,"valueName":"search_term_string"}}],"inLanguage":"fr-FR"},{"@type":"Organization","@id":"https:\/\/kapitalis.com\/tunisie\/#organization","name":"Kapitalis","url":"https:\/\/kapitalis.com\/tunisie\/","logo":{"@type":"ImageObject","inLanguage":"fr-FR","@id":"https:\/\/kapitalis.com\/tunisie\/#\/schema\/logo\/image\/","url":"https:\/\/kapitalis.com\/tunisie\/wp-content\/uploads\/2022\/05\/Kapitalis-big-size.png","contentUrl":"https:\/\/kapitalis.com\/tunisie\/wp-content\/uploads\/2022\/05\/Kapitalis-big-size.png","width":5000,"height":1500,"caption":"Kapitalis"},"image":{"@id":"https:\/\/kapitalis.com\/tunisie\/#\/schema\/logo\/image\/"},"sameAs":["https:\/\/www.facebook.com\/KapitalisInfo\/","https:\/\/x.com\/KapitalisInfo","https:\/\/www.youtube.com\/channel\/UC-yDYrHyfFBWWZaOw3FPg9Q"]},{"@type":"Person","@id":"https:\/\/kapitalis.com\/tunisie\/#\/schema\/person\/74bbde0154d49d790a92aaeac5bc01d5","name":"Yusra NY","url":"https:\/\/kapitalis.com\/tunisie\/author\/yuza_adam\/"}]}},"_links":{"self":[{"href":"https:\/\/kapitalis.com\/tunisie\/wp-json\/wp\/v2\/posts\/65440","targetHints":{"allow":["GET"]}}],"collection":[{"href":"https:\/\/kapitalis.com\/tunisie\/wp-json\/wp\/v2\/posts"}],"about":[{"href":"https:\/\/kapitalis.com\/tunisie\/wp-json\/wp\/v2\/types\/post"}],"author":[{"embeddable":true,"href":"https:\/\/kapitalis.com\/tunisie\/wp-json\/wp\/v2\/users\/6"}],"replies":[{"embeddable":true,"href":"https:\/\/kapitalis.com\/tunisie\/wp-json\/wp\/v2\/comments?post=65440"}],"version-history":[{"count":0,"href":"https:\/\/kapitalis.com\/tunisie\/wp-json\/wp\/v2\/posts\/65440\/revisions"}],"wp:featuredmedia":[{"embeddable":true,"href":"https:\/\/kapitalis.com\/tunisie\/wp-json\/wp\/v2\/media\/65441"}],"wp:attachment":[{"href":"https:\/\/kapitalis.com\/tunisie\/wp-json\/wp\/v2\/media?parent=65440"}],"wp:term":[{"taxonomy":"category","embeddable":true,"href":"https:\/\/kapitalis.com\/tunisie\/wp-json\/wp\/v2\/categories?post=65440"},{"taxonomy":"post_tag","embeddable":true,"href":"https:\/\/kapitalis.com\/tunisie\/wp-json\/wp\/v2\/tags?post=65440"}],"curies":[{"name":"wp","href":"https:\/\/api.w.org\/{rel}","templated":true}]}}