{"id":6551004,"date":"2023-02-18T17:36:37","date_gmt":"2023-02-18T16:36:37","guid":{"rendered":"https:\/\/kapitalis.com\/tunisie\/?p=6551004"},"modified":"2023-02-18T18:07:58","modified_gmt":"2023-02-18T17:07:58","slug":"saida-akremi-apres-son-operation-bhiri-transfere-a-la-prison-de-la-mornaguia","status":"publish","type":"post","link":"https:\/\/kapitalis.com\/tunisie\/2023\/02\/18\/saida-akremi-apres-son-operation-bhiri-transfere-a-la-prison-de-la-mornaguia\/","title":{"rendered":"Sa\u00efda Akremi : Apr\u00e8s son op\u00e9ration, Bhiri transf\u00e9r\u00e9 \u00e0 la prison de la Mornaguia"},"content":{"rendered":"\n<p><em><strong>Sa\u00efda Akremi \u00e9pouse du dirigeant du parti islamiste Ennahdha Noureddine Bhiri a annonc\u00e9, ce samedi 18 f\u00e9vrier 2023, que ce dernier a \u00e9t\u00e9 transf\u00e9r\u00e9, ce jour, de l&rsquo;H\u00f4pital Charles Nicolle de Tunis \u00e0 la prison de la Mornaguia.<\/strong><\/em><\/p>\n\n\n\n<!--more-->\n\n\n\n<p>Apr\u00e8s avoir subi une op\u00e9ration suite \u00e0 une fracture au bras, Noureddine Bhiri (qui a fait l&rsquo;objet d&rsquo;un mandat de d\u00e9p\u00f4t) a \u00e9t\u00e9 conduit \u00e0 la prison, indique l&rsquo;avocate Sa\u00efda Akremi, en d\u00e9non\u00e7ant cette d\u00e9cision, estimant que l&rsquo;\u00e9tat de sant\u00e9 de son \u00e9poux necessite encore une prise en charge \u00e0 l&rsquo;h\u00f4pital.<\/p>\n\n\n\n<p>Me Akremi a affirm\u00e9 que <em>\u00abla fracture r\u00e9sulte de la violence polici\u00e8re ayant vis\u00e9 son \u00e9poux lors de son arrestation\u00bb<\/em> le 13 f\u00e9vrier, en ajoutant que Bhiri avait clairement annonc\u00e9 souffrir de douleurs, lors de son interrogatoire, mais qu&rsquo;il a d\u00fb attendre deux jours avant qu&rsquo;il ne soit pris en charge et transport\u00e9 \u00e0 l&rsquo;h\u00f4pital.<\/p>\n\n\n\n<p><em>\u00abNoureddine Bhiri n&rsquo;est pas une victime mais un militant\u2026 il a \u00e9t\u00e9 le premier \u00e0 parler de coup d&rsquo;Etat lorsque le parlement a \u00e9t\u00e9 ferm\u00e9 par des chars militaires\u00bb,<\/em> a-t-elle lanc\u00e9, en d\u00e9non\u00e7ant des abus et une injustice et en annon\u00e7ant qu&rsquo;une plainte sera d\u00e9pos\u00e9e contre tous ceux qui sont impliqu\u00e9s, ceux qui ont d\u00e9cid\u00e9, ceux qui ont accompli et m\u00eame ceux qui ont ferm\u00e9 les yeux face \u00e0 tout ce que nous avons subi, a-t-elle dit.<\/p>\n\n\n\n<p>Puis en s&rsquo;adressant au pr\u00e9sident Ka\u00efs Sa\u00efed, l&rsquo;\u00e9pouse de Bhiri a lanc\u00e9 : \u00ab<em>Ben Ali l&rsquo;a fait avant toi et n&rsquo;a ni dur\u00e9 ni r\u00e9ussi\u2026Les plaintes que nous d\u00e9posons aujourd&rsquo;hui peuvent ne rien donner, mais demain justice nous sera rendue m\u00eame apr\u00e8s des ann\u00e9es\u2026\u00bb.<\/em><\/p>\n\n\n\n<p class=\"has-text-align-right\"><strong>Y. N.<\/strong><\/p>\n","protected":false},"excerpt":{"rendered":"<p>Sa\u00efda Akremi : Apr\u00e8s son op\u00e9ration, Bhiri transf\u00e9r\u00e9 \u00e0 la prison de la Mornaguia<\/p>\n","protected":false},"author":6,"featured_media":6551072,"comment_status":"open","ping_status":"open","sticky":false,"template":"","format":"standard","meta":{"footnotes":""},"categories":[997,2433],"tags":[80370,49543,76012,1315,1314,81213,62643],"class_list":["post-6551004","post","type-post","status-publish","format-standard","has-post-thumbnail","hentry","category-politique","category-tunisie","tag-bhiri","tag-ennahdha","tag-kais-saied-2","tag-mornaguia","tag-prison","tag-saida-akremi","tag-tunisie"],"yoast_head":"<!-- This site is optimized with the Yoast SEO plugin v26.6 - https:\/\/yoast.com\/wordpress\/plugins\/seo\/ -->\n<title>Sa\u00efda Akremi : Apr\u00e8s son op\u00e9ration, Bhiri transf\u00e9r\u00e9 \u00e0 la prison de la Mornaguia - Kapitalis<\/title>\n<meta name=\"description\" content=\"Sa\u00efda Akremi \u00e9pouse du dirigeant du parti islamiste Ennahdha Noureddine Bhiri a annonc\u00e9, ce samedi 18 f\u00e9vrier 2023, que ce dernier a \u00e9t\u00e9 transf\u00e9r\u00e9, ce jour, de l&#039;H\u00f4pital Charles Nicolle de Tunis \u00e0 la prison de la Mornaguia.\" \/>\n<meta name=\"robots\" content=\"index, follow, max-snippet:-1, max-image-preview:large, max-video-preview:-1\" \/>\n<link rel=\"canonical\" href=\"https:\/\/kapitalis.com\/tunisie\/2023\/02\/18\/saida-akremi-apres-son-operation-bhiri-transfere-a-la-prison-de-la-mornaguia\/\" \/>\n<meta property=\"og:locale\" content=\"fr_FR\" \/>\n<meta property=\"og:type\" content=\"article\" \/>\n<meta property=\"og:title\" content=\"Sa\u00efda Akremi : Apr\u00e8s son op\u00e9ration, Bhiri transf\u00e9r\u00e9 \u00e0 la prison de la Mornaguia - Kapitalis\" \/>\n<meta property=\"og:description\" content=\"Sa\u00efda Akremi \u00e9pouse du dirigeant du parti islamiste Ennahdha Noureddine Bhiri a annonc\u00e9, ce samedi 18 f\u00e9vrier 2023, que ce dernier a \u00e9t\u00e9 transf\u00e9r\u00e9, ce jour, de l&#039;H\u00f4pital Charles Nicolle de Tunis \u00e0 la prison de la Mornaguia.\" \/>\n<meta property=\"og:url\" content=\"https:\/\/kapitalis.com\/tunisie\/2023\/02\/18\/saida-akremi-apres-son-operation-bhiri-transfere-a-la-prison-de-la-mornaguia\/\" \/>\n<meta property=\"og:site_name\" content=\"Kapitalis\" \/>\n<meta property=\"article:publisher\" content=\"https:\/\/www.facebook.com\/KapitalisInfo\/\" \/>\n<meta property=\"article:published_time\" content=\"2023-02-18T16:36:37+00:00\" \/>\n<meta property=\"article:modified_time\" content=\"2023-02-18T17:07:58+00:00\" \/>\n<meta property=\"og:image\" content=\"https:\/\/kapitalis.com\/tunisie\/wp-content\/uploads\/2023\/02\/Saida-Akremi-ep-Bhiri.jpg\" \/>\n\t<meta property=\"og:image:width\" content=\"1200\" \/>\n\t<meta property=\"og:image:height\" content=\"630\" \/>\n\t<meta property=\"og:image:type\" content=\"image\/jpeg\" \/>\n<meta name=\"author\" content=\"Yusra NY\" \/>\n<meta name=\"twitter:card\" content=\"summary_large_image\" \/>\n<meta name=\"twitter:creator\" content=\"@KapitalisInfo\" \/>\n<meta name=\"twitter:site\" content=\"@KapitalisInfo\" \/>\n<meta name=\"twitter:label1\" content=\"\u00c9crit par\" \/>\n\t<meta name=\"twitter:data1\" content=\"Yusra NY\" \/>\n\t<meta name=\"twitter:label2\" content=\"Dur\u00e9e de lecture estim\u00e9e\" \/>\n\t<meta name=\"twitter:data2\" content=\"2 minutes\" \/>\n<script type=\"application\/ld+json\" class=\"yoast-schema-graph\">{\"@context\":\"https:\/\/schema.org\",\"@graph\":[{\"@type\":\"Article\",\"@id\":\"https:\/\/kapitalis.com\/tunisie\/2023\/02\/18\/saida-akremi-apres-son-operation-bhiri-transfere-a-la-prison-de-la-mornaguia\/#article\",\"isPartOf\":{\"@id\":\"https:\/\/kapitalis.com\/tunisie\/2023\/02\/18\/saida-akremi-apres-son-operation-bhiri-transfere-a-la-prison-de-la-mornaguia\/\"},\"author\":{\"name\":\"Yusra NY\",\"@id\":\"https:\/\/kapitalis.com\/tunisie\/#\/schema\/person\/74bbde0154d49d790a92aaeac5bc01d5\"},\"headline\":\"Sa\u00efda Akremi : Apr\u00e8s son op\u00e9ration, Bhiri transf\u00e9r\u00e9 \u00e0 la prison de la Mornaguia\",\"datePublished\":\"2023-02-18T16:36:37+00:00\",\"dateModified\":\"2023-02-18T17:07:58+00:00\",\"mainEntityOfPage\":{\"@id\":\"https:\/\/kapitalis.com\/tunisie\/2023\/02\/18\/saida-akremi-apres-son-operation-bhiri-transfere-a-la-prison-de-la-mornaguia\/\"},\"wordCount\":308,\"commentCount\":3,\"publisher\":{\"@id\":\"https:\/\/kapitalis.com\/tunisie\/#organization\"},\"image\":{\"@id\":\"https:\/\/kapitalis.com\/tunisie\/2023\/02\/18\/saida-akremi-apres-son-operation-bhiri-transfere-a-la-prison-de-la-mornaguia\/#primaryimage\"},\"thumbnailUrl\":\"https:\/\/kapitalis.com\/tunisie\/wp-content\/uploads\/2023\/02\/Saida-Akremi-ep-Bhiri.jpg\",\"keywords\":[\"Bhiri\",\"Ennahdha\",\"Ka\u00efs Sa\u00efed\",\"Mornaguia\",\"prison\",\"Sa\u00efda Akremi\",\"Tunisie\"],\"articleSection\":[\"POLITIQUE\",\"Tunisie\"],\"inLanguage\":\"fr-FR\",\"potentialAction\":[{\"@type\":\"CommentAction\",\"name\":\"Comment\",\"target\":[\"https:\/\/kapitalis.com\/tunisie\/2023\/02\/18\/saida-akremi-apres-son-operation-bhiri-transfere-a-la-prison-de-la-mornaguia\/#respond\"]}]},{\"@type\":\"WebPage\",\"@id\":\"https:\/\/kapitalis.com\/tunisie\/2023\/02\/18\/saida-akremi-apres-son-operation-bhiri-transfere-a-la-prison-de-la-mornaguia\/\",\"url\":\"https:\/\/kapitalis.com\/tunisie\/2023\/02\/18\/saida-akremi-apres-son-operation-bhiri-transfere-a-la-prison-de-la-mornaguia\/\",\"name\":\"Sa\u00efda Akremi : Apr\u00e8s son op\u00e9ration, Bhiri transf\u00e9r\u00e9 \u00e0 la prison de la Mornaguia - Kapitalis\",\"isPartOf\":{\"@id\":\"https:\/\/kapitalis.com\/tunisie\/#website\"},\"primaryImageOfPage\":{\"@id\":\"https:\/\/kapitalis.com\/tunisie\/2023\/02\/18\/saida-akremi-apres-son-operation-bhiri-transfere-a-la-prison-de-la-mornaguia\/#primaryimage\"},\"image\":{\"@id\":\"https:\/\/kapitalis.com\/tunisie\/2023\/02\/18\/saida-akremi-apres-son-operation-bhiri-transfere-a-la-prison-de-la-mornaguia\/#primaryimage\"},\"thumbnailUrl\":\"https:\/\/kapitalis.com\/tunisie\/wp-content\/uploads\/2023\/02\/Saida-Akremi-ep-Bhiri.jpg\",\"datePublished\":\"2023-02-18T16:36:37+00:00\",\"dateModified\":\"2023-02-18T17:07:58+00:00\",\"description\":\"Sa\u00efda Akremi \u00e9pouse du dirigeant du parti islamiste Ennahdha Noureddine Bhiri a annonc\u00e9, ce samedi 18 f\u00e9vrier 2023, que ce dernier a \u00e9t\u00e9 transf\u00e9r\u00e9, ce jour, de l'H\u00f4pital Charles Nicolle de Tunis \u00e0 la prison de la Mornaguia.\",\"breadcrumb\":{\"@id\":\"https:\/\/kapitalis.com\/tunisie\/2023\/02\/18\/saida-akremi-apres-son-operation-bhiri-transfere-a-la-prison-de-la-mornaguia\/#breadcrumb\"},\"inLanguage\":\"fr-FR\",\"potentialAction\":[{\"@type\":\"ReadAction\",\"target\":[\"https:\/\/kapitalis.com\/tunisie\/2023\/02\/18\/saida-akremi-apres-son-operation-bhiri-transfere-a-la-prison-de-la-mornaguia\/\"]}]},{\"@type\":\"ImageObject\",\"inLanguage\":\"fr-FR\",\"@id\":\"https:\/\/kapitalis.com\/tunisie\/2023\/02\/18\/saida-akremi-apres-son-operation-bhiri-transfere-a-la-prison-de-la-mornaguia\/#primaryimage\",\"url\":\"https:\/\/kapitalis.com\/tunisie\/wp-content\/uploads\/2023\/02\/Saida-Akremi-ep-Bhiri.jpg\",\"contentUrl\":\"https:\/\/kapitalis.com\/tunisie\/wp-content\/uploads\/2023\/02\/Saida-Akremi-ep-Bhiri.jpg\",\"width\":1200,\"height\":630},{\"@type\":\"BreadcrumbList\",\"@id\":\"https:\/\/kapitalis.com\/tunisie\/2023\/02\/18\/saida-akremi-apres-son-operation-bhiri-transfere-a-la-prison-de-la-mornaguia\/#breadcrumb\",\"itemListElement\":[{\"@type\":\"ListItem\",\"position\":1,\"name\":\"Accueil\",\"item\":\"https:\/\/kapitalis.com\/tunisie\/\"},{\"@type\":\"ListItem\",\"position\":2,\"name\":\"Sa\u00efda Akremi : Apr\u00e8s son op\u00e9ration, Bhiri transf\u00e9r\u00e9 \u00e0 la prison de la Mornaguia\"}]},{\"@type\":\"WebSite\",\"@id\":\"https:\/\/kapitalis.com\/tunisie\/#website\",\"url\":\"https:\/\/kapitalis.com\/tunisie\/\",\"name\":\"Kapitalis\",\"description\":\"L&#039;actualit\u00e9 en Tunisie et dans le monde\",\"publisher\":{\"@id\":\"https:\/\/kapitalis.com\/tunisie\/#organization\"},\"potentialAction\":[{\"@type\":\"SearchAction\",\"target\":{\"@type\":\"EntryPoint\",\"urlTemplate\":\"https:\/\/kapitalis.com\/tunisie\/?s={search_term_string}\"},\"query-input\":{\"@type\":\"PropertyValueSpecification\",\"valueRequired\":true,\"valueName\":\"search_term_string\"}}],\"inLanguage\":\"fr-FR\"},{\"@type\":\"Organization\",\"@id\":\"https:\/\/kapitalis.com\/tunisie\/#organization\",\"name\":\"Kapitalis\",\"url\":\"https:\/\/kapitalis.com\/tunisie\/\",\"logo\":{\"@type\":\"ImageObject\",\"inLanguage\":\"fr-FR\",\"@id\":\"https:\/\/kapitalis.com\/tunisie\/#\/schema\/logo\/image\/\",\"url\":\"https:\/\/kapitalis.com\/tunisie\/wp-content\/uploads\/2022\/05\/Kapitalis-big-size.png\",\"contentUrl\":\"https:\/\/kapitalis.com\/tunisie\/wp-content\/uploads\/2022\/05\/Kapitalis-big-size.png\",\"width\":5000,\"height\":1500,\"caption\":\"Kapitalis\"},\"image\":{\"@id\":\"https:\/\/kapitalis.com\/tunisie\/#\/schema\/logo\/image\/\"},\"sameAs\":[\"https:\/\/www.facebook.com\/KapitalisInfo\/\",\"https:\/\/x.com\/KapitalisInfo\",\"https:\/\/www.youtube.com\/channel\/UC-yDYrHyfFBWWZaOw3FPg9Q\"]},{\"@type\":\"Person\",\"@id\":\"https:\/\/kapitalis.com\/tunisie\/#\/schema\/person\/74bbde0154d49d790a92aaeac5bc01d5\",\"name\":\"Yusra NY\",\"url\":\"https:\/\/kapitalis.com\/tunisie\/author\/yuza_adam\/\"}]}<\/script>\n<!-- \/ Yoast SEO plugin. -->","yoast_head_json":{"title":"Sa\u00efda Akremi : Apr\u00e8s son op\u00e9ration, Bhiri transf\u00e9r\u00e9 \u00e0 la prison de la Mornaguia - Kapitalis","description":"Sa\u00efda Akremi \u00e9pouse du dirigeant du parti islamiste Ennahdha Noureddine Bhiri a annonc\u00e9, ce samedi 18 f\u00e9vrier 2023, que ce dernier a \u00e9t\u00e9 transf\u00e9r\u00e9, ce jour, de l'H\u00f4pital Charles Nicolle de Tunis \u00e0 la prison de la Mornaguia.","robots":{"index":"index","follow":"follow","max-snippet":"max-snippet:-1","max-image-preview":"max-image-preview:large","max-video-preview":"max-video-preview:-1"},"canonical":"https:\/\/kapitalis.com\/tunisie\/2023\/02\/18\/saida-akremi-apres-son-operation-bhiri-transfere-a-la-prison-de-la-mornaguia\/","og_locale":"fr_FR","og_type":"article","og_title":"Sa\u00efda Akremi : Apr\u00e8s son op\u00e9ration, Bhiri transf\u00e9r\u00e9 \u00e0 la prison de la Mornaguia - Kapitalis","og_description":"Sa\u00efda Akremi \u00e9pouse du dirigeant du parti islamiste Ennahdha Noureddine Bhiri a annonc\u00e9, ce samedi 18 f\u00e9vrier 2023, que ce dernier a \u00e9t\u00e9 transf\u00e9r\u00e9, ce jour, de l'H\u00f4pital Charles Nicolle de Tunis \u00e0 la prison de la Mornaguia.","og_url":"https:\/\/kapitalis.com\/tunisie\/2023\/02\/18\/saida-akremi-apres-son-operation-bhiri-transfere-a-la-prison-de-la-mornaguia\/","og_site_name":"Kapitalis","article_publisher":"https:\/\/www.facebook.com\/KapitalisInfo\/","article_published_time":"2023-02-18T16:36:37+00:00","article_modified_time":"2023-02-18T17:07:58+00:00","og_image":[{"width":1200,"height":630,"url":"https:\/\/kapitalis.com\/tunisie\/wp-content\/uploads\/2023\/02\/Saida-Akremi-ep-Bhiri.jpg","type":"image\/jpeg"}],"author":"Yusra NY","twitter_card":"summary_large_image","twitter_creator":"@KapitalisInfo","twitter_site":"@KapitalisInfo","twitter_misc":{"\u00c9crit par":"Yusra NY","Dur\u00e9e de lecture estim\u00e9e":"2 minutes"},"schema":{"@context":"https:\/\/schema.org","@graph":[{"@type":"Article","@id":"https:\/\/kapitalis.com\/tunisie\/2023\/02\/18\/saida-akremi-apres-son-operation-bhiri-transfere-a-la-prison-de-la-mornaguia\/#article","isPartOf":{"@id":"https:\/\/kapitalis.com\/tunisie\/2023\/02\/18\/saida-akremi-apres-son-operation-bhiri-transfere-a-la-prison-de-la-mornaguia\/"},"author":{"name":"Yusra NY","@id":"https:\/\/kapitalis.com\/tunisie\/#\/schema\/person\/74bbde0154d49d790a92aaeac5bc01d5"},"headline":"Sa\u00efda Akremi : Apr\u00e8s son op\u00e9ration, Bhiri transf\u00e9r\u00e9 \u00e0 la prison de la Mornaguia","datePublished":"2023-02-18T16:36:37+00:00","dateModified":"2023-02-18T17:07:58+00:00","mainEntityOfPage":{"@id":"https:\/\/kapitalis.com\/tunisie\/2023\/02\/18\/saida-akremi-apres-son-operation-bhiri-transfere-a-la-prison-de-la-mornaguia\/"},"wordCount":308,"commentCount":3,"publisher":{"@id":"https:\/\/kapitalis.com\/tunisie\/#organization"},"image":{"@id":"https:\/\/kapitalis.com\/tunisie\/2023\/02\/18\/saida-akremi-apres-son-operation-bhiri-transfere-a-la-prison-de-la-mornaguia\/#primaryimage"},"thumbnailUrl":"https:\/\/kapitalis.com\/tunisie\/wp-content\/uploads\/2023\/02\/Saida-Akremi-ep-Bhiri.jpg","keywords":["Bhiri","Ennahdha","Ka\u00efs Sa\u00efed","Mornaguia","prison","Sa\u00efda Akremi","Tunisie"],"articleSection":["POLITIQUE","Tunisie"],"inLanguage":"fr-FR","potentialAction":[{"@type":"CommentAction","name":"Comment","target":["https:\/\/kapitalis.com\/tunisie\/2023\/02\/18\/saida-akremi-apres-son-operation-bhiri-transfere-a-la-prison-de-la-mornaguia\/#respond"]}]},{"@type":"WebPage","@id":"https:\/\/kapitalis.com\/tunisie\/2023\/02\/18\/saida-akremi-apres-son-operation-bhiri-transfere-a-la-prison-de-la-mornaguia\/","url":"https:\/\/kapitalis.com\/tunisie\/2023\/02\/18\/saida-akremi-apres-son-operation-bhiri-transfere-a-la-prison-de-la-mornaguia\/","name":"Sa\u00efda Akremi : Apr\u00e8s son op\u00e9ration, Bhiri transf\u00e9r\u00e9 \u00e0 la prison de la Mornaguia - Kapitalis","isPartOf":{"@id":"https:\/\/kapitalis.com\/tunisie\/#website"},"primaryImageOfPage":{"@id":"https:\/\/kapitalis.com\/tunisie\/2023\/02\/18\/saida-akremi-apres-son-operation-bhiri-transfere-a-la-prison-de-la-mornaguia\/#primaryimage"},"image":{"@id":"https:\/\/kapitalis.com\/tunisie\/2023\/02\/18\/saida-akremi-apres-son-operation-bhiri-transfere-a-la-prison-de-la-mornaguia\/#primaryimage"},"thumbnailUrl":"https:\/\/kapitalis.com\/tunisie\/wp-content\/uploads\/2023\/02\/Saida-Akremi-ep-Bhiri.jpg","datePublished":"2023-02-18T16:36:37+00:00","dateModified":"2023-02-18T17:07:58+00:00","description":"Sa\u00efda Akremi \u00e9pouse du dirigeant du parti islamiste Ennahdha Noureddine Bhiri a annonc\u00e9, ce samedi 18 f\u00e9vrier 2023, que ce dernier a \u00e9t\u00e9 transf\u00e9r\u00e9, ce jour, de l'H\u00f4pital Charles Nicolle de Tunis \u00e0 la prison de la Mornaguia.","breadcrumb":{"@id":"https:\/\/kapitalis.com\/tunisie\/2023\/02\/18\/saida-akremi-apres-son-operation-bhiri-transfere-a-la-prison-de-la-mornaguia\/#breadcrumb"},"inLanguage":"fr-FR","potentialAction":[{"@type":"ReadAction","target":["https:\/\/kapitalis.com\/tunisie\/2023\/02\/18\/saida-akremi-apres-son-operation-bhiri-transfere-a-la-prison-de-la-mornaguia\/"]}]},{"@type":"ImageObject","inLanguage":"fr-FR","@id":"https:\/\/kapitalis.com\/tunisie\/2023\/02\/18\/saida-akremi-apres-son-operation-bhiri-transfere-a-la-prison-de-la-mornaguia\/#primaryimage","url":"https:\/\/kapitalis.com\/tunisie\/wp-content\/uploads\/2023\/02\/Saida-Akremi-ep-Bhiri.jpg","contentUrl":"https:\/\/kapitalis.com\/tunisie\/wp-content\/uploads\/2023\/02\/Saida-Akremi-ep-Bhiri.jpg","width":1200,"height":630},{"@type":"BreadcrumbList","@id":"https:\/\/kapitalis.com\/tunisie\/2023\/02\/18\/saida-akremi-apres-son-operation-bhiri-transfere-a-la-prison-de-la-mornaguia\/#breadcrumb","itemListElement":[{"@type":"ListItem","position":1,"name":"Accueil","item":"https:\/\/kapitalis.com\/tunisie\/"},{"@type":"ListItem","position":2,"name":"Sa\u00efda Akremi : Apr\u00e8s son op\u00e9ration, Bhiri transf\u00e9r\u00e9 \u00e0 la prison de la Mornaguia"}]},{"@type":"WebSite","@id":"https:\/\/kapitalis.com\/tunisie\/#website","url":"https:\/\/kapitalis.com\/tunisie\/","name":"Kapitalis","description":"L&#039;actualit\u00e9 en Tunisie et dans le monde","publisher":{"@id":"https:\/\/kapitalis.com\/tunisie\/#organization"},"potentialAction":[{"@type":"SearchAction","target":{"@type":"EntryPoint","urlTemplate":"https:\/\/kapitalis.com\/tunisie\/?s={search_term_string}"},"query-input":{"@type":"PropertyValueSpecification","valueRequired":true,"valueName":"search_term_string"}}],"inLanguage":"fr-FR"},{"@type":"Organization","@id":"https:\/\/kapitalis.com\/tunisie\/#organization","name":"Kapitalis","url":"https:\/\/kapitalis.com\/tunisie\/","logo":{"@type":"ImageObject","inLanguage":"fr-FR","@id":"https:\/\/kapitalis.com\/tunisie\/#\/schema\/logo\/image\/","url":"https:\/\/kapitalis.com\/tunisie\/wp-content\/uploads\/2022\/05\/Kapitalis-big-size.png","contentUrl":"https:\/\/kapitalis.com\/tunisie\/wp-content\/uploads\/2022\/05\/Kapitalis-big-size.png","width":5000,"height":1500,"caption":"Kapitalis"},"image":{"@id":"https:\/\/kapitalis.com\/tunisie\/#\/schema\/logo\/image\/"},"sameAs":["https:\/\/www.facebook.com\/KapitalisInfo\/","https:\/\/x.com\/KapitalisInfo","https:\/\/www.youtube.com\/channel\/UC-yDYrHyfFBWWZaOw3FPg9Q"]},{"@type":"Person","@id":"https:\/\/kapitalis.com\/tunisie\/#\/schema\/person\/74bbde0154d49d790a92aaeac5bc01d5","name":"Yusra NY","url":"https:\/\/kapitalis.com\/tunisie\/author\/yuza_adam\/"}]}},"_links":{"self":[{"href":"https:\/\/kapitalis.com\/tunisie\/wp-json\/wp\/v2\/posts\/6551004","targetHints":{"allow":["GET"]}}],"collection":[{"href":"https:\/\/kapitalis.com\/tunisie\/wp-json\/wp\/v2\/posts"}],"about":[{"href":"https:\/\/kapitalis.com\/tunisie\/wp-json\/wp\/v2\/types\/post"}],"author":[{"embeddable":true,"href":"https:\/\/kapitalis.com\/tunisie\/wp-json\/wp\/v2\/users\/6"}],"replies":[{"embeddable":true,"href":"https:\/\/kapitalis.com\/tunisie\/wp-json\/wp\/v2\/comments?post=6551004"}],"version-history":[{"count":8,"href":"https:\/\/kapitalis.com\/tunisie\/wp-json\/wp\/v2\/posts\/6551004\/revisions"}],"predecessor-version":[{"id":6551484,"href":"https:\/\/kapitalis.com\/tunisie\/wp-json\/wp\/v2\/posts\/6551004\/revisions\/6551484"}],"wp:featuredmedia":[{"embeddable":true,"href":"https:\/\/kapitalis.com\/tunisie\/wp-json\/wp\/v2\/media\/6551072"}],"wp:attachment":[{"href":"https:\/\/kapitalis.com\/tunisie\/wp-json\/wp\/v2\/media?parent=6551004"}],"wp:term":[{"taxonomy":"category","embeddable":true,"href":"https:\/\/kapitalis.com\/tunisie\/wp-json\/wp\/v2\/categories?post=6551004"},{"taxonomy":"post_tag","embeddable":true,"href":"https:\/\/kapitalis.com\/tunisie\/wp-json\/wp\/v2\/tags?post=6551004"}],"curies":[{"name":"wp","href":"https:\/\/api.w.org\/{rel}","templated":true}]}}