{"id":65715,"date":"2016-09-23T18:18:56","date_gmt":"2016-09-23T17:18:56","guid":{"rendered":"http:\/\/kapitalis.com\/tunisie\/?p=65715"},"modified":"2016-09-24T09:20:27","modified_gmt":"2016-09-24T08:20:27","slug":"calligaffitis-el-seed-fait-danser-les-murs-de-marsa","status":"publish","type":"post","link":"https:\/\/kapitalis.com\/tunisie\/2016\/09\/23\/calligaffitis-el-seed-fait-danser-les-murs-de-marsa\/","title":{"rendered":"Calligaffitis : El Seed fait danser les murs de La Marsa"},"content":{"rendered":"<p style=\"text-align: center;\"><img loading=\"lazy\" decoding=\"async\" class=\"alignnone size-full wp-image-65739\" src=\"http:\/\/kapitalis.com\/tunisie\/wp-content\/uploads\/2016\/09\/El-Seed-La-Marsa.jpg\" alt=\"el-seed-la-marsa\" width=\"626\" height=\"380\" \/><\/p>\n<p><em><strong>Profitant d\u2019un court s\u00e9jour dans son pays d\u2019origine, le graffiteur tuniso-fran\u00e7ais eL Seed a peint une fresque g\u00e9ante sur la fa\u00e7ade d\u2019une association \u00e0 la Marsa. \u00a0<\/strong><\/em><\/p>\n<p>Par <strong>Zohra Abid<\/strong><\/p>\n<p><!--more--><\/p>\n<p>Invit\u00e9 pour pr\u00e9senter et signer son livre <em>\u00ab\u00a0Les Murs perdus\u00a0\u00bb<\/em> (Lost Walls), sorti en 2014 en France, \u00e0 Gab\u00e8s, o\u00f9 se tiendra, du 24 au 30 septembre courant, le 2<sup>e<\/sup> Festival international du film arabe (Fifag), eL Seed\u00a0a fait une escale d\u2019un jour et demi \u00e0 La Marsa, dans la banlieue nord de Tunis, o\u00f9 les murs l\u00e9preux du Centre Fathi Gharbi, Association g\u00e9n\u00e9rale des insuffisants moteurs (AGIM) sis \u00e0 la rue du Maroc, ne l\u2019ont pas laiss\u00e9 insensible pour intervenir suite \u00e0 la demande des membres de l&rsquo;Action Citoyenne Marsa-Corniche (ACMC) qui ont men\u00e9 cette action d&#8217;embellissement de la ville.<\/p>\n<p>Le graffiteur, muni de ses pots, brosses, rouleaux de peinture, squeezer, posca et seaux a, en pr\u00e9sence de quelque 36 handicap\u00e9s moteurs bouche b\u00e9e et impressionn\u00e9s, peint une fresque g\u00e9ante de\u00a0calligraffitis, toute en\u00a0courbes et en couleurs, et laiss\u00e9 son empreinte avant de rentrer \u00e0 Duba\u00ef, dimanche, apr\u00e8s 4 jours pass\u00e9s en Tunisie.<\/p>\n<p style=\"text-align: center;\"><img loading=\"lazy\" decoding=\"async\" class=\"alignnone size-full wp-image-65742\" src=\"http:\/\/kapitalis.com\/tunisie\/wp-content\/uploads\/2016\/09\/El-Seed-sur-une-grue-La-Marsa.jpg\" alt=\"el-seed-sur-une-grue-la-marsa\" width=\"500\" height=\"300\" \/><\/p>\n<p>El\u00a0Seed, ce Parisien de sol, \u00e2g\u00e9 de 35 ans, qui s\u2019\u00e9tait mis au graffiti depuis les ann\u00e9es 1990 en s\u2019inspirant notamment des calligraphies de son compatriote\u00a0Nja Mahdaoui, a peint, en 2012, une fresque g\u00e9ante, avec des versets coraniques pr\u00eachant la tol\u00e9rance, sur l\u2019une des fa\u00e7ades d\u2019un minaret de la mosqu\u00e9e Jara, \u00e0 Gab\u00e8s, en Tunisie.<\/p>\n<p>En 2013, il a peint des fresques sur plusieurs tours, notamment la Salda Road dans l\u2019une des plus grandes art\u00e8res de Doha (Qatar). La m\u00eame ann\u00e9e, il\u00a0a particip\u00e9 \u00e0 Street Art, une exposition collective \u00e0 Paris.<\/p>\n<p>Il convient de\u00a0rappeler aussi que\u00a0Louis Vuitton a fait appel \u00e0 eL Seed pour peindre ses <em>\u00abfoulards d\u2019artiste\u00bb<\/em>, qui ont \u00e9t\u00e9 mises aux ench\u00e8res chez Christie\u2019s pour une vente intitul\u00e9 <em>\u00abModern, Contemporary Arab &amp; Turkish art sale\u00bb<\/em> \u00e0 Duba\u00ef, ville d\u00e9lirante o\u00f9 il a choisi de r\u00e9sider apr\u00e8s des s\u00e9jours \u00e0 New-York, au Etats-Unis, et au Canada. C&rsquo;\u00e9tait la\u00a0premi\u00e8re fois que la grande maison de luxe fran\u00e7aise louait les services\u00a0d&rsquo;un artiste arabe.<\/p>\n<p style=\"text-align: center;\"><img loading=\"lazy\" decoding=\"async\" class=\"alignnone size-full wp-image-65743\" src=\"http:\/\/kapitalis.com\/tunisie\/wp-content\/uploads\/2016\/09\/El-Seed-sur-une-grue-La-Marsa-2.jpg\" alt=\"el-seed-sur-une-grue-la-marsa-2\" width=\"500\" height=\"300\" \/><\/p>\n<p>\u00ab<em>Je suis arriv\u00e9 hier de Duba\u00ef et serais demain, inchallah, \u00e0 Gab\u00e8s. C\u2019est juste pour encourager les activit\u00e9s culturelles dans la ville de mes anc\u00eatres et les jeunes qui ont besoin d&rsquo;un coup de pouce. Il y aura, par la m\u00eame occasion, une s\u00e9ance d\u00e9dicace de mon livre<\/em>\u00bb, a-t-il d\u00e9clar\u00e9 \u00e0 Kapitalis.<\/p>\n<p>Perch\u00e9 en haut d&rsquo;une grue pr\u00eat\u00e9e par\u00a0la mairie, eL\u00a0Seed \u00e9tait en train d&rsquo;\u00e9clabousser de ses couleurs et de ses lumi\u00e8res les murs de\u00a0la rue parall\u00e8le aux rails de la gare de La Marsa. Un spectacle dont les riverains se souviendront longtemps.<\/p>\n","protected":false},"excerpt":{"rendered":"<p>Profitant d\u2019un court s\u00e9jour dans son pays d\u2019origine, le graffiteur tuniso-fran\u00e7ais eL Seed a peint une fresque g\u00e9ante sur la fa\u00e7ade d\u2019une association \u00e0 la Marsa. \u00a0 Par Zohra Abid<\/p>\n","protected":false},"author":7,"featured_media":65739,"comment_status":"open","ping_status":"open","sticky":false,"template":"","format":"standard","meta":{"footnotes":""},"categories":[992,994,2433],"tags":[406,2991],"class_list":["post-65715","post","type-post","status-publish","format-standard","has-post-thumbnail","hentry","category-a-la-une","category-culture","category-tunisie","tag-gabes","tag-la-marsa"],"yoast_head":"<!-- This site is optimized with the Yoast SEO plugin v26.6 - https:\/\/yoast.com\/wordpress\/plugins\/seo\/ -->\n<title>Calligaffitis : El Seed fait danser les murs de La Marsa - Kapitalis<\/title>\n<meta name=\"robots\" content=\"index, follow, max-snippet:-1, max-image-preview:large, max-video-preview:-1\" \/>\n<link rel=\"canonical\" href=\"https:\/\/kapitalis.com\/tunisie\/2016\/09\/23\/calligaffitis-el-seed-fait-danser-les-murs-de-marsa\/\" \/>\n<meta property=\"og:locale\" content=\"fr_FR\" \/>\n<meta property=\"og:type\" content=\"article\" \/>\n<meta property=\"og:title\" content=\"Calligaffitis : El Seed fait danser les murs de La Marsa - Kapitalis\" \/>\n<meta property=\"og:description\" content=\"Profitant d\u2019un court s\u00e9jour dans son pays d\u2019origine, le graffiteur tuniso-fran\u00e7ais eL Seed a peint une fresque g\u00e9ante sur la fa\u00e7ade d\u2019une association \u00e0 la Marsa. \u00a0 Par Zohra Abid\" \/>\n<meta property=\"og:url\" content=\"https:\/\/kapitalis.com\/tunisie\/2016\/09\/23\/calligaffitis-el-seed-fait-danser-les-murs-de-marsa\/\" \/>\n<meta property=\"og:site_name\" content=\"Kapitalis\" \/>\n<meta property=\"article:publisher\" content=\"https:\/\/www.facebook.com\/KapitalisInfo\/\" \/>\n<meta property=\"article:published_time\" content=\"2016-09-23T17:18:56+00:00\" \/>\n<meta property=\"article:modified_time\" content=\"2016-09-24T08:20:27+00:00\" \/>\n<meta property=\"og:image\" content=\"https:\/\/kapitalis.com\/tunisie\/wp-content\/uploads\/2022\/05\/kapitalis-logo-fb.png\" \/>\n\t<meta property=\"og:image:width\" content=\"1200\" \/>\n\t<meta property=\"og:image:height\" content=\"630\" \/>\n\t<meta property=\"og:image:type\" content=\"image\/png\" \/>\n<meta name=\"author\" content=\"zohra abid\" \/>\n<meta name=\"twitter:card\" content=\"summary_large_image\" \/>\n<meta name=\"twitter:creator\" content=\"@KapitalisInfo\" \/>\n<meta name=\"twitter:site\" content=\"@KapitalisInfo\" \/>\n<meta name=\"twitter:label1\" content=\"\u00c9crit par\" \/>\n\t<meta name=\"twitter:data1\" content=\"zohra abid\" \/>\n\t<meta name=\"twitter:label2\" content=\"Dur\u00e9e de lecture estim\u00e9e\" \/>\n\t<meta name=\"twitter:data2\" content=\"2 minutes\" \/>\n<script type=\"application\/ld+json\" class=\"yoast-schema-graph\">{\"@context\":\"https:\/\/schema.org\",\"@graph\":[{\"@type\":\"Article\",\"@id\":\"https:\/\/kapitalis.com\/tunisie\/2016\/09\/23\/calligaffitis-el-seed-fait-danser-les-murs-de-marsa\/#article\",\"isPartOf\":{\"@id\":\"https:\/\/kapitalis.com\/tunisie\/2016\/09\/23\/calligaffitis-el-seed-fait-danser-les-murs-de-marsa\/\"},\"author\":{\"name\":\"zohra abid\",\"@id\":\"https:\/\/kapitalis.com\/tunisie\/#\/schema\/person\/6fc2988ceb6eacf6836db1d8360b4912\"},\"headline\":\"Calligaffitis : El Seed fait danser les murs de La Marsa\",\"datePublished\":\"2016-09-23T17:18:56+00:00\",\"dateModified\":\"2016-09-24T08:20:27+00:00\",\"mainEntityOfPage\":{\"@id\":\"https:\/\/kapitalis.com\/tunisie\/2016\/09\/23\/calligaffitis-el-seed-fait-danser-les-murs-de-marsa\/\"},\"wordCount\":496,\"commentCount\":3,\"publisher\":{\"@id\":\"https:\/\/kapitalis.com\/tunisie\/#organization\"},\"image\":{\"@id\":\"https:\/\/kapitalis.com\/tunisie\/2016\/09\/23\/calligaffitis-el-seed-fait-danser-les-murs-de-marsa\/#primaryimage\"},\"thumbnailUrl\":\"\",\"keywords\":[\"Gab\u00e8s\",\"La Marsa\"],\"articleSection\":[\"A LA UNE\",\"CULTURE\",\"Tunisie\"],\"inLanguage\":\"fr-FR\",\"potentialAction\":[{\"@type\":\"CommentAction\",\"name\":\"Comment\",\"target\":[\"https:\/\/kapitalis.com\/tunisie\/2016\/09\/23\/calligaffitis-el-seed-fait-danser-les-murs-de-marsa\/#respond\"]}]},{\"@type\":\"WebPage\",\"@id\":\"https:\/\/kapitalis.com\/tunisie\/2016\/09\/23\/calligaffitis-el-seed-fait-danser-les-murs-de-marsa\/\",\"url\":\"https:\/\/kapitalis.com\/tunisie\/2016\/09\/23\/calligaffitis-el-seed-fait-danser-les-murs-de-marsa\/\",\"name\":\"Calligaffitis : El Seed fait danser les murs de La Marsa - Kapitalis\",\"isPartOf\":{\"@id\":\"https:\/\/kapitalis.com\/tunisie\/#website\"},\"primaryImageOfPage\":{\"@id\":\"https:\/\/kapitalis.com\/tunisie\/2016\/09\/23\/calligaffitis-el-seed-fait-danser-les-murs-de-marsa\/#primaryimage\"},\"image\":{\"@id\":\"https:\/\/kapitalis.com\/tunisie\/2016\/09\/23\/calligaffitis-el-seed-fait-danser-les-murs-de-marsa\/#primaryimage\"},\"thumbnailUrl\":\"\",\"datePublished\":\"2016-09-23T17:18:56+00:00\",\"dateModified\":\"2016-09-24T08:20:27+00:00\",\"breadcrumb\":{\"@id\":\"https:\/\/kapitalis.com\/tunisie\/2016\/09\/23\/calligaffitis-el-seed-fait-danser-les-murs-de-marsa\/#breadcrumb\"},\"inLanguage\":\"fr-FR\",\"potentialAction\":[{\"@type\":\"ReadAction\",\"target\":[\"https:\/\/kapitalis.com\/tunisie\/2016\/09\/23\/calligaffitis-el-seed-fait-danser-les-murs-de-marsa\/\"]}]},{\"@type\":\"ImageObject\",\"inLanguage\":\"fr-FR\",\"@id\":\"https:\/\/kapitalis.com\/tunisie\/2016\/09\/23\/calligaffitis-el-seed-fait-danser-les-murs-de-marsa\/#primaryimage\",\"url\":\"\",\"contentUrl\":\"\"},{\"@type\":\"BreadcrumbList\",\"@id\":\"https:\/\/kapitalis.com\/tunisie\/2016\/09\/23\/calligaffitis-el-seed-fait-danser-les-murs-de-marsa\/#breadcrumb\",\"itemListElement\":[{\"@type\":\"ListItem\",\"position\":1,\"name\":\"Accueil\",\"item\":\"https:\/\/kapitalis.com\/tunisie\/\"},{\"@type\":\"ListItem\",\"position\":2,\"name\":\"Calligaffitis : El Seed fait danser les murs de La Marsa\"}]},{\"@type\":\"WebSite\",\"@id\":\"https:\/\/kapitalis.com\/tunisie\/#website\",\"url\":\"https:\/\/kapitalis.com\/tunisie\/\",\"name\":\"Kapitalis\",\"description\":\"L&#039;actualit\u00e9 en Tunisie et dans le monde\",\"publisher\":{\"@id\":\"https:\/\/kapitalis.com\/tunisie\/#organization\"},\"potentialAction\":[{\"@type\":\"SearchAction\",\"target\":{\"@type\":\"EntryPoint\",\"urlTemplate\":\"https:\/\/kapitalis.com\/tunisie\/?s={search_term_string}\"},\"query-input\":{\"@type\":\"PropertyValueSpecification\",\"valueRequired\":true,\"valueName\":\"search_term_string\"}}],\"inLanguage\":\"fr-FR\"},{\"@type\":\"Organization\",\"@id\":\"https:\/\/kapitalis.com\/tunisie\/#organization\",\"name\":\"Kapitalis\",\"url\":\"https:\/\/kapitalis.com\/tunisie\/\",\"logo\":{\"@type\":\"ImageObject\",\"inLanguage\":\"fr-FR\",\"@id\":\"https:\/\/kapitalis.com\/tunisie\/#\/schema\/logo\/image\/\",\"url\":\"https:\/\/kapitalis.com\/tunisie\/wp-content\/uploads\/2022\/05\/Kapitalis-big-size.png\",\"contentUrl\":\"https:\/\/kapitalis.com\/tunisie\/wp-content\/uploads\/2022\/05\/Kapitalis-big-size.png\",\"width\":5000,\"height\":1500,\"caption\":\"Kapitalis\"},\"image\":{\"@id\":\"https:\/\/kapitalis.com\/tunisie\/#\/schema\/logo\/image\/\"},\"sameAs\":[\"https:\/\/www.facebook.com\/KapitalisInfo\/\",\"https:\/\/x.com\/KapitalisInfo\",\"https:\/\/www.youtube.com\/channel\/UC-yDYrHyfFBWWZaOw3FPg9Q\"]},{\"@type\":\"Person\",\"@id\":\"https:\/\/kapitalis.com\/tunisie\/#\/schema\/person\/6fc2988ceb6eacf6836db1d8360b4912\",\"name\":\"zohra abid\",\"url\":\"https:\/\/kapitalis.com\/tunisie\/author\/zohra-abid-2015\/\"}]}<\/script>\n<!-- \/ Yoast SEO plugin. -->","yoast_head_json":{"title":"Calligaffitis : El Seed fait danser les murs de La Marsa - Kapitalis","robots":{"index":"index","follow":"follow","max-snippet":"max-snippet:-1","max-image-preview":"max-image-preview:large","max-video-preview":"max-video-preview:-1"},"canonical":"https:\/\/kapitalis.com\/tunisie\/2016\/09\/23\/calligaffitis-el-seed-fait-danser-les-murs-de-marsa\/","og_locale":"fr_FR","og_type":"article","og_title":"Calligaffitis : El Seed fait danser les murs de La Marsa - Kapitalis","og_description":"Profitant d\u2019un court s\u00e9jour dans son pays d\u2019origine, le graffiteur tuniso-fran\u00e7ais eL Seed a peint une fresque g\u00e9ante sur la fa\u00e7ade d\u2019une association \u00e0 la Marsa. \u00a0 Par Zohra Abid","og_url":"https:\/\/kapitalis.com\/tunisie\/2016\/09\/23\/calligaffitis-el-seed-fait-danser-les-murs-de-marsa\/","og_site_name":"Kapitalis","article_publisher":"https:\/\/www.facebook.com\/KapitalisInfo\/","article_published_time":"2016-09-23T17:18:56+00:00","article_modified_time":"2016-09-24T08:20:27+00:00","og_image":[{"width":1200,"height":630,"url":"https:\/\/kapitalis.com\/tunisie\/wp-content\/uploads\/2022\/05\/kapitalis-logo-fb.png","type":"image\/png"}],"author":"zohra abid","twitter_card":"summary_large_image","twitter_creator":"@KapitalisInfo","twitter_site":"@KapitalisInfo","twitter_misc":{"\u00c9crit par":"zohra abid","Dur\u00e9e de lecture estim\u00e9e":"2 minutes"},"schema":{"@context":"https:\/\/schema.org","@graph":[{"@type":"Article","@id":"https:\/\/kapitalis.com\/tunisie\/2016\/09\/23\/calligaffitis-el-seed-fait-danser-les-murs-de-marsa\/#article","isPartOf":{"@id":"https:\/\/kapitalis.com\/tunisie\/2016\/09\/23\/calligaffitis-el-seed-fait-danser-les-murs-de-marsa\/"},"author":{"name":"zohra abid","@id":"https:\/\/kapitalis.com\/tunisie\/#\/schema\/person\/6fc2988ceb6eacf6836db1d8360b4912"},"headline":"Calligaffitis : El Seed fait danser les murs de La Marsa","datePublished":"2016-09-23T17:18:56+00:00","dateModified":"2016-09-24T08:20:27+00:00","mainEntityOfPage":{"@id":"https:\/\/kapitalis.com\/tunisie\/2016\/09\/23\/calligaffitis-el-seed-fait-danser-les-murs-de-marsa\/"},"wordCount":496,"commentCount":3,"publisher":{"@id":"https:\/\/kapitalis.com\/tunisie\/#organization"},"image":{"@id":"https:\/\/kapitalis.com\/tunisie\/2016\/09\/23\/calligaffitis-el-seed-fait-danser-les-murs-de-marsa\/#primaryimage"},"thumbnailUrl":"","keywords":["Gab\u00e8s","La Marsa"],"articleSection":["A LA UNE","CULTURE","Tunisie"],"inLanguage":"fr-FR","potentialAction":[{"@type":"CommentAction","name":"Comment","target":["https:\/\/kapitalis.com\/tunisie\/2016\/09\/23\/calligaffitis-el-seed-fait-danser-les-murs-de-marsa\/#respond"]}]},{"@type":"WebPage","@id":"https:\/\/kapitalis.com\/tunisie\/2016\/09\/23\/calligaffitis-el-seed-fait-danser-les-murs-de-marsa\/","url":"https:\/\/kapitalis.com\/tunisie\/2016\/09\/23\/calligaffitis-el-seed-fait-danser-les-murs-de-marsa\/","name":"Calligaffitis : El Seed fait danser les murs de La Marsa - Kapitalis","isPartOf":{"@id":"https:\/\/kapitalis.com\/tunisie\/#website"},"primaryImageOfPage":{"@id":"https:\/\/kapitalis.com\/tunisie\/2016\/09\/23\/calligaffitis-el-seed-fait-danser-les-murs-de-marsa\/#primaryimage"},"image":{"@id":"https:\/\/kapitalis.com\/tunisie\/2016\/09\/23\/calligaffitis-el-seed-fait-danser-les-murs-de-marsa\/#primaryimage"},"thumbnailUrl":"","datePublished":"2016-09-23T17:18:56+00:00","dateModified":"2016-09-24T08:20:27+00:00","breadcrumb":{"@id":"https:\/\/kapitalis.com\/tunisie\/2016\/09\/23\/calligaffitis-el-seed-fait-danser-les-murs-de-marsa\/#breadcrumb"},"inLanguage":"fr-FR","potentialAction":[{"@type":"ReadAction","target":["https:\/\/kapitalis.com\/tunisie\/2016\/09\/23\/calligaffitis-el-seed-fait-danser-les-murs-de-marsa\/"]}]},{"@type":"ImageObject","inLanguage":"fr-FR","@id":"https:\/\/kapitalis.com\/tunisie\/2016\/09\/23\/calligaffitis-el-seed-fait-danser-les-murs-de-marsa\/#primaryimage","url":"","contentUrl":""},{"@type":"BreadcrumbList","@id":"https:\/\/kapitalis.com\/tunisie\/2016\/09\/23\/calligaffitis-el-seed-fait-danser-les-murs-de-marsa\/#breadcrumb","itemListElement":[{"@type":"ListItem","position":1,"name":"Accueil","item":"https:\/\/kapitalis.com\/tunisie\/"},{"@type":"ListItem","position":2,"name":"Calligaffitis : El Seed fait danser les murs de La Marsa"}]},{"@type":"WebSite","@id":"https:\/\/kapitalis.com\/tunisie\/#website","url":"https:\/\/kapitalis.com\/tunisie\/","name":"Kapitalis","description":"L&#039;actualit\u00e9 en Tunisie et dans le monde","publisher":{"@id":"https:\/\/kapitalis.com\/tunisie\/#organization"},"potentialAction":[{"@type":"SearchAction","target":{"@type":"EntryPoint","urlTemplate":"https:\/\/kapitalis.com\/tunisie\/?s={search_term_string}"},"query-input":{"@type":"PropertyValueSpecification","valueRequired":true,"valueName":"search_term_string"}}],"inLanguage":"fr-FR"},{"@type":"Organization","@id":"https:\/\/kapitalis.com\/tunisie\/#organization","name":"Kapitalis","url":"https:\/\/kapitalis.com\/tunisie\/","logo":{"@type":"ImageObject","inLanguage":"fr-FR","@id":"https:\/\/kapitalis.com\/tunisie\/#\/schema\/logo\/image\/","url":"https:\/\/kapitalis.com\/tunisie\/wp-content\/uploads\/2022\/05\/Kapitalis-big-size.png","contentUrl":"https:\/\/kapitalis.com\/tunisie\/wp-content\/uploads\/2022\/05\/Kapitalis-big-size.png","width":5000,"height":1500,"caption":"Kapitalis"},"image":{"@id":"https:\/\/kapitalis.com\/tunisie\/#\/schema\/logo\/image\/"},"sameAs":["https:\/\/www.facebook.com\/KapitalisInfo\/","https:\/\/x.com\/KapitalisInfo","https:\/\/www.youtube.com\/channel\/UC-yDYrHyfFBWWZaOw3FPg9Q"]},{"@type":"Person","@id":"https:\/\/kapitalis.com\/tunisie\/#\/schema\/person\/6fc2988ceb6eacf6836db1d8360b4912","name":"zohra abid","url":"https:\/\/kapitalis.com\/tunisie\/author\/zohra-abid-2015\/"}]}},"_links":{"self":[{"href":"https:\/\/kapitalis.com\/tunisie\/wp-json\/wp\/v2\/posts\/65715","targetHints":{"allow":["GET"]}}],"collection":[{"href":"https:\/\/kapitalis.com\/tunisie\/wp-json\/wp\/v2\/posts"}],"about":[{"href":"https:\/\/kapitalis.com\/tunisie\/wp-json\/wp\/v2\/types\/post"}],"author":[{"embeddable":true,"href":"https:\/\/kapitalis.com\/tunisie\/wp-json\/wp\/v2\/users\/7"}],"replies":[{"embeddable":true,"href":"https:\/\/kapitalis.com\/tunisie\/wp-json\/wp\/v2\/comments?post=65715"}],"version-history":[{"count":0,"href":"https:\/\/kapitalis.com\/tunisie\/wp-json\/wp\/v2\/posts\/65715\/revisions"}],"wp:featuredmedia":[{"embeddable":true,"href":"https:\/\/kapitalis.com\/tunisie\/wp-json\/wp\/v2\/media\/65739"}],"wp:attachment":[{"href":"https:\/\/kapitalis.com\/tunisie\/wp-json\/wp\/v2\/media?parent=65715"}],"wp:term":[{"taxonomy":"category","embeddable":true,"href":"https:\/\/kapitalis.com\/tunisie\/wp-json\/wp\/v2\/categories?post=65715"},{"taxonomy":"post_tag","embeddable":true,"href":"https:\/\/kapitalis.com\/tunisie\/wp-json\/wp\/v2\/tags?post=65715"}],"curies":[{"name":"wp","href":"https:\/\/api.w.org\/{rel}","templated":true}]}}