{"id":65767,"date":"2016-09-24T09:01:12","date_gmt":"2016-09-24T08:01:12","guid":{"rendered":"http:\/\/kapitalis.com\/tunisie\/?p=65767"},"modified":"2016-09-24T09:01:12","modified_gmt":"2016-09-24T08:01:12","slug":"la-tunisie-lance-un-plan-national-de-lutte-contre-lalzheimer","status":"publish","type":"post","link":"https:\/\/kapitalis.com\/tunisie\/2016\/09\/24\/la-tunisie-lance-un-plan-national-de-lutte-contre-lalzheimer\/","title":{"rendered":"La Tunisie lance un plan national de lutte contre l\u2019Alzheimer"},"content":{"rendered":"<p><img loading=\"lazy\" decoding=\"async\" class=\"alignnone size-full wp-image-65768 aligncenter\" src=\"http:\/\/kapitalis.com\/tunisie\/wp-content\/uploads\/2016\/09\/Alzheimer.jpg\" alt=\"alzheimer\" width=\"626\" height=\"380\" \/><\/p>\n<p><em><strong>Le minist\u00e8re de la Sant\u00e9 a pris une s\u00e9rie de mesures pour lutter contre l\u2019Alzheimer, une\u00a0maladie qui touche, en Tunisie, 10% de la population \u00e2g\u00e9e de plus de 60 ans.<\/strong> <\/em><\/p>\n<p><!--more--><\/p>\n<p>Les mesures principales consistent dans l\u2019am\u00e9lioration du diagnostic pr\u00e9coce par les structures de la sant\u00e9 publique et la garantie du traitement \u00e0 tous les malades au sein de ces structures, avec une prise en charge des frais des soins par la Caisse nationale d\u2019assurance maladie (CNAM).<\/p>\n<p>C\u2019est ce qu\u2019a annonc\u00e9 le chef de cabinet du ministre de la Sant\u00e9, Hichem Mechichi, lors du 1er congr\u00e8s national sur l\u2019Alzheimer organis\u00e9 vendredi \u00e0 Tunis, par la Soci\u00e9t\u00e9 tunisienne de lutte contre l\u2019Alzheimer, \u00e0 l&rsquo;occasion de la journ\u00e9e mondiale de cette maladie, c\u00e9l\u00e9br\u00e9e le 21 septembre de chaque ann\u00e9e.<\/p>\n<p><em>\u00abIl est \u00e9galement question d\u2019am\u00e9liorer la formation des cadres m\u00e9dicaux et param\u00e9dicaux, notamment en les aidant \u00e0 mieux reconna\u00eetre les sp\u00e9cificit\u00e9s de la maladie, de d\u00e9velopper la prise en charge m\u00e9dicale et sociale des malades et de renforcer la pr\u00e9vention, et ce, dans le cadre d\u2019un plan d\u2019encadrement m\u00e9dical des personnes \u00e2g\u00e9es\u00bb,<\/em> a soulign\u00e9 M. Mechichi. Et d\u2019ajouter que les efforts sont \u00e9galement d\u00e9ploy\u00e9s pour soutenir la recherche scientifique sur cette maladie et am\u00e9liorer le diagnostic pr\u00e9coce et la prise en charge du traitement, notamment \u00e0 travers la cr\u00e9ation de centres sp\u00e9cialis\u00e9s, \u00e0 l\u2019instar du centre Alzheimer du CHU Razi, dans tous les p\u00f4les universitaires et la mise en place d\u2019unit\u00e9s de diagnostic dans les services de neurologie.<\/p>\n<p>Un plan national de lutte contre l\u2019Alzheimer vient d\u2019\u00eatre lanc\u00e9, mercredi, par le minist\u00e8re de la Sant\u00e9 et l\u2019Association Alzheimer Tunisie, qui s\u2019articule autour de 5 axes-cl\u00e9s, dont la facilitation du diagnostic pr\u00e9coce, l\u2019am\u00e9lioration de la prise en charge, le d\u00e9veloppement de la formation des professionnels, le renforcement de la recherche clinique, le suivi \u00e9pid\u00e9miologique de la maladie et l\u2019accompagnement des malades et de leurs familles.<\/p>\n<p>Selon les r\u00e9centes estimations de la Soci\u00e9t\u00e9 tunisienne de lutte contre l\u2019Alzheimer, 10% de la population tunisienne \u00e2g\u00e9e de plus de 60 ans en est atteinte.<\/p>\n<p style=\"text-align: right;\"><strong>I. B.<\/strong> (avec Tap).<\/p>\n","protected":false},"excerpt":{"rendered":"<p>Le minist\u00e8re de la Sant\u00e9 a pris une s\u00e9rie de mesures pour lutter contre l\u2019Alzheimer, une\u00a0maladie qui touche, en Tunisie, 10% de la population \u00e2g\u00e9e de plus de 60 ans.<\/p>\n","protected":false},"author":8,"featured_media":65768,"comment_status":"open","ping_status":"open","sticky":false,"template":"","format":"standard","meta":{"footnotes":""},"categories":[998,2433],"tags":[2438,1543,4997,10069,810],"class_list":["post-65767","post","type-post","status-publish","format-standard","has-post-thumbnail","hentry","category-societe","category-tunisie","tag-alzheimer","tag-maladie","tag-prevention","tag-prise-en-charge","tag-sante"],"yoast_head":"<!-- This site is optimized with the Yoast SEO plugin v26.6 - https:\/\/yoast.com\/wordpress\/plugins\/seo\/ -->\n<title>La Tunisie lance un plan national de lutte contre l\u2019Alzheimer - Kapitalis<\/title>\n<meta name=\"robots\" content=\"index, follow, max-snippet:-1, max-image-preview:large, max-video-preview:-1\" \/>\n<link rel=\"canonical\" href=\"https:\/\/kapitalis.com\/tunisie\/2016\/09\/24\/la-tunisie-lance-un-plan-national-de-lutte-contre-lalzheimer\/\" \/>\n<meta property=\"og:locale\" content=\"fr_FR\" \/>\n<meta property=\"og:type\" content=\"article\" \/>\n<meta property=\"og:title\" content=\"La Tunisie lance un plan national de lutte contre l\u2019Alzheimer - Kapitalis\" \/>\n<meta property=\"og:description\" content=\"Le minist\u00e8re de la Sant\u00e9 a pris une s\u00e9rie de mesures pour lutter contre l\u2019Alzheimer, une\u00a0maladie qui touche, en Tunisie, 10% de la population \u00e2g\u00e9e de plus de 60 ans.\" \/>\n<meta property=\"og:url\" content=\"https:\/\/kapitalis.com\/tunisie\/2016\/09\/24\/la-tunisie-lance-un-plan-national-de-lutte-contre-lalzheimer\/\" \/>\n<meta property=\"og:site_name\" content=\"Kapitalis\" \/>\n<meta property=\"article:publisher\" content=\"https:\/\/www.facebook.com\/KapitalisInfo\/\" \/>\n<meta property=\"article:published_time\" content=\"2016-09-24T08:01:12+00:00\" \/>\n<meta property=\"og:image\" content=\"https:\/\/kapitalis.com\/tunisie\/wp-content\/uploads\/2022\/05\/kapitalis-logo-fb.png\" \/>\n\t<meta property=\"og:image:width\" content=\"1200\" \/>\n\t<meta property=\"og:image:height\" content=\"630\" \/>\n\t<meta property=\"og:image:type\" content=\"image\/png\" \/>\n<meta name=\"author\" content=\"webmaster kapitalis\" \/>\n<meta name=\"twitter:card\" content=\"summary_large_image\" \/>\n<meta name=\"twitter:creator\" content=\"@KapitalisInfo\" \/>\n<meta name=\"twitter:site\" content=\"@KapitalisInfo\" \/>\n<meta name=\"twitter:label1\" content=\"\u00c9crit par\" \/>\n\t<meta name=\"twitter:data1\" content=\"webmaster kapitalis\" \/>\n\t<meta name=\"twitter:label2\" content=\"Dur\u00e9e de lecture estim\u00e9e\" \/>\n\t<meta name=\"twitter:data2\" content=\"2 minutes\" \/>\n<script type=\"application\/ld+json\" class=\"yoast-schema-graph\">{\"@context\":\"https:\/\/schema.org\",\"@graph\":[{\"@type\":\"Article\",\"@id\":\"https:\/\/kapitalis.com\/tunisie\/2016\/09\/24\/la-tunisie-lance-un-plan-national-de-lutte-contre-lalzheimer\/#article\",\"isPartOf\":{\"@id\":\"https:\/\/kapitalis.com\/tunisie\/2016\/09\/24\/la-tunisie-lance-un-plan-national-de-lutte-contre-lalzheimer\/\"},\"author\":{\"name\":\"webmaster kapitalis\",\"@id\":\"https:\/\/kapitalis.com\/tunisie\/#\/schema\/person\/d71f33a9ca44f7bad4698210b480c8e9\"},\"headline\":\"La Tunisie lance un plan national de lutte contre l\u2019Alzheimer\",\"datePublished\":\"2016-09-24T08:01:12+00:00\",\"mainEntityOfPage\":{\"@id\":\"https:\/\/kapitalis.com\/tunisie\/2016\/09\/24\/la-tunisie-lance-un-plan-national-de-lutte-contre-lalzheimer\/\"},\"wordCount\":401,\"commentCount\":0,\"publisher\":{\"@id\":\"https:\/\/kapitalis.com\/tunisie\/#organization\"},\"image\":{\"@id\":\"https:\/\/kapitalis.com\/tunisie\/2016\/09\/24\/la-tunisie-lance-un-plan-national-de-lutte-contre-lalzheimer\/#primaryimage\"},\"thumbnailUrl\":\"\",\"keywords\":[\"Alzheimer\",\"maladie\",\"pr\u00e9vention\",\"prise en charge\",\"Sant\u00e9\"],\"articleSection\":[\"SOCIETE\",\"Tunisie\"],\"inLanguage\":\"fr-FR\",\"potentialAction\":[{\"@type\":\"CommentAction\",\"name\":\"Comment\",\"target\":[\"https:\/\/kapitalis.com\/tunisie\/2016\/09\/24\/la-tunisie-lance-un-plan-national-de-lutte-contre-lalzheimer\/#respond\"]}]},{\"@type\":\"WebPage\",\"@id\":\"https:\/\/kapitalis.com\/tunisie\/2016\/09\/24\/la-tunisie-lance-un-plan-national-de-lutte-contre-lalzheimer\/\",\"url\":\"https:\/\/kapitalis.com\/tunisie\/2016\/09\/24\/la-tunisie-lance-un-plan-national-de-lutte-contre-lalzheimer\/\",\"name\":\"La Tunisie lance un plan national de lutte contre l\u2019Alzheimer - Kapitalis\",\"isPartOf\":{\"@id\":\"https:\/\/kapitalis.com\/tunisie\/#website\"},\"primaryImageOfPage\":{\"@id\":\"https:\/\/kapitalis.com\/tunisie\/2016\/09\/24\/la-tunisie-lance-un-plan-national-de-lutte-contre-lalzheimer\/#primaryimage\"},\"image\":{\"@id\":\"https:\/\/kapitalis.com\/tunisie\/2016\/09\/24\/la-tunisie-lance-un-plan-national-de-lutte-contre-lalzheimer\/#primaryimage\"},\"thumbnailUrl\":\"\",\"datePublished\":\"2016-09-24T08:01:12+00:00\",\"breadcrumb\":{\"@id\":\"https:\/\/kapitalis.com\/tunisie\/2016\/09\/24\/la-tunisie-lance-un-plan-national-de-lutte-contre-lalzheimer\/#breadcrumb\"},\"inLanguage\":\"fr-FR\",\"potentialAction\":[{\"@type\":\"ReadAction\",\"target\":[\"https:\/\/kapitalis.com\/tunisie\/2016\/09\/24\/la-tunisie-lance-un-plan-national-de-lutte-contre-lalzheimer\/\"]}]},{\"@type\":\"ImageObject\",\"inLanguage\":\"fr-FR\",\"@id\":\"https:\/\/kapitalis.com\/tunisie\/2016\/09\/24\/la-tunisie-lance-un-plan-national-de-lutte-contre-lalzheimer\/#primaryimage\",\"url\":\"\",\"contentUrl\":\"\"},{\"@type\":\"BreadcrumbList\",\"@id\":\"https:\/\/kapitalis.com\/tunisie\/2016\/09\/24\/la-tunisie-lance-un-plan-national-de-lutte-contre-lalzheimer\/#breadcrumb\",\"itemListElement\":[{\"@type\":\"ListItem\",\"position\":1,\"name\":\"Accueil\",\"item\":\"https:\/\/kapitalis.com\/tunisie\/\"},{\"@type\":\"ListItem\",\"position\":2,\"name\":\"La Tunisie lance un plan national de lutte contre l\u2019Alzheimer\"}]},{\"@type\":\"WebSite\",\"@id\":\"https:\/\/kapitalis.com\/tunisie\/#website\",\"url\":\"https:\/\/kapitalis.com\/tunisie\/\",\"name\":\"Kapitalis\",\"description\":\"L&#039;actualit\u00e9 en Tunisie et dans le monde\",\"publisher\":{\"@id\":\"https:\/\/kapitalis.com\/tunisie\/#organization\"},\"potentialAction\":[{\"@type\":\"SearchAction\",\"target\":{\"@type\":\"EntryPoint\",\"urlTemplate\":\"https:\/\/kapitalis.com\/tunisie\/?s={search_term_string}\"},\"query-input\":{\"@type\":\"PropertyValueSpecification\",\"valueRequired\":true,\"valueName\":\"search_term_string\"}}],\"inLanguage\":\"fr-FR\"},{\"@type\":\"Organization\",\"@id\":\"https:\/\/kapitalis.com\/tunisie\/#organization\",\"name\":\"Kapitalis\",\"url\":\"https:\/\/kapitalis.com\/tunisie\/\",\"logo\":{\"@type\":\"ImageObject\",\"inLanguage\":\"fr-FR\",\"@id\":\"https:\/\/kapitalis.com\/tunisie\/#\/schema\/logo\/image\/\",\"url\":\"https:\/\/kapitalis.com\/tunisie\/wp-content\/uploads\/2022\/05\/Kapitalis-big-size.png\",\"contentUrl\":\"https:\/\/kapitalis.com\/tunisie\/wp-content\/uploads\/2022\/05\/Kapitalis-big-size.png\",\"width\":5000,\"height\":1500,\"caption\":\"Kapitalis\"},\"image\":{\"@id\":\"https:\/\/kapitalis.com\/tunisie\/#\/schema\/logo\/image\/\"},\"sameAs\":[\"https:\/\/www.facebook.com\/KapitalisInfo\/\",\"https:\/\/x.com\/KapitalisInfo\",\"https:\/\/www.youtube.com\/channel\/UC-yDYrHyfFBWWZaOw3FPg9Q\"]},{\"@type\":\"Person\",\"@id\":\"https:\/\/kapitalis.com\/tunisie\/#\/schema\/person\/d71f33a9ca44f7bad4698210b480c8e9\",\"name\":\"webmaster kapitalis\",\"url\":\"https:\/\/kapitalis.com\/tunisie\/author\/webmaster-kapitalis\/\"}]}<\/script>\n<!-- \/ Yoast SEO plugin. -->","yoast_head_json":{"title":"La Tunisie lance un plan national de lutte contre l\u2019Alzheimer - Kapitalis","robots":{"index":"index","follow":"follow","max-snippet":"max-snippet:-1","max-image-preview":"max-image-preview:large","max-video-preview":"max-video-preview:-1"},"canonical":"https:\/\/kapitalis.com\/tunisie\/2016\/09\/24\/la-tunisie-lance-un-plan-national-de-lutte-contre-lalzheimer\/","og_locale":"fr_FR","og_type":"article","og_title":"La Tunisie lance un plan national de lutte contre l\u2019Alzheimer - Kapitalis","og_description":"Le minist\u00e8re de la Sant\u00e9 a pris une s\u00e9rie de mesures pour lutter contre l\u2019Alzheimer, une\u00a0maladie qui touche, en Tunisie, 10% de la population \u00e2g\u00e9e de plus de 60 ans.","og_url":"https:\/\/kapitalis.com\/tunisie\/2016\/09\/24\/la-tunisie-lance-un-plan-national-de-lutte-contre-lalzheimer\/","og_site_name":"Kapitalis","article_publisher":"https:\/\/www.facebook.com\/KapitalisInfo\/","article_published_time":"2016-09-24T08:01:12+00:00","og_image":[{"width":1200,"height":630,"url":"https:\/\/kapitalis.com\/tunisie\/wp-content\/uploads\/2022\/05\/kapitalis-logo-fb.png","type":"image\/png"}],"author":"webmaster kapitalis","twitter_card":"summary_large_image","twitter_creator":"@KapitalisInfo","twitter_site":"@KapitalisInfo","twitter_misc":{"\u00c9crit par":"webmaster kapitalis","Dur\u00e9e de lecture estim\u00e9e":"2 minutes"},"schema":{"@context":"https:\/\/schema.org","@graph":[{"@type":"Article","@id":"https:\/\/kapitalis.com\/tunisie\/2016\/09\/24\/la-tunisie-lance-un-plan-national-de-lutte-contre-lalzheimer\/#article","isPartOf":{"@id":"https:\/\/kapitalis.com\/tunisie\/2016\/09\/24\/la-tunisie-lance-un-plan-national-de-lutte-contre-lalzheimer\/"},"author":{"name":"webmaster kapitalis","@id":"https:\/\/kapitalis.com\/tunisie\/#\/schema\/person\/d71f33a9ca44f7bad4698210b480c8e9"},"headline":"La Tunisie lance un plan national de lutte contre l\u2019Alzheimer","datePublished":"2016-09-24T08:01:12+00:00","mainEntityOfPage":{"@id":"https:\/\/kapitalis.com\/tunisie\/2016\/09\/24\/la-tunisie-lance-un-plan-national-de-lutte-contre-lalzheimer\/"},"wordCount":401,"commentCount":0,"publisher":{"@id":"https:\/\/kapitalis.com\/tunisie\/#organization"},"image":{"@id":"https:\/\/kapitalis.com\/tunisie\/2016\/09\/24\/la-tunisie-lance-un-plan-national-de-lutte-contre-lalzheimer\/#primaryimage"},"thumbnailUrl":"","keywords":["Alzheimer","maladie","pr\u00e9vention","prise en charge","Sant\u00e9"],"articleSection":["SOCIETE","Tunisie"],"inLanguage":"fr-FR","potentialAction":[{"@type":"CommentAction","name":"Comment","target":["https:\/\/kapitalis.com\/tunisie\/2016\/09\/24\/la-tunisie-lance-un-plan-national-de-lutte-contre-lalzheimer\/#respond"]}]},{"@type":"WebPage","@id":"https:\/\/kapitalis.com\/tunisie\/2016\/09\/24\/la-tunisie-lance-un-plan-national-de-lutte-contre-lalzheimer\/","url":"https:\/\/kapitalis.com\/tunisie\/2016\/09\/24\/la-tunisie-lance-un-plan-national-de-lutte-contre-lalzheimer\/","name":"La Tunisie lance un plan national de lutte contre l\u2019Alzheimer - Kapitalis","isPartOf":{"@id":"https:\/\/kapitalis.com\/tunisie\/#website"},"primaryImageOfPage":{"@id":"https:\/\/kapitalis.com\/tunisie\/2016\/09\/24\/la-tunisie-lance-un-plan-national-de-lutte-contre-lalzheimer\/#primaryimage"},"image":{"@id":"https:\/\/kapitalis.com\/tunisie\/2016\/09\/24\/la-tunisie-lance-un-plan-national-de-lutte-contre-lalzheimer\/#primaryimage"},"thumbnailUrl":"","datePublished":"2016-09-24T08:01:12+00:00","breadcrumb":{"@id":"https:\/\/kapitalis.com\/tunisie\/2016\/09\/24\/la-tunisie-lance-un-plan-national-de-lutte-contre-lalzheimer\/#breadcrumb"},"inLanguage":"fr-FR","potentialAction":[{"@type":"ReadAction","target":["https:\/\/kapitalis.com\/tunisie\/2016\/09\/24\/la-tunisie-lance-un-plan-national-de-lutte-contre-lalzheimer\/"]}]},{"@type":"ImageObject","inLanguage":"fr-FR","@id":"https:\/\/kapitalis.com\/tunisie\/2016\/09\/24\/la-tunisie-lance-un-plan-national-de-lutte-contre-lalzheimer\/#primaryimage","url":"","contentUrl":""},{"@type":"BreadcrumbList","@id":"https:\/\/kapitalis.com\/tunisie\/2016\/09\/24\/la-tunisie-lance-un-plan-national-de-lutte-contre-lalzheimer\/#breadcrumb","itemListElement":[{"@type":"ListItem","position":1,"name":"Accueil","item":"https:\/\/kapitalis.com\/tunisie\/"},{"@type":"ListItem","position":2,"name":"La Tunisie lance un plan national de lutte contre l\u2019Alzheimer"}]},{"@type":"WebSite","@id":"https:\/\/kapitalis.com\/tunisie\/#website","url":"https:\/\/kapitalis.com\/tunisie\/","name":"Kapitalis","description":"L&#039;actualit\u00e9 en Tunisie et dans le monde","publisher":{"@id":"https:\/\/kapitalis.com\/tunisie\/#organization"},"potentialAction":[{"@type":"SearchAction","target":{"@type":"EntryPoint","urlTemplate":"https:\/\/kapitalis.com\/tunisie\/?s={search_term_string}"},"query-input":{"@type":"PropertyValueSpecification","valueRequired":true,"valueName":"search_term_string"}}],"inLanguage":"fr-FR"},{"@type":"Organization","@id":"https:\/\/kapitalis.com\/tunisie\/#organization","name":"Kapitalis","url":"https:\/\/kapitalis.com\/tunisie\/","logo":{"@type":"ImageObject","inLanguage":"fr-FR","@id":"https:\/\/kapitalis.com\/tunisie\/#\/schema\/logo\/image\/","url":"https:\/\/kapitalis.com\/tunisie\/wp-content\/uploads\/2022\/05\/Kapitalis-big-size.png","contentUrl":"https:\/\/kapitalis.com\/tunisie\/wp-content\/uploads\/2022\/05\/Kapitalis-big-size.png","width":5000,"height":1500,"caption":"Kapitalis"},"image":{"@id":"https:\/\/kapitalis.com\/tunisie\/#\/schema\/logo\/image\/"},"sameAs":["https:\/\/www.facebook.com\/KapitalisInfo\/","https:\/\/x.com\/KapitalisInfo","https:\/\/www.youtube.com\/channel\/UC-yDYrHyfFBWWZaOw3FPg9Q"]},{"@type":"Person","@id":"https:\/\/kapitalis.com\/tunisie\/#\/schema\/person\/d71f33a9ca44f7bad4698210b480c8e9","name":"webmaster kapitalis","url":"https:\/\/kapitalis.com\/tunisie\/author\/webmaster-kapitalis\/"}]}},"_links":{"self":[{"href":"https:\/\/kapitalis.com\/tunisie\/wp-json\/wp\/v2\/posts\/65767","targetHints":{"allow":["GET"]}}],"collection":[{"href":"https:\/\/kapitalis.com\/tunisie\/wp-json\/wp\/v2\/posts"}],"about":[{"href":"https:\/\/kapitalis.com\/tunisie\/wp-json\/wp\/v2\/types\/post"}],"author":[{"embeddable":true,"href":"https:\/\/kapitalis.com\/tunisie\/wp-json\/wp\/v2\/users\/8"}],"replies":[{"embeddable":true,"href":"https:\/\/kapitalis.com\/tunisie\/wp-json\/wp\/v2\/comments?post=65767"}],"version-history":[{"count":0,"href":"https:\/\/kapitalis.com\/tunisie\/wp-json\/wp\/v2\/posts\/65767\/revisions"}],"wp:featuredmedia":[{"embeddable":true,"href":"https:\/\/kapitalis.com\/tunisie\/wp-json\/wp\/v2\/media\/65768"}],"wp:attachment":[{"href":"https:\/\/kapitalis.com\/tunisie\/wp-json\/wp\/v2\/media?parent=65767"}],"wp:term":[{"taxonomy":"category","embeddable":true,"href":"https:\/\/kapitalis.com\/tunisie\/wp-json\/wp\/v2\/categories?post=65767"},{"taxonomy":"post_tag","embeddable":true,"href":"https:\/\/kapitalis.com\/tunisie\/wp-json\/wp\/v2\/tags?post=65767"}],"curies":[{"name":"wp","href":"https:\/\/api.w.org\/{rel}","templated":true}]}}