{"id":6579467,"date":"2023-02-20T10:26:38","date_gmt":"2023-02-20T09:26:38","guid":{"rendered":"https:\/\/kapitalis.com\/tunisie\/?p=6579467"},"modified":"2023-02-20T10:26:40","modified_gmt":"2023-02-20T09:26:40","slug":"sale-temps-pour-lopposition-et-les-medias-en-tunisie","status":"publish","type":"post","link":"https:\/\/kapitalis.com\/tunisie\/2023\/02\/20\/sale-temps-pour-lopposition-et-les-medias-en-tunisie\/","title":{"rendered":"Sale temps pour l\u2019opposition et les m\u00e9dias en Tunisie"},"content":{"rendered":"\n<p><strong><em>Dix personnalit\u00e9s publiques arr\u00eat\u00e9es, alors que le pr\u00e9sident Ka\u00efs Sa\u00efed poursuit ce qu\u2019Amnesty International et les groupes de d\u00e9fense des droits appellent une r\u00e9pression l\u2019opposition et des m\u00e9dias.<\/em><\/strong><\/p>\n\n\n\n<p>Par <strong>Simon Speakman Cordall<\/strong> *<\/p>\n\n\n\n<!--more-->\n\n\n<div class=\"wp-block-image\">\n<figure class=\"alignleft size-full\"><img loading=\"lazy\" decoding=\"async\" width=\"200\" height=\"200\" src=\"https:\/\/kapitalis.com\/tunisie\/wp-content\/uploads\/2023\/01\/Simon-Speakman-Cordall.jpg\" alt=\"\" class=\"wp-image-5906128\" srcset=\"https:\/\/kapitalis.com\/tunisie\/wp-content\/uploads\/2023\/01\/Simon-Speakman-Cordall.jpg 200w, https:\/\/kapitalis.com\/tunisie\/wp-content\/uploads\/2023\/01\/Simon-Speakman-Cordall-150x150.jpg 150w, https:\/\/kapitalis.com\/tunisie\/wp-content\/uploads\/2023\/01\/Simon-Speakman-Cordall-120x120.jpg 120w\" sizes=\"auto, (max-width: 200px) 100vw, 200px\" \/><\/figure>\n<\/div>\n\n\n<p>Des groupes de d\u00e9fense des droits ont exprim\u00e9 leur grave inqui\u00e9tude face \u00e0 la r\u00e9pression des personnalit\u00e9s de l\u2019opposition et des m\u00e9dias en Tunisie, o\u00f9 10 personnalit\u00e9s publiques ont \u00e9t\u00e9 arr\u00eat\u00e9es depuis samedi 11 f\u00e9vrier 2023 alors que le pr\u00e9sident Ka\u00efs Sa\u00efed semble agir pour \u00e9radiquer la dissidence.<\/p>\n\n\n\n<p><em>\u00abNous assistons \u00e0 une r\u00e9pression croissante de la dissidence en Tunisie\u00bb<\/em>, a d\u00e9clar\u00e9 Amna Guellali, directrice adjointe d\u2019Amnesty International pour le Moyen-Orient et l\u2019Afrique du Nord. <em>\u00abSa\u00efed utilise toutes les ressources de l\u2019\u00c9tat pour renforcer son projet absolutiste. Quiconque s\u2019oppose \u00e0 lui, que ce soit politiquement ou dans les m\u00e9dias, est en danger dans cette chasse aux sorci\u00e8res\u00bb<\/em>, a d\u00e9clar\u00e9 Guellali, qui est bas\u00e9 \u00e0 Tunis, la capitale tunisienne.<\/p>\n\n\n\n<p>Parmi les personnes arr\u00eat\u00e9es la semaine derni\u00e8re figurent un homme d\u2019affaires de premier plan, le directeur d\u2019une station de radio priv\u00e9e populaire et des membres du parti d\u2019inspiration islamiste Ennahdha. Ce sont principalement des critiques de Sa\u00efed, qui en 2021 a limog\u00e9 le gouvernement, gel\u00e9 le parlement et s\u2019est empar\u00e9 du pouvoir presque total dans une s\u00e9rie d\u2019actions que ses rivaux ont qualifi\u00e9es de coup d\u2019\u00c9tat.<\/p>\n\n\n\n<p>Les \u00c9tats-Unis, l\u2019Onu, l\u2019Allemagne et d\u2019autres ont \u00e9galement fait part de leur inqui\u00e9tude face au dernier coup port\u00e9 aux fragiles avanc\u00e9es d\u00e9mocratiques r\u00e9alis\u00e9es dans le berceau du printemps arabe, o\u00f9 les manifestations de 2011 ont renvers\u00e9 le chef autocratique, Zine El Abidine Ben Ali.<\/p>\n\n\n\n<h2 class=\"wp-block-heading\">Volont\u00e9 de mettre au pas les m\u00e9dias<\/h2>\n\n\n\n<p>Dans une d\u00e9claration la semaine \u00e9coul\u00e9e, le commissaire des Nations Unies aux droits de l\u2019homme, Volker T\u00fcrk, s\u2019est dit pr\u00e9occup\u00e9 par la nature complotiste de bon nombre des accusations port\u00e9es contre les personnes arr\u00eat\u00e9es, notamment leur implication dans des complots contre l\u2019\u00c9tat.<\/p>\n\n\n\n<p>Jeudi, des membres du Syndicat national des journalistes tunisiens (SNJT) ont manifest\u00e9 contre les arrestations \u00e0 Tunis et appel\u00e9 \u00e0 la lib\u00e9ration de <a href=\"https:\/\/kapitalis.com\/tunisie\/2023\/02\/17\/rendons-justice-a-noureddine-boutar-et-mosaique-fm\/\" target=\"_blank\" rel=\"noreferrer noopener\">Noureddine Boutar<\/a>, le directeur g\u00e9n\u00e9ral de la radio priv\u00e9e Mosa\u00efque FM.<\/p>\n\n\n\n<figure class=\"wp-block-embed is-type-wp-embed is-provider-kapitalis wp-block-embed-kapitalis\"><div class=\"wp-block-embed__wrapper\">\n<blockquote class=\"wp-embedded-content\" data-secret=\"78kXXB3axL\"><a href=\"https:\/\/kapitalis.com\/tunisie\/2023\/02\/15\/kais-saied-le-dirigeant-politique-le-moins-deteste-en-tunisie\/\">Ka\u00efs Sa\u00efed, le dirigeant politique le moins d\u00e9test\u00e9 en Tunisie<\/a><\/blockquote><iframe loading=\"lazy\" class=\"wp-embedded-content\" sandbox=\"allow-scripts\" security=\"restricted\" style=\"position: absolute; clip: rect(1px, 1px, 1px, 1px);\" title=\"\u00ab\u00a0Ka\u00efs Sa\u00efed, le dirigeant politique le moins d\u00e9test\u00e9 en Tunisie\u00a0\u00bb &#8212; Kapitalis\" src=\"https:\/\/kapitalis.com\/tunisie\/2023\/02\/15\/kais-saied-le-dirigeant-politique-le-moins-deteste-en-tunisie\/embed\/#?secret=vl4c6FvS1s#?secret=78kXXB3axL\" data-secret=\"78kXXB3axL\" width=\"600\" height=\"338\" frameborder=\"0\" marginwidth=\"0\" marginheight=\"0\" scrolling=\"no\"><\/iframe>\n<\/div><\/figure>\n\n\n\n<p><em>\u00abLes autorit\u00e9s veulent mettre au pas les m\u00e9dias priv\u00e9s et publics, et l\u2019arrestation<\/em> [de Boutar] <em>est une tentative d\u2019intimidation de tout le secteur\u00bb<\/em>, a d\u00e9clar\u00e9 le directeur du SNJT, <a href=\"https:\/\/kapitalis.com\/tunisie\/2023\/02\/15\/yassine-jelassi-avertit-tous-les-tunisiens-sont-en-liberte-provisoire\/\" target=\"_blank\" rel=\"noreferrer noopener\">Yassine Jelassi<\/a>.<\/p>\n\n\n\n<p>Selon les avocats de Boutar, l\u2019interrogatoire de la police s\u2019est concentr\u00e9 sur la politique \u00e9ditoriale de la station, plut\u00f4t que sur la suspicion d\u2019actes r\u00e9pr\u00e9hensibles. Mosa\u00efque FM a souvent critiqu\u00e9 Sa\u00efed, ce qui en fait une <em>\u00ababerration\u00bb<\/em> dans un environnement m\u00e9diatique o\u00f9 la plupart des titres et des plateformes s\u2019autocensurent ou r\u00e9p\u00e8tent sans critique les lignes d\u2019attaque du pr\u00e9sident.<\/p>\n\n\n\n<p><em>\u00abNous n\u2019avons pas l\u2019intention de changer notre ligne \u00e9ditoriale\u00bb<\/em>, a d\u00e9clar\u00e9 Haythem El Mekki, commentateur de l\u2019\u00e9mission populaire de midi de Mosa\u00efque et critique virulent de Sa\u00efed. <em>\u00abSi nous changeons maintenant, c\u2019est comme admettre que nous sommes coupables ou que nous avons fait quelque chose de mal. Nous ne le ferons pas\u00bb, <\/em>a-t-il dit.<\/p>\n\n\n\n<h2 class=\"wp-block-heading\">Pour Sa\u00efed, tout est de la faute des opposants<\/h2>\n\n\n\n<p>Sa\u00efed a ripost\u00e9 aux critiques, d\u00e9clarant dans une vid\u00e9o publi\u00e9e jeudi sur la page Facebook de la pr\u00e9sidence : <em>\u00abUn seul journal a-t-il \u00e9t\u00e9 ferm\u00e9 ? Un seul programme a-t-il \u00e9t\u00e9 interdit ? Un seul journaliste a-t-il \u00e9t\u00e9 poursuivi pour quoi que ce soit en rapport avec le journalisme ?\u00bb<\/em><\/p>\n\n\n\n<p>Il s\u2019est \u00e9galement prononc\u00e9 contre les critiques de l\u2019\u00e9tranger, d\u00e9clarant: <em>\u00abNous ne sommes pas un pays occup\u00e9 ou sous protectorat, nous sommes un \u00c9tat souverain et nous savons tr\u00e8s bien ce que nous faisons.\u00bb<\/em><\/p>\n\n\n\n<p>La Tunisie a \u00e9t\u00e9 durement touch\u00e9e par des troubles \u00e9conomiques ces derniers mois, alimentant la col\u00e8re envers Sa\u00efed. Les gr\u00e8ves sont devenues monnaie courante, tout comme les p\u00e9nuries d\u2019aliments de base subventionn\u00e9s tels que les p\u00e2tes, le caf\u00e9 et le sucre.<\/p>\n\n\n\n<p>Les \u00e9conomistes ont attribu\u00e9 bon nombre des probl\u00e8mes aux retards dans l\u2019obtention d\u2019un pr\u00eat n\u00e9cessaire du FMI, mais Sa\u00efed a rejet\u00e9 la faute sur ceux qui s\u2019opposent \u00e0 lui, les accusant de planifier pour fomenter le chaos social.<\/p>\n\n\n\n<figure class=\"wp-block-embed is-type-wp-embed is-provider-kapitalis wp-block-embed-kapitalis\"><div class=\"wp-block-embed__wrapper\">\n<blockquote class=\"wp-embedded-content\" data-secret=\"GCpGkjBSft\"><a href=\"https:\/\/kapitalis.com\/tunisie\/2023\/01\/02\/un-saied-affaibli-seme-le-trouble-en-tunisie\/\">Un Sa\u00efed affaibli s\u00e8me le trouble en Tunisie<\/a><\/blockquote><iframe loading=\"lazy\" class=\"wp-embedded-content\" sandbox=\"allow-scripts\" security=\"restricted\" style=\"position: absolute; clip: rect(1px, 1px, 1px, 1px);\" title=\"\u00ab\u00a0Un Sa\u00efed affaibli s\u00e8me le trouble en Tunisie\u00a0\u00bb &#8212; Kapitalis\" src=\"https:\/\/kapitalis.com\/tunisie\/2023\/01\/02\/un-saied-affaibli-seme-le-trouble-en-tunisie\/embed\/#?secret=sCRrugsczo#?secret=GCpGkjBSft\" data-secret=\"GCpGkjBSft\" width=\"600\" height=\"338\" frameborder=\"0\" marginwidth=\"0\" marginheight=\"0\" scrolling=\"no\"><\/iframe>\n<\/div><\/figure>\n\n\n\n<p>Parall\u00e8lement \u00e0 la r\u00e9cente r\u00e9pression, Sa\u00efed est engag\u00e9 dans une bataille continue avec l\u2019UGTT, le puissant syndicat du pays, qui a \u00e9galement d\u00e9nonc\u00e9 les arrestations. Le syndicat pr\u00e9voit une s\u00e9rie de gr\u00e8ves sur ce qu\u2019il pr\u00e9tend \u00eatre un reniement par le gouvernement des promesses ant\u00e9rieures d\u2019augmenter les salaires du secteur public, et ce dans le cadre des n\u00e9gociations avec le FMI.<\/p>\n\n\n\n<p>Bien que Sa\u00efed b\u00e9n\u00e9ficie toujours d\u2019un certain soutien populaire, celui-ci a consid\u00e9rablement diminu\u00e9 depuis sa prise de pouvoir en 2021, qui a \u00e9t\u00e9 salu\u00e9e \u00e0 l\u2019\u00e9poque par de nombreux Tunisiens frustr\u00e9s par les divisions politiques et l\u2019inaction de la part du pouvoir l\u00e9gislatif.<\/p>\n\n\n\n<p>Dans un r\u00e9cent coup port\u00e9 \u00e0 sa l\u00e9gitimit\u00e9, le taux de participation aux deux tours des \u00e9lections l\u00e9gislatives s\u2019est \u00e9lev\u00e9 \u00e0 seulement 11%.<\/p>\n\n\n\n<p>La nouvelle constitution r\u00e9duit consid\u00e9rablement l&rsquo;importance des partis politiques tunisiens, qui ont \u00e9t\u00e9 qualifi\u00e9s par Sa\u00efed d\u2019<em>\u00abennemis du peuple.\u00bb<\/em><\/p>\n\n\n\n<p class=\"has-text-align-right\"><em>Article traduit de l\u2019anglais.<\/em><\/p>\n\n\n\n<p><strong><em>Source: <\/em><\/strong><a href=\"https:\/\/www.theguardian.com\/world\/2023\/feb\/17\/tunisia-crackdown-on-opposition-and-media-figures-alarms-rights-groups\" target=\"_blank\" rel=\"noreferrer noopener\">The Guardian.<\/a> <\/p>\n\n\n\n<p><em>* Journaliste ind\u00e9pendant bas\u00e9 \u00e0 Tunis. <\/em><\/p>\n\n\n\n<p><em>** Le titre et les intertitres sont de la r\u00e9daction. <\/em><\/p>\n","protected":false},"excerpt":{"rendered":"<p>Le pr\u00e9sident Ka\u00efs Sa\u00efed poursuit ce que les groupes de d\u00e9fense des droits appellent une r\u00e9pression l\u2019opposition et des m\u00e9dias.<\/p>\n","protected":false},"author":8,"featured_media":6549147,"comment_status":"open","ping_status":"open","sticky":false,"template":"","format":"standard","meta":{"footnotes":""},"categories":[992,997,2433],"tags":[84618,49543,79579,76012,4166,106605,106644,62643,100917],"class_list":["post-6579467","post","type-post","status-publish","format-standard","has-post-thumbnail","hentry","category-a-la-une","category-politique","category-tunisie","tag-amna-guellali","tag-ennahdha","tag-haythem-el-mekki","tag-kais-saied-2","tag-mosaique-fm","tag-noureddine-boutar","tag-simon-speakman-cordall","tag-tunisie","tag-yassine-jelassi"],"yoast_head":"<!-- This site is optimized with the Yoast SEO plugin v26.6 - https:\/\/yoast.com\/wordpress\/plugins\/seo\/ -->\n<title>Sale temps pour l\u2019opposition et les m\u00e9dias en Tunisie - Kapitalis<\/title>\n<meta name=\"robots\" content=\"index, follow, max-snippet:-1, max-image-preview:large, max-video-preview:-1\" \/>\n<link rel=\"canonical\" href=\"https:\/\/kapitalis.com\/tunisie\/2023\/02\/20\/sale-temps-pour-lopposition-et-les-medias-en-tunisie\/\" \/>\n<meta property=\"og:locale\" content=\"fr_FR\" \/>\n<meta property=\"og:type\" content=\"article\" \/>\n<meta property=\"og:title\" content=\"Sale temps pour l\u2019opposition et les m\u00e9dias en Tunisie - Kapitalis\" \/>\n<meta property=\"og:description\" content=\"Le pr\u00e9sident Ka\u00efs Sa\u00efed poursuit ce que les groupes de d\u00e9fense des droits appellent une r\u00e9pression l\u2019opposition et des m\u00e9dias.\" \/>\n<meta property=\"og:url\" content=\"https:\/\/kapitalis.com\/tunisie\/2023\/02\/20\/sale-temps-pour-lopposition-et-les-medias-en-tunisie\/\" \/>\n<meta property=\"og:site_name\" content=\"Kapitalis\" \/>\n<meta property=\"article:publisher\" content=\"https:\/\/www.facebook.com\/KapitalisInfo\/\" \/>\n<meta property=\"article:published_time\" content=\"2023-02-20T09:26:38+00:00\" \/>\n<meta property=\"article:modified_time\" content=\"2023-02-20T09:26:40+00:00\" \/>\n<meta property=\"og:image\" content=\"https:\/\/kapitalis.com\/tunisie\/wp-content\/uploads\/2023\/02\/Kais-Saied-Taoufik-Charfeddine.jpg\" \/>\n\t<meta property=\"og:image:width\" content=\"1200\" \/>\n\t<meta property=\"og:image:height\" content=\"630\" \/>\n\t<meta property=\"og:image:type\" content=\"image\/jpeg\" \/>\n<meta name=\"author\" content=\"webmaster kapitalis\" \/>\n<meta name=\"twitter:card\" content=\"summary_large_image\" \/>\n<meta name=\"twitter:creator\" content=\"@KapitalisInfo\" \/>\n<meta name=\"twitter:site\" content=\"@KapitalisInfo\" \/>\n<meta name=\"twitter:label1\" content=\"\u00c9crit par\" \/>\n\t<meta name=\"twitter:data1\" content=\"webmaster kapitalis\" \/>\n\t<meta name=\"twitter:label2\" content=\"Dur\u00e9e de lecture estim\u00e9e\" \/>\n\t<meta name=\"twitter:data2\" content=\"5 minutes\" \/>\n<script type=\"application\/ld+json\" class=\"yoast-schema-graph\">{\"@context\":\"https:\/\/schema.org\",\"@graph\":[{\"@type\":\"Article\",\"@id\":\"https:\/\/kapitalis.com\/tunisie\/2023\/02\/20\/sale-temps-pour-lopposition-et-les-medias-en-tunisie\/#article\",\"isPartOf\":{\"@id\":\"https:\/\/kapitalis.com\/tunisie\/2023\/02\/20\/sale-temps-pour-lopposition-et-les-medias-en-tunisie\/\"},\"author\":{\"name\":\"webmaster kapitalis\",\"@id\":\"https:\/\/kapitalis.com\/tunisie\/#\/schema\/person\/d71f33a9ca44f7bad4698210b480c8e9\"},\"headline\":\"Sale temps pour l\u2019opposition et les m\u00e9dias en Tunisie\",\"datePublished\":\"2023-02-20T09:26:38+00:00\",\"dateModified\":\"2023-02-20T09:26:40+00:00\",\"mainEntityOfPage\":{\"@id\":\"https:\/\/kapitalis.com\/tunisie\/2023\/02\/20\/sale-temps-pour-lopposition-et-les-medias-en-tunisie\/\"},\"wordCount\":982,\"commentCount\":1,\"publisher\":{\"@id\":\"https:\/\/kapitalis.com\/tunisie\/#organization\"},\"image\":{\"@id\":\"https:\/\/kapitalis.com\/tunisie\/2023\/02\/20\/sale-temps-pour-lopposition-et-les-medias-en-tunisie\/#primaryimage\"},\"thumbnailUrl\":\"https:\/\/kapitalis.com\/tunisie\/wp-content\/uploads\/2023\/02\/Kais-Saied-Taoufik-Charfeddine.jpg\",\"keywords\":[\"Amna guellali\",\"Ennahdha\",\"Haythem El Mekki\",\"Ka\u00efs Sa\u00efed\",\"Mosa\u00efque FM\",\"Noureddine Boutar\",\"Simon Speakman Cordall\",\"Tunisie\",\"Yassine Jelassi\"],\"articleSection\":[\"A LA UNE\",\"POLITIQUE\",\"Tunisie\"],\"inLanguage\":\"fr-FR\",\"potentialAction\":[{\"@type\":\"CommentAction\",\"name\":\"Comment\",\"target\":[\"https:\/\/kapitalis.com\/tunisie\/2023\/02\/20\/sale-temps-pour-lopposition-et-les-medias-en-tunisie\/#respond\"]}]},{\"@type\":\"WebPage\",\"@id\":\"https:\/\/kapitalis.com\/tunisie\/2023\/02\/20\/sale-temps-pour-lopposition-et-les-medias-en-tunisie\/\",\"url\":\"https:\/\/kapitalis.com\/tunisie\/2023\/02\/20\/sale-temps-pour-lopposition-et-les-medias-en-tunisie\/\",\"name\":\"Sale temps pour l\u2019opposition et les m\u00e9dias en Tunisie - Kapitalis\",\"isPartOf\":{\"@id\":\"https:\/\/kapitalis.com\/tunisie\/#website\"},\"primaryImageOfPage\":{\"@id\":\"https:\/\/kapitalis.com\/tunisie\/2023\/02\/20\/sale-temps-pour-lopposition-et-les-medias-en-tunisie\/#primaryimage\"},\"image\":{\"@id\":\"https:\/\/kapitalis.com\/tunisie\/2023\/02\/20\/sale-temps-pour-lopposition-et-les-medias-en-tunisie\/#primaryimage\"},\"thumbnailUrl\":\"https:\/\/kapitalis.com\/tunisie\/wp-content\/uploads\/2023\/02\/Kais-Saied-Taoufik-Charfeddine.jpg\",\"datePublished\":\"2023-02-20T09:26:38+00:00\",\"dateModified\":\"2023-02-20T09:26:40+00:00\",\"breadcrumb\":{\"@id\":\"https:\/\/kapitalis.com\/tunisie\/2023\/02\/20\/sale-temps-pour-lopposition-et-les-medias-en-tunisie\/#breadcrumb\"},\"inLanguage\":\"fr-FR\",\"potentialAction\":[{\"@type\":\"ReadAction\",\"target\":[\"https:\/\/kapitalis.com\/tunisie\/2023\/02\/20\/sale-temps-pour-lopposition-et-les-medias-en-tunisie\/\"]}]},{\"@type\":\"ImageObject\",\"inLanguage\":\"fr-FR\",\"@id\":\"https:\/\/kapitalis.com\/tunisie\/2023\/02\/20\/sale-temps-pour-lopposition-et-les-medias-en-tunisie\/#primaryimage\",\"url\":\"https:\/\/kapitalis.com\/tunisie\/wp-content\/uploads\/2023\/02\/Kais-Saied-Taoufik-Charfeddine.jpg\",\"contentUrl\":\"https:\/\/kapitalis.com\/tunisie\/wp-content\/uploads\/2023\/02\/Kais-Saied-Taoufik-Charfeddine.jpg\",\"width\":1200,\"height\":630},{\"@type\":\"BreadcrumbList\",\"@id\":\"https:\/\/kapitalis.com\/tunisie\/2023\/02\/20\/sale-temps-pour-lopposition-et-les-medias-en-tunisie\/#breadcrumb\",\"itemListElement\":[{\"@type\":\"ListItem\",\"position\":1,\"name\":\"Accueil\",\"item\":\"https:\/\/kapitalis.com\/tunisie\/\"},{\"@type\":\"ListItem\",\"position\":2,\"name\":\"Sale temps pour l\u2019opposition et les m\u00e9dias en Tunisie\"}]},{\"@type\":\"WebSite\",\"@id\":\"https:\/\/kapitalis.com\/tunisie\/#website\",\"url\":\"https:\/\/kapitalis.com\/tunisie\/\",\"name\":\"Kapitalis\",\"description\":\"L&#039;actualit\u00e9 en Tunisie et dans le monde\",\"publisher\":{\"@id\":\"https:\/\/kapitalis.com\/tunisie\/#organization\"},\"potentialAction\":[{\"@type\":\"SearchAction\",\"target\":{\"@type\":\"EntryPoint\",\"urlTemplate\":\"https:\/\/kapitalis.com\/tunisie\/?s={search_term_string}\"},\"query-input\":{\"@type\":\"PropertyValueSpecification\",\"valueRequired\":true,\"valueName\":\"search_term_string\"}}],\"inLanguage\":\"fr-FR\"},{\"@type\":\"Organization\",\"@id\":\"https:\/\/kapitalis.com\/tunisie\/#organization\",\"name\":\"Kapitalis\",\"url\":\"https:\/\/kapitalis.com\/tunisie\/\",\"logo\":{\"@type\":\"ImageObject\",\"inLanguage\":\"fr-FR\",\"@id\":\"https:\/\/kapitalis.com\/tunisie\/#\/schema\/logo\/image\/\",\"url\":\"https:\/\/kapitalis.com\/tunisie\/wp-content\/uploads\/2022\/05\/Kapitalis-big-size.png\",\"contentUrl\":\"https:\/\/kapitalis.com\/tunisie\/wp-content\/uploads\/2022\/05\/Kapitalis-big-size.png\",\"width\":5000,\"height\":1500,\"caption\":\"Kapitalis\"},\"image\":{\"@id\":\"https:\/\/kapitalis.com\/tunisie\/#\/schema\/logo\/image\/\"},\"sameAs\":[\"https:\/\/www.facebook.com\/KapitalisInfo\/\",\"https:\/\/x.com\/KapitalisInfo\",\"https:\/\/www.youtube.com\/channel\/UC-yDYrHyfFBWWZaOw3FPg9Q\"]},{\"@type\":\"Person\",\"@id\":\"https:\/\/kapitalis.com\/tunisie\/#\/schema\/person\/d71f33a9ca44f7bad4698210b480c8e9\",\"name\":\"webmaster kapitalis\",\"url\":\"https:\/\/kapitalis.com\/tunisie\/author\/webmaster-kapitalis\/\"}]}<\/script>\n<!-- \/ Yoast SEO plugin. -->","yoast_head_json":{"title":"Sale temps pour l\u2019opposition et les m\u00e9dias en Tunisie - Kapitalis","robots":{"index":"index","follow":"follow","max-snippet":"max-snippet:-1","max-image-preview":"max-image-preview:large","max-video-preview":"max-video-preview:-1"},"canonical":"https:\/\/kapitalis.com\/tunisie\/2023\/02\/20\/sale-temps-pour-lopposition-et-les-medias-en-tunisie\/","og_locale":"fr_FR","og_type":"article","og_title":"Sale temps pour l\u2019opposition et les m\u00e9dias en Tunisie - Kapitalis","og_description":"Le pr\u00e9sident Ka\u00efs Sa\u00efed poursuit ce que les groupes de d\u00e9fense des droits appellent une r\u00e9pression l\u2019opposition et des m\u00e9dias.","og_url":"https:\/\/kapitalis.com\/tunisie\/2023\/02\/20\/sale-temps-pour-lopposition-et-les-medias-en-tunisie\/","og_site_name":"Kapitalis","article_publisher":"https:\/\/www.facebook.com\/KapitalisInfo\/","article_published_time":"2023-02-20T09:26:38+00:00","article_modified_time":"2023-02-20T09:26:40+00:00","og_image":[{"width":1200,"height":630,"url":"https:\/\/kapitalis.com\/tunisie\/wp-content\/uploads\/2023\/02\/Kais-Saied-Taoufik-Charfeddine.jpg","type":"image\/jpeg"}],"author":"webmaster kapitalis","twitter_card":"summary_large_image","twitter_creator":"@KapitalisInfo","twitter_site":"@KapitalisInfo","twitter_misc":{"\u00c9crit par":"webmaster kapitalis","Dur\u00e9e de lecture estim\u00e9e":"5 minutes"},"schema":{"@context":"https:\/\/schema.org","@graph":[{"@type":"Article","@id":"https:\/\/kapitalis.com\/tunisie\/2023\/02\/20\/sale-temps-pour-lopposition-et-les-medias-en-tunisie\/#article","isPartOf":{"@id":"https:\/\/kapitalis.com\/tunisie\/2023\/02\/20\/sale-temps-pour-lopposition-et-les-medias-en-tunisie\/"},"author":{"name":"webmaster kapitalis","@id":"https:\/\/kapitalis.com\/tunisie\/#\/schema\/person\/d71f33a9ca44f7bad4698210b480c8e9"},"headline":"Sale temps pour l\u2019opposition et les m\u00e9dias en Tunisie","datePublished":"2023-02-20T09:26:38+00:00","dateModified":"2023-02-20T09:26:40+00:00","mainEntityOfPage":{"@id":"https:\/\/kapitalis.com\/tunisie\/2023\/02\/20\/sale-temps-pour-lopposition-et-les-medias-en-tunisie\/"},"wordCount":982,"commentCount":1,"publisher":{"@id":"https:\/\/kapitalis.com\/tunisie\/#organization"},"image":{"@id":"https:\/\/kapitalis.com\/tunisie\/2023\/02\/20\/sale-temps-pour-lopposition-et-les-medias-en-tunisie\/#primaryimage"},"thumbnailUrl":"https:\/\/kapitalis.com\/tunisie\/wp-content\/uploads\/2023\/02\/Kais-Saied-Taoufik-Charfeddine.jpg","keywords":["Amna guellali","Ennahdha","Haythem El Mekki","Ka\u00efs Sa\u00efed","Mosa\u00efque FM","Noureddine Boutar","Simon Speakman Cordall","Tunisie","Yassine Jelassi"],"articleSection":["A LA UNE","POLITIQUE","Tunisie"],"inLanguage":"fr-FR","potentialAction":[{"@type":"CommentAction","name":"Comment","target":["https:\/\/kapitalis.com\/tunisie\/2023\/02\/20\/sale-temps-pour-lopposition-et-les-medias-en-tunisie\/#respond"]}]},{"@type":"WebPage","@id":"https:\/\/kapitalis.com\/tunisie\/2023\/02\/20\/sale-temps-pour-lopposition-et-les-medias-en-tunisie\/","url":"https:\/\/kapitalis.com\/tunisie\/2023\/02\/20\/sale-temps-pour-lopposition-et-les-medias-en-tunisie\/","name":"Sale temps pour l\u2019opposition et les m\u00e9dias en Tunisie - Kapitalis","isPartOf":{"@id":"https:\/\/kapitalis.com\/tunisie\/#website"},"primaryImageOfPage":{"@id":"https:\/\/kapitalis.com\/tunisie\/2023\/02\/20\/sale-temps-pour-lopposition-et-les-medias-en-tunisie\/#primaryimage"},"image":{"@id":"https:\/\/kapitalis.com\/tunisie\/2023\/02\/20\/sale-temps-pour-lopposition-et-les-medias-en-tunisie\/#primaryimage"},"thumbnailUrl":"https:\/\/kapitalis.com\/tunisie\/wp-content\/uploads\/2023\/02\/Kais-Saied-Taoufik-Charfeddine.jpg","datePublished":"2023-02-20T09:26:38+00:00","dateModified":"2023-02-20T09:26:40+00:00","breadcrumb":{"@id":"https:\/\/kapitalis.com\/tunisie\/2023\/02\/20\/sale-temps-pour-lopposition-et-les-medias-en-tunisie\/#breadcrumb"},"inLanguage":"fr-FR","potentialAction":[{"@type":"ReadAction","target":["https:\/\/kapitalis.com\/tunisie\/2023\/02\/20\/sale-temps-pour-lopposition-et-les-medias-en-tunisie\/"]}]},{"@type":"ImageObject","inLanguage":"fr-FR","@id":"https:\/\/kapitalis.com\/tunisie\/2023\/02\/20\/sale-temps-pour-lopposition-et-les-medias-en-tunisie\/#primaryimage","url":"https:\/\/kapitalis.com\/tunisie\/wp-content\/uploads\/2023\/02\/Kais-Saied-Taoufik-Charfeddine.jpg","contentUrl":"https:\/\/kapitalis.com\/tunisie\/wp-content\/uploads\/2023\/02\/Kais-Saied-Taoufik-Charfeddine.jpg","width":1200,"height":630},{"@type":"BreadcrumbList","@id":"https:\/\/kapitalis.com\/tunisie\/2023\/02\/20\/sale-temps-pour-lopposition-et-les-medias-en-tunisie\/#breadcrumb","itemListElement":[{"@type":"ListItem","position":1,"name":"Accueil","item":"https:\/\/kapitalis.com\/tunisie\/"},{"@type":"ListItem","position":2,"name":"Sale temps pour l\u2019opposition et les m\u00e9dias en Tunisie"}]},{"@type":"WebSite","@id":"https:\/\/kapitalis.com\/tunisie\/#website","url":"https:\/\/kapitalis.com\/tunisie\/","name":"Kapitalis","description":"L&#039;actualit\u00e9 en Tunisie et dans le monde","publisher":{"@id":"https:\/\/kapitalis.com\/tunisie\/#organization"},"potentialAction":[{"@type":"SearchAction","target":{"@type":"EntryPoint","urlTemplate":"https:\/\/kapitalis.com\/tunisie\/?s={search_term_string}"},"query-input":{"@type":"PropertyValueSpecification","valueRequired":true,"valueName":"search_term_string"}}],"inLanguage":"fr-FR"},{"@type":"Organization","@id":"https:\/\/kapitalis.com\/tunisie\/#organization","name":"Kapitalis","url":"https:\/\/kapitalis.com\/tunisie\/","logo":{"@type":"ImageObject","inLanguage":"fr-FR","@id":"https:\/\/kapitalis.com\/tunisie\/#\/schema\/logo\/image\/","url":"https:\/\/kapitalis.com\/tunisie\/wp-content\/uploads\/2022\/05\/Kapitalis-big-size.png","contentUrl":"https:\/\/kapitalis.com\/tunisie\/wp-content\/uploads\/2022\/05\/Kapitalis-big-size.png","width":5000,"height":1500,"caption":"Kapitalis"},"image":{"@id":"https:\/\/kapitalis.com\/tunisie\/#\/schema\/logo\/image\/"},"sameAs":["https:\/\/www.facebook.com\/KapitalisInfo\/","https:\/\/x.com\/KapitalisInfo","https:\/\/www.youtube.com\/channel\/UC-yDYrHyfFBWWZaOw3FPg9Q"]},{"@type":"Person","@id":"https:\/\/kapitalis.com\/tunisie\/#\/schema\/person\/d71f33a9ca44f7bad4698210b480c8e9","name":"webmaster kapitalis","url":"https:\/\/kapitalis.com\/tunisie\/author\/webmaster-kapitalis\/"}]}},"_links":{"self":[{"href":"https:\/\/kapitalis.com\/tunisie\/wp-json\/wp\/v2\/posts\/6579467","targetHints":{"allow":["GET"]}}],"collection":[{"href":"https:\/\/kapitalis.com\/tunisie\/wp-json\/wp\/v2\/posts"}],"about":[{"href":"https:\/\/kapitalis.com\/tunisie\/wp-json\/wp\/v2\/types\/post"}],"author":[{"embeddable":true,"href":"https:\/\/kapitalis.com\/tunisie\/wp-json\/wp\/v2\/users\/8"}],"replies":[{"embeddable":true,"href":"https:\/\/kapitalis.com\/tunisie\/wp-json\/wp\/v2\/comments?post=6579467"}],"version-history":[{"count":1,"href":"https:\/\/kapitalis.com\/tunisie\/wp-json\/wp\/v2\/posts\/6579467\/revisions"}],"predecessor-version":[{"id":6579581,"href":"https:\/\/kapitalis.com\/tunisie\/wp-json\/wp\/v2\/posts\/6579467\/revisions\/6579581"}],"wp:featuredmedia":[{"embeddable":true,"href":"https:\/\/kapitalis.com\/tunisie\/wp-json\/wp\/v2\/media\/6549147"}],"wp:attachment":[{"href":"https:\/\/kapitalis.com\/tunisie\/wp-json\/wp\/v2\/media?parent=6579467"}],"wp:term":[{"taxonomy":"category","embeddable":true,"href":"https:\/\/kapitalis.com\/tunisie\/wp-json\/wp\/v2\/categories?post=6579467"},{"taxonomy":"post_tag","embeddable":true,"href":"https:\/\/kapitalis.com\/tunisie\/wp-json\/wp\/v2\/tags?post=6579467"}],"curies":[{"name":"wp","href":"https:\/\/api.w.org\/{rel}","templated":true}]}}