{"id":65797,"date":"2016-09-24T11:31:38","date_gmt":"2016-09-24T10:31:38","guid":{"rendered":"http:\/\/kapitalis.com\/tunisie\/?p=65797"},"modified":"2016-09-24T11:31:38","modified_gmt":"2016-09-24T10:31:38","slug":"siliana-des-eleves-de-makthar-fleurissent-leur-ecole","status":"publish","type":"post","link":"https:\/\/kapitalis.com\/tunisie\/2016\/09\/24\/siliana-des-eleves-de-makthar-fleurissent-leur-ecole\/","title":{"rendered":"Siliana : Des \u00e9l\u00e8ves de Makthar fleurissent leur \u00e9cole"},"content":{"rendered":"<p style=\"text-align: center;\"><img loading=\"lazy\" decoding=\"async\" class=\"alignnone size-full wp-image-65800\" src=\"http:\/\/kapitalis.com\/tunisie\/wp-content\/uploads\/2016\/09\/Siliana-\u00e9cole-Makther-Wallah-We-Can.jpg\" alt=\"siliana-ecole-makther-wallah-we-can\" width=\"626\" height=\"380\" \/><\/p>\n<p style=\"text-align: center;\"><em>Ph\u00a0: Lotfi Hamadi, fondateur de l\u2019association Wallah We Can.<\/em><\/p>\n<p><em><strong>Des \u00e9l\u00e8ves de Makthar (Siliana) participent aux\u00a0actions environnementales en transformant des bouteilles en pots de fleurs pour d\u00e9corer leur \u00e9cole.<\/strong><\/em><\/p>\n<p><!--more--><\/p>\n<p>Durant les vacances d\u2019\u00e9t\u00e9, les \u00e9l\u00e8ves de l\u2019\u00e9cole primaire de Makthar ont collect\u00e9 plus de 400 bouteilles en plastique, pour mettre en route l\u2019action initi\u00e9e par l\u2019association Wallah We Can et qui s\u2019inscrit dans l\u2019\u00e9co-cr\u00e9atif.<\/p>\n<p style=\"text-align: center;\"><img loading=\"lazy\" decoding=\"async\" class=\"alignnone size-full wp-image-65801\" src=\"http:\/\/kapitalis.com\/tunisie\/wp-content\/uploads\/2016\/09\/Makther-\u00e9cole-bouteilles-recyclage.jpg\" alt=\"makther-ecole-bouteilles-recyclage\" width=\"500\" height=\"300\" \/><\/p>\n<p>L\u2019objectif est \u00a0de prot\u00e9ger l\u2019environnement en transformant les bouteilles en plastique en pots de fleurs.<\/p>\n<p style=\"text-align: center;\"><img loading=\"lazy\" decoding=\"async\" class=\"alignnone size-full wp-image-65802\" src=\"http:\/\/kapitalis.com\/tunisie\/wp-content\/uploads\/2016\/09\/Ecole-Makther-Silana-environnement.jpg\" alt=\"ecole-makther-silana-environnement\" width=\"500\" height=\"300\" \/><\/p>\n<p>Les \u00e9l\u00e8ves plantent diff\u00e9rentes fleurs dans ces pots\u00a0qu&rsquo;ils\u00a0accrochent aux murs de leur \u00e9cole, \u00e9gayant ainsi l&rsquo;atmosph\u00e8re\u00a0et joignant l\u2019utile \u00e0 l\u2019agr\u00e9able en luttant, \u00e0 leur mani\u00e8re, contre la pollution que constituent les bouteilles en plastique jet\u00e9es par les consommateurs, et parfois dans la nature.<\/p>\n<p style=\"text-align: right;\"><strong>Y. N.<\/strong><\/p>\n","protected":false},"excerpt":{"rendered":"<p>Ph\u00a0: Lotfi Hamadi, fondateur de l\u2019association Wallah We Can. Des \u00e9l\u00e8ves de Makthar (Siliana) participent aux\u00a0actions environnementales en transformant des bouteilles en pots de fleurs pour d\u00e9corer leur \u00e9cole.<\/p>\n","protected":false},"author":6,"featured_media":65800,"comment_status":"open","ping_status":"open","sticky":false,"template":"","format":"standard","meta":{"footnotes":""},"categories":[998,2433],"tags":[297,315,335,9947,732,1052,2763,1560,23134],"class_list":["post-65797","post","type-post","status-publish","format-standard","has-post-thumbnail","hentry","category-societe","category-tunisie","tag-ecole","tag-eleves","tag-environnement","tag-makthar","tag-pollution","tag-recyclage","tag-siliana","tag-vacances","tag-wallah-we-can"],"yoast_head":"<!-- This site is optimized with the Yoast SEO plugin v26.6 - https:\/\/yoast.com\/wordpress\/plugins\/seo\/ -->\n<title>Siliana : Des \u00e9l\u00e8ves de Makthar fleurissent leur \u00e9cole - Kapitalis<\/title>\n<meta name=\"robots\" content=\"index, follow, max-snippet:-1, max-image-preview:large, max-video-preview:-1\" \/>\n<link rel=\"canonical\" href=\"https:\/\/kapitalis.com\/tunisie\/2016\/09\/24\/siliana-des-eleves-de-makthar-fleurissent-leur-ecole\/\" \/>\n<meta property=\"og:locale\" content=\"fr_FR\" \/>\n<meta property=\"og:type\" content=\"article\" \/>\n<meta property=\"og:title\" content=\"Siliana : Des \u00e9l\u00e8ves de Makthar fleurissent leur \u00e9cole - Kapitalis\" \/>\n<meta property=\"og:description\" content=\"Ph\u00a0: Lotfi Hamadi, fondateur de l\u2019association Wallah We Can. Des \u00e9l\u00e8ves de Makthar (Siliana) participent aux\u00a0actions environnementales en transformant des bouteilles en pots de fleurs pour d\u00e9corer leur \u00e9cole.\" \/>\n<meta property=\"og:url\" content=\"https:\/\/kapitalis.com\/tunisie\/2016\/09\/24\/siliana-des-eleves-de-makthar-fleurissent-leur-ecole\/\" \/>\n<meta property=\"og:site_name\" content=\"Kapitalis\" \/>\n<meta property=\"article:publisher\" content=\"https:\/\/www.facebook.com\/KapitalisInfo\/\" \/>\n<meta property=\"article:published_time\" content=\"2016-09-24T10:31:38+00:00\" \/>\n<meta property=\"og:image\" content=\"https:\/\/kapitalis.com\/tunisie\/wp-content\/uploads\/2022\/05\/kapitalis-logo-fb.png\" \/>\n\t<meta property=\"og:image:width\" content=\"1200\" \/>\n\t<meta property=\"og:image:height\" content=\"630\" \/>\n\t<meta property=\"og:image:type\" content=\"image\/png\" \/>\n<meta name=\"author\" content=\"Yusra NY\" \/>\n<meta name=\"twitter:card\" content=\"summary_large_image\" \/>\n<meta name=\"twitter:creator\" content=\"@KapitalisInfo\" \/>\n<meta name=\"twitter:site\" content=\"@KapitalisInfo\" \/>\n<meta name=\"twitter:label1\" content=\"\u00c9crit par\" \/>\n\t<meta name=\"twitter:data1\" content=\"Yusra NY\" \/>\n\t<meta name=\"twitter:label2\" content=\"Dur\u00e9e de lecture estim\u00e9e\" \/>\n\t<meta name=\"twitter:data2\" content=\"1 minute\" \/>\n<script type=\"application\/ld+json\" class=\"yoast-schema-graph\">{\"@context\":\"https:\/\/schema.org\",\"@graph\":[{\"@type\":\"Article\",\"@id\":\"https:\/\/kapitalis.com\/tunisie\/2016\/09\/24\/siliana-des-eleves-de-makthar-fleurissent-leur-ecole\/#article\",\"isPartOf\":{\"@id\":\"https:\/\/kapitalis.com\/tunisie\/2016\/09\/24\/siliana-des-eleves-de-makthar-fleurissent-leur-ecole\/\"},\"author\":{\"name\":\"Yusra NY\",\"@id\":\"https:\/\/kapitalis.com\/tunisie\/#\/schema\/person\/74bbde0154d49d790a92aaeac5bc01d5\"},\"headline\":\"Siliana : Des \u00e9l\u00e8ves de Makthar fleurissent leur \u00e9cole\",\"datePublished\":\"2016-09-24T10:31:38+00:00\",\"mainEntityOfPage\":{\"@id\":\"https:\/\/kapitalis.com\/tunisie\/2016\/09\/24\/siliana-des-eleves-de-makthar-fleurissent-leur-ecole\/\"},\"wordCount\":157,\"commentCount\":2,\"publisher\":{\"@id\":\"https:\/\/kapitalis.com\/tunisie\/#organization\"},\"image\":{\"@id\":\"https:\/\/kapitalis.com\/tunisie\/2016\/09\/24\/siliana-des-eleves-de-makthar-fleurissent-leur-ecole\/#primaryimage\"},\"thumbnailUrl\":\"\",\"keywords\":[\"\u00e9cole\",\"\u00e9l\u00e8ves\",\"environnement\",\"Makthar\",\"pollution\",\"recyclage\",\"Siliana\",\"vacances\",\"Wallah We Can\"],\"articleSection\":[\"SOCIETE\",\"Tunisie\"],\"inLanguage\":\"fr-FR\",\"potentialAction\":[{\"@type\":\"CommentAction\",\"name\":\"Comment\",\"target\":[\"https:\/\/kapitalis.com\/tunisie\/2016\/09\/24\/siliana-des-eleves-de-makthar-fleurissent-leur-ecole\/#respond\"]}]},{\"@type\":\"WebPage\",\"@id\":\"https:\/\/kapitalis.com\/tunisie\/2016\/09\/24\/siliana-des-eleves-de-makthar-fleurissent-leur-ecole\/\",\"url\":\"https:\/\/kapitalis.com\/tunisie\/2016\/09\/24\/siliana-des-eleves-de-makthar-fleurissent-leur-ecole\/\",\"name\":\"Siliana : Des \u00e9l\u00e8ves de Makthar fleurissent leur \u00e9cole - Kapitalis\",\"isPartOf\":{\"@id\":\"https:\/\/kapitalis.com\/tunisie\/#website\"},\"primaryImageOfPage\":{\"@id\":\"https:\/\/kapitalis.com\/tunisie\/2016\/09\/24\/siliana-des-eleves-de-makthar-fleurissent-leur-ecole\/#primaryimage\"},\"image\":{\"@id\":\"https:\/\/kapitalis.com\/tunisie\/2016\/09\/24\/siliana-des-eleves-de-makthar-fleurissent-leur-ecole\/#primaryimage\"},\"thumbnailUrl\":\"\",\"datePublished\":\"2016-09-24T10:31:38+00:00\",\"breadcrumb\":{\"@id\":\"https:\/\/kapitalis.com\/tunisie\/2016\/09\/24\/siliana-des-eleves-de-makthar-fleurissent-leur-ecole\/#breadcrumb\"},\"inLanguage\":\"fr-FR\",\"potentialAction\":[{\"@type\":\"ReadAction\",\"target\":[\"https:\/\/kapitalis.com\/tunisie\/2016\/09\/24\/siliana-des-eleves-de-makthar-fleurissent-leur-ecole\/\"]}]},{\"@type\":\"ImageObject\",\"inLanguage\":\"fr-FR\",\"@id\":\"https:\/\/kapitalis.com\/tunisie\/2016\/09\/24\/siliana-des-eleves-de-makthar-fleurissent-leur-ecole\/#primaryimage\",\"url\":\"\",\"contentUrl\":\"\"},{\"@type\":\"BreadcrumbList\",\"@id\":\"https:\/\/kapitalis.com\/tunisie\/2016\/09\/24\/siliana-des-eleves-de-makthar-fleurissent-leur-ecole\/#breadcrumb\",\"itemListElement\":[{\"@type\":\"ListItem\",\"position\":1,\"name\":\"Accueil\",\"item\":\"https:\/\/kapitalis.com\/tunisie\/\"},{\"@type\":\"ListItem\",\"position\":2,\"name\":\"Siliana : Des \u00e9l\u00e8ves de Makthar fleurissent leur \u00e9cole\"}]},{\"@type\":\"WebSite\",\"@id\":\"https:\/\/kapitalis.com\/tunisie\/#website\",\"url\":\"https:\/\/kapitalis.com\/tunisie\/\",\"name\":\"Kapitalis\",\"description\":\"L&#039;actualit\u00e9 en Tunisie et dans le monde\",\"publisher\":{\"@id\":\"https:\/\/kapitalis.com\/tunisie\/#organization\"},\"potentialAction\":[{\"@type\":\"SearchAction\",\"target\":{\"@type\":\"EntryPoint\",\"urlTemplate\":\"https:\/\/kapitalis.com\/tunisie\/?s={search_term_string}\"},\"query-input\":{\"@type\":\"PropertyValueSpecification\",\"valueRequired\":true,\"valueName\":\"search_term_string\"}}],\"inLanguage\":\"fr-FR\"},{\"@type\":\"Organization\",\"@id\":\"https:\/\/kapitalis.com\/tunisie\/#organization\",\"name\":\"Kapitalis\",\"url\":\"https:\/\/kapitalis.com\/tunisie\/\",\"logo\":{\"@type\":\"ImageObject\",\"inLanguage\":\"fr-FR\",\"@id\":\"https:\/\/kapitalis.com\/tunisie\/#\/schema\/logo\/image\/\",\"url\":\"https:\/\/kapitalis.com\/tunisie\/wp-content\/uploads\/2022\/05\/Kapitalis-big-size.png\",\"contentUrl\":\"https:\/\/kapitalis.com\/tunisie\/wp-content\/uploads\/2022\/05\/Kapitalis-big-size.png\",\"width\":5000,\"height\":1500,\"caption\":\"Kapitalis\"},\"image\":{\"@id\":\"https:\/\/kapitalis.com\/tunisie\/#\/schema\/logo\/image\/\"},\"sameAs\":[\"https:\/\/www.facebook.com\/KapitalisInfo\/\",\"https:\/\/x.com\/KapitalisInfo\",\"https:\/\/www.youtube.com\/channel\/UC-yDYrHyfFBWWZaOw3FPg9Q\"]},{\"@type\":\"Person\",\"@id\":\"https:\/\/kapitalis.com\/tunisie\/#\/schema\/person\/74bbde0154d49d790a92aaeac5bc01d5\",\"name\":\"Yusra NY\",\"url\":\"https:\/\/kapitalis.com\/tunisie\/author\/yuza_adam\/\"}]}<\/script>\n<!-- \/ Yoast SEO plugin. -->","yoast_head_json":{"title":"Siliana : Des \u00e9l\u00e8ves de Makthar fleurissent leur \u00e9cole - Kapitalis","robots":{"index":"index","follow":"follow","max-snippet":"max-snippet:-1","max-image-preview":"max-image-preview:large","max-video-preview":"max-video-preview:-1"},"canonical":"https:\/\/kapitalis.com\/tunisie\/2016\/09\/24\/siliana-des-eleves-de-makthar-fleurissent-leur-ecole\/","og_locale":"fr_FR","og_type":"article","og_title":"Siliana : Des \u00e9l\u00e8ves de Makthar fleurissent leur \u00e9cole - Kapitalis","og_description":"Ph\u00a0: Lotfi Hamadi, fondateur de l\u2019association Wallah We Can. Des \u00e9l\u00e8ves de Makthar (Siliana) participent aux\u00a0actions environnementales en transformant des bouteilles en pots de fleurs pour d\u00e9corer leur \u00e9cole.","og_url":"https:\/\/kapitalis.com\/tunisie\/2016\/09\/24\/siliana-des-eleves-de-makthar-fleurissent-leur-ecole\/","og_site_name":"Kapitalis","article_publisher":"https:\/\/www.facebook.com\/KapitalisInfo\/","article_published_time":"2016-09-24T10:31:38+00:00","og_image":[{"width":1200,"height":630,"url":"https:\/\/kapitalis.com\/tunisie\/wp-content\/uploads\/2022\/05\/kapitalis-logo-fb.png","type":"image\/png"}],"author":"Yusra NY","twitter_card":"summary_large_image","twitter_creator":"@KapitalisInfo","twitter_site":"@KapitalisInfo","twitter_misc":{"\u00c9crit par":"Yusra NY","Dur\u00e9e de lecture estim\u00e9e":"1 minute"},"schema":{"@context":"https:\/\/schema.org","@graph":[{"@type":"Article","@id":"https:\/\/kapitalis.com\/tunisie\/2016\/09\/24\/siliana-des-eleves-de-makthar-fleurissent-leur-ecole\/#article","isPartOf":{"@id":"https:\/\/kapitalis.com\/tunisie\/2016\/09\/24\/siliana-des-eleves-de-makthar-fleurissent-leur-ecole\/"},"author":{"name":"Yusra NY","@id":"https:\/\/kapitalis.com\/tunisie\/#\/schema\/person\/74bbde0154d49d790a92aaeac5bc01d5"},"headline":"Siliana : Des \u00e9l\u00e8ves de Makthar fleurissent leur \u00e9cole","datePublished":"2016-09-24T10:31:38+00:00","mainEntityOfPage":{"@id":"https:\/\/kapitalis.com\/tunisie\/2016\/09\/24\/siliana-des-eleves-de-makthar-fleurissent-leur-ecole\/"},"wordCount":157,"commentCount":2,"publisher":{"@id":"https:\/\/kapitalis.com\/tunisie\/#organization"},"image":{"@id":"https:\/\/kapitalis.com\/tunisie\/2016\/09\/24\/siliana-des-eleves-de-makthar-fleurissent-leur-ecole\/#primaryimage"},"thumbnailUrl":"","keywords":["\u00e9cole","\u00e9l\u00e8ves","environnement","Makthar","pollution","recyclage","Siliana","vacances","Wallah We Can"],"articleSection":["SOCIETE","Tunisie"],"inLanguage":"fr-FR","potentialAction":[{"@type":"CommentAction","name":"Comment","target":["https:\/\/kapitalis.com\/tunisie\/2016\/09\/24\/siliana-des-eleves-de-makthar-fleurissent-leur-ecole\/#respond"]}]},{"@type":"WebPage","@id":"https:\/\/kapitalis.com\/tunisie\/2016\/09\/24\/siliana-des-eleves-de-makthar-fleurissent-leur-ecole\/","url":"https:\/\/kapitalis.com\/tunisie\/2016\/09\/24\/siliana-des-eleves-de-makthar-fleurissent-leur-ecole\/","name":"Siliana : Des \u00e9l\u00e8ves de Makthar fleurissent leur \u00e9cole - Kapitalis","isPartOf":{"@id":"https:\/\/kapitalis.com\/tunisie\/#website"},"primaryImageOfPage":{"@id":"https:\/\/kapitalis.com\/tunisie\/2016\/09\/24\/siliana-des-eleves-de-makthar-fleurissent-leur-ecole\/#primaryimage"},"image":{"@id":"https:\/\/kapitalis.com\/tunisie\/2016\/09\/24\/siliana-des-eleves-de-makthar-fleurissent-leur-ecole\/#primaryimage"},"thumbnailUrl":"","datePublished":"2016-09-24T10:31:38+00:00","breadcrumb":{"@id":"https:\/\/kapitalis.com\/tunisie\/2016\/09\/24\/siliana-des-eleves-de-makthar-fleurissent-leur-ecole\/#breadcrumb"},"inLanguage":"fr-FR","potentialAction":[{"@type":"ReadAction","target":["https:\/\/kapitalis.com\/tunisie\/2016\/09\/24\/siliana-des-eleves-de-makthar-fleurissent-leur-ecole\/"]}]},{"@type":"ImageObject","inLanguage":"fr-FR","@id":"https:\/\/kapitalis.com\/tunisie\/2016\/09\/24\/siliana-des-eleves-de-makthar-fleurissent-leur-ecole\/#primaryimage","url":"","contentUrl":""},{"@type":"BreadcrumbList","@id":"https:\/\/kapitalis.com\/tunisie\/2016\/09\/24\/siliana-des-eleves-de-makthar-fleurissent-leur-ecole\/#breadcrumb","itemListElement":[{"@type":"ListItem","position":1,"name":"Accueil","item":"https:\/\/kapitalis.com\/tunisie\/"},{"@type":"ListItem","position":2,"name":"Siliana : Des \u00e9l\u00e8ves de Makthar fleurissent leur \u00e9cole"}]},{"@type":"WebSite","@id":"https:\/\/kapitalis.com\/tunisie\/#website","url":"https:\/\/kapitalis.com\/tunisie\/","name":"Kapitalis","description":"L&#039;actualit\u00e9 en Tunisie et dans le monde","publisher":{"@id":"https:\/\/kapitalis.com\/tunisie\/#organization"},"potentialAction":[{"@type":"SearchAction","target":{"@type":"EntryPoint","urlTemplate":"https:\/\/kapitalis.com\/tunisie\/?s={search_term_string}"},"query-input":{"@type":"PropertyValueSpecification","valueRequired":true,"valueName":"search_term_string"}}],"inLanguage":"fr-FR"},{"@type":"Organization","@id":"https:\/\/kapitalis.com\/tunisie\/#organization","name":"Kapitalis","url":"https:\/\/kapitalis.com\/tunisie\/","logo":{"@type":"ImageObject","inLanguage":"fr-FR","@id":"https:\/\/kapitalis.com\/tunisie\/#\/schema\/logo\/image\/","url":"https:\/\/kapitalis.com\/tunisie\/wp-content\/uploads\/2022\/05\/Kapitalis-big-size.png","contentUrl":"https:\/\/kapitalis.com\/tunisie\/wp-content\/uploads\/2022\/05\/Kapitalis-big-size.png","width":5000,"height":1500,"caption":"Kapitalis"},"image":{"@id":"https:\/\/kapitalis.com\/tunisie\/#\/schema\/logo\/image\/"},"sameAs":["https:\/\/www.facebook.com\/KapitalisInfo\/","https:\/\/x.com\/KapitalisInfo","https:\/\/www.youtube.com\/channel\/UC-yDYrHyfFBWWZaOw3FPg9Q"]},{"@type":"Person","@id":"https:\/\/kapitalis.com\/tunisie\/#\/schema\/person\/74bbde0154d49d790a92aaeac5bc01d5","name":"Yusra NY","url":"https:\/\/kapitalis.com\/tunisie\/author\/yuza_adam\/"}]}},"_links":{"self":[{"href":"https:\/\/kapitalis.com\/tunisie\/wp-json\/wp\/v2\/posts\/65797","targetHints":{"allow":["GET"]}}],"collection":[{"href":"https:\/\/kapitalis.com\/tunisie\/wp-json\/wp\/v2\/posts"}],"about":[{"href":"https:\/\/kapitalis.com\/tunisie\/wp-json\/wp\/v2\/types\/post"}],"author":[{"embeddable":true,"href":"https:\/\/kapitalis.com\/tunisie\/wp-json\/wp\/v2\/users\/6"}],"replies":[{"embeddable":true,"href":"https:\/\/kapitalis.com\/tunisie\/wp-json\/wp\/v2\/comments?post=65797"}],"version-history":[{"count":0,"href":"https:\/\/kapitalis.com\/tunisie\/wp-json\/wp\/v2\/posts\/65797\/revisions"}],"wp:featuredmedia":[{"embeddable":true,"href":"https:\/\/kapitalis.com\/tunisie\/wp-json\/wp\/v2\/media\/65800"}],"wp:attachment":[{"href":"https:\/\/kapitalis.com\/tunisie\/wp-json\/wp\/v2\/media?parent=65797"}],"wp:term":[{"taxonomy":"category","embeddable":true,"href":"https:\/\/kapitalis.com\/tunisie\/wp-json\/wp\/v2\/categories?post=65797"},{"taxonomy":"post_tag","embeddable":true,"href":"https:\/\/kapitalis.com\/tunisie\/wp-json\/wp\/v2\/tags?post=65797"}],"curies":[{"name":"wp","href":"https:\/\/api.w.org\/{rel}","templated":true}]}}