{"id":6585385,"date":"2023-02-20T22:15:56","date_gmt":"2023-02-20T21:15:56","guid":{"rendered":"https:\/\/kapitalis.com\/tunisie\/?p=6585385"},"modified":"2023-02-20T22:19:53","modified_gmt":"2023-02-20T21:19:53","slug":"ennahdha-rassemblement-de-solidarite-avec-ghannouchi-convoque-par-le-pole-antiterroriste","status":"publish","type":"post","link":"https:\/\/kapitalis.com\/tunisie\/2023\/02\/20\/ennahdha-rassemblement-de-solidarite-avec-ghannouchi-convoque-par-le-pole-antiterroriste\/","title":{"rendered":"Ennahdha : Rassemblement de solidarit\u00e9 avec Ghannouchi, convoqu\u00e9 par le P\u00f4le antiterroriste"},"content":{"rendered":"\n<p><strong><em>Le parti islamiste Ennahdha organise un rassemblement de solidarit\u00e9 avec son chef Rached Ghannouchi, qui compara\u00eetra devant le P\u00f4le judiciaire antiterroriste demain, mardi 21 f\u00e9vrier, dans le cadre d&rsquo;une nouvelle affaire.<\/em><\/strong><\/p>\n\n\n\n<!--more-->\n\n\n\n<p>Pour Ennahdha il s&rsquo;agit d&rsquo;une \u00ab<em> affaire mont\u00e9e de toutes pi\u00e8ces\u00bb <\/em>et de <em>\u00abr\u00e8glement de comptes politiques\u00bb, <\/em>et selon Imed Khemiri porte-parole du parti islamiste, la convocation de Ghannouchi survient suite \u00e0 une <em>\u00abd\u00e9position dont le contenu n\u2019est pas encore connu et repose sur aucun motif s\u00e9rieux\u00bb.<\/em><\/p>\n\n\n\n<p>Ennahdha estime \u00eatre vis\u00e9 <em>\u00abpar une campagne men\u00e9e par le Coup d&rsquo;Etat contre les opposants notamment les politiciens, les journalistes, les syndicalistes et les hommes d\u2019affaires\u00bb<\/em> et a exprim\u00e9 ,ce jour via son porte-parole, son soutien \u00e0 toutes les personnalit\u00e9s qui ont \u00e9t\u00e9 arr\u00eat\u00e9es et \u00e0 leurs familles.<\/p>\n\n\n\n<p>Rappelons que depuis les mesures exceptionnelles du 25 Juillet 2021, Ghannouchi a d\u00e9j\u00e0 comparu dans plusieurs autres affaires, notamment celle li\u00e9e au r\u00e9seaux terroristes d&rsquo;envoi de Tunisiens vers les zones de conflits ou encore celle de l&rsquo;association Namaa. Il a, cependant, \u00e0 chaque fois \u00e9t\u00e9 entendu puis maintenu en libert\u00e9 en attendant la suite de l&rsquo;enqu\u00eate&#8230;<\/p>\n\n\n\n<p>On sait aussi que suite \u00e0 une plainte d\u00e9pos\u00e9e par la Watad dans le cadre des investigations men\u00e9es avec le Comit\u00e9 de d\u00e9fense des deux martyrs Chokri Bela\u00efd et Mohamed Brahmi, le parquet du P\u00f4le antiterroriste a ordonn\u00e9 l\u2019ouverture d\u2019une instruction contre Ghannouchi, son fils Mouadh, l\u2019un des agents de sa garde rapproch\u00e9e Abdeljalal w El-Ikram ainsi que le vice-pr\u00e9sident du parti islamiste Ali Larayedh.<\/p>\n\n\n\n<p>Selon Me Imen Gzara membre dudit comit\u00e9, qui avait annonc\u00e9 la nouvelle le 8 f\u00e9vrier 2023, des investigations devaient \u00eatre men\u00e9es par la direction anti-terroriste \u00e0 El-Gorjani, dans le cadre de cette plainte d\u00e9pos\u00e9e pour <em>\u00abcrimes terroristes ayant entra\u00een\u00e9 la mort par homicide volontaire\u00bb.<\/em><\/p>\n\n\n\n<p class=\"has-text-align-right\"><strong>Y. N.<\/strong><\/p>\n\n\n\n<p><em>Ph. d&rsquo;archives.<\/em><\/p>\n\n\n\n<figure class=\"wp-block-embed is-type-wp-embed is-provider-kapitalis wp-block-embed-kapitalis\"><div class=\"wp-block-embed__wrapper\">\n<blockquote class=\"wp-embedded-content\" data-secret=\"viJzlSQmMO\"><a href=\"https:\/\/kapitalis.com\/tunisie\/2023\/02\/08\/me-gzara-le-pole-antiterroriste-ordonne-louverture-dune-instruction-contre-ghannouchi-son-fils-et-larayedh\/\">Me Gzara : Le P\u00f4le antiterroriste ordonne l&rsquo;ouverture d&rsquo;une instruction contre Ghannouchi, son fils et Larayedh<\/a><\/blockquote><iframe loading=\"lazy\" class=\"wp-embedded-content\" sandbox=\"allow-scripts\" security=\"restricted\" style=\"position: absolute; clip: rect(1px, 1px, 1px, 1px);\" title=\"\u00ab\u00a0Me Gzara : Le P\u00f4le antiterroriste ordonne l&rsquo;ouverture d&rsquo;une instruction contre Ghannouchi, son fils et Larayedh\u00a0\u00bb &#8212; Kapitalis\" src=\"https:\/\/kapitalis.com\/tunisie\/2023\/02\/08\/me-gzara-le-pole-antiterroriste-ordonne-louverture-dune-instruction-contre-ghannouchi-son-fils-et-larayedh\/embed\/#?secret=xUF8EgWvag#?secret=viJzlSQmMO\" data-secret=\"viJzlSQmMO\" width=\"600\" height=\"338\" frameborder=\"0\" marginwidth=\"0\" marginheight=\"0\" scrolling=\"no\"><\/iframe>\n<\/div><\/figure>\n\n\n\n<figure class=\"wp-block-embed is-type-wp-embed is-provider-kapitalis wp-block-embed-kapitalis\"><div class=\"wp-block-embed__wrapper\">\n<blockquote class=\"wp-embedded-content\" data-secret=\"dyq6F6Ryc9\"><a href=\"https:\/\/kapitalis.com\/tunisie\/2023\/02\/20\/tunisie-ghannouchi-a-nouveau-convoque-devant-la-police-judiciaire\/\">Tunisie\u00a0: Ghannouchi \u00e0 nouveau convoqu\u00e9 devant la police judiciaire \u00a0<\/a><\/blockquote><iframe loading=\"lazy\" class=\"wp-embedded-content\" sandbox=\"allow-scripts\" security=\"restricted\" style=\"position: absolute; clip: rect(1px, 1px, 1px, 1px);\" title=\"\u00ab\u00a0Tunisie\u00a0: Ghannouchi \u00e0 nouveau convoqu\u00e9 devant la police judiciaire \u00a0\u00a0\u00bb &#8212; Kapitalis\" src=\"https:\/\/kapitalis.com\/tunisie\/2023\/02\/20\/tunisie-ghannouchi-a-nouveau-convoque-devant-la-police-judiciaire\/embed\/#?secret=XMT1DwRIVP#?secret=dyq6F6Ryc9\" data-secret=\"dyq6F6Ryc9\" width=\"600\" height=\"338\" frameborder=\"0\" marginwidth=\"0\" marginheight=\"0\" scrolling=\"no\"><\/iframe>\n<\/div><\/figure>\n","protected":false},"excerpt":{"rendered":"<p>Ennahdha : Rassemblement de solidarit\u00e9 avec Ghannouchi, convoqu\u00e9 par le P\u00f4le antiterroriste <\/p>\n","protected":false},"author":6,"featured_media":5371120,"comment_status":"open","ping_status":"open","sticky":false,"template":"","format":"standard","meta":{"footnotes":""},"categories":[997,2433],"tags":[97054,166,6413,49543,1312,721,21473,758,62643],"class_list":["post-6585385","post","type-post","status-publish","format-standard","has-post-thumbnail","hentry","category-politique","category-tunisie","tag-belaid-2","tag-brahmi","tag-comite-de-defense","tag-ennahdha","tag-parti-islamiste","tag-plainte","tag-pole-judiciaire-antiterroriste","tag-rached-ghannouchi","tag-tunisie"],"yoast_head":"<!-- This site is optimized with the Yoast SEO plugin v26.6 - https:\/\/yoast.com\/wordpress\/plugins\/seo\/ -->\n<title>Ennahdha : Rassemblement de solidarit\u00e9 avec Ghannouchi, convoqu\u00e9 par le P\u00f4le antiterroriste - Kapitalis<\/title>\n<meta name=\"description\" content=\"Le parti islamiste Ennahdha organise un rassemblement de solidarit\u00e9 avec son chef Rached Ghannouchi, qui compara\u00eetra devant le P\u00f4le judiciaire antiterroriste demain, mardi 21 f\u00e9vrier, dans le cadre d&#039;une nouvelle affaire.\" \/>\n<meta name=\"robots\" content=\"index, follow, max-snippet:-1, max-image-preview:large, max-video-preview:-1\" \/>\n<link rel=\"canonical\" href=\"https:\/\/kapitalis.com\/tunisie\/2023\/02\/20\/ennahdha-rassemblement-de-solidarite-avec-ghannouchi-convoque-par-le-pole-antiterroriste\/\" \/>\n<meta property=\"og:locale\" content=\"fr_FR\" \/>\n<meta property=\"og:type\" content=\"article\" \/>\n<meta property=\"og:title\" content=\"Ennahdha : Rassemblement de solidarit\u00e9 avec Ghannouchi, convoqu\u00e9 par le P\u00f4le antiterroriste - Kapitalis\" \/>\n<meta property=\"og:description\" content=\"Le parti islamiste Ennahdha organise un rassemblement de solidarit\u00e9 avec son chef Rached Ghannouchi, qui compara\u00eetra devant le P\u00f4le judiciaire antiterroriste demain, mardi 21 f\u00e9vrier, dans le cadre d&#039;une nouvelle affaire.\" \/>\n<meta property=\"og:url\" content=\"https:\/\/kapitalis.com\/tunisie\/2023\/02\/20\/ennahdha-rassemblement-de-solidarite-avec-ghannouchi-convoque-par-le-pole-antiterroriste\/\" \/>\n<meta property=\"og:site_name\" content=\"Kapitalis\" \/>\n<meta property=\"article:publisher\" content=\"https:\/\/www.facebook.com\/KapitalisInfo\/\" \/>\n<meta property=\"article:published_time\" content=\"2023-02-20T21:15:56+00:00\" \/>\n<meta property=\"article:modified_time\" content=\"2023-02-20T21:19:53+00:00\" \/>\n<meta property=\"og:image\" content=\"https:\/\/kapitalis.com\/tunisie\/wp-content\/uploads\/2022\/11\/Ghannouchi-4.jpg\" \/>\n\t<meta property=\"og:image:width\" content=\"1200\" \/>\n\t<meta property=\"og:image:height\" content=\"630\" \/>\n\t<meta property=\"og:image:type\" content=\"image\/jpeg\" \/>\n<meta name=\"author\" content=\"Yusra NY\" \/>\n<meta name=\"twitter:card\" content=\"summary_large_image\" \/>\n<meta name=\"twitter:creator\" content=\"@KapitalisInfo\" \/>\n<meta name=\"twitter:site\" content=\"@KapitalisInfo\" \/>\n<meta name=\"twitter:label1\" content=\"\u00c9crit par\" \/>\n\t<meta name=\"twitter:data1\" content=\"Yusra NY\" \/>\n\t<meta name=\"twitter:label2\" content=\"Dur\u00e9e de lecture estim\u00e9e\" \/>\n\t<meta name=\"twitter:data2\" content=\"2 minutes\" \/>\n<script type=\"application\/ld+json\" class=\"yoast-schema-graph\">{\"@context\":\"https:\/\/schema.org\",\"@graph\":[{\"@type\":\"Article\",\"@id\":\"https:\/\/kapitalis.com\/tunisie\/2023\/02\/20\/ennahdha-rassemblement-de-solidarite-avec-ghannouchi-convoque-par-le-pole-antiterroriste\/#article\",\"isPartOf\":{\"@id\":\"https:\/\/kapitalis.com\/tunisie\/2023\/02\/20\/ennahdha-rassemblement-de-solidarite-avec-ghannouchi-convoque-par-le-pole-antiterroriste\/\"},\"author\":{\"name\":\"Yusra NY\",\"@id\":\"https:\/\/kapitalis.com\/tunisie\/#\/schema\/person\/74bbde0154d49d790a92aaeac5bc01d5\"},\"headline\":\"Ennahdha : Rassemblement de solidarit\u00e9 avec Ghannouchi, convoqu\u00e9 par le P\u00f4le antiterroriste\",\"datePublished\":\"2023-02-20T21:15:56+00:00\",\"dateModified\":\"2023-02-20T21:19:53+00:00\",\"mainEntityOfPage\":{\"@id\":\"https:\/\/kapitalis.com\/tunisie\/2023\/02\/20\/ennahdha-rassemblement-de-solidarite-avec-ghannouchi-convoque-par-le-pole-antiterroriste\/\"},\"wordCount\":339,\"commentCount\":0,\"publisher\":{\"@id\":\"https:\/\/kapitalis.com\/tunisie\/#organization\"},\"image\":{\"@id\":\"https:\/\/kapitalis.com\/tunisie\/2023\/02\/20\/ennahdha-rassemblement-de-solidarite-avec-ghannouchi-convoque-par-le-pole-antiterroriste\/#primaryimage\"},\"thumbnailUrl\":\"https:\/\/kapitalis.com\/tunisie\/wp-content\/uploads\/2022\/11\/Ghannouchi-4.jpg\",\"keywords\":[\"Bela\u00efd\",\"Brahmi\",\"comit\u00e9 de d\u00e9fense\",\"Ennahdha\",\"parti islamiste\",\"plainte\",\"P\u00f4le judiciaire antiterroriste\",\"Rached Ghannouchi\",\"Tunisie\"],\"articleSection\":[\"POLITIQUE\",\"Tunisie\"],\"inLanguage\":\"fr-FR\",\"potentialAction\":[{\"@type\":\"CommentAction\",\"name\":\"Comment\",\"target\":[\"https:\/\/kapitalis.com\/tunisie\/2023\/02\/20\/ennahdha-rassemblement-de-solidarite-avec-ghannouchi-convoque-par-le-pole-antiterroriste\/#respond\"]}]},{\"@type\":\"WebPage\",\"@id\":\"https:\/\/kapitalis.com\/tunisie\/2023\/02\/20\/ennahdha-rassemblement-de-solidarite-avec-ghannouchi-convoque-par-le-pole-antiterroriste\/\",\"url\":\"https:\/\/kapitalis.com\/tunisie\/2023\/02\/20\/ennahdha-rassemblement-de-solidarite-avec-ghannouchi-convoque-par-le-pole-antiterroriste\/\",\"name\":\"Ennahdha : Rassemblement de solidarit\u00e9 avec Ghannouchi, convoqu\u00e9 par le P\u00f4le antiterroriste - Kapitalis\",\"isPartOf\":{\"@id\":\"https:\/\/kapitalis.com\/tunisie\/#website\"},\"primaryImageOfPage\":{\"@id\":\"https:\/\/kapitalis.com\/tunisie\/2023\/02\/20\/ennahdha-rassemblement-de-solidarite-avec-ghannouchi-convoque-par-le-pole-antiterroriste\/#primaryimage\"},\"image\":{\"@id\":\"https:\/\/kapitalis.com\/tunisie\/2023\/02\/20\/ennahdha-rassemblement-de-solidarite-avec-ghannouchi-convoque-par-le-pole-antiterroriste\/#primaryimage\"},\"thumbnailUrl\":\"https:\/\/kapitalis.com\/tunisie\/wp-content\/uploads\/2022\/11\/Ghannouchi-4.jpg\",\"datePublished\":\"2023-02-20T21:15:56+00:00\",\"dateModified\":\"2023-02-20T21:19:53+00:00\",\"description\":\"Le parti islamiste Ennahdha organise un rassemblement de solidarit\u00e9 avec son chef Rached Ghannouchi, qui compara\u00eetra devant le P\u00f4le judiciaire antiterroriste demain, mardi 21 f\u00e9vrier, dans le cadre d'une nouvelle affaire.\",\"breadcrumb\":{\"@id\":\"https:\/\/kapitalis.com\/tunisie\/2023\/02\/20\/ennahdha-rassemblement-de-solidarite-avec-ghannouchi-convoque-par-le-pole-antiterroriste\/#breadcrumb\"},\"inLanguage\":\"fr-FR\",\"potentialAction\":[{\"@type\":\"ReadAction\",\"target\":[\"https:\/\/kapitalis.com\/tunisie\/2023\/02\/20\/ennahdha-rassemblement-de-solidarite-avec-ghannouchi-convoque-par-le-pole-antiterroriste\/\"]}]},{\"@type\":\"ImageObject\",\"inLanguage\":\"fr-FR\",\"@id\":\"https:\/\/kapitalis.com\/tunisie\/2023\/02\/20\/ennahdha-rassemblement-de-solidarite-avec-ghannouchi-convoque-par-le-pole-antiterroriste\/#primaryimage\",\"url\":\"https:\/\/kapitalis.com\/tunisie\/wp-content\/uploads\/2022\/11\/Ghannouchi-4.jpg\",\"contentUrl\":\"https:\/\/kapitalis.com\/tunisie\/wp-content\/uploads\/2022\/11\/Ghannouchi-4.jpg\",\"width\":1200,\"height\":630},{\"@type\":\"BreadcrumbList\",\"@id\":\"https:\/\/kapitalis.com\/tunisie\/2023\/02\/20\/ennahdha-rassemblement-de-solidarite-avec-ghannouchi-convoque-par-le-pole-antiterroriste\/#breadcrumb\",\"itemListElement\":[{\"@type\":\"ListItem\",\"position\":1,\"name\":\"Accueil\",\"item\":\"https:\/\/kapitalis.com\/tunisie\/\"},{\"@type\":\"ListItem\",\"position\":2,\"name\":\"Ennahdha : Rassemblement de solidarit\u00e9 avec Ghannouchi, convoqu\u00e9 par le P\u00f4le antiterroriste\"}]},{\"@type\":\"WebSite\",\"@id\":\"https:\/\/kapitalis.com\/tunisie\/#website\",\"url\":\"https:\/\/kapitalis.com\/tunisie\/\",\"name\":\"Kapitalis\",\"description\":\"L&#039;actualit\u00e9 en Tunisie et dans le monde\",\"publisher\":{\"@id\":\"https:\/\/kapitalis.com\/tunisie\/#organization\"},\"potentialAction\":[{\"@type\":\"SearchAction\",\"target\":{\"@type\":\"EntryPoint\",\"urlTemplate\":\"https:\/\/kapitalis.com\/tunisie\/?s={search_term_string}\"},\"query-input\":{\"@type\":\"PropertyValueSpecification\",\"valueRequired\":true,\"valueName\":\"search_term_string\"}}],\"inLanguage\":\"fr-FR\"},{\"@type\":\"Organization\",\"@id\":\"https:\/\/kapitalis.com\/tunisie\/#organization\",\"name\":\"Kapitalis\",\"url\":\"https:\/\/kapitalis.com\/tunisie\/\",\"logo\":{\"@type\":\"ImageObject\",\"inLanguage\":\"fr-FR\",\"@id\":\"https:\/\/kapitalis.com\/tunisie\/#\/schema\/logo\/image\/\",\"url\":\"https:\/\/kapitalis.com\/tunisie\/wp-content\/uploads\/2022\/05\/Kapitalis-big-size.png\",\"contentUrl\":\"https:\/\/kapitalis.com\/tunisie\/wp-content\/uploads\/2022\/05\/Kapitalis-big-size.png\",\"width\":5000,\"height\":1500,\"caption\":\"Kapitalis\"},\"image\":{\"@id\":\"https:\/\/kapitalis.com\/tunisie\/#\/schema\/logo\/image\/\"},\"sameAs\":[\"https:\/\/www.facebook.com\/KapitalisInfo\/\",\"https:\/\/x.com\/KapitalisInfo\",\"https:\/\/www.youtube.com\/channel\/UC-yDYrHyfFBWWZaOw3FPg9Q\"]},{\"@type\":\"Person\",\"@id\":\"https:\/\/kapitalis.com\/tunisie\/#\/schema\/person\/74bbde0154d49d790a92aaeac5bc01d5\",\"name\":\"Yusra NY\",\"url\":\"https:\/\/kapitalis.com\/tunisie\/author\/yuza_adam\/\"}]}<\/script>\n<!-- \/ Yoast SEO plugin. -->","yoast_head_json":{"title":"Ennahdha : Rassemblement de solidarit\u00e9 avec Ghannouchi, convoqu\u00e9 par le P\u00f4le antiterroriste - Kapitalis","description":"Le parti islamiste Ennahdha organise un rassemblement de solidarit\u00e9 avec son chef Rached Ghannouchi, qui compara\u00eetra devant le P\u00f4le judiciaire antiterroriste demain, mardi 21 f\u00e9vrier, dans le cadre d'une nouvelle affaire.","robots":{"index":"index","follow":"follow","max-snippet":"max-snippet:-1","max-image-preview":"max-image-preview:large","max-video-preview":"max-video-preview:-1"},"canonical":"https:\/\/kapitalis.com\/tunisie\/2023\/02\/20\/ennahdha-rassemblement-de-solidarite-avec-ghannouchi-convoque-par-le-pole-antiterroriste\/","og_locale":"fr_FR","og_type":"article","og_title":"Ennahdha : Rassemblement de solidarit\u00e9 avec Ghannouchi, convoqu\u00e9 par le P\u00f4le antiterroriste - Kapitalis","og_description":"Le parti islamiste Ennahdha organise un rassemblement de solidarit\u00e9 avec son chef Rached Ghannouchi, qui compara\u00eetra devant le P\u00f4le judiciaire antiterroriste demain, mardi 21 f\u00e9vrier, dans le cadre d'une nouvelle affaire.","og_url":"https:\/\/kapitalis.com\/tunisie\/2023\/02\/20\/ennahdha-rassemblement-de-solidarite-avec-ghannouchi-convoque-par-le-pole-antiterroriste\/","og_site_name":"Kapitalis","article_publisher":"https:\/\/www.facebook.com\/KapitalisInfo\/","article_published_time":"2023-02-20T21:15:56+00:00","article_modified_time":"2023-02-20T21:19:53+00:00","og_image":[{"width":1200,"height":630,"url":"https:\/\/kapitalis.com\/tunisie\/wp-content\/uploads\/2022\/11\/Ghannouchi-4.jpg","type":"image\/jpeg"}],"author":"Yusra NY","twitter_card":"summary_large_image","twitter_creator":"@KapitalisInfo","twitter_site":"@KapitalisInfo","twitter_misc":{"\u00c9crit par":"Yusra NY","Dur\u00e9e de lecture estim\u00e9e":"2 minutes"},"schema":{"@context":"https:\/\/schema.org","@graph":[{"@type":"Article","@id":"https:\/\/kapitalis.com\/tunisie\/2023\/02\/20\/ennahdha-rassemblement-de-solidarite-avec-ghannouchi-convoque-par-le-pole-antiterroriste\/#article","isPartOf":{"@id":"https:\/\/kapitalis.com\/tunisie\/2023\/02\/20\/ennahdha-rassemblement-de-solidarite-avec-ghannouchi-convoque-par-le-pole-antiterroriste\/"},"author":{"name":"Yusra NY","@id":"https:\/\/kapitalis.com\/tunisie\/#\/schema\/person\/74bbde0154d49d790a92aaeac5bc01d5"},"headline":"Ennahdha : Rassemblement de solidarit\u00e9 avec Ghannouchi, convoqu\u00e9 par le P\u00f4le antiterroriste","datePublished":"2023-02-20T21:15:56+00:00","dateModified":"2023-02-20T21:19:53+00:00","mainEntityOfPage":{"@id":"https:\/\/kapitalis.com\/tunisie\/2023\/02\/20\/ennahdha-rassemblement-de-solidarite-avec-ghannouchi-convoque-par-le-pole-antiterroriste\/"},"wordCount":339,"commentCount":0,"publisher":{"@id":"https:\/\/kapitalis.com\/tunisie\/#organization"},"image":{"@id":"https:\/\/kapitalis.com\/tunisie\/2023\/02\/20\/ennahdha-rassemblement-de-solidarite-avec-ghannouchi-convoque-par-le-pole-antiterroriste\/#primaryimage"},"thumbnailUrl":"https:\/\/kapitalis.com\/tunisie\/wp-content\/uploads\/2022\/11\/Ghannouchi-4.jpg","keywords":["Bela\u00efd","Brahmi","comit\u00e9 de d\u00e9fense","Ennahdha","parti islamiste","plainte","P\u00f4le judiciaire antiterroriste","Rached Ghannouchi","Tunisie"],"articleSection":["POLITIQUE","Tunisie"],"inLanguage":"fr-FR","potentialAction":[{"@type":"CommentAction","name":"Comment","target":["https:\/\/kapitalis.com\/tunisie\/2023\/02\/20\/ennahdha-rassemblement-de-solidarite-avec-ghannouchi-convoque-par-le-pole-antiterroriste\/#respond"]}]},{"@type":"WebPage","@id":"https:\/\/kapitalis.com\/tunisie\/2023\/02\/20\/ennahdha-rassemblement-de-solidarite-avec-ghannouchi-convoque-par-le-pole-antiterroriste\/","url":"https:\/\/kapitalis.com\/tunisie\/2023\/02\/20\/ennahdha-rassemblement-de-solidarite-avec-ghannouchi-convoque-par-le-pole-antiterroriste\/","name":"Ennahdha : Rassemblement de solidarit\u00e9 avec Ghannouchi, convoqu\u00e9 par le P\u00f4le antiterroriste - Kapitalis","isPartOf":{"@id":"https:\/\/kapitalis.com\/tunisie\/#website"},"primaryImageOfPage":{"@id":"https:\/\/kapitalis.com\/tunisie\/2023\/02\/20\/ennahdha-rassemblement-de-solidarite-avec-ghannouchi-convoque-par-le-pole-antiterroriste\/#primaryimage"},"image":{"@id":"https:\/\/kapitalis.com\/tunisie\/2023\/02\/20\/ennahdha-rassemblement-de-solidarite-avec-ghannouchi-convoque-par-le-pole-antiterroriste\/#primaryimage"},"thumbnailUrl":"https:\/\/kapitalis.com\/tunisie\/wp-content\/uploads\/2022\/11\/Ghannouchi-4.jpg","datePublished":"2023-02-20T21:15:56+00:00","dateModified":"2023-02-20T21:19:53+00:00","description":"Le parti islamiste Ennahdha organise un rassemblement de solidarit\u00e9 avec son chef Rached Ghannouchi, qui compara\u00eetra devant le P\u00f4le judiciaire antiterroriste demain, mardi 21 f\u00e9vrier, dans le cadre d'une nouvelle affaire.","breadcrumb":{"@id":"https:\/\/kapitalis.com\/tunisie\/2023\/02\/20\/ennahdha-rassemblement-de-solidarite-avec-ghannouchi-convoque-par-le-pole-antiterroriste\/#breadcrumb"},"inLanguage":"fr-FR","potentialAction":[{"@type":"ReadAction","target":["https:\/\/kapitalis.com\/tunisie\/2023\/02\/20\/ennahdha-rassemblement-de-solidarite-avec-ghannouchi-convoque-par-le-pole-antiterroriste\/"]}]},{"@type":"ImageObject","inLanguage":"fr-FR","@id":"https:\/\/kapitalis.com\/tunisie\/2023\/02\/20\/ennahdha-rassemblement-de-solidarite-avec-ghannouchi-convoque-par-le-pole-antiterroriste\/#primaryimage","url":"https:\/\/kapitalis.com\/tunisie\/wp-content\/uploads\/2022\/11\/Ghannouchi-4.jpg","contentUrl":"https:\/\/kapitalis.com\/tunisie\/wp-content\/uploads\/2022\/11\/Ghannouchi-4.jpg","width":1200,"height":630},{"@type":"BreadcrumbList","@id":"https:\/\/kapitalis.com\/tunisie\/2023\/02\/20\/ennahdha-rassemblement-de-solidarite-avec-ghannouchi-convoque-par-le-pole-antiterroriste\/#breadcrumb","itemListElement":[{"@type":"ListItem","position":1,"name":"Accueil","item":"https:\/\/kapitalis.com\/tunisie\/"},{"@type":"ListItem","position":2,"name":"Ennahdha : Rassemblement de solidarit\u00e9 avec Ghannouchi, convoqu\u00e9 par le P\u00f4le antiterroriste"}]},{"@type":"WebSite","@id":"https:\/\/kapitalis.com\/tunisie\/#website","url":"https:\/\/kapitalis.com\/tunisie\/","name":"Kapitalis","description":"L&#039;actualit\u00e9 en Tunisie et dans le monde","publisher":{"@id":"https:\/\/kapitalis.com\/tunisie\/#organization"},"potentialAction":[{"@type":"SearchAction","target":{"@type":"EntryPoint","urlTemplate":"https:\/\/kapitalis.com\/tunisie\/?s={search_term_string}"},"query-input":{"@type":"PropertyValueSpecification","valueRequired":true,"valueName":"search_term_string"}}],"inLanguage":"fr-FR"},{"@type":"Organization","@id":"https:\/\/kapitalis.com\/tunisie\/#organization","name":"Kapitalis","url":"https:\/\/kapitalis.com\/tunisie\/","logo":{"@type":"ImageObject","inLanguage":"fr-FR","@id":"https:\/\/kapitalis.com\/tunisie\/#\/schema\/logo\/image\/","url":"https:\/\/kapitalis.com\/tunisie\/wp-content\/uploads\/2022\/05\/Kapitalis-big-size.png","contentUrl":"https:\/\/kapitalis.com\/tunisie\/wp-content\/uploads\/2022\/05\/Kapitalis-big-size.png","width":5000,"height":1500,"caption":"Kapitalis"},"image":{"@id":"https:\/\/kapitalis.com\/tunisie\/#\/schema\/logo\/image\/"},"sameAs":["https:\/\/www.facebook.com\/KapitalisInfo\/","https:\/\/x.com\/KapitalisInfo","https:\/\/www.youtube.com\/channel\/UC-yDYrHyfFBWWZaOw3FPg9Q"]},{"@type":"Person","@id":"https:\/\/kapitalis.com\/tunisie\/#\/schema\/person\/74bbde0154d49d790a92aaeac5bc01d5","name":"Yusra NY","url":"https:\/\/kapitalis.com\/tunisie\/author\/yuza_adam\/"}]}},"_links":{"self":[{"href":"https:\/\/kapitalis.com\/tunisie\/wp-json\/wp\/v2\/posts\/6585385","targetHints":{"allow":["GET"]}}],"collection":[{"href":"https:\/\/kapitalis.com\/tunisie\/wp-json\/wp\/v2\/posts"}],"about":[{"href":"https:\/\/kapitalis.com\/tunisie\/wp-json\/wp\/v2\/types\/post"}],"author":[{"embeddable":true,"href":"https:\/\/kapitalis.com\/tunisie\/wp-json\/wp\/v2\/users\/6"}],"replies":[{"embeddable":true,"href":"https:\/\/kapitalis.com\/tunisie\/wp-json\/wp\/v2\/comments?post=6585385"}],"version-history":[{"count":5,"href":"https:\/\/kapitalis.com\/tunisie\/wp-json\/wp\/v2\/posts\/6585385\/revisions"}],"predecessor-version":[{"id":6585489,"href":"https:\/\/kapitalis.com\/tunisie\/wp-json\/wp\/v2\/posts\/6585385\/revisions\/6585489"}],"wp:featuredmedia":[{"embeddable":true,"href":"https:\/\/kapitalis.com\/tunisie\/wp-json\/wp\/v2\/media\/5371120"}],"wp:attachment":[{"href":"https:\/\/kapitalis.com\/tunisie\/wp-json\/wp\/v2\/media?parent=6585385"}],"wp:term":[{"taxonomy":"category","embeddable":true,"href":"https:\/\/kapitalis.com\/tunisie\/wp-json\/wp\/v2\/categories?post=6585385"},{"taxonomy":"post_tag","embeddable":true,"href":"https:\/\/kapitalis.com\/tunisie\/wp-json\/wp\/v2\/tags?post=6585385"}],"curies":[{"name":"wp","href":"https:\/\/api.w.org\/{rel}","templated":true}]}}