{"id":6585909,"date":"2023-02-20T23:41:07","date_gmt":"2023-02-20T22:41:07","guid":{"rendered":"https:\/\/kapitalis.com\/tunisie\/?p=6585909"},"modified":"2023-02-21T00:25:46","modified_gmt":"2023-02-20T23:25:46","slug":"linpt-finalement-autorisee-a-rendre-visite-a-bechir-akremi-a-lhopital-psychiatrique-razi","status":"publish","type":"post","link":"https:\/\/kapitalis.com\/tunisie\/2023\/02\/20\/linpt-finalement-autorisee-a-rendre-visite-a-bechir-akremi-a-lhopital-psychiatrique-razi\/","title":{"rendered":"L&rsquo;INPT finalement autoris\u00e9e \u00e0 rendre visite \u00e0 Bechir Akremi \u00e0 l&rsquo;h\u00f4pital psychiatrique Razi"},"content":{"rendered":"\n<p><strong><em>L&rsquo;Instance nationale pour la pr\u00e9vention de la torture Tunisie (INPT) a finalement \u00e9t\u00e9 autoris\u00e9e, cet apr\u00e8s-midi, \u00e0 rendre visite au juge r\u00e9voqu\u00e9 Bechir Akremi admis \u00e0 l\u2019h\u00f4pital psychiatrique Razi \u00e0 la Manouba.<\/em><\/strong><\/p>\n\n\n\n<!--more-->\n\n\n\n<p>L&rsquo;INPT avait d\u00e9nonc\u00e9, hier dans un communiqu\u00e9, cet interdiction d&rsquo;une visite organis\u00e9e apr\u00e8s une alerte envoy\u00e9e par la fille de B\u00e9chir Akremi (sans citer le nom du juge r\u00e9voqu\u00e9) qui a exprim\u00e9 la pr\u00e9occupation de la famille quant \u00e0 l\u2019\u00e9tat de sant\u00e9 de son p\u00e8re, estimant que cette d\u00e9cision va contre l\u2019article 13 de la Loi organique n\u00b02013-43.<\/p>\n\n\n\n<p>De son c\u00f4t\u00e9, le minist\u00e8re de la Sant\u00e9 a indiqu\u00e9 dans la soir\u00e9e de ce lundi 20 f\u00e9vrier 2023, que l&rsquo;interdiction de visite \u00e0 l\u2019h\u00f4pital psychiatrique est une <em>\u00abmesure m\u00e9dicale ordinaire, adopt\u00e9e pour des raisons strictement m\u00e9dicales et qui est pratiqu\u00e9e dans les m\u00eames services \u00e0 travers le monde\u00bb.<\/em><\/p>\n\n\n\n<p>Le minist\u00e8re a ajout\u00e9 qu&rsquo;une \u00e9quipe de m\u00e9decins compos\u00e9e de professeurs universitaires en m\u00e9decine psychiatrique a finalement autoris\u00e9 la d\u00e9l\u00e9gation de l&rsquo;INPT \u00e0 rendre visite au concern\u00e9,  cet apr\u00e8s-midi vers 16h, son \u00e9tat de sant\u00e9, le permettant selon ladite \u00e9quipe.<\/p>\n\n\n\n<p>Ce que l&rsquo;INPT a confirm\u00e9, \u00e0 son tour, en pr\u00e9cisant qu&rsquo;apr\u00e8s un entretien avec la directrice g\u00e9n\u00e9rale de l&rsquo;h\u00f4pital Razi et le chef de cabinet du ministre de la Sant\u00e9, ses membres ont \u00e9t\u00e9 autoris\u00e9s \u00e0 rendre visite au concern\u00e9 <em>\u00abafin de s&rsquo;assurer des conditions de d\u00e9tention au sein de l&rsquo;\u00e9tablissement sanitaire et de la qualit\u00e9 du traitement des personnes soumises \u00e0 un internement obligatoire\u00bb.<\/em><\/p>\n\n\n\n<p>L&rsquo;Instance a \u00e9galement remerci\u00e9 la direction de l&rsquo;h\u00f4pital Razi et les autorit\u00e9s de tutelle du minist\u00e8re de la Sant\u00e9<em> \u00abd&rsquo;avoir r\u00e9solu le probl\u00e8me survenu hier et facilit\u00e9 le travail de son \u00e9quipe de visite\u00bb<\/em>, tout en r\u00e9affirmant sa d\u00e9termination \u00e0 poursuivre son travail conform\u00e9ment \u00e0 la l\u00e9gislation nationale et aux normes internationales.<\/p>\n\n\n\n<p>Rappelons que Bechir Akremi est accus\u00e9, par le comit\u00e9 de d\u00e9fense des deux martyrs Chokri Bela\u00efd et de Mohamed Brahmi, de manquements et de manipulation des dossiers relatifs aux assassinats, entre autres affaires li\u00e9es au terrorisme dont il \u00e9tait en charge. <\/p>\n\n\n\n<p>Il a \u00e9t\u00e9 arr\u00eat\u00e9 le 12 f\u00e9vrier courant, puis plac\u00e9 quelques jours apr\u00e8s \u00e0 l&rsquo;h\u00f4pital psychiatrique, ce que sa famille et ses avocats  ont d\u00e9nonc\u00e9, en indiquant ne pas s&rsquo;expliquer cette d\u00e9cision. Ils ont \u00e9galement cri\u00e9 \u00e0 l&rsquo;injustice, en affirmant que \u00ab<em>Bechir Akremi est innocent&#8230;\u00bb.<\/em><\/p>\n\n\n\n<p class=\"has-text-align-right\"><strong>Y. N.<\/strong><\/p>\n\n\n\n<figure class=\"wp-block-embed is-type-wp-embed is-provider-kapitalis wp-block-embed-kapitalis\"><div class=\"wp-block-embed__wrapper\">\n<blockquote class=\"wp-embedded-content\" data-secret=\"Avk9O9VyZO\"><a href=\"https:\/\/kapitalis.com\/tunisie\/2023\/02\/13\/tunisie-me-philippe-de-veulle-se-felicite-de-larrestation-de-bechir-akremi\/\">Tunisie : Me Philippe de Veulle se f\u00e9licite de l&rsquo;arrestation de B\u00e9chir Akremi<\/a><\/blockquote><iframe loading=\"lazy\" class=\"wp-embedded-content\" sandbox=\"allow-scripts\" security=\"restricted\" style=\"position: absolute; clip: rect(1px, 1px, 1px, 1px);\" title=\"\u00ab\u00a0Tunisie : Me Philippe de Veulle se f\u00e9licite de l&rsquo;arrestation de B\u00e9chir Akremi\u00a0\u00bb &#8212; Kapitalis\" src=\"https:\/\/kapitalis.com\/tunisie\/2023\/02\/13\/tunisie-me-philippe-de-veulle-se-felicite-de-larrestation-de-bechir-akremi\/embed\/#?secret=jFsrwLm02M#?secret=Avk9O9VyZO\" data-secret=\"Avk9O9VyZO\" width=\"600\" height=\"338\" frameborder=\"0\" marginwidth=\"0\" marginheight=\"0\" scrolling=\"no\"><\/iframe>\n<\/div><\/figure>\n\n\n\n<figure class=\"wp-block-embed is-type-wp-embed is-provider-kapitalis wp-block-embed-kapitalis\"><div class=\"wp-block-embed__wrapper\">\n<blockquote class=\"wp-embedded-content\" data-secret=\"AZA2W8mTd6\"><a href=\"https:\/\/kapitalis.com\/tunisie\/2023\/02\/12\/tunisie-arrestation-du-juge-revoque-bechir-akremi\/\">Tunisie : Arrestation du juge r\u00e9voqu\u00e9 B\u00e9chir Akremi<\/a><\/blockquote><iframe loading=\"lazy\" class=\"wp-embedded-content\" sandbox=\"allow-scripts\" security=\"restricted\" style=\"position: absolute; clip: rect(1px, 1px, 1px, 1px);\" title=\"\u00ab\u00a0Tunisie : Arrestation du juge r\u00e9voqu\u00e9 B\u00e9chir Akremi\u00a0\u00bb &#8212; Kapitalis\" src=\"https:\/\/kapitalis.com\/tunisie\/2023\/02\/12\/tunisie-arrestation-du-juge-revoque-bechir-akremi\/embed\/#?secret=Rk4Tc4vKdm#?secret=AZA2W8mTd6\" data-secret=\"AZA2W8mTd6\" width=\"600\" height=\"338\" frameborder=\"0\" marginwidth=\"0\" marginheight=\"0\" scrolling=\"no\"><\/iframe>\n<\/div><\/figure>\n","protected":false},"excerpt":{"rendered":"<p>L&rsquo;INPT finalement autoris\u00e9e \u00e0 rendre visite \u00e0 Bechir Akremi \u00e0 l&rsquo;h\u00f4pital psychiatrique Razi<\/p>\n","protected":false},"author":6,"featured_media":6586042,"comment_status":"open","ping_status":"open","sticky":false,"template":"","format":"standard","meta":{"footnotes":""},"categories":[997,998,2433],"tags":[81005,27113,17946,106756,521,96254,62643],"class_list":["post-6585909","post","type-post","status-publish","format-standard","has-post-thumbnail","hentry","category-politique","category-societe","category-tunisie","tag-bechir-akremi-2","tag-hopital-psychiatrique","tag-hopital-razi","tag-inot","tag-juge","tag-prevention-de-la-torture","tag-tunisie"],"yoast_head":"<!-- This site is optimized with the Yoast SEO plugin v26.6 - https:\/\/yoast.com\/wordpress\/plugins\/seo\/ -->\n<title>L&#039;INPT finalement autoris\u00e9e \u00e0 rendre visite \u00e0 Bechir Akremi \u00e0 l&#039;h\u00f4pital psychiatrique Razi - Kapitalis<\/title>\n<meta name=\"description\" content=\"L&#039;Instance nationale pour la pr\u00e9vention de la torture Tunisie (INPT) a finalement \u00e9t\u00e9 autoris\u00e9e, cet apr\u00e8s-midi, \u00e0 rendre visite au juge r\u00e9voqu\u00e9 Bechir Akremi admis \u00e0 l\u2019h\u00f4pital psychiatrique Razi \u00e0 la Manouba.\" \/>\n<meta name=\"robots\" content=\"index, follow, max-snippet:-1, max-image-preview:large, max-video-preview:-1\" \/>\n<link rel=\"canonical\" href=\"https:\/\/kapitalis.com\/tunisie\/2023\/02\/20\/linpt-finalement-autorisee-a-rendre-visite-a-bechir-akremi-a-lhopital-psychiatrique-razi\/\" \/>\n<meta property=\"og:locale\" content=\"fr_FR\" \/>\n<meta property=\"og:type\" content=\"article\" \/>\n<meta property=\"og:title\" content=\"L&#039;INPT finalement autoris\u00e9e \u00e0 rendre visite \u00e0 Bechir Akremi \u00e0 l&#039;h\u00f4pital psychiatrique Razi - Kapitalis\" \/>\n<meta property=\"og:description\" content=\"L&#039;Instance nationale pour la pr\u00e9vention de la torture Tunisie (INPT) a finalement \u00e9t\u00e9 autoris\u00e9e, cet apr\u00e8s-midi, \u00e0 rendre visite au juge r\u00e9voqu\u00e9 Bechir Akremi admis \u00e0 l\u2019h\u00f4pital psychiatrique Razi \u00e0 la Manouba.\" \/>\n<meta property=\"og:url\" content=\"https:\/\/kapitalis.com\/tunisie\/2023\/02\/20\/linpt-finalement-autorisee-a-rendre-visite-a-bechir-akremi-a-lhopital-psychiatrique-razi\/\" \/>\n<meta property=\"og:site_name\" content=\"Kapitalis\" \/>\n<meta property=\"article:publisher\" content=\"https:\/\/www.facebook.com\/KapitalisInfo\/\" \/>\n<meta property=\"article:published_time\" content=\"2023-02-20T22:41:07+00:00\" \/>\n<meta property=\"article:modified_time\" content=\"2023-02-20T23:25:46+00:00\" \/>\n<meta property=\"og:image\" content=\"https:\/\/kapitalis.com\/tunisie\/wp-content\/uploads\/2023\/02\/INPT-Bechir-Akremi.jpg\" \/>\n\t<meta property=\"og:image:width\" content=\"1200\" \/>\n\t<meta property=\"og:image:height\" content=\"630\" \/>\n\t<meta property=\"og:image:type\" content=\"image\/jpeg\" \/>\n<meta name=\"author\" content=\"Yusra NY\" \/>\n<meta name=\"twitter:card\" content=\"summary_large_image\" \/>\n<meta name=\"twitter:creator\" content=\"@KapitalisInfo\" \/>\n<meta name=\"twitter:site\" content=\"@KapitalisInfo\" \/>\n<meta name=\"twitter:label1\" content=\"\u00c9crit par\" \/>\n\t<meta name=\"twitter:data1\" content=\"Yusra NY\" \/>\n\t<meta name=\"twitter:label2\" content=\"Dur\u00e9e de lecture estim\u00e9e\" \/>\n\t<meta name=\"twitter:data2\" content=\"2 minutes\" \/>\n<script type=\"application\/ld+json\" class=\"yoast-schema-graph\">{\"@context\":\"https:\/\/schema.org\",\"@graph\":[{\"@type\":\"Article\",\"@id\":\"https:\/\/kapitalis.com\/tunisie\/2023\/02\/20\/linpt-finalement-autorisee-a-rendre-visite-a-bechir-akremi-a-lhopital-psychiatrique-razi\/#article\",\"isPartOf\":{\"@id\":\"https:\/\/kapitalis.com\/tunisie\/2023\/02\/20\/linpt-finalement-autorisee-a-rendre-visite-a-bechir-akremi-a-lhopital-psychiatrique-razi\/\"},\"author\":{\"name\":\"Yusra NY\",\"@id\":\"https:\/\/kapitalis.com\/tunisie\/#\/schema\/person\/74bbde0154d49d790a92aaeac5bc01d5\"},\"headline\":\"L&rsquo;INPT finalement autoris\u00e9e \u00e0 rendre visite \u00e0 Bechir Akremi \u00e0 l&rsquo;h\u00f4pital psychiatrique Razi\",\"datePublished\":\"2023-02-20T22:41:07+00:00\",\"dateModified\":\"2023-02-20T23:25:46+00:00\",\"mainEntityOfPage\":{\"@id\":\"https:\/\/kapitalis.com\/tunisie\/2023\/02\/20\/linpt-finalement-autorisee-a-rendre-visite-a-bechir-akremi-a-lhopital-psychiatrique-razi\/\"},\"wordCount\":450,\"commentCount\":0,\"publisher\":{\"@id\":\"https:\/\/kapitalis.com\/tunisie\/#organization\"},\"image\":{\"@id\":\"https:\/\/kapitalis.com\/tunisie\/2023\/02\/20\/linpt-finalement-autorisee-a-rendre-visite-a-bechir-akremi-a-lhopital-psychiatrique-razi\/#primaryimage\"},\"thumbnailUrl\":\"https:\/\/kapitalis.com\/tunisie\/wp-content\/uploads\/2023\/02\/INPT-Bechir-Akremi.jpg\",\"keywords\":[\"Bechir Akremi\",\"h\u00f4pital psychiatrique\",\"h\u00f4pital Razi\",\"INOT\",\"juge\",\"pr\u00e9vention de la torture\",\"Tunisie\"],\"articleSection\":[\"POLITIQUE\",\"SOCIETE\",\"Tunisie\"],\"inLanguage\":\"fr-FR\",\"potentialAction\":[{\"@type\":\"CommentAction\",\"name\":\"Comment\",\"target\":[\"https:\/\/kapitalis.com\/tunisie\/2023\/02\/20\/linpt-finalement-autorisee-a-rendre-visite-a-bechir-akremi-a-lhopital-psychiatrique-razi\/#respond\"]}]},{\"@type\":\"WebPage\",\"@id\":\"https:\/\/kapitalis.com\/tunisie\/2023\/02\/20\/linpt-finalement-autorisee-a-rendre-visite-a-bechir-akremi-a-lhopital-psychiatrique-razi\/\",\"url\":\"https:\/\/kapitalis.com\/tunisie\/2023\/02\/20\/linpt-finalement-autorisee-a-rendre-visite-a-bechir-akremi-a-lhopital-psychiatrique-razi\/\",\"name\":\"L'INPT finalement autoris\u00e9e \u00e0 rendre visite \u00e0 Bechir Akremi \u00e0 l'h\u00f4pital psychiatrique Razi - Kapitalis\",\"isPartOf\":{\"@id\":\"https:\/\/kapitalis.com\/tunisie\/#website\"},\"primaryImageOfPage\":{\"@id\":\"https:\/\/kapitalis.com\/tunisie\/2023\/02\/20\/linpt-finalement-autorisee-a-rendre-visite-a-bechir-akremi-a-lhopital-psychiatrique-razi\/#primaryimage\"},\"image\":{\"@id\":\"https:\/\/kapitalis.com\/tunisie\/2023\/02\/20\/linpt-finalement-autorisee-a-rendre-visite-a-bechir-akremi-a-lhopital-psychiatrique-razi\/#primaryimage\"},\"thumbnailUrl\":\"https:\/\/kapitalis.com\/tunisie\/wp-content\/uploads\/2023\/02\/INPT-Bechir-Akremi.jpg\",\"datePublished\":\"2023-02-20T22:41:07+00:00\",\"dateModified\":\"2023-02-20T23:25:46+00:00\",\"description\":\"L'Instance nationale pour la pr\u00e9vention de la torture Tunisie (INPT) a finalement \u00e9t\u00e9 autoris\u00e9e, cet apr\u00e8s-midi, \u00e0 rendre visite au juge r\u00e9voqu\u00e9 Bechir Akremi admis \u00e0 l\u2019h\u00f4pital psychiatrique Razi \u00e0 la Manouba.\",\"breadcrumb\":{\"@id\":\"https:\/\/kapitalis.com\/tunisie\/2023\/02\/20\/linpt-finalement-autorisee-a-rendre-visite-a-bechir-akremi-a-lhopital-psychiatrique-razi\/#breadcrumb\"},\"inLanguage\":\"fr-FR\",\"potentialAction\":[{\"@type\":\"ReadAction\",\"target\":[\"https:\/\/kapitalis.com\/tunisie\/2023\/02\/20\/linpt-finalement-autorisee-a-rendre-visite-a-bechir-akremi-a-lhopital-psychiatrique-razi\/\"]}]},{\"@type\":\"ImageObject\",\"inLanguage\":\"fr-FR\",\"@id\":\"https:\/\/kapitalis.com\/tunisie\/2023\/02\/20\/linpt-finalement-autorisee-a-rendre-visite-a-bechir-akremi-a-lhopital-psychiatrique-razi\/#primaryimage\",\"url\":\"https:\/\/kapitalis.com\/tunisie\/wp-content\/uploads\/2023\/02\/INPT-Bechir-Akremi.jpg\",\"contentUrl\":\"https:\/\/kapitalis.com\/tunisie\/wp-content\/uploads\/2023\/02\/INPT-Bechir-Akremi.jpg\",\"width\":1200,\"height\":630},{\"@type\":\"BreadcrumbList\",\"@id\":\"https:\/\/kapitalis.com\/tunisie\/2023\/02\/20\/linpt-finalement-autorisee-a-rendre-visite-a-bechir-akremi-a-lhopital-psychiatrique-razi\/#breadcrumb\",\"itemListElement\":[{\"@type\":\"ListItem\",\"position\":1,\"name\":\"Accueil\",\"item\":\"https:\/\/kapitalis.com\/tunisie\/\"},{\"@type\":\"ListItem\",\"position\":2,\"name\":\"L&rsquo;INPT finalement autoris\u00e9e \u00e0 rendre visite \u00e0 Bechir Akremi \u00e0 l&rsquo;h\u00f4pital psychiatrique Razi\"}]},{\"@type\":\"WebSite\",\"@id\":\"https:\/\/kapitalis.com\/tunisie\/#website\",\"url\":\"https:\/\/kapitalis.com\/tunisie\/\",\"name\":\"Kapitalis\",\"description\":\"L&#039;actualit\u00e9 en Tunisie et dans le monde\",\"publisher\":{\"@id\":\"https:\/\/kapitalis.com\/tunisie\/#organization\"},\"potentialAction\":[{\"@type\":\"SearchAction\",\"target\":{\"@type\":\"EntryPoint\",\"urlTemplate\":\"https:\/\/kapitalis.com\/tunisie\/?s={search_term_string}\"},\"query-input\":{\"@type\":\"PropertyValueSpecification\",\"valueRequired\":true,\"valueName\":\"search_term_string\"}}],\"inLanguage\":\"fr-FR\"},{\"@type\":\"Organization\",\"@id\":\"https:\/\/kapitalis.com\/tunisie\/#organization\",\"name\":\"Kapitalis\",\"url\":\"https:\/\/kapitalis.com\/tunisie\/\",\"logo\":{\"@type\":\"ImageObject\",\"inLanguage\":\"fr-FR\",\"@id\":\"https:\/\/kapitalis.com\/tunisie\/#\/schema\/logo\/image\/\",\"url\":\"https:\/\/kapitalis.com\/tunisie\/wp-content\/uploads\/2022\/05\/Kapitalis-big-size.png\",\"contentUrl\":\"https:\/\/kapitalis.com\/tunisie\/wp-content\/uploads\/2022\/05\/Kapitalis-big-size.png\",\"width\":5000,\"height\":1500,\"caption\":\"Kapitalis\"},\"image\":{\"@id\":\"https:\/\/kapitalis.com\/tunisie\/#\/schema\/logo\/image\/\"},\"sameAs\":[\"https:\/\/www.facebook.com\/KapitalisInfo\/\",\"https:\/\/x.com\/KapitalisInfo\",\"https:\/\/www.youtube.com\/channel\/UC-yDYrHyfFBWWZaOw3FPg9Q\"]},{\"@type\":\"Person\",\"@id\":\"https:\/\/kapitalis.com\/tunisie\/#\/schema\/person\/74bbde0154d49d790a92aaeac5bc01d5\",\"name\":\"Yusra NY\",\"url\":\"https:\/\/kapitalis.com\/tunisie\/author\/yuza_adam\/\"}]}<\/script>\n<!-- \/ Yoast SEO plugin. -->","yoast_head_json":{"title":"L'INPT finalement autoris\u00e9e \u00e0 rendre visite \u00e0 Bechir Akremi \u00e0 l'h\u00f4pital psychiatrique Razi - Kapitalis","description":"L'Instance nationale pour la pr\u00e9vention de la torture Tunisie (INPT) a finalement \u00e9t\u00e9 autoris\u00e9e, cet apr\u00e8s-midi, \u00e0 rendre visite au juge r\u00e9voqu\u00e9 Bechir Akremi admis \u00e0 l\u2019h\u00f4pital psychiatrique Razi \u00e0 la Manouba.","robots":{"index":"index","follow":"follow","max-snippet":"max-snippet:-1","max-image-preview":"max-image-preview:large","max-video-preview":"max-video-preview:-1"},"canonical":"https:\/\/kapitalis.com\/tunisie\/2023\/02\/20\/linpt-finalement-autorisee-a-rendre-visite-a-bechir-akremi-a-lhopital-psychiatrique-razi\/","og_locale":"fr_FR","og_type":"article","og_title":"L'INPT finalement autoris\u00e9e \u00e0 rendre visite \u00e0 Bechir Akremi \u00e0 l'h\u00f4pital psychiatrique Razi - Kapitalis","og_description":"L'Instance nationale pour la pr\u00e9vention de la torture Tunisie (INPT) a finalement \u00e9t\u00e9 autoris\u00e9e, cet apr\u00e8s-midi, \u00e0 rendre visite au juge r\u00e9voqu\u00e9 Bechir Akremi admis \u00e0 l\u2019h\u00f4pital psychiatrique Razi \u00e0 la Manouba.","og_url":"https:\/\/kapitalis.com\/tunisie\/2023\/02\/20\/linpt-finalement-autorisee-a-rendre-visite-a-bechir-akremi-a-lhopital-psychiatrique-razi\/","og_site_name":"Kapitalis","article_publisher":"https:\/\/www.facebook.com\/KapitalisInfo\/","article_published_time":"2023-02-20T22:41:07+00:00","article_modified_time":"2023-02-20T23:25:46+00:00","og_image":[{"width":1200,"height":630,"url":"https:\/\/kapitalis.com\/tunisie\/wp-content\/uploads\/2023\/02\/INPT-Bechir-Akremi.jpg","type":"image\/jpeg"}],"author":"Yusra NY","twitter_card":"summary_large_image","twitter_creator":"@KapitalisInfo","twitter_site":"@KapitalisInfo","twitter_misc":{"\u00c9crit par":"Yusra NY","Dur\u00e9e de lecture estim\u00e9e":"2 minutes"},"schema":{"@context":"https:\/\/schema.org","@graph":[{"@type":"Article","@id":"https:\/\/kapitalis.com\/tunisie\/2023\/02\/20\/linpt-finalement-autorisee-a-rendre-visite-a-bechir-akremi-a-lhopital-psychiatrique-razi\/#article","isPartOf":{"@id":"https:\/\/kapitalis.com\/tunisie\/2023\/02\/20\/linpt-finalement-autorisee-a-rendre-visite-a-bechir-akremi-a-lhopital-psychiatrique-razi\/"},"author":{"name":"Yusra NY","@id":"https:\/\/kapitalis.com\/tunisie\/#\/schema\/person\/74bbde0154d49d790a92aaeac5bc01d5"},"headline":"L&rsquo;INPT finalement autoris\u00e9e \u00e0 rendre visite \u00e0 Bechir Akremi \u00e0 l&rsquo;h\u00f4pital psychiatrique Razi","datePublished":"2023-02-20T22:41:07+00:00","dateModified":"2023-02-20T23:25:46+00:00","mainEntityOfPage":{"@id":"https:\/\/kapitalis.com\/tunisie\/2023\/02\/20\/linpt-finalement-autorisee-a-rendre-visite-a-bechir-akremi-a-lhopital-psychiatrique-razi\/"},"wordCount":450,"commentCount":0,"publisher":{"@id":"https:\/\/kapitalis.com\/tunisie\/#organization"},"image":{"@id":"https:\/\/kapitalis.com\/tunisie\/2023\/02\/20\/linpt-finalement-autorisee-a-rendre-visite-a-bechir-akremi-a-lhopital-psychiatrique-razi\/#primaryimage"},"thumbnailUrl":"https:\/\/kapitalis.com\/tunisie\/wp-content\/uploads\/2023\/02\/INPT-Bechir-Akremi.jpg","keywords":["Bechir Akremi","h\u00f4pital psychiatrique","h\u00f4pital Razi","INOT","juge","pr\u00e9vention de la torture","Tunisie"],"articleSection":["POLITIQUE","SOCIETE","Tunisie"],"inLanguage":"fr-FR","potentialAction":[{"@type":"CommentAction","name":"Comment","target":["https:\/\/kapitalis.com\/tunisie\/2023\/02\/20\/linpt-finalement-autorisee-a-rendre-visite-a-bechir-akremi-a-lhopital-psychiatrique-razi\/#respond"]}]},{"@type":"WebPage","@id":"https:\/\/kapitalis.com\/tunisie\/2023\/02\/20\/linpt-finalement-autorisee-a-rendre-visite-a-bechir-akremi-a-lhopital-psychiatrique-razi\/","url":"https:\/\/kapitalis.com\/tunisie\/2023\/02\/20\/linpt-finalement-autorisee-a-rendre-visite-a-bechir-akremi-a-lhopital-psychiatrique-razi\/","name":"L'INPT finalement autoris\u00e9e \u00e0 rendre visite \u00e0 Bechir Akremi \u00e0 l'h\u00f4pital psychiatrique Razi - Kapitalis","isPartOf":{"@id":"https:\/\/kapitalis.com\/tunisie\/#website"},"primaryImageOfPage":{"@id":"https:\/\/kapitalis.com\/tunisie\/2023\/02\/20\/linpt-finalement-autorisee-a-rendre-visite-a-bechir-akremi-a-lhopital-psychiatrique-razi\/#primaryimage"},"image":{"@id":"https:\/\/kapitalis.com\/tunisie\/2023\/02\/20\/linpt-finalement-autorisee-a-rendre-visite-a-bechir-akremi-a-lhopital-psychiatrique-razi\/#primaryimage"},"thumbnailUrl":"https:\/\/kapitalis.com\/tunisie\/wp-content\/uploads\/2023\/02\/INPT-Bechir-Akremi.jpg","datePublished":"2023-02-20T22:41:07+00:00","dateModified":"2023-02-20T23:25:46+00:00","description":"L'Instance nationale pour la pr\u00e9vention de la torture Tunisie (INPT) a finalement \u00e9t\u00e9 autoris\u00e9e, cet apr\u00e8s-midi, \u00e0 rendre visite au juge r\u00e9voqu\u00e9 Bechir Akremi admis \u00e0 l\u2019h\u00f4pital psychiatrique Razi \u00e0 la Manouba.","breadcrumb":{"@id":"https:\/\/kapitalis.com\/tunisie\/2023\/02\/20\/linpt-finalement-autorisee-a-rendre-visite-a-bechir-akremi-a-lhopital-psychiatrique-razi\/#breadcrumb"},"inLanguage":"fr-FR","potentialAction":[{"@type":"ReadAction","target":["https:\/\/kapitalis.com\/tunisie\/2023\/02\/20\/linpt-finalement-autorisee-a-rendre-visite-a-bechir-akremi-a-lhopital-psychiatrique-razi\/"]}]},{"@type":"ImageObject","inLanguage":"fr-FR","@id":"https:\/\/kapitalis.com\/tunisie\/2023\/02\/20\/linpt-finalement-autorisee-a-rendre-visite-a-bechir-akremi-a-lhopital-psychiatrique-razi\/#primaryimage","url":"https:\/\/kapitalis.com\/tunisie\/wp-content\/uploads\/2023\/02\/INPT-Bechir-Akremi.jpg","contentUrl":"https:\/\/kapitalis.com\/tunisie\/wp-content\/uploads\/2023\/02\/INPT-Bechir-Akremi.jpg","width":1200,"height":630},{"@type":"BreadcrumbList","@id":"https:\/\/kapitalis.com\/tunisie\/2023\/02\/20\/linpt-finalement-autorisee-a-rendre-visite-a-bechir-akremi-a-lhopital-psychiatrique-razi\/#breadcrumb","itemListElement":[{"@type":"ListItem","position":1,"name":"Accueil","item":"https:\/\/kapitalis.com\/tunisie\/"},{"@type":"ListItem","position":2,"name":"L&rsquo;INPT finalement autoris\u00e9e \u00e0 rendre visite \u00e0 Bechir Akremi \u00e0 l&rsquo;h\u00f4pital psychiatrique Razi"}]},{"@type":"WebSite","@id":"https:\/\/kapitalis.com\/tunisie\/#website","url":"https:\/\/kapitalis.com\/tunisie\/","name":"Kapitalis","description":"L&#039;actualit\u00e9 en Tunisie et dans le monde","publisher":{"@id":"https:\/\/kapitalis.com\/tunisie\/#organization"},"potentialAction":[{"@type":"SearchAction","target":{"@type":"EntryPoint","urlTemplate":"https:\/\/kapitalis.com\/tunisie\/?s={search_term_string}"},"query-input":{"@type":"PropertyValueSpecification","valueRequired":true,"valueName":"search_term_string"}}],"inLanguage":"fr-FR"},{"@type":"Organization","@id":"https:\/\/kapitalis.com\/tunisie\/#organization","name":"Kapitalis","url":"https:\/\/kapitalis.com\/tunisie\/","logo":{"@type":"ImageObject","inLanguage":"fr-FR","@id":"https:\/\/kapitalis.com\/tunisie\/#\/schema\/logo\/image\/","url":"https:\/\/kapitalis.com\/tunisie\/wp-content\/uploads\/2022\/05\/Kapitalis-big-size.png","contentUrl":"https:\/\/kapitalis.com\/tunisie\/wp-content\/uploads\/2022\/05\/Kapitalis-big-size.png","width":5000,"height":1500,"caption":"Kapitalis"},"image":{"@id":"https:\/\/kapitalis.com\/tunisie\/#\/schema\/logo\/image\/"},"sameAs":["https:\/\/www.facebook.com\/KapitalisInfo\/","https:\/\/x.com\/KapitalisInfo","https:\/\/www.youtube.com\/channel\/UC-yDYrHyfFBWWZaOw3FPg9Q"]},{"@type":"Person","@id":"https:\/\/kapitalis.com\/tunisie\/#\/schema\/person\/74bbde0154d49d790a92aaeac5bc01d5","name":"Yusra NY","url":"https:\/\/kapitalis.com\/tunisie\/author\/yuza_adam\/"}]}},"_links":{"self":[{"href":"https:\/\/kapitalis.com\/tunisie\/wp-json\/wp\/v2\/posts\/6585909","targetHints":{"allow":["GET"]}}],"collection":[{"href":"https:\/\/kapitalis.com\/tunisie\/wp-json\/wp\/v2\/posts"}],"about":[{"href":"https:\/\/kapitalis.com\/tunisie\/wp-json\/wp\/v2\/types\/post"}],"author":[{"embeddable":true,"href":"https:\/\/kapitalis.com\/tunisie\/wp-json\/wp\/v2\/users\/6"}],"replies":[{"embeddable":true,"href":"https:\/\/kapitalis.com\/tunisie\/wp-json\/wp\/v2\/comments?post=6585909"}],"version-history":[{"count":5,"href":"https:\/\/kapitalis.com\/tunisie\/wp-json\/wp\/v2\/posts\/6585909\/revisions"}],"predecessor-version":[{"id":6586028,"href":"https:\/\/kapitalis.com\/tunisie\/wp-json\/wp\/v2\/posts\/6585909\/revisions\/6586028"}],"wp:featuredmedia":[{"embeddable":true,"href":"https:\/\/kapitalis.com\/tunisie\/wp-json\/wp\/v2\/media\/6586042"}],"wp:attachment":[{"href":"https:\/\/kapitalis.com\/tunisie\/wp-json\/wp\/v2\/media?parent=6585909"}],"wp:term":[{"taxonomy":"category","embeddable":true,"href":"https:\/\/kapitalis.com\/tunisie\/wp-json\/wp\/v2\/categories?post=6585909"},{"taxonomy":"post_tag","embeddable":true,"href":"https:\/\/kapitalis.com\/tunisie\/wp-json\/wp\/v2\/tags?post=6585909"}],"curies":[{"name":"wp","href":"https:\/\/api.w.org\/{rel}","templated":true}]}}