{"id":6603725,"date":"2023-02-22T08:50:23","date_gmt":"2023-02-22T07:50:23","guid":{"rendered":"https:\/\/kapitalis.com\/tunisie\/?p=6603725"},"modified":"2023-02-22T08:50:24","modified_gmt":"2023-02-22T07:50:24","slug":"sp-se-rappelle-au-souvenir-de-la-tunisie","status":"publish","type":"post","link":"https:\/\/kapitalis.com\/tunisie\/2023\/02\/22\/sp-se-rappelle-au-souvenir-de-la-tunisie\/","title":{"rendered":"S&amp;P se rappelle au souvenir de la Tunisie"},"content":{"rendered":"\n<p><strong><em>L\u2019absence d\u2019accord de financement entre la Tunisie et le Fonds mon\u00e9taire international (FMI) et le manque de financements ext\u00e9rieurs placent le pays dans une situation de \u00abd\u00e9faut souverain\u00bb et pourraient co\u00fbter entre 4,1 et 7,6 milliards de dollars au syst\u00e8me bancaire tunisien, soit entre 8% et 14,8% du PIB nominal fin 2023, selon le sc\u00e9nario le plus extr\u00eame de l\u2019agence de notation Standard &amp; Poor\u2019s (S&amp;P).<\/em><\/strong><\/p>\n\n\n\n<!--more-->\n\n\n\n<p>Rappelons, \u00e0 ce propos, que La notation souveraine de la Tunisie par l\u2019agence S&amp;P a \u00e9t\u00e9 retir\u00e9e en 2013 par la BCT.<\/p>\n\n\n\n<p>Dans un rapport rendu public lundi 20 f\u00e9vrier 2023, l\u2019agence de notation am\u00e9ricaine a pr\u00e9sent\u00e9 trois sc\u00e9narios hypoth\u00e9tiques allant du <em>\u00abfaible stress\u00bb<\/em> au<em> \u00abstress s\u00e9v\u00e8re\u00bb<\/em> et sur la base d\u2019enqu\u00eates aupr\u00e8s des investisseurs, l\u2019agence a pass\u00e9 en revue les impacts financiers et \u00e9conomiques potentiels sur le secteur bancaire, qui fait face \u00e0 un environnement <em>\u00abambigu\u00bb<\/em>.<\/p>\n\n\n\n<p>L\u2019agence a \u00e9galement indiqu\u00e9 dans son rapport les impacts de la pand\u00e9mie de Covid-19 sur le pays et les moyens que la Tunisie pourrait utiliser pour financer ses d\u00e9ficits jumeaux et faire face aux risques mena\u00e7ant le syst\u00e8me bancaire.<\/p>\n\n\n\n<h2 class=\"wp-block-heading\">Trois sc\u00e9narios<\/h2>\n\n\n\n<p>En sc\u00e9nario de <em>\u00abstress s\u00e9v\u00e8re\u00bb<\/em>, S&amp;P estime que le pays risque de faire d\u00e9faut \u00e0 ses obligations financi\u00e8res s\u2019il ne parvient pas \u00e0 signer un accord avec le FMI et \u00e0 obtenir d\u2019autres soutiens bilat\u00e9raux, notamment des pays du Golfe, ce qui d\u00e9t\u00e9riorerait la balance des paiements et les finances publiques. Cette situation se traduirait \u00e9galement par une <em>\u00abforte\u00bb<\/em> d\u00e9pr\u00e9ciation du dinar tunisien et une<em> \u00abhausse substantielle\u00bb<\/em> de l\u2019inflation et pousserait les banques \u00e0 subir de <em>\u00ablourdes pertes\u00bb<\/em> et augmenterait leur besoin de recapitalisation.<\/p>\n\n\n\n<p>Dans le cas du sc\u00e9nario <em>\u00ablow stress\u00bb<\/em> le plus optimiste, l\u2019agence de notation am\u00e9ricaine estime qu\u2019un accord avec le FMI serait sign\u00e9 d\u2019ici la fin du premier trimestre 2023 et que la mise en place des r\u00e9formes r\u00e9tablirait <em>\u00abprogressivement\u00bb<\/em> la confiance en la Tunisie et stimuler les investissements du secteur priv\u00e9.<\/p>\n\n\n\n<p>Les finances publiques et ext\u00e9rieures devraient retrouver une trajectoire <em>\u00absoutenable\u00bb<\/em>. Les banques locales pourraient commencer \u00e0 mettre en \u0153uvre les r\u00e9formes pilot\u00e9es par la Banque centrale de Tunisie (BCT) m\u00eame si le co\u00fbt du risque bancaire devrait rester \u00e9lev\u00e9 mais, sur une tendance baissi\u00e8re par rapport \u00e0 2020\/2021, pr\u00e9cise l\u2019agence.<\/p>\n\n\n\n<p>Cependant, deux sources principales, externe et interne, restent valables pour ce sc\u00e9nario. Il s\u2019agit d\u2019un risque externe plus important de ralentissement en Europe et de hausse des prix des mati\u00e8res premi\u00e8res et de risques internes d\u2019instabilit\u00e9 politique ou d\u2019opposition majeure aux r\u00e9formes.<\/p>\n\n\n\n<p>Concernant le troisi\u00e8me sc\u00e9nario de <em>\u00abstress mod\u00e9r\u00e9\u00bb<\/em>, Standard &amp; Poor\u2019s suppose que l\u2019absence de mise en \u0153uvre des r\u00e9formes emp\u00eacherait le pays de mobiliser les ressources n\u00e9cessaires au financement de son budget, ce qui aura des impacts sur le soutien bilat\u00e9ral et multilat\u00e9ral.<\/p>\n\n\n\n<p><\/p>\n\n\n\n<h2 class=\"wp-block-heading\">Les limites du march\u00e9 local<\/h2>\n\n\n\n<p>Sans soutien ext\u00e9rieur, le gouvernement serait contraint de s\u2019appuyer sur le march\u00e9 local pour tenter de mobiliser des ressources aupr\u00e8s des banques ou d\u2019autres entreprises du secteur public disposant de liquidit\u00e9s suffisantes. Cela pourrait exacerber la pression sur les banques et \u00e9roder la rentabilit\u00e9, a d\u00e9clar\u00e9 l\u2019agence.<\/p>\n\n\n\n<p>Au 9 f\u00e9vrier, le volume total de refinancement du syst\u00e8me bancaire aupr\u00e8s de la BCT a atteint 14,5 milliards de dinars.<\/p>\n\n\n\n<p>Selon la loi de finances de 2023, la Tunisie doit mobiliser 14,8 milliards de dinars d\u2019emprunts ext\u00e9rieurs.<\/p>\n","protected":false},"excerpt":{"rendered":"<p>Le manque de financements ext\u00e9rieurs place la Tunisie dans une situation de d\u00e9faut souverain. <\/p>\n","protected":false},"author":8,"featured_media":6603958,"comment_status":"open","ping_status":"open","sticky":false,"template":"","format":"standard","meta":{"footnotes":""},"categories":[995,2433],"tags":[106767,106768,388,478,81509,90142,77823,62643],"class_list":["post-6603725","post","type-post","status-publish","format-standard","has-post-thumbnail","hentry","category-economie","category-tunisie","tag-defaut-souverain","tag-deficits-jumeaux","tag-fmi","tag-inflation","tag-sp","tag-standard-poors","tag-systeme-bancaire","tag-tunisie"],"yoast_head":"<!-- This site is optimized with the Yoast SEO plugin v26.6 - https:\/\/yoast.com\/wordpress\/plugins\/seo\/ -->\n<title>S&amp;P se rappelle au souvenir de la Tunisie - Kapitalis<\/title>\n<meta name=\"robots\" content=\"index, follow, max-snippet:-1, max-image-preview:large, max-video-preview:-1\" \/>\n<link rel=\"canonical\" href=\"https:\/\/kapitalis.com\/tunisie\/2023\/02\/22\/sp-se-rappelle-au-souvenir-de-la-tunisie\/\" \/>\n<meta property=\"og:locale\" content=\"fr_FR\" \/>\n<meta property=\"og:type\" content=\"article\" \/>\n<meta property=\"og:title\" content=\"S&amp;P se rappelle au souvenir de la Tunisie - Kapitalis\" \/>\n<meta property=\"og:description\" content=\"Le manque de financements ext\u00e9rieurs place la Tunisie dans une situation de d\u00e9faut souverain.\" \/>\n<meta property=\"og:url\" content=\"https:\/\/kapitalis.com\/tunisie\/2023\/02\/22\/sp-se-rappelle-au-souvenir-de-la-tunisie\/\" \/>\n<meta property=\"og:site_name\" content=\"Kapitalis\" \/>\n<meta property=\"article:publisher\" content=\"https:\/\/www.facebook.com\/KapitalisInfo\/\" \/>\n<meta property=\"article:published_time\" content=\"2023-02-22T07:50:23+00:00\" \/>\n<meta property=\"article:modified_time\" content=\"2023-02-22T07:50:24+00:00\" \/>\n<meta property=\"og:image\" content=\"https:\/\/kapitalis.com\/tunisie\/wp-content\/uploads\/2023\/02\/SP.jpg\" \/>\n\t<meta property=\"og:image:width\" content=\"1200\" \/>\n\t<meta property=\"og:image:height\" content=\"630\" \/>\n\t<meta property=\"og:image:type\" content=\"image\/jpeg\" \/>\n<meta name=\"author\" content=\"webmaster kapitalis\" \/>\n<meta name=\"twitter:card\" content=\"summary_large_image\" \/>\n<meta name=\"twitter:creator\" content=\"@KapitalisInfo\" \/>\n<meta name=\"twitter:site\" content=\"@KapitalisInfo\" \/>\n<meta name=\"twitter:label1\" content=\"\u00c9crit par\" \/>\n\t<meta name=\"twitter:data1\" content=\"webmaster kapitalis\" \/>\n\t<meta name=\"twitter:label2\" content=\"Dur\u00e9e de lecture estim\u00e9e\" \/>\n\t<meta name=\"twitter:data2\" content=\"3 minutes\" \/>\n<script type=\"application\/ld+json\" class=\"yoast-schema-graph\">{\"@context\":\"https:\/\/schema.org\",\"@graph\":[{\"@type\":\"Article\",\"@id\":\"https:\/\/kapitalis.com\/tunisie\/2023\/02\/22\/sp-se-rappelle-au-souvenir-de-la-tunisie\/#article\",\"isPartOf\":{\"@id\":\"https:\/\/kapitalis.com\/tunisie\/2023\/02\/22\/sp-se-rappelle-au-souvenir-de-la-tunisie\/\"},\"author\":{\"name\":\"webmaster kapitalis\",\"@id\":\"https:\/\/kapitalis.com\/tunisie\/#\/schema\/person\/d71f33a9ca44f7bad4698210b480c8e9\"},\"headline\":\"S&amp;P se rappelle au souvenir de la Tunisie\",\"datePublished\":\"2023-02-22T07:50:23+00:00\",\"dateModified\":\"2023-02-22T07:50:24+00:00\",\"mainEntityOfPage\":{\"@id\":\"https:\/\/kapitalis.com\/tunisie\/2023\/02\/22\/sp-se-rappelle-au-souvenir-de-la-tunisie\/\"},\"wordCount\":627,\"commentCount\":0,\"publisher\":{\"@id\":\"https:\/\/kapitalis.com\/tunisie\/#organization\"},\"image\":{\"@id\":\"https:\/\/kapitalis.com\/tunisie\/2023\/02\/22\/sp-se-rappelle-au-souvenir-de-la-tunisie\/#primaryimage\"},\"thumbnailUrl\":\"https:\/\/kapitalis.com\/tunisie\/wp-content\/uploads\/2023\/02\/SP.jpg\",\"keywords\":[\"d\u00e9faut souverain\",\"d\u00e9ficits jumeaux\",\"FMI\",\"inflation\",\"S&amp;P\",\"Standard &amp; Poor\u2019s\",\"syst\u00e8me bancaire\",\"Tunisie\"],\"articleSection\":[\"ECONOMIE\",\"Tunisie\"],\"inLanguage\":\"fr-FR\",\"potentialAction\":[{\"@type\":\"CommentAction\",\"name\":\"Comment\",\"target\":[\"https:\/\/kapitalis.com\/tunisie\/2023\/02\/22\/sp-se-rappelle-au-souvenir-de-la-tunisie\/#respond\"]}]},{\"@type\":\"WebPage\",\"@id\":\"https:\/\/kapitalis.com\/tunisie\/2023\/02\/22\/sp-se-rappelle-au-souvenir-de-la-tunisie\/\",\"url\":\"https:\/\/kapitalis.com\/tunisie\/2023\/02\/22\/sp-se-rappelle-au-souvenir-de-la-tunisie\/\",\"name\":\"S&amp;P se rappelle au souvenir de la Tunisie - Kapitalis\",\"isPartOf\":{\"@id\":\"https:\/\/kapitalis.com\/tunisie\/#website\"},\"primaryImageOfPage\":{\"@id\":\"https:\/\/kapitalis.com\/tunisie\/2023\/02\/22\/sp-se-rappelle-au-souvenir-de-la-tunisie\/#primaryimage\"},\"image\":{\"@id\":\"https:\/\/kapitalis.com\/tunisie\/2023\/02\/22\/sp-se-rappelle-au-souvenir-de-la-tunisie\/#primaryimage\"},\"thumbnailUrl\":\"https:\/\/kapitalis.com\/tunisie\/wp-content\/uploads\/2023\/02\/SP.jpg\",\"datePublished\":\"2023-02-22T07:50:23+00:00\",\"dateModified\":\"2023-02-22T07:50:24+00:00\",\"breadcrumb\":{\"@id\":\"https:\/\/kapitalis.com\/tunisie\/2023\/02\/22\/sp-se-rappelle-au-souvenir-de-la-tunisie\/#breadcrumb\"},\"inLanguage\":\"fr-FR\",\"potentialAction\":[{\"@type\":\"ReadAction\",\"target\":[\"https:\/\/kapitalis.com\/tunisie\/2023\/02\/22\/sp-se-rappelle-au-souvenir-de-la-tunisie\/\"]}]},{\"@type\":\"ImageObject\",\"inLanguage\":\"fr-FR\",\"@id\":\"https:\/\/kapitalis.com\/tunisie\/2023\/02\/22\/sp-se-rappelle-au-souvenir-de-la-tunisie\/#primaryimage\",\"url\":\"https:\/\/kapitalis.com\/tunisie\/wp-content\/uploads\/2023\/02\/SP.jpg\",\"contentUrl\":\"https:\/\/kapitalis.com\/tunisie\/wp-content\/uploads\/2023\/02\/SP.jpg\",\"width\":1200,\"height\":630},{\"@type\":\"BreadcrumbList\",\"@id\":\"https:\/\/kapitalis.com\/tunisie\/2023\/02\/22\/sp-se-rappelle-au-souvenir-de-la-tunisie\/#breadcrumb\",\"itemListElement\":[{\"@type\":\"ListItem\",\"position\":1,\"name\":\"Accueil\",\"item\":\"https:\/\/kapitalis.com\/tunisie\/\"},{\"@type\":\"ListItem\",\"position\":2,\"name\":\"S&amp;P se rappelle au souvenir de la Tunisie\"}]},{\"@type\":\"WebSite\",\"@id\":\"https:\/\/kapitalis.com\/tunisie\/#website\",\"url\":\"https:\/\/kapitalis.com\/tunisie\/\",\"name\":\"Kapitalis\",\"description\":\"L&#039;actualit\u00e9 en Tunisie et dans le monde\",\"publisher\":{\"@id\":\"https:\/\/kapitalis.com\/tunisie\/#organization\"},\"potentialAction\":[{\"@type\":\"SearchAction\",\"target\":{\"@type\":\"EntryPoint\",\"urlTemplate\":\"https:\/\/kapitalis.com\/tunisie\/?s={search_term_string}\"},\"query-input\":{\"@type\":\"PropertyValueSpecification\",\"valueRequired\":true,\"valueName\":\"search_term_string\"}}],\"inLanguage\":\"fr-FR\"},{\"@type\":\"Organization\",\"@id\":\"https:\/\/kapitalis.com\/tunisie\/#organization\",\"name\":\"Kapitalis\",\"url\":\"https:\/\/kapitalis.com\/tunisie\/\",\"logo\":{\"@type\":\"ImageObject\",\"inLanguage\":\"fr-FR\",\"@id\":\"https:\/\/kapitalis.com\/tunisie\/#\/schema\/logo\/image\/\",\"url\":\"https:\/\/kapitalis.com\/tunisie\/wp-content\/uploads\/2022\/05\/Kapitalis-big-size.png\",\"contentUrl\":\"https:\/\/kapitalis.com\/tunisie\/wp-content\/uploads\/2022\/05\/Kapitalis-big-size.png\",\"width\":5000,\"height\":1500,\"caption\":\"Kapitalis\"},\"image\":{\"@id\":\"https:\/\/kapitalis.com\/tunisie\/#\/schema\/logo\/image\/\"},\"sameAs\":[\"https:\/\/www.facebook.com\/KapitalisInfo\/\",\"https:\/\/x.com\/KapitalisInfo\",\"https:\/\/www.youtube.com\/channel\/UC-yDYrHyfFBWWZaOw3FPg9Q\"]},{\"@type\":\"Person\",\"@id\":\"https:\/\/kapitalis.com\/tunisie\/#\/schema\/person\/d71f33a9ca44f7bad4698210b480c8e9\",\"name\":\"webmaster kapitalis\",\"url\":\"https:\/\/kapitalis.com\/tunisie\/author\/webmaster-kapitalis\/\"}]}<\/script>\n<!-- \/ Yoast SEO plugin. -->","yoast_head_json":{"title":"S&amp;P se rappelle au souvenir de la Tunisie - Kapitalis","robots":{"index":"index","follow":"follow","max-snippet":"max-snippet:-1","max-image-preview":"max-image-preview:large","max-video-preview":"max-video-preview:-1"},"canonical":"https:\/\/kapitalis.com\/tunisie\/2023\/02\/22\/sp-se-rappelle-au-souvenir-de-la-tunisie\/","og_locale":"fr_FR","og_type":"article","og_title":"S&amp;P se rappelle au souvenir de la Tunisie - Kapitalis","og_description":"Le manque de financements ext\u00e9rieurs place la Tunisie dans une situation de d\u00e9faut souverain.","og_url":"https:\/\/kapitalis.com\/tunisie\/2023\/02\/22\/sp-se-rappelle-au-souvenir-de-la-tunisie\/","og_site_name":"Kapitalis","article_publisher":"https:\/\/www.facebook.com\/KapitalisInfo\/","article_published_time":"2023-02-22T07:50:23+00:00","article_modified_time":"2023-02-22T07:50:24+00:00","og_image":[{"width":1200,"height":630,"url":"https:\/\/kapitalis.com\/tunisie\/wp-content\/uploads\/2023\/02\/SP.jpg","type":"image\/jpeg"}],"author":"webmaster kapitalis","twitter_card":"summary_large_image","twitter_creator":"@KapitalisInfo","twitter_site":"@KapitalisInfo","twitter_misc":{"\u00c9crit par":"webmaster kapitalis","Dur\u00e9e de lecture estim\u00e9e":"3 minutes"},"schema":{"@context":"https:\/\/schema.org","@graph":[{"@type":"Article","@id":"https:\/\/kapitalis.com\/tunisie\/2023\/02\/22\/sp-se-rappelle-au-souvenir-de-la-tunisie\/#article","isPartOf":{"@id":"https:\/\/kapitalis.com\/tunisie\/2023\/02\/22\/sp-se-rappelle-au-souvenir-de-la-tunisie\/"},"author":{"name":"webmaster kapitalis","@id":"https:\/\/kapitalis.com\/tunisie\/#\/schema\/person\/d71f33a9ca44f7bad4698210b480c8e9"},"headline":"S&amp;P se rappelle au souvenir de la Tunisie","datePublished":"2023-02-22T07:50:23+00:00","dateModified":"2023-02-22T07:50:24+00:00","mainEntityOfPage":{"@id":"https:\/\/kapitalis.com\/tunisie\/2023\/02\/22\/sp-se-rappelle-au-souvenir-de-la-tunisie\/"},"wordCount":627,"commentCount":0,"publisher":{"@id":"https:\/\/kapitalis.com\/tunisie\/#organization"},"image":{"@id":"https:\/\/kapitalis.com\/tunisie\/2023\/02\/22\/sp-se-rappelle-au-souvenir-de-la-tunisie\/#primaryimage"},"thumbnailUrl":"https:\/\/kapitalis.com\/tunisie\/wp-content\/uploads\/2023\/02\/SP.jpg","keywords":["d\u00e9faut souverain","d\u00e9ficits jumeaux","FMI","inflation","S&amp;P","Standard &amp; Poor\u2019s","syst\u00e8me bancaire","Tunisie"],"articleSection":["ECONOMIE","Tunisie"],"inLanguage":"fr-FR","potentialAction":[{"@type":"CommentAction","name":"Comment","target":["https:\/\/kapitalis.com\/tunisie\/2023\/02\/22\/sp-se-rappelle-au-souvenir-de-la-tunisie\/#respond"]}]},{"@type":"WebPage","@id":"https:\/\/kapitalis.com\/tunisie\/2023\/02\/22\/sp-se-rappelle-au-souvenir-de-la-tunisie\/","url":"https:\/\/kapitalis.com\/tunisie\/2023\/02\/22\/sp-se-rappelle-au-souvenir-de-la-tunisie\/","name":"S&amp;P se rappelle au souvenir de la Tunisie - Kapitalis","isPartOf":{"@id":"https:\/\/kapitalis.com\/tunisie\/#website"},"primaryImageOfPage":{"@id":"https:\/\/kapitalis.com\/tunisie\/2023\/02\/22\/sp-se-rappelle-au-souvenir-de-la-tunisie\/#primaryimage"},"image":{"@id":"https:\/\/kapitalis.com\/tunisie\/2023\/02\/22\/sp-se-rappelle-au-souvenir-de-la-tunisie\/#primaryimage"},"thumbnailUrl":"https:\/\/kapitalis.com\/tunisie\/wp-content\/uploads\/2023\/02\/SP.jpg","datePublished":"2023-02-22T07:50:23+00:00","dateModified":"2023-02-22T07:50:24+00:00","breadcrumb":{"@id":"https:\/\/kapitalis.com\/tunisie\/2023\/02\/22\/sp-se-rappelle-au-souvenir-de-la-tunisie\/#breadcrumb"},"inLanguage":"fr-FR","potentialAction":[{"@type":"ReadAction","target":["https:\/\/kapitalis.com\/tunisie\/2023\/02\/22\/sp-se-rappelle-au-souvenir-de-la-tunisie\/"]}]},{"@type":"ImageObject","inLanguage":"fr-FR","@id":"https:\/\/kapitalis.com\/tunisie\/2023\/02\/22\/sp-se-rappelle-au-souvenir-de-la-tunisie\/#primaryimage","url":"https:\/\/kapitalis.com\/tunisie\/wp-content\/uploads\/2023\/02\/SP.jpg","contentUrl":"https:\/\/kapitalis.com\/tunisie\/wp-content\/uploads\/2023\/02\/SP.jpg","width":1200,"height":630},{"@type":"BreadcrumbList","@id":"https:\/\/kapitalis.com\/tunisie\/2023\/02\/22\/sp-se-rappelle-au-souvenir-de-la-tunisie\/#breadcrumb","itemListElement":[{"@type":"ListItem","position":1,"name":"Accueil","item":"https:\/\/kapitalis.com\/tunisie\/"},{"@type":"ListItem","position":2,"name":"S&amp;P se rappelle au souvenir de la Tunisie"}]},{"@type":"WebSite","@id":"https:\/\/kapitalis.com\/tunisie\/#website","url":"https:\/\/kapitalis.com\/tunisie\/","name":"Kapitalis","description":"L&#039;actualit\u00e9 en Tunisie et dans le monde","publisher":{"@id":"https:\/\/kapitalis.com\/tunisie\/#organization"},"potentialAction":[{"@type":"SearchAction","target":{"@type":"EntryPoint","urlTemplate":"https:\/\/kapitalis.com\/tunisie\/?s={search_term_string}"},"query-input":{"@type":"PropertyValueSpecification","valueRequired":true,"valueName":"search_term_string"}}],"inLanguage":"fr-FR"},{"@type":"Organization","@id":"https:\/\/kapitalis.com\/tunisie\/#organization","name":"Kapitalis","url":"https:\/\/kapitalis.com\/tunisie\/","logo":{"@type":"ImageObject","inLanguage":"fr-FR","@id":"https:\/\/kapitalis.com\/tunisie\/#\/schema\/logo\/image\/","url":"https:\/\/kapitalis.com\/tunisie\/wp-content\/uploads\/2022\/05\/Kapitalis-big-size.png","contentUrl":"https:\/\/kapitalis.com\/tunisie\/wp-content\/uploads\/2022\/05\/Kapitalis-big-size.png","width":5000,"height":1500,"caption":"Kapitalis"},"image":{"@id":"https:\/\/kapitalis.com\/tunisie\/#\/schema\/logo\/image\/"},"sameAs":["https:\/\/www.facebook.com\/KapitalisInfo\/","https:\/\/x.com\/KapitalisInfo","https:\/\/www.youtube.com\/channel\/UC-yDYrHyfFBWWZaOw3FPg9Q"]},{"@type":"Person","@id":"https:\/\/kapitalis.com\/tunisie\/#\/schema\/person\/d71f33a9ca44f7bad4698210b480c8e9","name":"webmaster kapitalis","url":"https:\/\/kapitalis.com\/tunisie\/author\/webmaster-kapitalis\/"}]}},"_links":{"self":[{"href":"https:\/\/kapitalis.com\/tunisie\/wp-json\/wp\/v2\/posts\/6603725","targetHints":{"allow":["GET"]}}],"collection":[{"href":"https:\/\/kapitalis.com\/tunisie\/wp-json\/wp\/v2\/posts"}],"about":[{"href":"https:\/\/kapitalis.com\/tunisie\/wp-json\/wp\/v2\/types\/post"}],"author":[{"embeddable":true,"href":"https:\/\/kapitalis.com\/tunisie\/wp-json\/wp\/v2\/users\/8"}],"replies":[{"embeddable":true,"href":"https:\/\/kapitalis.com\/tunisie\/wp-json\/wp\/v2\/comments?post=6603725"}],"version-history":[{"count":1,"href":"https:\/\/kapitalis.com\/tunisie\/wp-json\/wp\/v2\/posts\/6603725\/revisions"}],"predecessor-version":[{"id":6603986,"href":"https:\/\/kapitalis.com\/tunisie\/wp-json\/wp\/v2\/posts\/6603725\/revisions\/6603986"}],"wp:featuredmedia":[{"embeddable":true,"href":"https:\/\/kapitalis.com\/tunisie\/wp-json\/wp\/v2\/media\/6603958"}],"wp:attachment":[{"href":"https:\/\/kapitalis.com\/tunisie\/wp-json\/wp\/v2\/media?parent=6603725"}],"wp:term":[{"taxonomy":"category","embeddable":true,"href":"https:\/\/kapitalis.com\/tunisie\/wp-json\/wp\/v2\/categories?post=6603725"},{"taxonomy":"post_tag","embeddable":true,"href":"https:\/\/kapitalis.com\/tunisie\/wp-json\/wp\/v2\/tags?post=6603725"}],"curies":[{"name":"wp","href":"https:\/\/api.w.org\/{rel}","templated":true}]}}