{"id":66050,"date":"2016-09-26T19:33:56","date_gmt":"2016-09-26T18:33:56","guid":{"rendered":"http:\/\/kapitalis.com\/tunisie\/?p=66050"},"modified":"2016-09-26T19:33:56","modified_gmt":"2016-09-26T18:33:56","slug":"presse-jamel-arfaoui-auditionne-par-le-tribunal-militaire","status":"publish","type":"post","link":"https:\/\/kapitalis.com\/tunisie\/2016\/09\/26\/presse-jamel-arfaoui-auditionne-par-le-tribunal-militaire\/","title":{"rendered":"Presse : Jamel Arfaoui auditionn\u00e9 par le tribunal militaire"},"content":{"rendered":"<p style=\"text-align: center;\"><img loading=\"lazy\" decoding=\"async\" class=\"alignnone size-full wp-image-66053\" src=\"http:\/\/kapitalis.com\/tunisie\/wp-content\/uploads\/2016\/09\/Jamel-Arfoui-tribunal-militaire.jpg\" alt=\"jamel-arfoui-tribunal-militaire\" width=\"626\" height=\"380\" \/><\/p>\n<p><em><strong>Le journaliste Jamel Arfaoui a \u00e9t\u00e9 entendu, aujourd\u2019hui, par le tribunal militaire, pour atteinte \u00e0 la dignit\u00e9 et \u00e0 la r\u00e9putation de l&rsquo;arm\u00e9e tunisienne.<\/strong><\/em><\/p>\n<p><!--more--><\/p>\n<p>Le journaliste\u00a0a comparu, aujourd\u2019hui, devant le juge d\u2019instruction aupr\u00e8s du tribunal militaire de Tunis, \u00a0suite \u00e0 un article paru le 14 juillet 2016 et qui a \u00e9t\u00e9 jug\u00e9 offensant pour le corps de l\u2019arm\u00e9e.<\/p>\n<p>\u00ab<em>Notre coll\u00e8gue a ni\u00e9 toute intention de nuire l\u2019\u00e9tablissement militaire et ses repr\u00e9sentants et affirm\u00e9 que\u00a0son article visait \u00e0\u00a0r\u00e9v\u00e9ler\u00a0la v\u00e9rit\u00e9 \u00e0 l\u2019opinion publique<\/em>\u00bb, pr\u00e9cise un communiqu\u00e9 du Syndicat national des journalistes tunisiens (SNJT).<\/p>\n<p>La d\u00e9fense a appel\u00e9 \u00e0 l\u2019application du d\u00e9cret-loi n\u00b0 115, de l\u2019ann\u00e9e 2011, qui tient lieu de code la presse et qui garantit la libert\u00e9 de la presse. Ce texte de loi, promulgu\u00e9 au lendemain de la r\u00e9volution, ne pr\u00e9voit aucune sanction privative de libert\u00e9 pour les d\u00e9lits de presse.<\/p>\n<p>Jamel Arfaoui a \u00e9t\u00e9 maintenu en libert\u00e9 en attendant la suite de l\u2019enqu\u00eate.<\/p>\n<p style=\"text-align: right;\"><strong>Y. N.<\/strong><\/p>\n","protected":false},"excerpt":{"rendered":"<p>Le journaliste Jamel Arfaoui a \u00e9t\u00e9 entendu, aujourd\u2019hui, par le tribunal militaire, pour atteinte \u00e0 la dignit\u00e9 et \u00e0 la r\u00e9putation de l&rsquo;arm\u00e9e tunisienne.<\/p>\n","protected":false},"author":6,"featured_media":66053,"comment_status":"open","ping_status":"open","sticky":false,"template":"","format":"standard","meta":{"footnotes":""},"categories":[996,2433],"tags":[4447,266,1177,1380,3680,553,838,872,7794],"class_list":["post-66050","post","type-post","status-publish","format-standard","has-post-thumbnail","hentry","category-media","category-tunisie","tag-armee-tunisienne","tag-defense","tag-jamel-arfaoui","tag-journaliste","tag-liberte-presse","tag-loi","tag-snjt","tag-syndicat","tag-tribunal-militaire"],"yoast_head":"<!-- This site is optimized with the Yoast SEO plugin v26.6 - https:\/\/yoast.com\/wordpress\/plugins\/seo\/ -->\n<title>Presse : Jamel Arfaoui auditionn\u00e9 par le tribunal militaire - Kapitalis<\/title>\n<meta name=\"robots\" content=\"index, follow, max-snippet:-1, max-image-preview:large, max-video-preview:-1\" \/>\n<link rel=\"canonical\" href=\"https:\/\/kapitalis.com\/tunisie\/2016\/09\/26\/presse-jamel-arfaoui-auditionne-par-le-tribunal-militaire\/\" \/>\n<meta property=\"og:locale\" content=\"fr_FR\" \/>\n<meta property=\"og:type\" content=\"article\" \/>\n<meta property=\"og:title\" content=\"Presse : Jamel Arfaoui auditionn\u00e9 par le tribunal militaire - Kapitalis\" \/>\n<meta property=\"og:description\" content=\"Le journaliste Jamel Arfaoui a \u00e9t\u00e9 entendu, aujourd\u2019hui, par le tribunal militaire, pour atteinte \u00e0 la dignit\u00e9 et \u00e0 la r\u00e9putation de l&rsquo;arm\u00e9e tunisienne.\" \/>\n<meta property=\"og:url\" content=\"https:\/\/kapitalis.com\/tunisie\/2016\/09\/26\/presse-jamel-arfaoui-auditionne-par-le-tribunal-militaire\/\" \/>\n<meta property=\"og:site_name\" content=\"Kapitalis\" \/>\n<meta property=\"article:publisher\" content=\"https:\/\/www.facebook.com\/KapitalisInfo\/\" \/>\n<meta property=\"article:published_time\" content=\"2016-09-26T18:33:56+00:00\" \/>\n<meta property=\"og:image\" content=\"https:\/\/kapitalis.com\/tunisie\/wp-content\/uploads\/2022\/05\/kapitalis-logo-fb.png\" \/>\n\t<meta property=\"og:image:width\" content=\"1200\" \/>\n\t<meta property=\"og:image:height\" content=\"630\" \/>\n\t<meta property=\"og:image:type\" content=\"image\/png\" \/>\n<meta name=\"author\" content=\"Yusra NY\" \/>\n<meta name=\"twitter:card\" content=\"summary_large_image\" \/>\n<meta name=\"twitter:creator\" content=\"@KapitalisInfo\" \/>\n<meta name=\"twitter:site\" content=\"@KapitalisInfo\" \/>\n<meta name=\"twitter:label1\" content=\"\u00c9crit par\" \/>\n\t<meta name=\"twitter:data1\" content=\"Yusra NY\" \/>\n\t<meta name=\"twitter:label2\" content=\"Dur\u00e9e de lecture estim\u00e9e\" \/>\n\t<meta name=\"twitter:data2\" content=\"1 minute\" \/>\n<script type=\"application\/ld+json\" class=\"yoast-schema-graph\">{\"@context\":\"https:\/\/schema.org\",\"@graph\":[{\"@type\":\"Article\",\"@id\":\"https:\/\/kapitalis.com\/tunisie\/2016\/09\/26\/presse-jamel-arfaoui-auditionne-par-le-tribunal-militaire\/#article\",\"isPartOf\":{\"@id\":\"https:\/\/kapitalis.com\/tunisie\/2016\/09\/26\/presse-jamel-arfaoui-auditionne-par-le-tribunal-militaire\/\"},\"author\":{\"name\":\"Yusra NY\",\"@id\":\"https:\/\/kapitalis.com\/tunisie\/#\/schema\/person\/74bbde0154d49d790a92aaeac5bc01d5\"},\"headline\":\"Presse : Jamel Arfaoui auditionn\u00e9 par le tribunal militaire\",\"datePublished\":\"2016-09-26T18:33:56+00:00\",\"mainEntityOfPage\":{\"@id\":\"https:\/\/kapitalis.com\/tunisie\/2016\/09\/26\/presse-jamel-arfaoui-auditionne-par-le-tribunal-militaire\/\"},\"wordCount\":184,\"commentCount\":1,\"publisher\":{\"@id\":\"https:\/\/kapitalis.com\/tunisie\/#organization\"},\"image\":{\"@id\":\"https:\/\/kapitalis.com\/tunisie\/2016\/09\/26\/presse-jamel-arfaoui-auditionne-par-le-tribunal-militaire\/#primaryimage\"},\"thumbnailUrl\":\"\",\"keywords\":[\"arm\u00e9e tunisienne\",\"d\u00e9fense\",\"Jamel Arfaoui\",\"journaliste\",\"Libert\u00e9 presse\",\"loi\",\"SNJT\",\"syndicat\",\"Tribunal militaire\"],\"articleSection\":[\"MEDIA\",\"Tunisie\"],\"inLanguage\":\"fr-FR\",\"potentialAction\":[{\"@type\":\"CommentAction\",\"name\":\"Comment\",\"target\":[\"https:\/\/kapitalis.com\/tunisie\/2016\/09\/26\/presse-jamel-arfaoui-auditionne-par-le-tribunal-militaire\/#respond\"]}]},{\"@type\":\"WebPage\",\"@id\":\"https:\/\/kapitalis.com\/tunisie\/2016\/09\/26\/presse-jamel-arfaoui-auditionne-par-le-tribunal-militaire\/\",\"url\":\"https:\/\/kapitalis.com\/tunisie\/2016\/09\/26\/presse-jamel-arfaoui-auditionne-par-le-tribunal-militaire\/\",\"name\":\"Presse : Jamel Arfaoui auditionn\u00e9 par le tribunal militaire - Kapitalis\",\"isPartOf\":{\"@id\":\"https:\/\/kapitalis.com\/tunisie\/#website\"},\"primaryImageOfPage\":{\"@id\":\"https:\/\/kapitalis.com\/tunisie\/2016\/09\/26\/presse-jamel-arfaoui-auditionne-par-le-tribunal-militaire\/#primaryimage\"},\"image\":{\"@id\":\"https:\/\/kapitalis.com\/tunisie\/2016\/09\/26\/presse-jamel-arfaoui-auditionne-par-le-tribunal-militaire\/#primaryimage\"},\"thumbnailUrl\":\"\",\"datePublished\":\"2016-09-26T18:33:56+00:00\",\"breadcrumb\":{\"@id\":\"https:\/\/kapitalis.com\/tunisie\/2016\/09\/26\/presse-jamel-arfaoui-auditionne-par-le-tribunal-militaire\/#breadcrumb\"},\"inLanguage\":\"fr-FR\",\"potentialAction\":[{\"@type\":\"ReadAction\",\"target\":[\"https:\/\/kapitalis.com\/tunisie\/2016\/09\/26\/presse-jamel-arfaoui-auditionne-par-le-tribunal-militaire\/\"]}]},{\"@type\":\"ImageObject\",\"inLanguage\":\"fr-FR\",\"@id\":\"https:\/\/kapitalis.com\/tunisie\/2016\/09\/26\/presse-jamel-arfaoui-auditionne-par-le-tribunal-militaire\/#primaryimage\",\"url\":\"\",\"contentUrl\":\"\"},{\"@type\":\"BreadcrumbList\",\"@id\":\"https:\/\/kapitalis.com\/tunisie\/2016\/09\/26\/presse-jamel-arfaoui-auditionne-par-le-tribunal-militaire\/#breadcrumb\",\"itemListElement\":[{\"@type\":\"ListItem\",\"position\":1,\"name\":\"Accueil\",\"item\":\"https:\/\/kapitalis.com\/tunisie\/\"},{\"@type\":\"ListItem\",\"position\":2,\"name\":\"Presse : Jamel Arfaoui auditionn\u00e9 par le tribunal militaire\"}]},{\"@type\":\"WebSite\",\"@id\":\"https:\/\/kapitalis.com\/tunisie\/#website\",\"url\":\"https:\/\/kapitalis.com\/tunisie\/\",\"name\":\"Kapitalis\",\"description\":\"L&#039;actualit\u00e9 en Tunisie et dans le monde\",\"publisher\":{\"@id\":\"https:\/\/kapitalis.com\/tunisie\/#organization\"},\"potentialAction\":[{\"@type\":\"SearchAction\",\"target\":{\"@type\":\"EntryPoint\",\"urlTemplate\":\"https:\/\/kapitalis.com\/tunisie\/?s={search_term_string}\"},\"query-input\":{\"@type\":\"PropertyValueSpecification\",\"valueRequired\":true,\"valueName\":\"search_term_string\"}}],\"inLanguage\":\"fr-FR\"},{\"@type\":\"Organization\",\"@id\":\"https:\/\/kapitalis.com\/tunisie\/#organization\",\"name\":\"Kapitalis\",\"url\":\"https:\/\/kapitalis.com\/tunisie\/\",\"logo\":{\"@type\":\"ImageObject\",\"inLanguage\":\"fr-FR\",\"@id\":\"https:\/\/kapitalis.com\/tunisie\/#\/schema\/logo\/image\/\",\"url\":\"https:\/\/kapitalis.com\/tunisie\/wp-content\/uploads\/2022\/05\/Kapitalis-big-size.png\",\"contentUrl\":\"https:\/\/kapitalis.com\/tunisie\/wp-content\/uploads\/2022\/05\/Kapitalis-big-size.png\",\"width\":5000,\"height\":1500,\"caption\":\"Kapitalis\"},\"image\":{\"@id\":\"https:\/\/kapitalis.com\/tunisie\/#\/schema\/logo\/image\/\"},\"sameAs\":[\"https:\/\/www.facebook.com\/KapitalisInfo\/\",\"https:\/\/x.com\/KapitalisInfo\",\"https:\/\/www.youtube.com\/channel\/UC-yDYrHyfFBWWZaOw3FPg9Q\"]},{\"@type\":\"Person\",\"@id\":\"https:\/\/kapitalis.com\/tunisie\/#\/schema\/person\/74bbde0154d49d790a92aaeac5bc01d5\",\"name\":\"Yusra NY\",\"url\":\"https:\/\/kapitalis.com\/tunisie\/author\/yuza_adam\/\"}]}<\/script>\n<!-- \/ Yoast SEO plugin. -->","yoast_head_json":{"title":"Presse : Jamel Arfaoui auditionn\u00e9 par le tribunal militaire - Kapitalis","robots":{"index":"index","follow":"follow","max-snippet":"max-snippet:-1","max-image-preview":"max-image-preview:large","max-video-preview":"max-video-preview:-1"},"canonical":"https:\/\/kapitalis.com\/tunisie\/2016\/09\/26\/presse-jamel-arfaoui-auditionne-par-le-tribunal-militaire\/","og_locale":"fr_FR","og_type":"article","og_title":"Presse : Jamel Arfaoui auditionn\u00e9 par le tribunal militaire - Kapitalis","og_description":"Le journaliste Jamel Arfaoui a \u00e9t\u00e9 entendu, aujourd\u2019hui, par le tribunal militaire, pour atteinte \u00e0 la dignit\u00e9 et \u00e0 la r\u00e9putation de l&rsquo;arm\u00e9e tunisienne.","og_url":"https:\/\/kapitalis.com\/tunisie\/2016\/09\/26\/presse-jamel-arfaoui-auditionne-par-le-tribunal-militaire\/","og_site_name":"Kapitalis","article_publisher":"https:\/\/www.facebook.com\/KapitalisInfo\/","article_published_time":"2016-09-26T18:33:56+00:00","og_image":[{"width":1200,"height":630,"url":"https:\/\/kapitalis.com\/tunisie\/wp-content\/uploads\/2022\/05\/kapitalis-logo-fb.png","type":"image\/png"}],"author":"Yusra NY","twitter_card":"summary_large_image","twitter_creator":"@KapitalisInfo","twitter_site":"@KapitalisInfo","twitter_misc":{"\u00c9crit par":"Yusra NY","Dur\u00e9e de lecture estim\u00e9e":"1 minute"},"schema":{"@context":"https:\/\/schema.org","@graph":[{"@type":"Article","@id":"https:\/\/kapitalis.com\/tunisie\/2016\/09\/26\/presse-jamel-arfaoui-auditionne-par-le-tribunal-militaire\/#article","isPartOf":{"@id":"https:\/\/kapitalis.com\/tunisie\/2016\/09\/26\/presse-jamel-arfaoui-auditionne-par-le-tribunal-militaire\/"},"author":{"name":"Yusra NY","@id":"https:\/\/kapitalis.com\/tunisie\/#\/schema\/person\/74bbde0154d49d790a92aaeac5bc01d5"},"headline":"Presse : Jamel Arfaoui auditionn\u00e9 par le tribunal militaire","datePublished":"2016-09-26T18:33:56+00:00","mainEntityOfPage":{"@id":"https:\/\/kapitalis.com\/tunisie\/2016\/09\/26\/presse-jamel-arfaoui-auditionne-par-le-tribunal-militaire\/"},"wordCount":184,"commentCount":1,"publisher":{"@id":"https:\/\/kapitalis.com\/tunisie\/#organization"},"image":{"@id":"https:\/\/kapitalis.com\/tunisie\/2016\/09\/26\/presse-jamel-arfaoui-auditionne-par-le-tribunal-militaire\/#primaryimage"},"thumbnailUrl":"","keywords":["arm\u00e9e tunisienne","d\u00e9fense","Jamel Arfaoui","journaliste","Libert\u00e9 presse","loi","SNJT","syndicat","Tribunal militaire"],"articleSection":["MEDIA","Tunisie"],"inLanguage":"fr-FR","potentialAction":[{"@type":"CommentAction","name":"Comment","target":["https:\/\/kapitalis.com\/tunisie\/2016\/09\/26\/presse-jamel-arfaoui-auditionne-par-le-tribunal-militaire\/#respond"]}]},{"@type":"WebPage","@id":"https:\/\/kapitalis.com\/tunisie\/2016\/09\/26\/presse-jamel-arfaoui-auditionne-par-le-tribunal-militaire\/","url":"https:\/\/kapitalis.com\/tunisie\/2016\/09\/26\/presse-jamel-arfaoui-auditionne-par-le-tribunal-militaire\/","name":"Presse : Jamel Arfaoui auditionn\u00e9 par le tribunal militaire - Kapitalis","isPartOf":{"@id":"https:\/\/kapitalis.com\/tunisie\/#website"},"primaryImageOfPage":{"@id":"https:\/\/kapitalis.com\/tunisie\/2016\/09\/26\/presse-jamel-arfaoui-auditionne-par-le-tribunal-militaire\/#primaryimage"},"image":{"@id":"https:\/\/kapitalis.com\/tunisie\/2016\/09\/26\/presse-jamel-arfaoui-auditionne-par-le-tribunal-militaire\/#primaryimage"},"thumbnailUrl":"","datePublished":"2016-09-26T18:33:56+00:00","breadcrumb":{"@id":"https:\/\/kapitalis.com\/tunisie\/2016\/09\/26\/presse-jamel-arfaoui-auditionne-par-le-tribunal-militaire\/#breadcrumb"},"inLanguage":"fr-FR","potentialAction":[{"@type":"ReadAction","target":["https:\/\/kapitalis.com\/tunisie\/2016\/09\/26\/presse-jamel-arfaoui-auditionne-par-le-tribunal-militaire\/"]}]},{"@type":"ImageObject","inLanguage":"fr-FR","@id":"https:\/\/kapitalis.com\/tunisie\/2016\/09\/26\/presse-jamel-arfaoui-auditionne-par-le-tribunal-militaire\/#primaryimage","url":"","contentUrl":""},{"@type":"BreadcrumbList","@id":"https:\/\/kapitalis.com\/tunisie\/2016\/09\/26\/presse-jamel-arfaoui-auditionne-par-le-tribunal-militaire\/#breadcrumb","itemListElement":[{"@type":"ListItem","position":1,"name":"Accueil","item":"https:\/\/kapitalis.com\/tunisie\/"},{"@type":"ListItem","position":2,"name":"Presse : Jamel Arfaoui auditionn\u00e9 par le tribunal militaire"}]},{"@type":"WebSite","@id":"https:\/\/kapitalis.com\/tunisie\/#website","url":"https:\/\/kapitalis.com\/tunisie\/","name":"Kapitalis","description":"L&#039;actualit\u00e9 en Tunisie et dans le monde","publisher":{"@id":"https:\/\/kapitalis.com\/tunisie\/#organization"},"potentialAction":[{"@type":"SearchAction","target":{"@type":"EntryPoint","urlTemplate":"https:\/\/kapitalis.com\/tunisie\/?s={search_term_string}"},"query-input":{"@type":"PropertyValueSpecification","valueRequired":true,"valueName":"search_term_string"}}],"inLanguage":"fr-FR"},{"@type":"Organization","@id":"https:\/\/kapitalis.com\/tunisie\/#organization","name":"Kapitalis","url":"https:\/\/kapitalis.com\/tunisie\/","logo":{"@type":"ImageObject","inLanguage":"fr-FR","@id":"https:\/\/kapitalis.com\/tunisie\/#\/schema\/logo\/image\/","url":"https:\/\/kapitalis.com\/tunisie\/wp-content\/uploads\/2022\/05\/Kapitalis-big-size.png","contentUrl":"https:\/\/kapitalis.com\/tunisie\/wp-content\/uploads\/2022\/05\/Kapitalis-big-size.png","width":5000,"height":1500,"caption":"Kapitalis"},"image":{"@id":"https:\/\/kapitalis.com\/tunisie\/#\/schema\/logo\/image\/"},"sameAs":["https:\/\/www.facebook.com\/KapitalisInfo\/","https:\/\/x.com\/KapitalisInfo","https:\/\/www.youtube.com\/channel\/UC-yDYrHyfFBWWZaOw3FPg9Q"]},{"@type":"Person","@id":"https:\/\/kapitalis.com\/tunisie\/#\/schema\/person\/74bbde0154d49d790a92aaeac5bc01d5","name":"Yusra NY","url":"https:\/\/kapitalis.com\/tunisie\/author\/yuza_adam\/"}]}},"_links":{"self":[{"href":"https:\/\/kapitalis.com\/tunisie\/wp-json\/wp\/v2\/posts\/66050","targetHints":{"allow":["GET"]}}],"collection":[{"href":"https:\/\/kapitalis.com\/tunisie\/wp-json\/wp\/v2\/posts"}],"about":[{"href":"https:\/\/kapitalis.com\/tunisie\/wp-json\/wp\/v2\/types\/post"}],"author":[{"embeddable":true,"href":"https:\/\/kapitalis.com\/tunisie\/wp-json\/wp\/v2\/users\/6"}],"replies":[{"embeddable":true,"href":"https:\/\/kapitalis.com\/tunisie\/wp-json\/wp\/v2\/comments?post=66050"}],"version-history":[{"count":0,"href":"https:\/\/kapitalis.com\/tunisie\/wp-json\/wp\/v2\/posts\/66050\/revisions"}],"wp:featuredmedia":[{"embeddable":true,"href":"https:\/\/kapitalis.com\/tunisie\/wp-json\/wp\/v2\/media\/66053"}],"wp:attachment":[{"href":"https:\/\/kapitalis.com\/tunisie\/wp-json\/wp\/v2\/media?parent=66050"}],"wp:term":[{"taxonomy":"category","embeddable":true,"href":"https:\/\/kapitalis.com\/tunisie\/wp-json\/wp\/v2\/categories?post=66050"},{"taxonomy":"post_tag","embeddable":true,"href":"https:\/\/kapitalis.com\/tunisie\/wp-json\/wp\/v2\/tags?post=66050"}],"curies":[{"name":"wp","href":"https:\/\/api.w.org\/{rel}","templated":true}]}}