{"id":66071,"date":"2016-09-27T08:44:47","date_gmt":"2016-09-27T07:44:47","guid":{"rendered":"http:\/\/kapitalis.com\/tunisie\/?p=66071"},"modified":"2016-09-27T08:59:07","modified_gmt":"2016-09-27T07:59:07","slug":"tunis-celebre-journee-europeenne-des-langues","status":"publish","type":"post","link":"https:\/\/kapitalis.com\/tunisie\/2016\/09\/27\/tunis-celebre-journee-europeenne-des-langues\/","title":{"rendered":"Tunis c\u00e9l\u00e8bre la Journ\u00e9e europ\u00e9enne des langues"},"content":{"rendered":"<p style=\"text-align: center;\"><img loading=\"lazy\" decoding=\"async\" class=\"alignnone size-full wp-image-66072\" src=\"http:\/\/kapitalis.com\/tunisie\/wp-content\/uploads\/2016\/09\/Journee-europeene-des-langues.jpg\" alt=\"journee-europeene-des-langues\" width=\"626\" height=\"380\" \/><\/p>\n<p style=\"text-align: left;\"><em><strong>La Journ\u00e9e europ\u00e9enne des langues (JEL) s\u2019est tenue, lundi, au si\u00e8ge de l\u2019Institut fran\u00e7ais de Tunisie (IFT), avec la participation des instituts culturels europ\u00e9ens \u00e0 Tunis.<\/strong><\/em><\/p>\n<p style=\"text-align: left;\"><!--more--><\/p>\n<p style=\"text-align: left;\">A cette occasion, les pays europ\u00e9ens ont mis en place des stands destin\u00e9s promouvoir la grande diversit\u00e9 linguistique et culturelle de l\u2019Europe et qui ciblaient, surtout, les \u00e9l\u00e8ves, \u00e9tudiants, enseignants et toutes les personnes d\u00e9sirant s\u2019enqu\u00e9rir des activit\u00e9s et services propos\u00e9s par les diff\u00e9rents instituts culturels europ\u00e9ens en Tunisie, qui \u00e9taient tous au rendez-vous, ainsi que les ambassades d\u2019Autriche et de Pologne.<\/p>\n<p style=\"text-align: left;\">Les stands install\u00e9s proposaient aussi aux visiteurs des jeux, avec tirages au sort et remises de prix aux gagnants.<\/p>\n<p style=\"text-align: left;\">L\u2019IFT, le British Council, l\u2019Institut Camoes (Portugal), l\u2019Institut Cervantes (Espagne), l\u2019Institut culturel italien et le Goethe-Institut (Allemagne), accueillaient les visiteurs munis d\u2019un \u00ab<em>passeport<\/em>\u00bb sur lequel il y avait le cachet de l\u2019institut visit\u00e9 en cette journ\u00e9e porte ouverte organis\u00e9e de 9h \u00e0 15h, un minimum de 4 tampons lui permettant de participer au tirage au sort. Les gagnants se sont vus offrir un cours de langue gratuit, un dictionnaire, un jeu de questions culturelles, en plus de petits gadgets notamment des stylos.<\/p>\n<p style=\"text-align: left;\">Diverses activit\u00e9s ont \u00e9t\u00e9 propos\u00e9es, notamment un jeu de scrabble install\u00e9 \u00e0 m\u00eame le sol dans la salle d\u2019exposition de l\u2019IFT et un jeu de traduction qui propose au visiteur de traduire un po\u00e8me en arabe dans une des langues participantes (anglais, fran\u00e7ais, espagnol, allemand, italien, polonais et portugais).<\/p>\n<p style=\"text-align: left;\">Des prospectus \u00e9taient distribu\u00e9s avec les mots de base dans chacune de ces langues.<\/p>\n<p style=\"text-align: left;\">Autour des tables plac\u00e9es en plein air \u00e0 l\u2019IFT, chaque pays pr\u00e9sent proposait des entretiens de quelques minutes entre le visiteur et un repr\u00e9sentant de l\u2019institut ou de l\u2019ambassade concern\u00e9e.<\/p>\n<p style=\"text-align: left;\">Pour Daniel Bonnardel, attach\u00e9 de coop\u00e9ration pour le secteur \u00e9ducatif et linguistique \u00e0 l\u2019IFT, il s\u2019agit d\u2019<em>\u00abune journ\u00e9e organis\u00e9e annuellement, chaque pays europ\u00e9en pouvant promouvoir sa propre langue\u00bb<\/em>.<\/p>\n<p style=\"text-align: left;\">Maria Vittoria Longhi, directrice de l\u2019Institut culturel italien \u00e0 Tunis estime qu\u2019il s&rsquo;agit d\u2019une journ\u00e9e d\u2019une<em> \u00abgrande importance pour l\u2019Italie et l&rsquo;Europe en g\u00e9n\u00e9ral surtout qu\u2019elle a permis de se rencontrer autour de cet \u00e9v\u00e9nement unique et nouveau\u00bb.<\/em> Tout en soulignant que la langue est un moyen de communication par excellence, Mme Longhi a ajout\u00e9 que <em>\u00abce lien linguistique entre la Tunisie et l\u2019Italie\u00bb<\/em> \u00e9tait favoris\u00e9 par la cha\u00eene de t\u00e9l\u00e9vision Rai 1, tr\u00e8s regard\u00e9e dans les ann\u00e9es 1960-1970 par <em>\u00abune g\u00e9n\u00e9ration Rai en Tunisie\u00bb<\/em>, selon ses termes.<\/p>\n<p style=\"text-align: left;\">Pour la repr\u00e9sentante de l\u2019ambassade d\u2019Autriche \u00e0 Tunis, Mag. Marion Kasten, charg\u00e9e du service culturel et scientifique, <em>\u00abcette journ\u00e9e permet \u00e0 chaque institution culturelle ou ambassade pr\u00e9sente de marquer sa pr\u00e9sence dans le cadre de l\u2019European union national institutes of culture (Eunic)\u00bb<\/em>. Elle indique que son pays, dont l\u2019Allemand est la langue officielle, <em>\u00abne dispose pas d\u2019un institut culturel en Tunisie et n\u2019offre, par cons\u00e9quent, pas des cours de langue\u00bb<\/em>. C\u2019est pourquoi, cet \u00e9v\u00e9nement fournit l\u2019occasion \u00e0 l\u2019Autriche d\u2019avoir plus de visibilit\u00e9 et de pr\u00e9senter son offre \u00e9ducative et culturelle, notamment l\u2019apprentissage et l\u2019am\u00e9lioration du niveau de la langue pour les professeurs d\u2019allemand en Tunisie, ainsi que les \u00e9tudes et les programmes d\u2019\u00e9change entre les deux pays.<\/p>\n<p style=\"text-align: left;\">Initi\u00e9e depuis 2001 par le Conseil de l\u2019Europe \u00e0 Strasbourg, cette journ\u00e9e JEL n\u2019est c\u00e9l\u00e9br\u00e9e en Tunisie que depuis 4 ans. Le but est d\u2019encourager l\u2019apprentissage des langues dans toute l\u2019Europe en sensibilisant le public sur l\u2019importance du plurilinguisme et de la compr\u00e9hension mutuelle.<\/p>\n<p style=\"text-align: right;\"><strong>I. B.<\/strong> (avec Tap).<\/p>\n","protected":false},"excerpt":{"rendered":"<p>La Journ\u00e9e europ\u00e9enne des langues (JEL) s\u2019est tenue, lundi, au si\u00e8ge de l\u2019Institut fran\u00e7ais de Tunisie (IFT), avec la participation des instituts culturels europ\u00e9ens \u00e0 Tunis.<\/p>\n","protected":false},"author":8,"featured_media":66072,"comment_status":"open","ping_status":"open","sticky":false,"template":"","format":"standard","meta":{"footnotes":""},"categories":[994,2433],"tags":[17487,8153,6061,3226],"class_list":["post-66071","post","type-post","status-publish","format-standard","has-post-thumbnail","hentry","category-culture","category-tunisie","tag-british-council","tag-goethe-institut","tag-institut-cervantes","tag-institut-francais-de-tunisie"],"yoast_head":"<!-- This site is optimized with the Yoast SEO plugin v26.6 - https:\/\/yoast.com\/wordpress\/plugins\/seo\/ -->\n<title>Tunis c\u00e9l\u00e8bre la Journ\u00e9e europ\u00e9enne des langues - Kapitalis<\/title>\n<meta name=\"robots\" content=\"index, follow, max-snippet:-1, max-image-preview:large, max-video-preview:-1\" \/>\n<link rel=\"canonical\" href=\"https:\/\/kapitalis.com\/tunisie\/2016\/09\/27\/tunis-celebre-journee-europeenne-des-langues\/\" \/>\n<meta property=\"og:locale\" content=\"fr_FR\" \/>\n<meta property=\"og:type\" content=\"article\" \/>\n<meta property=\"og:title\" content=\"Tunis c\u00e9l\u00e8bre la Journ\u00e9e europ\u00e9enne des langues - Kapitalis\" \/>\n<meta property=\"og:description\" content=\"La Journ\u00e9e europ\u00e9enne des langues (JEL) s\u2019est tenue, lundi, au si\u00e8ge de l\u2019Institut fran\u00e7ais de Tunisie (IFT), avec la participation des instituts culturels europ\u00e9ens \u00e0 Tunis.\" \/>\n<meta property=\"og:url\" content=\"https:\/\/kapitalis.com\/tunisie\/2016\/09\/27\/tunis-celebre-journee-europeenne-des-langues\/\" \/>\n<meta property=\"og:site_name\" content=\"Kapitalis\" \/>\n<meta property=\"article:publisher\" content=\"https:\/\/www.facebook.com\/KapitalisInfo\/\" \/>\n<meta property=\"article:published_time\" content=\"2016-09-27T07:44:47+00:00\" \/>\n<meta property=\"article:modified_time\" content=\"2016-09-27T07:59:07+00:00\" \/>\n<meta property=\"og:image\" content=\"https:\/\/kapitalis.com\/tunisie\/wp-content\/uploads\/2022\/05\/kapitalis-logo-fb.png\" \/>\n\t<meta property=\"og:image:width\" content=\"1200\" \/>\n\t<meta property=\"og:image:height\" content=\"630\" \/>\n\t<meta property=\"og:image:type\" content=\"image\/png\" \/>\n<meta name=\"author\" content=\"webmaster kapitalis\" \/>\n<meta name=\"twitter:card\" content=\"summary_large_image\" \/>\n<meta name=\"twitter:creator\" content=\"@KapitalisInfo\" \/>\n<meta name=\"twitter:site\" content=\"@KapitalisInfo\" \/>\n<meta name=\"twitter:label1\" content=\"\u00c9crit par\" \/>\n\t<meta name=\"twitter:data1\" content=\"webmaster kapitalis\" \/>\n\t<meta name=\"twitter:label2\" content=\"Dur\u00e9e de lecture estim\u00e9e\" \/>\n\t<meta name=\"twitter:data2\" content=\"3 minutes\" \/>\n<script type=\"application\/ld+json\" class=\"yoast-schema-graph\">{\"@context\":\"https:\/\/schema.org\",\"@graph\":[{\"@type\":\"Article\",\"@id\":\"https:\/\/kapitalis.com\/tunisie\/2016\/09\/27\/tunis-celebre-journee-europeenne-des-langues\/#article\",\"isPartOf\":{\"@id\":\"https:\/\/kapitalis.com\/tunisie\/2016\/09\/27\/tunis-celebre-journee-europeenne-des-langues\/\"},\"author\":{\"name\":\"webmaster kapitalis\",\"@id\":\"https:\/\/kapitalis.com\/tunisie\/#\/schema\/person\/d71f33a9ca44f7bad4698210b480c8e9\"},\"headline\":\"Tunis c\u00e9l\u00e8bre la Journ\u00e9e europ\u00e9enne des langues\",\"datePublished\":\"2016-09-27T07:44:47+00:00\",\"dateModified\":\"2016-09-27T07:59:07+00:00\",\"mainEntityOfPage\":{\"@id\":\"https:\/\/kapitalis.com\/tunisie\/2016\/09\/27\/tunis-celebre-journee-europeenne-des-langues\/\"},\"wordCount\":664,\"commentCount\":1,\"publisher\":{\"@id\":\"https:\/\/kapitalis.com\/tunisie\/#organization\"},\"image\":{\"@id\":\"https:\/\/kapitalis.com\/tunisie\/2016\/09\/27\/tunis-celebre-journee-europeenne-des-langues\/#primaryimage\"},\"thumbnailUrl\":\"\",\"keywords\":[\"British Council\",\"Goethe Institut\",\"Institut Cervantes\",\"Institut fran\u00e7ais de Tunisie\"],\"articleSection\":[\"CULTURE\",\"Tunisie\"],\"inLanguage\":\"fr-FR\",\"potentialAction\":[{\"@type\":\"CommentAction\",\"name\":\"Comment\",\"target\":[\"https:\/\/kapitalis.com\/tunisie\/2016\/09\/27\/tunis-celebre-journee-europeenne-des-langues\/#respond\"]}]},{\"@type\":\"WebPage\",\"@id\":\"https:\/\/kapitalis.com\/tunisie\/2016\/09\/27\/tunis-celebre-journee-europeenne-des-langues\/\",\"url\":\"https:\/\/kapitalis.com\/tunisie\/2016\/09\/27\/tunis-celebre-journee-europeenne-des-langues\/\",\"name\":\"Tunis c\u00e9l\u00e8bre la Journ\u00e9e europ\u00e9enne des langues - Kapitalis\",\"isPartOf\":{\"@id\":\"https:\/\/kapitalis.com\/tunisie\/#website\"},\"primaryImageOfPage\":{\"@id\":\"https:\/\/kapitalis.com\/tunisie\/2016\/09\/27\/tunis-celebre-journee-europeenne-des-langues\/#primaryimage\"},\"image\":{\"@id\":\"https:\/\/kapitalis.com\/tunisie\/2016\/09\/27\/tunis-celebre-journee-europeenne-des-langues\/#primaryimage\"},\"thumbnailUrl\":\"\",\"datePublished\":\"2016-09-27T07:44:47+00:00\",\"dateModified\":\"2016-09-27T07:59:07+00:00\",\"breadcrumb\":{\"@id\":\"https:\/\/kapitalis.com\/tunisie\/2016\/09\/27\/tunis-celebre-journee-europeenne-des-langues\/#breadcrumb\"},\"inLanguage\":\"fr-FR\",\"potentialAction\":[{\"@type\":\"ReadAction\",\"target\":[\"https:\/\/kapitalis.com\/tunisie\/2016\/09\/27\/tunis-celebre-journee-europeenne-des-langues\/\"]}]},{\"@type\":\"ImageObject\",\"inLanguage\":\"fr-FR\",\"@id\":\"https:\/\/kapitalis.com\/tunisie\/2016\/09\/27\/tunis-celebre-journee-europeenne-des-langues\/#primaryimage\",\"url\":\"\",\"contentUrl\":\"\"},{\"@type\":\"BreadcrumbList\",\"@id\":\"https:\/\/kapitalis.com\/tunisie\/2016\/09\/27\/tunis-celebre-journee-europeenne-des-langues\/#breadcrumb\",\"itemListElement\":[{\"@type\":\"ListItem\",\"position\":1,\"name\":\"Accueil\",\"item\":\"https:\/\/kapitalis.com\/tunisie\/\"},{\"@type\":\"ListItem\",\"position\":2,\"name\":\"Tunis c\u00e9l\u00e8bre la Journ\u00e9e europ\u00e9enne des langues\"}]},{\"@type\":\"WebSite\",\"@id\":\"https:\/\/kapitalis.com\/tunisie\/#website\",\"url\":\"https:\/\/kapitalis.com\/tunisie\/\",\"name\":\"Kapitalis\",\"description\":\"L&#039;actualit\u00e9 en Tunisie et dans le monde\",\"publisher\":{\"@id\":\"https:\/\/kapitalis.com\/tunisie\/#organization\"},\"potentialAction\":[{\"@type\":\"SearchAction\",\"target\":{\"@type\":\"EntryPoint\",\"urlTemplate\":\"https:\/\/kapitalis.com\/tunisie\/?s={search_term_string}\"},\"query-input\":{\"@type\":\"PropertyValueSpecification\",\"valueRequired\":true,\"valueName\":\"search_term_string\"}}],\"inLanguage\":\"fr-FR\"},{\"@type\":\"Organization\",\"@id\":\"https:\/\/kapitalis.com\/tunisie\/#organization\",\"name\":\"Kapitalis\",\"url\":\"https:\/\/kapitalis.com\/tunisie\/\",\"logo\":{\"@type\":\"ImageObject\",\"inLanguage\":\"fr-FR\",\"@id\":\"https:\/\/kapitalis.com\/tunisie\/#\/schema\/logo\/image\/\",\"url\":\"https:\/\/kapitalis.com\/tunisie\/wp-content\/uploads\/2022\/05\/Kapitalis-big-size.png\",\"contentUrl\":\"https:\/\/kapitalis.com\/tunisie\/wp-content\/uploads\/2022\/05\/Kapitalis-big-size.png\",\"width\":5000,\"height\":1500,\"caption\":\"Kapitalis\"},\"image\":{\"@id\":\"https:\/\/kapitalis.com\/tunisie\/#\/schema\/logo\/image\/\"},\"sameAs\":[\"https:\/\/www.facebook.com\/KapitalisInfo\/\",\"https:\/\/x.com\/KapitalisInfo\",\"https:\/\/www.youtube.com\/channel\/UC-yDYrHyfFBWWZaOw3FPg9Q\"]},{\"@type\":\"Person\",\"@id\":\"https:\/\/kapitalis.com\/tunisie\/#\/schema\/person\/d71f33a9ca44f7bad4698210b480c8e9\",\"name\":\"webmaster kapitalis\",\"url\":\"https:\/\/kapitalis.com\/tunisie\/author\/webmaster-kapitalis\/\"}]}<\/script>\n<!-- \/ Yoast SEO plugin. -->","yoast_head_json":{"title":"Tunis c\u00e9l\u00e8bre la Journ\u00e9e europ\u00e9enne des langues - Kapitalis","robots":{"index":"index","follow":"follow","max-snippet":"max-snippet:-1","max-image-preview":"max-image-preview:large","max-video-preview":"max-video-preview:-1"},"canonical":"https:\/\/kapitalis.com\/tunisie\/2016\/09\/27\/tunis-celebre-journee-europeenne-des-langues\/","og_locale":"fr_FR","og_type":"article","og_title":"Tunis c\u00e9l\u00e8bre la Journ\u00e9e europ\u00e9enne des langues - Kapitalis","og_description":"La Journ\u00e9e europ\u00e9enne des langues (JEL) s\u2019est tenue, lundi, au si\u00e8ge de l\u2019Institut fran\u00e7ais de Tunisie (IFT), avec la participation des instituts culturels europ\u00e9ens \u00e0 Tunis.","og_url":"https:\/\/kapitalis.com\/tunisie\/2016\/09\/27\/tunis-celebre-journee-europeenne-des-langues\/","og_site_name":"Kapitalis","article_publisher":"https:\/\/www.facebook.com\/KapitalisInfo\/","article_published_time":"2016-09-27T07:44:47+00:00","article_modified_time":"2016-09-27T07:59:07+00:00","og_image":[{"width":1200,"height":630,"url":"https:\/\/kapitalis.com\/tunisie\/wp-content\/uploads\/2022\/05\/kapitalis-logo-fb.png","type":"image\/png"}],"author":"webmaster kapitalis","twitter_card":"summary_large_image","twitter_creator":"@KapitalisInfo","twitter_site":"@KapitalisInfo","twitter_misc":{"\u00c9crit par":"webmaster kapitalis","Dur\u00e9e de lecture estim\u00e9e":"3 minutes"},"schema":{"@context":"https:\/\/schema.org","@graph":[{"@type":"Article","@id":"https:\/\/kapitalis.com\/tunisie\/2016\/09\/27\/tunis-celebre-journee-europeenne-des-langues\/#article","isPartOf":{"@id":"https:\/\/kapitalis.com\/tunisie\/2016\/09\/27\/tunis-celebre-journee-europeenne-des-langues\/"},"author":{"name":"webmaster kapitalis","@id":"https:\/\/kapitalis.com\/tunisie\/#\/schema\/person\/d71f33a9ca44f7bad4698210b480c8e9"},"headline":"Tunis c\u00e9l\u00e8bre la Journ\u00e9e europ\u00e9enne des langues","datePublished":"2016-09-27T07:44:47+00:00","dateModified":"2016-09-27T07:59:07+00:00","mainEntityOfPage":{"@id":"https:\/\/kapitalis.com\/tunisie\/2016\/09\/27\/tunis-celebre-journee-europeenne-des-langues\/"},"wordCount":664,"commentCount":1,"publisher":{"@id":"https:\/\/kapitalis.com\/tunisie\/#organization"},"image":{"@id":"https:\/\/kapitalis.com\/tunisie\/2016\/09\/27\/tunis-celebre-journee-europeenne-des-langues\/#primaryimage"},"thumbnailUrl":"","keywords":["British Council","Goethe Institut","Institut Cervantes","Institut fran\u00e7ais de Tunisie"],"articleSection":["CULTURE","Tunisie"],"inLanguage":"fr-FR","potentialAction":[{"@type":"CommentAction","name":"Comment","target":["https:\/\/kapitalis.com\/tunisie\/2016\/09\/27\/tunis-celebre-journee-europeenne-des-langues\/#respond"]}]},{"@type":"WebPage","@id":"https:\/\/kapitalis.com\/tunisie\/2016\/09\/27\/tunis-celebre-journee-europeenne-des-langues\/","url":"https:\/\/kapitalis.com\/tunisie\/2016\/09\/27\/tunis-celebre-journee-europeenne-des-langues\/","name":"Tunis c\u00e9l\u00e8bre la Journ\u00e9e europ\u00e9enne des langues - Kapitalis","isPartOf":{"@id":"https:\/\/kapitalis.com\/tunisie\/#website"},"primaryImageOfPage":{"@id":"https:\/\/kapitalis.com\/tunisie\/2016\/09\/27\/tunis-celebre-journee-europeenne-des-langues\/#primaryimage"},"image":{"@id":"https:\/\/kapitalis.com\/tunisie\/2016\/09\/27\/tunis-celebre-journee-europeenne-des-langues\/#primaryimage"},"thumbnailUrl":"","datePublished":"2016-09-27T07:44:47+00:00","dateModified":"2016-09-27T07:59:07+00:00","breadcrumb":{"@id":"https:\/\/kapitalis.com\/tunisie\/2016\/09\/27\/tunis-celebre-journee-europeenne-des-langues\/#breadcrumb"},"inLanguage":"fr-FR","potentialAction":[{"@type":"ReadAction","target":["https:\/\/kapitalis.com\/tunisie\/2016\/09\/27\/tunis-celebre-journee-europeenne-des-langues\/"]}]},{"@type":"ImageObject","inLanguage":"fr-FR","@id":"https:\/\/kapitalis.com\/tunisie\/2016\/09\/27\/tunis-celebre-journee-europeenne-des-langues\/#primaryimage","url":"","contentUrl":""},{"@type":"BreadcrumbList","@id":"https:\/\/kapitalis.com\/tunisie\/2016\/09\/27\/tunis-celebre-journee-europeenne-des-langues\/#breadcrumb","itemListElement":[{"@type":"ListItem","position":1,"name":"Accueil","item":"https:\/\/kapitalis.com\/tunisie\/"},{"@type":"ListItem","position":2,"name":"Tunis c\u00e9l\u00e8bre la Journ\u00e9e europ\u00e9enne des langues"}]},{"@type":"WebSite","@id":"https:\/\/kapitalis.com\/tunisie\/#website","url":"https:\/\/kapitalis.com\/tunisie\/","name":"Kapitalis","description":"L&#039;actualit\u00e9 en Tunisie et dans le monde","publisher":{"@id":"https:\/\/kapitalis.com\/tunisie\/#organization"},"potentialAction":[{"@type":"SearchAction","target":{"@type":"EntryPoint","urlTemplate":"https:\/\/kapitalis.com\/tunisie\/?s={search_term_string}"},"query-input":{"@type":"PropertyValueSpecification","valueRequired":true,"valueName":"search_term_string"}}],"inLanguage":"fr-FR"},{"@type":"Organization","@id":"https:\/\/kapitalis.com\/tunisie\/#organization","name":"Kapitalis","url":"https:\/\/kapitalis.com\/tunisie\/","logo":{"@type":"ImageObject","inLanguage":"fr-FR","@id":"https:\/\/kapitalis.com\/tunisie\/#\/schema\/logo\/image\/","url":"https:\/\/kapitalis.com\/tunisie\/wp-content\/uploads\/2022\/05\/Kapitalis-big-size.png","contentUrl":"https:\/\/kapitalis.com\/tunisie\/wp-content\/uploads\/2022\/05\/Kapitalis-big-size.png","width":5000,"height":1500,"caption":"Kapitalis"},"image":{"@id":"https:\/\/kapitalis.com\/tunisie\/#\/schema\/logo\/image\/"},"sameAs":["https:\/\/www.facebook.com\/KapitalisInfo\/","https:\/\/x.com\/KapitalisInfo","https:\/\/www.youtube.com\/channel\/UC-yDYrHyfFBWWZaOw3FPg9Q"]},{"@type":"Person","@id":"https:\/\/kapitalis.com\/tunisie\/#\/schema\/person\/d71f33a9ca44f7bad4698210b480c8e9","name":"webmaster kapitalis","url":"https:\/\/kapitalis.com\/tunisie\/author\/webmaster-kapitalis\/"}]}},"_links":{"self":[{"href":"https:\/\/kapitalis.com\/tunisie\/wp-json\/wp\/v2\/posts\/66071","targetHints":{"allow":["GET"]}}],"collection":[{"href":"https:\/\/kapitalis.com\/tunisie\/wp-json\/wp\/v2\/posts"}],"about":[{"href":"https:\/\/kapitalis.com\/tunisie\/wp-json\/wp\/v2\/types\/post"}],"author":[{"embeddable":true,"href":"https:\/\/kapitalis.com\/tunisie\/wp-json\/wp\/v2\/users\/8"}],"replies":[{"embeddable":true,"href":"https:\/\/kapitalis.com\/tunisie\/wp-json\/wp\/v2\/comments?post=66071"}],"version-history":[{"count":0,"href":"https:\/\/kapitalis.com\/tunisie\/wp-json\/wp\/v2\/posts\/66071\/revisions"}],"wp:featuredmedia":[{"embeddable":true,"href":"https:\/\/kapitalis.com\/tunisie\/wp-json\/wp\/v2\/media\/66072"}],"wp:attachment":[{"href":"https:\/\/kapitalis.com\/tunisie\/wp-json\/wp\/v2\/media?parent=66071"}],"wp:term":[{"taxonomy":"category","embeddable":true,"href":"https:\/\/kapitalis.com\/tunisie\/wp-json\/wp\/v2\/categories?post=66071"},{"taxonomy":"post_tag","embeddable":true,"href":"https:\/\/kapitalis.com\/tunisie\/wp-json\/wp\/v2\/tags?post=66071"}],"curies":[{"name":"wp","href":"https:\/\/api.w.org\/{rel}","templated":true}]}}