{"id":6623233,"date":"2023-02-23T08:46:10","date_gmt":"2023-02-23T07:46:10","guid":{"rendered":"https:\/\/kapitalis.com\/tunisie\/?p=6623233"},"modified":"2023-02-23T08:46:11","modified_gmt":"2023-02-23T07:46:11","slug":"ils-ne-remettront-plus-les-pieds-en-tunisie","status":"publish","type":"post","link":"https:\/\/kapitalis.com\/tunisie\/2023\/02\/23\/ils-ne-remettront-plus-les-pieds-en-tunisie\/","title":{"rendered":"\u00abIls ne remettront plus les pieds en Tunisie\u00bb"},"content":{"rendered":"\n<p><strong><em>Pour mesurer l\u2019impact d\u00e9vastateur des campagnes ciblant les Africains sub-sahariens ces derniers jours en Tunisie, nous reproduisons ci-dessous le t\u00e9moignage d\u2019un Tunisien sur la m\u00e9saventure v\u00e9cue avant-hier, \u00e0 Tunis, par deux de ses coll\u00e8gues b\u00e9ninois. Edifiant\u2026<\/em><\/strong><\/p>\n\n\n\n<!--more-->\n\n\n\n<p><em>\u00abHier deux de mes amis b\u00e9ninois venus depuis \u00e0 peine 15 jours pour un contr\u00f4le m\u00e9dical dans une clinique priv\u00e9e (touristes m\u00e9dicaux) m\u2019ont rapport\u00e9 qu\u2019ils ont \u00e9t\u00e9 tellement malmen\u00e9s par plusieurs policiers et douaniers \u00e0 l\u2019a\u00e9roport par de longs contr\u00f4les r\u00e9p\u00e9titifs au point de rater leur avion. Ils ont d\u00fb payer 2500 dinars pour leur nouveau billet.<\/em><\/p>\n\n\n\n<p><em>\u00abJe les ai h\u00e9berg\u00e9s hier chez moi, leur a donn\u00e9 une bouteille de mon huile d\u2019olive et ramen\u00e9s \u00e0 l\u2019a\u00e9roport ce matin, mais malgr\u00e9 mon hospitalit\u00e9 je sais qu\u2019ils ne remettront plus les pieds en Tunisie.\u00bb<\/em><\/p>\n\n\n<div class=\"wp-block-image\">\n<figure class=\"aligncenter size-full\"><img loading=\"lazy\" decoding=\"async\" width=\"600\" height=\"250\" src=\"https:\/\/kapitalis.com\/tunisie\/wp-content\/uploads\/2023\/02\/Post-Taoufik-Chaabane.jpg\" alt=\"\" class=\"wp-image-6623277\" srcset=\"https:\/\/kapitalis.com\/tunisie\/wp-content\/uploads\/2023\/02\/Post-Taoufik-Chaabane.jpg 600w, https:\/\/kapitalis.com\/tunisie\/wp-content\/uploads\/2023\/02\/Post-Taoufik-Chaabane-300x125.jpg 300w, https:\/\/kapitalis.com\/tunisie\/wp-content\/uploads\/2023\/02\/Post-Taoufik-Chaabane-580x242.jpg 580w\" sizes=\"auto, (max-width: 600px) 100vw, 600px\" \/><\/figure>\n<\/div>\n\n\n<p>L\u2019auteur du poste facebook, Taoufik Chaabane, ing\u00e9nieur dipl\u00f4m\u00e9 de l\u2019Institut national polytechnique de Toulouse, expert aupr\u00e8s de l\u2019organisation des Nations unies pour le d\u00e9veloppement industriel (Onudi), conseiller dans le domaine de l\u2019industrie ayant exerc\u00e9 dans plusieurs pays subsahariens, estime que, suite aux d\u00e9boires v\u00e9cues \u00e0 l\u2019a\u00e9roport de Tunis-Carthage, ses deux coll\u00e8gues <em>\u00abne remettront plus les pieds en Tunisie\u00bb<\/em>. <\/p>\n\n\n\n<p>C\u2019est le r\u00e9sultat de l&rsquo;ignorance, de la gabegie, du populisme et de l\u2019amateurisme aujourd\u2019hui au c\u0153ur de l\u2019Etat\u2026<\/p>\n\n\n\n<p class=\"has-text-align-right\"><strong>I. B. <\/strong><\/p>\n\n\n\n<figure class=\"wp-block-embed is-type-wp-embed is-provider-kapitalis wp-block-embed-kapitalis\"><div class=\"wp-block-embed__wrapper\">\n<blockquote class=\"wp-embedded-content\" data-secret=\"Lg8ygEDr6q\"><a href=\"https:\/\/kapitalis.com\/tunisie\/2023\/02\/22\/le-racisme-detat-en-marche-en-tunisie\/\">Le racisme d&rsquo;Etat en marche en Tunisie<\/a><\/blockquote><iframe loading=\"lazy\" class=\"wp-embedded-content\" sandbox=\"allow-scripts\" security=\"restricted\" style=\"position: absolute; clip: rect(1px, 1px, 1px, 1px);\" title=\"\u00ab\u00a0Le racisme d&rsquo;Etat en marche en Tunisie\u00a0\u00bb &#8212; Kapitalis\" src=\"https:\/\/kapitalis.com\/tunisie\/2023\/02\/22\/le-racisme-detat-en-marche-en-tunisie\/embed\/#?secret=PwMf92Odhu#?secret=Lg8ygEDr6q\" data-secret=\"Lg8ygEDr6q\" width=\"600\" height=\"338\" frameborder=\"0\" marginwidth=\"0\" marginheight=\"0\" scrolling=\"no\"><\/iframe>\n<\/div><\/figure>\n","protected":false},"excerpt":{"rendered":"<p>On ne tardera pas \u00e0 mesurer l\u2019impact d\u00e9vastateur des campagnes ciblant les Africains sub-sahariens ces derniers jours en Tunisie, <\/p>\n","protected":false},"author":8,"featured_media":6623279,"comment_status":"open","ping_status":"open","sticky":false,"template":"","format":"standard","meta":{"footnotes":""},"categories":[998,2433],"tags":[106587,106797,62643],"class_list":["post-6623233","post","type-post","status-publish","format-standard","has-post-thumbnail","hentry","category-societe","category-tunisie","tag-africains-subsahariens","tag-taoufik-chaabane","tag-tunisie"],"yoast_head":"<!-- This site is optimized with the Yoast SEO plugin v26.6 - https:\/\/yoast.com\/wordpress\/plugins\/seo\/ -->\n<title>\u00abIls ne remettront plus les pieds en Tunisie\u00bb - Kapitalis<\/title>\n<meta name=\"robots\" content=\"index, follow, max-snippet:-1, max-image-preview:large, max-video-preview:-1\" \/>\n<link rel=\"canonical\" href=\"https:\/\/kapitalis.com\/tunisie\/2023\/02\/23\/ils-ne-remettront-plus-les-pieds-en-tunisie\/\" \/>\n<meta property=\"og:locale\" content=\"fr_FR\" \/>\n<meta property=\"og:type\" content=\"article\" \/>\n<meta property=\"og:title\" content=\"\u00abIls ne remettront plus les pieds en Tunisie\u00bb - Kapitalis\" \/>\n<meta property=\"og:description\" content=\"On ne tardera pas \u00e0 mesurer l\u2019impact d\u00e9vastateur des campagnes ciblant les Africains sub-sahariens ces derniers jours en Tunisie,\" \/>\n<meta property=\"og:url\" content=\"https:\/\/kapitalis.com\/tunisie\/2023\/02\/23\/ils-ne-remettront-plus-les-pieds-en-tunisie\/\" \/>\n<meta property=\"og:site_name\" content=\"Kapitalis\" \/>\n<meta property=\"article:publisher\" content=\"https:\/\/www.facebook.com\/KapitalisInfo\/\" \/>\n<meta property=\"article:published_time\" content=\"2023-02-23T07:46:10+00:00\" \/>\n<meta property=\"article:modified_time\" content=\"2023-02-23T07:46:11+00:00\" \/>\n<meta property=\"og:image\" content=\"https:\/\/kapitalis.com\/tunisie\/wp-content\/uploads\/2023\/02\/Taoufik-Chaabane.jpg\" \/>\n\t<meta property=\"og:image:width\" content=\"1200\" \/>\n\t<meta property=\"og:image:height\" content=\"630\" \/>\n\t<meta property=\"og:image:type\" content=\"image\/jpeg\" \/>\n<meta name=\"author\" content=\"webmaster kapitalis\" \/>\n<meta name=\"twitter:card\" content=\"summary_large_image\" \/>\n<meta name=\"twitter:creator\" content=\"@KapitalisInfo\" \/>\n<meta name=\"twitter:site\" content=\"@KapitalisInfo\" \/>\n<meta name=\"twitter:label1\" content=\"\u00c9crit par\" \/>\n\t<meta name=\"twitter:data1\" content=\"webmaster kapitalis\" \/>\n\t<meta name=\"twitter:label2\" content=\"Dur\u00e9e de lecture estim\u00e9e\" \/>\n\t<meta name=\"twitter:data2\" content=\"2 minutes\" \/>\n<script type=\"application\/ld+json\" class=\"yoast-schema-graph\">{\"@context\":\"https:\/\/schema.org\",\"@graph\":[{\"@type\":\"Article\",\"@id\":\"https:\/\/kapitalis.com\/tunisie\/2023\/02\/23\/ils-ne-remettront-plus-les-pieds-en-tunisie\/#article\",\"isPartOf\":{\"@id\":\"https:\/\/kapitalis.com\/tunisie\/2023\/02\/23\/ils-ne-remettront-plus-les-pieds-en-tunisie\/\"},\"author\":{\"name\":\"webmaster kapitalis\",\"@id\":\"https:\/\/kapitalis.com\/tunisie\/#\/schema\/person\/d71f33a9ca44f7bad4698210b480c8e9\"},\"headline\":\"\u00abIls ne remettront plus les pieds en Tunisie\u00bb\",\"datePublished\":\"2023-02-23T07:46:10+00:00\",\"dateModified\":\"2023-02-23T07:46:11+00:00\",\"mainEntityOfPage\":{\"@id\":\"https:\/\/kapitalis.com\/tunisie\/2023\/02\/23\/ils-ne-remettront-plus-les-pieds-en-tunisie\/\"},\"wordCount\":260,\"commentCount\":0,\"publisher\":{\"@id\":\"https:\/\/kapitalis.com\/tunisie\/#organization\"},\"image\":{\"@id\":\"https:\/\/kapitalis.com\/tunisie\/2023\/02\/23\/ils-ne-remettront-plus-les-pieds-en-tunisie\/#primaryimage\"},\"thumbnailUrl\":\"https:\/\/kapitalis.com\/tunisie\/wp-content\/uploads\/2023\/02\/Taoufik-Chaabane.jpg\",\"keywords\":[\"Africains subsahariens\",\"Taoufik Chaabane\",\"Tunisie\"],\"articleSection\":[\"SOCIETE\",\"Tunisie\"],\"inLanguage\":\"fr-FR\",\"potentialAction\":[{\"@type\":\"CommentAction\",\"name\":\"Comment\",\"target\":[\"https:\/\/kapitalis.com\/tunisie\/2023\/02\/23\/ils-ne-remettront-plus-les-pieds-en-tunisie\/#respond\"]}]},{\"@type\":\"WebPage\",\"@id\":\"https:\/\/kapitalis.com\/tunisie\/2023\/02\/23\/ils-ne-remettront-plus-les-pieds-en-tunisie\/\",\"url\":\"https:\/\/kapitalis.com\/tunisie\/2023\/02\/23\/ils-ne-remettront-plus-les-pieds-en-tunisie\/\",\"name\":\"\u00abIls ne remettront plus les pieds en Tunisie\u00bb - Kapitalis\",\"isPartOf\":{\"@id\":\"https:\/\/kapitalis.com\/tunisie\/#website\"},\"primaryImageOfPage\":{\"@id\":\"https:\/\/kapitalis.com\/tunisie\/2023\/02\/23\/ils-ne-remettront-plus-les-pieds-en-tunisie\/#primaryimage\"},\"image\":{\"@id\":\"https:\/\/kapitalis.com\/tunisie\/2023\/02\/23\/ils-ne-remettront-plus-les-pieds-en-tunisie\/#primaryimage\"},\"thumbnailUrl\":\"https:\/\/kapitalis.com\/tunisie\/wp-content\/uploads\/2023\/02\/Taoufik-Chaabane.jpg\",\"datePublished\":\"2023-02-23T07:46:10+00:00\",\"dateModified\":\"2023-02-23T07:46:11+00:00\",\"breadcrumb\":{\"@id\":\"https:\/\/kapitalis.com\/tunisie\/2023\/02\/23\/ils-ne-remettront-plus-les-pieds-en-tunisie\/#breadcrumb\"},\"inLanguage\":\"fr-FR\",\"potentialAction\":[{\"@type\":\"ReadAction\",\"target\":[\"https:\/\/kapitalis.com\/tunisie\/2023\/02\/23\/ils-ne-remettront-plus-les-pieds-en-tunisie\/\"]}]},{\"@type\":\"ImageObject\",\"inLanguage\":\"fr-FR\",\"@id\":\"https:\/\/kapitalis.com\/tunisie\/2023\/02\/23\/ils-ne-remettront-plus-les-pieds-en-tunisie\/#primaryimage\",\"url\":\"https:\/\/kapitalis.com\/tunisie\/wp-content\/uploads\/2023\/02\/Taoufik-Chaabane.jpg\",\"contentUrl\":\"https:\/\/kapitalis.com\/tunisie\/wp-content\/uploads\/2023\/02\/Taoufik-Chaabane.jpg\",\"width\":1200,\"height\":630},{\"@type\":\"BreadcrumbList\",\"@id\":\"https:\/\/kapitalis.com\/tunisie\/2023\/02\/23\/ils-ne-remettront-plus-les-pieds-en-tunisie\/#breadcrumb\",\"itemListElement\":[{\"@type\":\"ListItem\",\"position\":1,\"name\":\"Accueil\",\"item\":\"https:\/\/kapitalis.com\/tunisie\/\"},{\"@type\":\"ListItem\",\"position\":2,\"name\":\"\u00abIls ne remettront plus les pieds en Tunisie\u00bb\"}]},{\"@type\":\"WebSite\",\"@id\":\"https:\/\/kapitalis.com\/tunisie\/#website\",\"url\":\"https:\/\/kapitalis.com\/tunisie\/\",\"name\":\"Kapitalis\",\"description\":\"L&#039;actualit\u00e9 en Tunisie et dans le monde\",\"publisher\":{\"@id\":\"https:\/\/kapitalis.com\/tunisie\/#organization\"},\"potentialAction\":[{\"@type\":\"SearchAction\",\"target\":{\"@type\":\"EntryPoint\",\"urlTemplate\":\"https:\/\/kapitalis.com\/tunisie\/?s={search_term_string}\"},\"query-input\":{\"@type\":\"PropertyValueSpecification\",\"valueRequired\":true,\"valueName\":\"search_term_string\"}}],\"inLanguage\":\"fr-FR\"},{\"@type\":\"Organization\",\"@id\":\"https:\/\/kapitalis.com\/tunisie\/#organization\",\"name\":\"Kapitalis\",\"url\":\"https:\/\/kapitalis.com\/tunisie\/\",\"logo\":{\"@type\":\"ImageObject\",\"inLanguage\":\"fr-FR\",\"@id\":\"https:\/\/kapitalis.com\/tunisie\/#\/schema\/logo\/image\/\",\"url\":\"https:\/\/kapitalis.com\/tunisie\/wp-content\/uploads\/2022\/05\/Kapitalis-big-size.png\",\"contentUrl\":\"https:\/\/kapitalis.com\/tunisie\/wp-content\/uploads\/2022\/05\/Kapitalis-big-size.png\",\"width\":5000,\"height\":1500,\"caption\":\"Kapitalis\"},\"image\":{\"@id\":\"https:\/\/kapitalis.com\/tunisie\/#\/schema\/logo\/image\/\"},\"sameAs\":[\"https:\/\/www.facebook.com\/KapitalisInfo\/\",\"https:\/\/x.com\/KapitalisInfo\",\"https:\/\/www.youtube.com\/channel\/UC-yDYrHyfFBWWZaOw3FPg9Q\"]},{\"@type\":\"Person\",\"@id\":\"https:\/\/kapitalis.com\/tunisie\/#\/schema\/person\/d71f33a9ca44f7bad4698210b480c8e9\",\"name\":\"webmaster kapitalis\",\"url\":\"https:\/\/kapitalis.com\/tunisie\/author\/webmaster-kapitalis\/\"}]}<\/script>\n<!-- \/ Yoast SEO plugin. -->","yoast_head_json":{"title":"\u00abIls ne remettront plus les pieds en Tunisie\u00bb - Kapitalis","robots":{"index":"index","follow":"follow","max-snippet":"max-snippet:-1","max-image-preview":"max-image-preview:large","max-video-preview":"max-video-preview:-1"},"canonical":"https:\/\/kapitalis.com\/tunisie\/2023\/02\/23\/ils-ne-remettront-plus-les-pieds-en-tunisie\/","og_locale":"fr_FR","og_type":"article","og_title":"\u00abIls ne remettront plus les pieds en Tunisie\u00bb - Kapitalis","og_description":"On ne tardera pas \u00e0 mesurer l\u2019impact d\u00e9vastateur des campagnes ciblant les Africains sub-sahariens ces derniers jours en Tunisie,","og_url":"https:\/\/kapitalis.com\/tunisie\/2023\/02\/23\/ils-ne-remettront-plus-les-pieds-en-tunisie\/","og_site_name":"Kapitalis","article_publisher":"https:\/\/www.facebook.com\/KapitalisInfo\/","article_published_time":"2023-02-23T07:46:10+00:00","article_modified_time":"2023-02-23T07:46:11+00:00","og_image":[{"width":1200,"height":630,"url":"https:\/\/kapitalis.com\/tunisie\/wp-content\/uploads\/2023\/02\/Taoufik-Chaabane.jpg","type":"image\/jpeg"}],"author":"webmaster kapitalis","twitter_card":"summary_large_image","twitter_creator":"@KapitalisInfo","twitter_site":"@KapitalisInfo","twitter_misc":{"\u00c9crit par":"webmaster kapitalis","Dur\u00e9e de lecture estim\u00e9e":"2 minutes"},"schema":{"@context":"https:\/\/schema.org","@graph":[{"@type":"Article","@id":"https:\/\/kapitalis.com\/tunisie\/2023\/02\/23\/ils-ne-remettront-plus-les-pieds-en-tunisie\/#article","isPartOf":{"@id":"https:\/\/kapitalis.com\/tunisie\/2023\/02\/23\/ils-ne-remettront-plus-les-pieds-en-tunisie\/"},"author":{"name":"webmaster kapitalis","@id":"https:\/\/kapitalis.com\/tunisie\/#\/schema\/person\/d71f33a9ca44f7bad4698210b480c8e9"},"headline":"\u00abIls ne remettront plus les pieds en Tunisie\u00bb","datePublished":"2023-02-23T07:46:10+00:00","dateModified":"2023-02-23T07:46:11+00:00","mainEntityOfPage":{"@id":"https:\/\/kapitalis.com\/tunisie\/2023\/02\/23\/ils-ne-remettront-plus-les-pieds-en-tunisie\/"},"wordCount":260,"commentCount":0,"publisher":{"@id":"https:\/\/kapitalis.com\/tunisie\/#organization"},"image":{"@id":"https:\/\/kapitalis.com\/tunisie\/2023\/02\/23\/ils-ne-remettront-plus-les-pieds-en-tunisie\/#primaryimage"},"thumbnailUrl":"https:\/\/kapitalis.com\/tunisie\/wp-content\/uploads\/2023\/02\/Taoufik-Chaabane.jpg","keywords":["Africains subsahariens","Taoufik Chaabane","Tunisie"],"articleSection":["SOCIETE","Tunisie"],"inLanguage":"fr-FR","potentialAction":[{"@type":"CommentAction","name":"Comment","target":["https:\/\/kapitalis.com\/tunisie\/2023\/02\/23\/ils-ne-remettront-plus-les-pieds-en-tunisie\/#respond"]}]},{"@type":"WebPage","@id":"https:\/\/kapitalis.com\/tunisie\/2023\/02\/23\/ils-ne-remettront-plus-les-pieds-en-tunisie\/","url":"https:\/\/kapitalis.com\/tunisie\/2023\/02\/23\/ils-ne-remettront-plus-les-pieds-en-tunisie\/","name":"\u00abIls ne remettront plus les pieds en Tunisie\u00bb - Kapitalis","isPartOf":{"@id":"https:\/\/kapitalis.com\/tunisie\/#website"},"primaryImageOfPage":{"@id":"https:\/\/kapitalis.com\/tunisie\/2023\/02\/23\/ils-ne-remettront-plus-les-pieds-en-tunisie\/#primaryimage"},"image":{"@id":"https:\/\/kapitalis.com\/tunisie\/2023\/02\/23\/ils-ne-remettront-plus-les-pieds-en-tunisie\/#primaryimage"},"thumbnailUrl":"https:\/\/kapitalis.com\/tunisie\/wp-content\/uploads\/2023\/02\/Taoufik-Chaabane.jpg","datePublished":"2023-02-23T07:46:10+00:00","dateModified":"2023-02-23T07:46:11+00:00","breadcrumb":{"@id":"https:\/\/kapitalis.com\/tunisie\/2023\/02\/23\/ils-ne-remettront-plus-les-pieds-en-tunisie\/#breadcrumb"},"inLanguage":"fr-FR","potentialAction":[{"@type":"ReadAction","target":["https:\/\/kapitalis.com\/tunisie\/2023\/02\/23\/ils-ne-remettront-plus-les-pieds-en-tunisie\/"]}]},{"@type":"ImageObject","inLanguage":"fr-FR","@id":"https:\/\/kapitalis.com\/tunisie\/2023\/02\/23\/ils-ne-remettront-plus-les-pieds-en-tunisie\/#primaryimage","url":"https:\/\/kapitalis.com\/tunisie\/wp-content\/uploads\/2023\/02\/Taoufik-Chaabane.jpg","contentUrl":"https:\/\/kapitalis.com\/tunisie\/wp-content\/uploads\/2023\/02\/Taoufik-Chaabane.jpg","width":1200,"height":630},{"@type":"BreadcrumbList","@id":"https:\/\/kapitalis.com\/tunisie\/2023\/02\/23\/ils-ne-remettront-plus-les-pieds-en-tunisie\/#breadcrumb","itemListElement":[{"@type":"ListItem","position":1,"name":"Accueil","item":"https:\/\/kapitalis.com\/tunisie\/"},{"@type":"ListItem","position":2,"name":"\u00abIls ne remettront plus les pieds en Tunisie\u00bb"}]},{"@type":"WebSite","@id":"https:\/\/kapitalis.com\/tunisie\/#website","url":"https:\/\/kapitalis.com\/tunisie\/","name":"Kapitalis","description":"L&#039;actualit\u00e9 en Tunisie et dans le monde","publisher":{"@id":"https:\/\/kapitalis.com\/tunisie\/#organization"},"potentialAction":[{"@type":"SearchAction","target":{"@type":"EntryPoint","urlTemplate":"https:\/\/kapitalis.com\/tunisie\/?s={search_term_string}"},"query-input":{"@type":"PropertyValueSpecification","valueRequired":true,"valueName":"search_term_string"}}],"inLanguage":"fr-FR"},{"@type":"Organization","@id":"https:\/\/kapitalis.com\/tunisie\/#organization","name":"Kapitalis","url":"https:\/\/kapitalis.com\/tunisie\/","logo":{"@type":"ImageObject","inLanguage":"fr-FR","@id":"https:\/\/kapitalis.com\/tunisie\/#\/schema\/logo\/image\/","url":"https:\/\/kapitalis.com\/tunisie\/wp-content\/uploads\/2022\/05\/Kapitalis-big-size.png","contentUrl":"https:\/\/kapitalis.com\/tunisie\/wp-content\/uploads\/2022\/05\/Kapitalis-big-size.png","width":5000,"height":1500,"caption":"Kapitalis"},"image":{"@id":"https:\/\/kapitalis.com\/tunisie\/#\/schema\/logo\/image\/"},"sameAs":["https:\/\/www.facebook.com\/KapitalisInfo\/","https:\/\/x.com\/KapitalisInfo","https:\/\/www.youtube.com\/channel\/UC-yDYrHyfFBWWZaOw3FPg9Q"]},{"@type":"Person","@id":"https:\/\/kapitalis.com\/tunisie\/#\/schema\/person\/d71f33a9ca44f7bad4698210b480c8e9","name":"webmaster kapitalis","url":"https:\/\/kapitalis.com\/tunisie\/author\/webmaster-kapitalis\/"}]}},"_links":{"self":[{"href":"https:\/\/kapitalis.com\/tunisie\/wp-json\/wp\/v2\/posts\/6623233","targetHints":{"allow":["GET"]}}],"collection":[{"href":"https:\/\/kapitalis.com\/tunisie\/wp-json\/wp\/v2\/posts"}],"about":[{"href":"https:\/\/kapitalis.com\/tunisie\/wp-json\/wp\/v2\/types\/post"}],"author":[{"embeddable":true,"href":"https:\/\/kapitalis.com\/tunisie\/wp-json\/wp\/v2\/users\/8"}],"replies":[{"embeddable":true,"href":"https:\/\/kapitalis.com\/tunisie\/wp-json\/wp\/v2\/comments?post=6623233"}],"version-history":[{"count":1,"href":"https:\/\/kapitalis.com\/tunisie\/wp-json\/wp\/v2\/posts\/6623233\/revisions"}],"predecessor-version":[{"id":6623285,"href":"https:\/\/kapitalis.com\/tunisie\/wp-json\/wp\/v2\/posts\/6623233\/revisions\/6623285"}],"wp:featuredmedia":[{"embeddable":true,"href":"https:\/\/kapitalis.com\/tunisie\/wp-json\/wp\/v2\/media\/6623279"}],"wp:attachment":[{"href":"https:\/\/kapitalis.com\/tunisie\/wp-json\/wp\/v2\/media?parent=6623233"}],"wp:term":[{"taxonomy":"category","embeddable":true,"href":"https:\/\/kapitalis.com\/tunisie\/wp-json\/wp\/v2\/categories?post=6623233"},{"taxonomy":"post_tag","embeddable":true,"href":"https:\/\/kapitalis.com\/tunisie\/wp-json\/wp\/v2\/tags?post=6623233"}],"curies":[{"name":"wp","href":"https:\/\/api.w.org\/{rel}","templated":true}]}}