{"id":6625084,"date":"2023-02-23T13:07:21","date_gmt":"2023-02-23T12:07:21","guid":{"rendered":"https:\/\/kapitalis.com\/tunisie\/?p=6625084"},"modified":"2023-02-23T13:07:23","modified_gmt":"2023-02-23T12:07:23","slug":"les-journees-dart-contemporain-de-carthage-de-retour-apres-des-annees-dabsence","status":"publish","type":"post","link":"https:\/\/kapitalis.com\/tunisie\/2023\/02\/23\/les-journees-dart-contemporain-de-carthage-de-retour-apres-des-annees-dabsence\/","title":{"rendered":"Les Journ\u00e9es d&rsquo;Art contemporain de Carthage de retour apr\u00e8s des ann\u00e9es d&rsquo;absence"},"content":{"rendered":"\n<p><em><strong>La 3<sup>e<\/sup> \u00e9dition des Journ\u00e9es d\u2019Art contemporain de Carthage aura lieu du 26 au 30 mai 2023 sous le th\u00e8me \u00ab\u00a0L\u2019art, un chemin\u00a0\u00bb. Un appel \u00e0 participation est d\u2019ores et d\u00e9j\u00e0 lanc\u00e9.<\/strong><\/em><\/p>\n\n\n\n<!--more-->\n\n\n\n<p>Apr\u00e8s une absence de plus de trois ans caus\u00e9e par la pand\u00e9mie du Coronavirus, les Journ\u00e9es d\u2019Art contemporain de Carthage marqueront leur grand retour cette ann\u00e9e. Le festival avait \u00e9t\u00e9 lanc\u00e9 en 2018 par le minist\u00e8re des Affaires culturelles pour permettre aux artistes plasticiens tunisiens de se r\u00e9unir autour d\u2019un grand \u00e9v\u00e9nement international.<\/p>\n\n\n\n<p>La 3<sup>e<\/sup> \u00e9dition du festival sera l\u2019occasion de mettre en avant la diversit\u00e9 des exp\u00e9riences artistiques et de renforcer le lien entre les g\u00e9n\u00e9rations d\u2019artistes.<\/p>\n\n\n\n<p class=\"has-text-align-right\"><strong>F.B<\/strong><\/p>\n","protected":false},"excerpt":{"rendered":"<p>La 3e \u00e9dition des Journ\u00e9es d\u2019Art contemporain de Carthage aura lieu du 26 au 30 mai 2023 sous le th\u00e8me \u00ab\u00a0L\u2019art, un chemin\u00a0\u00bb. Un appel \u00e0 participation est d\u2019ores et d\u00e9j\u00e0 lanc\u00e9.<\/p>\n","protected":false},"author":26,"featured_media":6625842,"comment_status":"open","ping_status":"open","sticky":false,"template":"","format":"standard","meta":{"footnotes":""},"categories":[994,2433],"tags":[106811,106810,62643],"class_list":["post-6625084","post","type-post","status-publish","format-standard","has-post-thumbnail","hentry","category-culture","category-tunisie","tag-jacc","tag-journees-dart-contemporain-de-carthage","tag-tunisie"],"yoast_head":"<!-- This site is optimized with the Yoast SEO plugin v26.6 - https:\/\/yoast.com\/wordpress\/plugins\/seo\/ -->\n<title>Les Journ\u00e9es d&#039;Art contemporain de Carthage de retour apr\u00e8s des ann\u00e9es d&#039;absence - Kapitalis<\/title>\n<meta name=\"robots\" content=\"index, follow, max-snippet:-1, max-image-preview:large, max-video-preview:-1\" \/>\n<link rel=\"canonical\" href=\"https:\/\/kapitalis.com\/tunisie\/2023\/02\/23\/les-journees-dart-contemporain-de-carthage-de-retour-apres-des-annees-dabsence\/\" \/>\n<meta property=\"og:locale\" content=\"fr_FR\" \/>\n<meta property=\"og:type\" content=\"article\" \/>\n<meta property=\"og:title\" content=\"Les Journ\u00e9es d&#039;Art contemporain de Carthage de retour apr\u00e8s des ann\u00e9es d&#039;absence - Kapitalis\" \/>\n<meta property=\"og:description\" content=\"La 3e \u00e9dition des Journ\u00e9es d\u2019Art contemporain de Carthage aura lieu du 26 au 30 mai 2023 sous le th\u00e8me \u00ab\u00a0L\u2019art, un chemin\u00a0\u00bb. Un appel \u00e0 participation est d\u2019ores et d\u00e9j\u00e0 lanc\u00e9.\" \/>\n<meta property=\"og:url\" content=\"https:\/\/kapitalis.com\/tunisie\/2023\/02\/23\/les-journees-dart-contemporain-de-carthage-de-retour-apres-des-annees-dabsence\/\" \/>\n<meta property=\"og:site_name\" content=\"Kapitalis\" \/>\n<meta property=\"article:publisher\" content=\"https:\/\/www.facebook.com\/KapitalisInfo\/\" \/>\n<meta property=\"article:published_time\" content=\"2023-02-23T12:07:21+00:00\" \/>\n<meta property=\"article:modified_time\" content=\"2023-02-23T12:07:23+00:00\" \/>\n<meta property=\"og:image\" content=\"https:\/\/kapitalis.com\/tunisie\/wp-content\/uploads\/2023\/02\/Journees-dart-contemporain-de-Carthage.jpg\" \/>\n\t<meta property=\"og:image:width\" content=\"1200\" \/>\n\t<meta property=\"og:image:height\" content=\"630\" \/>\n\t<meta property=\"og:image:type\" content=\"image\/jpeg\" \/>\n<meta name=\"author\" content=\"Fawz BenAli\" \/>\n<meta name=\"twitter:card\" content=\"summary_large_image\" \/>\n<meta name=\"twitter:creator\" content=\"@KapitalisInfo\" \/>\n<meta name=\"twitter:site\" content=\"@KapitalisInfo\" \/>\n<meta name=\"twitter:label1\" content=\"\u00c9crit par\" \/>\n\t<meta name=\"twitter:data1\" content=\"Fawz BenAli\" \/>\n\t<meta name=\"twitter:label2\" content=\"Dur\u00e9e de lecture estim\u00e9e\" \/>\n\t<meta name=\"twitter:data2\" content=\"1 minute\" \/>\n<script type=\"application\/ld+json\" class=\"yoast-schema-graph\">{\"@context\":\"https:\/\/schema.org\",\"@graph\":[{\"@type\":\"Article\",\"@id\":\"https:\/\/kapitalis.com\/tunisie\/2023\/02\/23\/les-journees-dart-contemporain-de-carthage-de-retour-apres-des-annees-dabsence\/#article\",\"isPartOf\":{\"@id\":\"https:\/\/kapitalis.com\/tunisie\/2023\/02\/23\/les-journees-dart-contemporain-de-carthage-de-retour-apres-des-annees-dabsence\/\"},\"author\":{\"name\":\"Fawz BenAli\",\"@id\":\"https:\/\/kapitalis.com\/tunisie\/#\/schema\/person\/73a5ecc1f6ae540c6ed91342eadca948\"},\"headline\":\"Les Journ\u00e9es d&rsquo;Art contemporain de Carthage de retour apr\u00e8s des ann\u00e9es d&rsquo;absence\",\"datePublished\":\"2023-02-23T12:07:21+00:00\",\"dateModified\":\"2023-02-23T12:07:23+00:00\",\"mainEntityOfPage\":{\"@id\":\"https:\/\/kapitalis.com\/tunisie\/2023\/02\/23\/les-journees-dart-contemporain-de-carthage-de-retour-apres-des-annees-dabsence\/\"},\"wordCount\":143,\"commentCount\":0,\"publisher\":{\"@id\":\"https:\/\/kapitalis.com\/tunisie\/#organization\"},\"image\":{\"@id\":\"https:\/\/kapitalis.com\/tunisie\/2023\/02\/23\/les-journees-dart-contemporain-de-carthage-de-retour-apres-des-annees-dabsence\/#primaryimage\"},\"thumbnailUrl\":\"https:\/\/kapitalis.com\/tunisie\/wp-content\/uploads\/2023\/02\/Journees-dart-contemporain-de-Carthage.jpg\",\"keywords\":[\"JACC\",\"Journ\u00e9es d&#039;Art contemporain de Carthage\",\"Tunisie\"],\"articleSection\":[\"CULTURE\",\"Tunisie\"],\"inLanguage\":\"fr-FR\",\"potentialAction\":[{\"@type\":\"CommentAction\",\"name\":\"Comment\",\"target\":[\"https:\/\/kapitalis.com\/tunisie\/2023\/02\/23\/les-journees-dart-contemporain-de-carthage-de-retour-apres-des-annees-dabsence\/#respond\"]}]},{\"@type\":\"WebPage\",\"@id\":\"https:\/\/kapitalis.com\/tunisie\/2023\/02\/23\/les-journees-dart-contemporain-de-carthage-de-retour-apres-des-annees-dabsence\/\",\"url\":\"https:\/\/kapitalis.com\/tunisie\/2023\/02\/23\/les-journees-dart-contemporain-de-carthage-de-retour-apres-des-annees-dabsence\/\",\"name\":\"Les Journ\u00e9es d'Art contemporain de Carthage de retour apr\u00e8s des ann\u00e9es d'absence - Kapitalis\",\"isPartOf\":{\"@id\":\"https:\/\/kapitalis.com\/tunisie\/#website\"},\"primaryImageOfPage\":{\"@id\":\"https:\/\/kapitalis.com\/tunisie\/2023\/02\/23\/les-journees-dart-contemporain-de-carthage-de-retour-apres-des-annees-dabsence\/#primaryimage\"},\"image\":{\"@id\":\"https:\/\/kapitalis.com\/tunisie\/2023\/02\/23\/les-journees-dart-contemporain-de-carthage-de-retour-apres-des-annees-dabsence\/#primaryimage\"},\"thumbnailUrl\":\"https:\/\/kapitalis.com\/tunisie\/wp-content\/uploads\/2023\/02\/Journees-dart-contemporain-de-Carthage.jpg\",\"datePublished\":\"2023-02-23T12:07:21+00:00\",\"dateModified\":\"2023-02-23T12:07:23+00:00\",\"breadcrumb\":{\"@id\":\"https:\/\/kapitalis.com\/tunisie\/2023\/02\/23\/les-journees-dart-contemporain-de-carthage-de-retour-apres-des-annees-dabsence\/#breadcrumb\"},\"inLanguage\":\"fr-FR\",\"potentialAction\":[{\"@type\":\"ReadAction\",\"target\":[\"https:\/\/kapitalis.com\/tunisie\/2023\/02\/23\/les-journees-dart-contemporain-de-carthage-de-retour-apres-des-annees-dabsence\/\"]}]},{\"@type\":\"ImageObject\",\"inLanguage\":\"fr-FR\",\"@id\":\"https:\/\/kapitalis.com\/tunisie\/2023\/02\/23\/les-journees-dart-contemporain-de-carthage-de-retour-apres-des-annees-dabsence\/#primaryimage\",\"url\":\"https:\/\/kapitalis.com\/tunisie\/wp-content\/uploads\/2023\/02\/Journees-dart-contemporain-de-Carthage.jpg\",\"contentUrl\":\"https:\/\/kapitalis.com\/tunisie\/wp-content\/uploads\/2023\/02\/Journees-dart-contemporain-de-Carthage.jpg\",\"width\":1200,\"height\":630},{\"@type\":\"BreadcrumbList\",\"@id\":\"https:\/\/kapitalis.com\/tunisie\/2023\/02\/23\/les-journees-dart-contemporain-de-carthage-de-retour-apres-des-annees-dabsence\/#breadcrumb\",\"itemListElement\":[{\"@type\":\"ListItem\",\"position\":1,\"name\":\"Accueil\",\"item\":\"https:\/\/kapitalis.com\/tunisie\/\"},{\"@type\":\"ListItem\",\"position\":2,\"name\":\"Les Journ\u00e9es d&rsquo;Art contemporain de Carthage de retour apr\u00e8s des ann\u00e9es d&rsquo;absence\"}]},{\"@type\":\"WebSite\",\"@id\":\"https:\/\/kapitalis.com\/tunisie\/#website\",\"url\":\"https:\/\/kapitalis.com\/tunisie\/\",\"name\":\"Kapitalis\",\"description\":\"L&#039;actualit\u00e9 en Tunisie et dans le monde\",\"publisher\":{\"@id\":\"https:\/\/kapitalis.com\/tunisie\/#organization\"},\"potentialAction\":[{\"@type\":\"SearchAction\",\"target\":{\"@type\":\"EntryPoint\",\"urlTemplate\":\"https:\/\/kapitalis.com\/tunisie\/?s={search_term_string}\"},\"query-input\":{\"@type\":\"PropertyValueSpecification\",\"valueRequired\":true,\"valueName\":\"search_term_string\"}}],\"inLanguage\":\"fr-FR\"},{\"@type\":\"Organization\",\"@id\":\"https:\/\/kapitalis.com\/tunisie\/#organization\",\"name\":\"Kapitalis\",\"url\":\"https:\/\/kapitalis.com\/tunisie\/\",\"logo\":{\"@type\":\"ImageObject\",\"inLanguage\":\"fr-FR\",\"@id\":\"https:\/\/kapitalis.com\/tunisie\/#\/schema\/logo\/image\/\",\"url\":\"https:\/\/kapitalis.com\/tunisie\/wp-content\/uploads\/2022\/05\/Kapitalis-big-size.png\",\"contentUrl\":\"https:\/\/kapitalis.com\/tunisie\/wp-content\/uploads\/2022\/05\/Kapitalis-big-size.png\",\"width\":5000,\"height\":1500,\"caption\":\"Kapitalis\"},\"image\":{\"@id\":\"https:\/\/kapitalis.com\/tunisie\/#\/schema\/logo\/image\/\"},\"sameAs\":[\"https:\/\/www.facebook.com\/KapitalisInfo\/\",\"https:\/\/x.com\/KapitalisInfo\",\"https:\/\/www.youtube.com\/channel\/UC-yDYrHyfFBWWZaOw3FPg9Q\"]},{\"@type\":\"Person\",\"@id\":\"https:\/\/kapitalis.com\/tunisie\/#\/schema\/person\/73a5ecc1f6ae540c6ed91342eadca948\",\"name\":\"Fawz BenAli\",\"url\":\"https:\/\/kapitalis.com\/tunisie\/author\/fawz\/\"}]}<\/script>\n<!-- \/ Yoast SEO plugin. -->","yoast_head_json":{"title":"Les Journ\u00e9es d'Art contemporain de Carthage de retour apr\u00e8s des ann\u00e9es d'absence - Kapitalis","robots":{"index":"index","follow":"follow","max-snippet":"max-snippet:-1","max-image-preview":"max-image-preview:large","max-video-preview":"max-video-preview:-1"},"canonical":"https:\/\/kapitalis.com\/tunisie\/2023\/02\/23\/les-journees-dart-contemporain-de-carthage-de-retour-apres-des-annees-dabsence\/","og_locale":"fr_FR","og_type":"article","og_title":"Les Journ\u00e9es d'Art contemporain de Carthage de retour apr\u00e8s des ann\u00e9es d'absence - Kapitalis","og_description":"La 3e \u00e9dition des Journ\u00e9es d\u2019Art contemporain de Carthage aura lieu du 26 au 30 mai 2023 sous le th\u00e8me \u00ab\u00a0L\u2019art, un chemin\u00a0\u00bb. Un appel \u00e0 participation est d\u2019ores et d\u00e9j\u00e0 lanc\u00e9.","og_url":"https:\/\/kapitalis.com\/tunisie\/2023\/02\/23\/les-journees-dart-contemporain-de-carthage-de-retour-apres-des-annees-dabsence\/","og_site_name":"Kapitalis","article_publisher":"https:\/\/www.facebook.com\/KapitalisInfo\/","article_published_time":"2023-02-23T12:07:21+00:00","article_modified_time":"2023-02-23T12:07:23+00:00","og_image":[{"width":1200,"height":630,"url":"https:\/\/kapitalis.com\/tunisie\/wp-content\/uploads\/2023\/02\/Journees-dart-contemporain-de-Carthage.jpg","type":"image\/jpeg"}],"author":"Fawz BenAli","twitter_card":"summary_large_image","twitter_creator":"@KapitalisInfo","twitter_site":"@KapitalisInfo","twitter_misc":{"\u00c9crit par":"Fawz BenAli","Dur\u00e9e de lecture estim\u00e9e":"1 minute"},"schema":{"@context":"https:\/\/schema.org","@graph":[{"@type":"Article","@id":"https:\/\/kapitalis.com\/tunisie\/2023\/02\/23\/les-journees-dart-contemporain-de-carthage-de-retour-apres-des-annees-dabsence\/#article","isPartOf":{"@id":"https:\/\/kapitalis.com\/tunisie\/2023\/02\/23\/les-journees-dart-contemporain-de-carthage-de-retour-apres-des-annees-dabsence\/"},"author":{"name":"Fawz BenAli","@id":"https:\/\/kapitalis.com\/tunisie\/#\/schema\/person\/73a5ecc1f6ae540c6ed91342eadca948"},"headline":"Les Journ\u00e9es d&rsquo;Art contemporain de Carthage de retour apr\u00e8s des ann\u00e9es d&rsquo;absence","datePublished":"2023-02-23T12:07:21+00:00","dateModified":"2023-02-23T12:07:23+00:00","mainEntityOfPage":{"@id":"https:\/\/kapitalis.com\/tunisie\/2023\/02\/23\/les-journees-dart-contemporain-de-carthage-de-retour-apres-des-annees-dabsence\/"},"wordCount":143,"commentCount":0,"publisher":{"@id":"https:\/\/kapitalis.com\/tunisie\/#organization"},"image":{"@id":"https:\/\/kapitalis.com\/tunisie\/2023\/02\/23\/les-journees-dart-contemporain-de-carthage-de-retour-apres-des-annees-dabsence\/#primaryimage"},"thumbnailUrl":"https:\/\/kapitalis.com\/tunisie\/wp-content\/uploads\/2023\/02\/Journees-dart-contemporain-de-Carthage.jpg","keywords":["JACC","Journ\u00e9es d&#039;Art contemporain de Carthage","Tunisie"],"articleSection":["CULTURE","Tunisie"],"inLanguage":"fr-FR","potentialAction":[{"@type":"CommentAction","name":"Comment","target":["https:\/\/kapitalis.com\/tunisie\/2023\/02\/23\/les-journees-dart-contemporain-de-carthage-de-retour-apres-des-annees-dabsence\/#respond"]}]},{"@type":"WebPage","@id":"https:\/\/kapitalis.com\/tunisie\/2023\/02\/23\/les-journees-dart-contemporain-de-carthage-de-retour-apres-des-annees-dabsence\/","url":"https:\/\/kapitalis.com\/tunisie\/2023\/02\/23\/les-journees-dart-contemporain-de-carthage-de-retour-apres-des-annees-dabsence\/","name":"Les Journ\u00e9es d'Art contemporain de Carthage de retour apr\u00e8s des ann\u00e9es d'absence - Kapitalis","isPartOf":{"@id":"https:\/\/kapitalis.com\/tunisie\/#website"},"primaryImageOfPage":{"@id":"https:\/\/kapitalis.com\/tunisie\/2023\/02\/23\/les-journees-dart-contemporain-de-carthage-de-retour-apres-des-annees-dabsence\/#primaryimage"},"image":{"@id":"https:\/\/kapitalis.com\/tunisie\/2023\/02\/23\/les-journees-dart-contemporain-de-carthage-de-retour-apres-des-annees-dabsence\/#primaryimage"},"thumbnailUrl":"https:\/\/kapitalis.com\/tunisie\/wp-content\/uploads\/2023\/02\/Journees-dart-contemporain-de-Carthage.jpg","datePublished":"2023-02-23T12:07:21+00:00","dateModified":"2023-02-23T12:07:23+00:00","breadcrumb":{"@id":"https:\/\/kapitalis.com\/tunisie\/2023\/02\/23\/les-journees-dart-contemporain-de-carthage-de-retour-apres-des-annees-dabsence\/#breadcrumb"},"inLanguage":"fr-FR","potentialAction":[{"@type":"ReadAction","target":["https:\/\/kapitalis.com\/tunisie\/2023\/02\/23\/les-journees-dart-contemporain-de-carthage-de-retour-apres-des-annees-dabsence\/"]}]},{"@type":"ImageObject","inLanguage":"fr-FR","@id":"https:\/\/kapitalis.com\/tunisie\/2023\/02\/23\/les-journees-dart-contemporain-de-carthage-de-retour-apres-des-annees-dabsence\/#primaryimage","url":"https:\/\/kapitalis.com\/tunisie\/wp-content\/uploads\/2023\/02\/Journees-dart-contemporain-de-Carthage.jpg","contentUrl":"https:\/\/kapitalis.com\/tunisie\/wp-content\/uploads\/2023\/02\/Journees-dart-contemporain-de-Carthage.jpg","width":1200,"height":630},{"@type":"BreadcrumbList","@id":"https:\/\/kapitalis.com\/tunisie\/2023\/02\/23\/les-journees-dart-contemporain-de-carthage-de-retour-apres-des-annees-dabsence\/#breadcrumb","itemListElement":[{"@type":"ListItem","position":1,"name":"Accueil","item":"https:\/\/kapitalis.com\/tunisie\/"},{"@type":"ListItem","position":2,"name":"Les Journ\u00e9es d&rsquo;Art contemporain de Carthage de retour apr\u00e8s des ann\u00e9es d&rsquo;absence"}]},{"@type":"WebSite","@id":"https:\/\/kapitalis.com\/tunisie\/#website","url":"https:\/\/kapitalis.com\/tunisie\/","name":"Kapitalis","description":"L&#039;actualit\u00e9 en Tunisie et dans le monde","publisher":{"@id":"https:\/\/kapitalis.com\/tunisie\/#organization"},"potentialAction":[{"@type":"SearchAction","target":{"@type":"EntryPoint","urlTemplate":"https:\/\/kapitalis.com\/tunisie\/?s={search_term_string}"},"query-input":{"@type":"PropertyValueSpecification","valueRequired":true,"valueName":"search_term_string"}}],"inLanguage":"fr-FR"},{"@type":"Organization","@id":"https:\/\/kapitalis.com\/tunisie\/#organization","name":"Kapitalis","url":"https:\/\/kapitalis.com\/tunisie\/","logo":{"@type":"ImageObject","inLanguage":"fr-FR","@id":"https:\/\/kapitalis.com\/tunisie\/#\/schema\/logo\/image\/","url":"https:\/\/kapitalis.com\/tunisie\/wp-content\/uploads\/2022\/05\/Kapitalis-big-size.png","contentUrl":"https:\/\/kapitalis.com\/tunisie\/wp-content\/uploads\/2022\/05\/Kapitalis-big-size.png","width":5000,"height":1500,"caption":"Kapitalis"},"image":{"@id":"https:\/\/kapitalis.com\/tunisie\/#\/schema\/logo\/image\/"},"sameAs":["https:\/\/www.facebook.com\/KapitalisInfo\/","https:\/\/x.com\/KapitalisInfo","https:\/\/www.youtube.com\/channel\/UC-yDYrHyfFBWWZaOw3FPg9Q"]},{"@type":"Person","@id":"https:\/\/kapitalis.com\/tunisie\/#\/schema\/person\/73a5ecc1f6ae540c6ed91342eadca948","name":"Fawz BenAli","url":"https:\/\/kapitalis.com\/tunisie\/author\/fawz\/"}]}},"_links":{"self":[{"href":"https:\/\/kapitalis.com\/tunisie\/wp-json\/wp\/v2\/posts\/6625084","targetHints":{"allow":["GET"]}}],"collection":[{"href":"https:\/\/kapitalis.com\/tunisie\/wp-json\/wp\/v2\/posts"}],"about":[{"href":"https:\/\/kapitalis.com\/tunisie\/wp-json\/wp\/v2\/types\/post"}],"author":[{"embeddable":true,"href":"https:\/\/kapitalis.com\/tunisie\/wp-json\/wp\/v2\/users\/26"}],"replies":[{"embeddable":true,"href":"https:\/\/kapitalis.com\/tunisie\/wp-json\/wp\/v2\/comments?post=6625084"}],"version-history":[{"count":1,"href":"https:\/\/kapitalis.com\/tunisie\/wp-json\/wp\/v2\/posts\/6625084\/revisions"}],"predecessor-version":[{"id":6625850,"href":"https:\/\/kapitalis.com\/tunisie\/wp-json\/wp\/v2\/posts\/6625084\/revisions\/6625850"}],"wp:featuredmedia":[{"embeddable":true,"href":"https:\/\/kapitalis.com\/tunisie\/wp-json\/wp\/v2\/media\/6625842"}],"wp:attachment":[{"href":"https:\/\/kapitalis.com\/tunisie\/wp-json\/wp\/v2\/media?parent=6625084"}],"wp:term":[{"taxonomy":"category","embeddable":true,"href":"https:\/\/kapitalis.com\/tunisie\/wp-json\/wp\/v2\/categories?post=6625084"},{"taxonomy":"post_tag","embeddable":true,"href":"https:\/\/kapitalis.com\/tunisie\/wp-json\/wp\/v2\/tags?post=6625084"}],"curies":[{"name":"wp","href":"https:\/\/api.w.org\/{rel}","templated":true}]}}