{"id":6628025,"date":"2023-02-23T16:59:32","date_gmt":"2023-02-23T15:59:32","guid":{"rendered":"https:\/\/kapitalis.com\/tunisie\/?p=6628025"},"modified":"2023-02-23T17:01:17","modified_gmt":"2023-02-23T16:01:17","slug":"campagne-contre-les-subsahariens-marche-contre-le-racisme-samedi-25-fevrier-a-tunis","status":"publish","type":"post","link":"https:\/\/kapitalis.com\/tunisie\/2023\/02\/23\/campagne-contre-les-subsahariens-marche-contre-le-racisme-samedi-25-fevrier-a-tunis\/","title":{"rendered":"Campagne contre les Subsahariens : Marche contre le racisme samedi 25 f\u00e9vrier \u00e0 Tunis"},"content":{"rendered":"\n<p><strong><em>Suite \u00e0 la campagne de haine men\u00e9e contre les Subsahariens en Tunisie, un Front antifasciste vient de voir le jour, initi\u00e9 par des organisations et des associations tunisiennes, qui organiseront une marche contre le racisme, samedi 25 f\u00e9vrier 2023,\u00e0 Tunis.<\/em><\/strong><\/p>\n\n\n\n<!--more-->\n\n\n\n<p>Dans un communiqu\u00e9 intitul\u00e9 : <em>\u00abLa Tunisie ne sera pas fasciste comme le veut le pr\u00e9sident de la r\u00e9publique<\/em>\u00bb, diffus\u00e9 par la Ligue tunisienne des droits de l&rsquo;Homme (LTDH), les organisations ont d\u00e9nonc\u00e9 le discours du chef de l&rsquo;Etat sur la migration subsaharienne en Tunisie lors la r\u00e9union du Conseil de s\u00e9curit\u00e9 nationale, qui plus est, co\u00efncide avec une campagne de haine men\u00e9e sur les r\u00e9seaux sociaux contre les Subsahariens.<\/p>\n\n\n\n<p>Les signataires ont, de ce fait, demand\u00e9 le retrait du communiqu\u00e9 relatif \u00e0 cette question, tout en exprimant leur solidarit\u00e9 \u00e0 toutes les victimes de cette campagne raciste et en r\u00e9clamant la mise en place de crit\u00e8res objectifs pour r\u00e9gulariser la situation de toute personne d\u00e9sireuse de vivre en Tunisie.<\/p>\n\n\n\n<p>Les organisations et les associations ont aussi appel\u00e9 les forces d\u00e9mocratiques et les d\u00e9fenseurs des droits humains \u00e0 prot\u00e9ger les droits des immigr\u00e9s, citant notamment les droits \u00e0 la sant\u00e9, au logement, \u00e0 l&rsquo;\u00e9ducation et \u00e0 l&rsquo;acc\u00e8s \u00e0 la justice contre les discriminations raciales.<\/p>\n\n\n\n<p>Une marche est ainsi pr\u00e9vu, samedi prochain, \u00e0 14h \u00e0 partit du si\u00e8ge du Syndicat national des journalistes tunisiens (SNJT) pour se diriger vers l\u2019Avenue Habib Bourguiba au centre-ville de Tunis.<\/p>\n\n\n\n<p>Parmi les <a href=\"https:\/\/ltdh.tn\/%D8%AA%D9%88%D9%86%D8%B3-%D9%84%D9%86-%D8%AA%D9%83%D9%88%D9%86-%D9%81%D8%A7%D8%B4%D9%8A%D8%A9-%D9%83%D9%85%D8%A7-%D9%8A%D8%B1%D9%8A%D8%AF%D9%87%D8%A7-%D8%B1%D8%A6%D9%8A%D8%B3-%D8%A7%D9%84%D8%AC%D9%85\/?fbclid=IwAR0SeVauNI-ZV6kEOpUZPj_nwZ7rGdl3mmKnH9UBwFJwNXZOTbwSOhfR1lE\" target=\"_blank\" rel=\"noreferrer noopener\">signataires<\/a>, on compte notamment le Forum pour les droits \u00e9conomiques et sociaux (FTDES), le SNJT, la LTDH, l&rsquo;Association tunisienne des femmes d\u00e9mocrates (ATFD), Avocats sans fronti\u00e8res, Al-Bawsala, Amnesty International Tunisie, F\u00e9d\u00e9ration internationale pour les droits humains, Association Femme et Citoyennet\u00e9 El Kef, I Watch, Association Sentiers, Association Kalam, Aswat Nissa, Association Lina Ben Mhenni\u2026<\/p>\n\n\n\n<p class=\"has-text-align-right\"><strong>Y. N.<\/strong><\/p>\n","protected":false},"excerpt":{"rendered":"<p>Campagne contre les Subsahariens : Marche contre le racisme samedi 25 f\u00e9vrier \u00e0 Tunis <\/p>\n","protected":false},"author":6,"featured_media":6628300,"comment_status":"open","ping_status":"open","sticky":false,"template":"","format":"standard","meta":{"footnotes":""},"categories":[998,2433],"tags":[96,106814,76012,13050,6726,3146,62643],"class_list":["post-6628025","post","type-post","status-publish","format-standard","has-post-thumbnail","hentry","category-societe","category-tunisie","tag-associations","tag-front-antifasciste","tag-kais-saied-2","tag-organisations","tag-racisme","tag-subsahariens","tag-tunisie"],"yoast_head":"<!-- This site is optimized with the Yoast SEO plugin v26.6 - https:\/\/yoast.com\/wordpress\/plugins\/seo\/ -->\n<title>Campagne contre les Subsahariens : Marche contre le racisme samedi 25 f\u00e9vrier \u00e0 Tunis - Kapitalis<\/title>\n<meta name=\"description\" content=\"Suite \u00e0 la campagne de haine men\u00e9e contre les Subsahariens en Tunisie, un Front antifasciste vient de voir le jour, initi\u00e9 par des organisations et des associations tunisiennes, qui organiseront une marche contre le racisme, samedi 25 f\u00e9vrier 2023,\u00e0 Tunis.\" \/>\n<meta name=\"robots\" content=\"index, follow, max-snippet:-1, max-image-preview:large, max-video-preview:-1\" \/>\n<link rel=\"canonical\" href=\"https:\/\/kapitalis.com\/tunisie\/2023\/02\/23\/campagne-contre-les-subsahariens-marche-contre-le-racisme-samedi-25-fevrier-a-tunis\/\" \/>\n<meta property=\"og:locale\" content=\"fr_FR\" \/>\n<meta property=\"og:type\" content=\"article\" \/>\n<meta property=\"og:title\" content=\"Campagne contre les Subsahariens : Marche contre le racisme samedi 25 f\u00e9vrier \u00e0 Tunis - Kapitalis\" \/>\n<meta property=\"og:description\" content=\"Suite \u00e0 la campagne de haine men\u00e9e contre les Subsahariens en Tunisie, un Front antifasciste vient de voir le jour, initi\u00e9 par des organisations et des associations tunisiennes, qui organiseront une marche contre le racisme, samedi 25 f\u00e9vrier 2023,\u00e0 Tunis.\" \/>\n<meta property=\"og:url\" content=\"https:\/\/kapitalis.com\/tunisie\/2023\/02\/23\/campagne-contre-les-subsahariens-marche-contre-le-racisme-samedi-25-fevrier-a-tunis\/\" \/>\n<meta property=\"og:site_name\" content=\"Kapitalis\" \/>\n<meta property=\"article:publisher\" content=\"https:\/\/www.facebook.com\/KapitalisInfo\/\" \/>\n<meta property=\"article:published_time\" content=\"2023-02-23T15:59:32+00:00\" \/>\n<meta property=\"article:modified_time\" content=\"2023-02-23T16:01:17+00:00\" \/>\n<meta property=\"og:image\" content=\"https:\/\/kapitalis.com\/tunisie\/wp-content\/uploads\/2023\/02\/contre-le-racisme.jpg\" \/>\n\t<meta property=\"og:image:width\" content=\"1200\" \/>\n\t<meta property=\"og:image:height\" content=\"630\" \/>\n\t<meta property=\"og:image:type\" content=\"image\/jpeg\" \/>\n<meta name=\"author\" content=\"Yusra NY\" \/>\n<meta name=\"twitter:card\" content=\"summary_large_image\" \/>\n<meta name=\"twitter:creator\" content=\"@KapitalisInfo\" \/>\n<meta name=\"twitter:site\" content=\"@KapitalisInfo\" \/>\n<meta name=\"twitter:label1\" content=\"\u00c9crit par\" \/>\n\t<meta name=\"twitter:data1\" content=\"Yusra NY\" \/>\n\t<meta name=\"twitter:label2\" content=\"Dur\u00e9e de lecture estim\u00e9e\" \/>\n\t<meta name=\"twitter:data2\" content=\"2 minutes\" \/>\n<script type=\"application\/ld+json\" class=\"yoast-schema-graph\">{\"@context\":\"https:\/\/schema.org\",\"@graph\":[{\"@type\":\"Article\",\"@id\":\"https:\/\/kapitalis.com\/tunisie\/2023\/02\/23\/campagne-contre-les-subsahariens-marche-contre-le-racisme-samedi-25-fevrier-a-tunis\/#article\",\"isPartOf\":{\"@id\":\"https:\/\/kapitalis.com\/tunisie\/2023\/02\/23\/campagne-contre-les-subsahariens-marche-contre-le-racisme-samedi-25-fevrier-a-tunis\/\"},\"author\":{\"name\":\"Yusra NY\",\"@id\":\"https:\/\/kapitalis.com\/tunisie\/#\/schema\/person\/74bbde0154d49d790a92aaeac5bc01d5\"},\"headline\":\"Campagne contre les Subsahariens : Marche contre le racisme samedi 25 f\u00e9vrier \u00e0 Tunis\",\"datePublished\":\"2023-02-23T15:59:32+00:00\",\"dateModified\":\"2023-02-23T16:01:17+00:00\",\"mainEntityOfPage\":{\"@id\":\"https:\/\/kapitalis.com\/tunisie\/2023\/02\/23\/campagne-contre-les-subsahariens-marche-contre-le-racisme-samedi-25-fevrier-a-tunis\/\"},\"wordCount\":319,\"commentCount\":1,\"publisher\":{\"@id\":\"https:\/\/kapitalis.com\/tunisie\/#organization\"},\"image\":{\"@id\":\"https:\/\/kapitalis.com\/tunisie\/2023\/02\/23\/campagne-contre-les-subsahariens-marche-contre-le-racisme-samedi-25-fevrier-a-tunis\/#primaryimage\"},\"thumbnailUrl\":\"https:\/\/kapitalis.com\/tunisie\/wp-content\/uploads\/2023\/02\/contre-le-racisme.jpg\",\"keywords\":[\"Associations\",\"Front antifasciste\",\"Ka\u00efs Sa\u00efed\",\"organisations\",\"Racisme\",\"subsahariens\",\"Tunisie\"],\"articleSection\":[\"SOCIETE\",\"Tunisie\"],\"inLanguage\":\"fr-FR\",\"potentialAction\":[{\"@type\":\"CommentAction\",\"name\":\"Comment\",\"target\":[\"https:\/\/kapitalis.com\/tunisie\/2023\/02\/23\/campagne-contre-les-subsahariens-marche-contre-le-racisme-samedi-25-fevrier-a-tunis\/#respond\"]}]},{\"@type\":\"WebPage\",\"@id\":\"https:\/\/kapitalis.com\/tunisie\/2023\/02\/23\/campagne-contre-les-subsahariens-marche-contre-le-racisme-samedi-25-fevrier-a-tunis\/\",\"url\":\"https:\/\/kapitalis.com\/tunisie\/2023\/02\/23\/campagne-contre-les-subsahariens-marche-contre-le-racisme-samedi-25-fevrier-a-tunis\/\",\"name\":\"Campagne contre les Subsahariens : Marche contre le racisme samedi 25 f\u00e9vrier \u00e0 Tunis - Kapitalis\",\"isPartOf\":{\"@id\":\"https:\/\/kapitalis.com\/tunisie\/#website\"},\"primaryImageOfPage\":{\"@id\":\"https:\/\/kapitalis.com\/tunisie\/2023\/02\/23\/campagne-contre-les-subsahariens-marche-contre-le-racisme-samedi-25-fevrier-a-tunis\/#primaryimage\"},\"image\":{\"@id\":\"https:\/\/kapitalis.com\/tunisie\/2023\/02\/23\/campagne-contre-les-subsahariens-marche-contre-le-racisme-samedi-25-fevrier-a-tunis\/#primaryimage\"},\"thumbnailUrl\":\"https:\/\/kapitalis.com\/tunisie\/wp-content\/uploads\/2023\/02\/contre-le-racisme.jpg\",\"datePublished\":\"2023-02-23T15:59:32+00:00\",\"dateModified\":\"2023-02-23T16:01:17+00:00\",\"description\":\"Suite \u00e0 la campagne de haine men\u00e9e contre les Subsahariens en Tunisie, un Front antifasciste vient de voir le jour, initi\u00e9 par des organisations et des associations tunisiennes, qui organiseront une marche contre le racisme, samedi 25 f\u00e9vrier 2023,\u00e0 Tunis.\",\"breadcrumb\":{\"@id\":\"https:\/\/kapitalis.com\/tunisie\/2023\/02\/23\/campagne-contre-les-subsahariens-marche-contre-le-racisme-samedi-25-fevrier-a-tunis\/#breadcrumb\"},\"inLanguage\":\"fr-FR\",\"potentialAction\":[{\"@type\":\"ReadAction\",\"target\":[\"https:\/\/kapitalis.com\/tunisie\/2023\/02\/23\/campagne-contre-les-subsahariens-marche-contre-le-racisme-samedi-25-fevrier-a-tunis\/\"]}]},{\"@type\":\"ImageObject\",\"inLanguage\":\"fr-FR\",\"@id\":\"https:\/\/kapitalis.com\/tunisie\/2023\/02\/23\/campagne-contre-les-subsahariens-marche-contre-le-racisme-samedi-25-fevrier-a-tunis\/#primaryimage\",\"url\":\"https:\/\/kapitalis.com\/tunisie\/wp-content\/uploads\/2023\/02\/contre-le-racisme.jpg\",\"contentUrl\":\"https:\/\/kapitalis.com\/tunisie\/wp-content\/uploads\/2023\/02\/contre-le-racisme.jpg\",\"width\":1200,\"height\":630},{\"@type\":\"BreadcrumbList\",\"@id\":\"https:\/\/kapitalis.com\/tunisie\/2023\/02\/23\/campagne-contre-les-subsahariens-marche-contre-le-racisme-samedi-25-fevrier-a-tunis\/#breadcrumb\",\"itemListElement\":[{\"@type\":\"ListItem\",\"position\":1,\"name\":\"Accueil\",\"item\":\"https:\/\/kapitalis.com\/tunisie\/\"},{\"@type\":\"ListItem\",\"position\":2,\"name\":\"Campagne contre les Subsahariens : Marche contre le racisme samedi 25 f\u00e9vrier \u00e0 Tunis\"}]},{\"@type\":\"WebSite\",\"@id\":\"https:\/\/kapitalis.com\/tunisie\/#website\",\"url\":\"https:\/\/kapitalis.com\/tunisie\/\",\"name\":\"Kapitalis\",\"description\":\"L&#039;actualit\u00e9 en Tunisie et dans le monde\",\"publisher\":{\"@id\":\"https:\/\/kapitalis.com\/tunisie\/#organization\"},\"potentialAction\":[{\"@type\":\"SearchAction\",\"target\":{\"@type\":\"EntryPoint\",\"urlTemplate\":\"https:\/\/kapitalis.com\/tunisie\/?s={search_term_string}\"},\"query-input\":{\"@type\":\"PropertyValueSpecification\",\"valueRequired\":true,\"valueName\":\"search_term_string\"}}],\"inLanguage\":\"fr-FR\"},{\"@type\":\"Organization\",\"@id\":\"https:\/\/kapitalis.com\/tunisie\/#organization\",\"name\":\"Kapitalis\",\"url\":\"https:\/\/kapitalis.com\/tunisie\/\",\"logo\":{\"@type\":\"ImageObject\",\"inLanguage\":\"fr-FR\",\"@id\":\"https:\/\/kapitalis.com\/tunisie\/#\/schema\/logo\/image\/\",\"url\":\"https:\/\/kapitalis.com\/tunisie\/wp-content\/uploads\/2022\/05\/Kapitalis-big-size.png\",\"contentUrl\":\"https:\/\/kapitalis.com\/tunisie\/wp-content\/uploads\/2022\/05\/Kapitalis-big-size.png\",\"width\":5000,\"height\":1500,\"caption\":\"Kapitalis\"},\"image\":{\"@id\":\"https:\/\/kapitalis.com\/tunisie\/#\/schema\/logo\/image\/\"},\"sameAs\":[\"https:\/\/www.facebook.com\/KapitalisInfo\/\",\"https:\/\/x.com\/KapitalisInfo\",\"https:\/\/www.youtube.com\/channel\/UC-yDYrHyfFBWWZaOw3FPg9Q\"]},{\"@type\":\"Person\",\"@id\":\"https:\/\/kapitalis.com\/tunisie\/#\/schema\/person\/74bbde0154d49d790a92aaeac5bc01d5\",\"name\":\"Yusra NY\",\"url\":\"https:\/\/kapitalis.com\/tunisie\/author\/yuza_adam\/\"}]}<\/script>\n<!-- \/ Yoast SEO plugin. -->","yoast_head_json":{"title":"Campagne contre les Subsahariens : Marche contre le racisme samedi 25 f\u00e9vrier \u00e0 Tunis - Kapitalis","description":"Suite \u00e0 la campagne de haine men\u00e9e contre les Subsahariens en Tunisie, un Front antifasciste vient de voir le jour, initi\u00e9 par des organisations et des associations tunisiennes, qui organiseront une marche contre le racisme, samedi 25 f\u00e9vrier 2023,\u00e0 Tunis.","robots":{"index":"index","follow":"follow","max-snippet":"max-snippet:-1","max-image-preview":"max-image-preview:large","max-video-preview":"max-video-preview:-1"},"canonical":"https:\/\/kapitalis.com\/tunisie\/2023\/02\/23\/campagne-contre-les-subsahariens-marche-contre-le-racisme-samedi-25-fevrier-a-tunis\/","og_locale":"fr_FR","og_type":"article","og_title":"Campagne contre les Subsahariens : Marche contre le racisme samedi 25 f\u00e9vrier \u00e0 Tunis - Kapitalis","og_description":"Suite \u00e0 la campagne de haine men\u00e9e contre les Subsahariens en Tunisie, un Front antifasciste vient de voir le jour, initi\u00e9 par des organisations et des associations tunisiennes, qui organiseront une marche contre le racisme, samedi 25 f\u00e9vrier 2023,\u00e0 Tunis.","og_url":"https:\/\/kapitalis.com\/tunisie\/2023\/02\/23\/campagne-contre-les-subsahariens-marche-contre-le-racisme-samedi-25-fevrier-a-tunis\/","og_site_name":"Kapitalis","article_publisher":"https:\/\/www.facebook.com\/KapitalisInfo\/","article_published_time":"2023-02-23T15:59:32+00:00","article_modified_time":"2023-02-23T16:01:17+00:00","og_image":[{"width":1200,"height":630,"url":"https:\/\/kapitalis.com\/tunisie\/wp-content\/uploads\/2023\/02\/contre-le-racisme.jpg","type":"image\/jpeg"}],"author":"Yusra NY","twitter_card":"summary_large_image","twitter_creator":"@KapitalisInfo","twitter_site":"@KapitalisInfo","twitter_misc":{"\u00c9crit par":"Yusra NY","Dur\u00e9e de lecture estim\u00e9e":"2 minutes"},"schema":{"@context":"https:\/\/schema.org","@graph":[{"@type":"Article","@id":"https:\/\/kapitalis.com\/tunisie\/2023\/02\/23\/campagne-contre-les-subsahariens-marche-contre-le-racisme-samedi-25-fevrier-a-tunis\/#article","isPartOf":{"@id":"https:\/\/kapitalis.com\/tunisie\/2023\/02\/23\/campagne-contre-les-subsahariens-marche-contre-le-racisme-samedi-25-fevrier-a-tunis\/"},"author":{"name":"Yusra NY","@id":"https:\/\/kapitalis.com\/tunisie\/#\/schema\/person\/74bbde0154d49d790a92aaeac5bc01d5"},"headline":"Campagne contre les Subsahariens : Marche contre le racisme samedi 25 f\u00e9vrier \u00e0 Tunis","datePublished":"2023-02-23T15:59:32+00:00","dateModified":"2023-02-23T16:01:17+00:00","mainEntityOfPage":{"@id":"https:\/\/kapitalis.com\/tunisie\/2023\/02\/23\/campagne-contre-les-subsahariens-marche-contre-le-racisme-samedi-25-fevrier-a-tunis\/"},"wordCount":319,"commentCount":1,"publisher":{"@id":"https:\/\/kapitalis.com\/tunisie\/#organization"},"image":{"@id":"https:\/\/kapitalis.com\/tunisie\/2023\/02\/23\/campagne-contre-les-subsahariens-marche-contre-le-racisme-samedi-25-fevrier-a-tunis\/#primaryimage"},"thumbnailUrl":"https:\/\/kapitalis.com\/tunisie\/wp-content\/uploads\/2023\/02\/contre-le-racisme.jpg","keywords":["Associations","Front antifasciste","Ka\u00efs Sa\u00efed","organisations","Racisme","subsahariens","Tunisie"],"articleSection":["SOCIETE","Tunisie"],"inLanguage":"fr-FR","potentialAction":[{"@type":"CommentAction","name":"Comment","target":["https:\/\/kapitalis.com\/tunisie\/2023\/02\/23\/campagne-contre-les-subsahariens-marche-contre-le-racisme-samedi-25-fevrier-a-tunis\/#respond"]}]},{"@type":"WebPage","@id":"https:\/\/kapitalis.com\/tunisie\/2023\/02\/23\/campagne-contre-les-subsahariens-marche-contre-le-racisme-samedi-25-fevrier-a-tunis\/","url":"https:\/\/kapitalis.com\/tunisie\/2023\/02\/23\/campagne-contre-les-subsahariens-marche-contre-le-racisme-samedi-25-fevrier-a-tunis\/","name":"Campagne contre les Subsahariens : Marche contre le racisme samedi 25 f\u00e9vrier \u00e0 Tunis - Kapitalis","isPartOf":{"@id":"https:\/\/kapitalis.com\/tunisie\/#website"},"primaryImageOfPage":{"@id":"https:\/\/kapitalis.com\/tunisie\/2023\/02\/23\/campagne-contre-les-subsahariens-marche-contre-le-racisme-samedi-25-fevrier-a-tunis\/#primaryimage"},"image":{"@id":"https:\/\/kapitalis.com\/tunisie\/2023\/02\/23\/campagne-contre-les-subsahariens-marche-contre-le-racisme-samedi-25-fevrier-a-tunis\/#primaryimage"},"thumbnailUrl":"https:\/\/kapitalis.com\/tunisie\/wp-content\/uploads\/2023\/02\/contre-le-racisme.jpg","datePublished":"2023-02-23T15:59:32+00:00","dateModified":"2023-02-23T16:01:17+00:00","description":"Suite \u00e0 la campagne de haine men\u00e9e contre les Subsahariens en Tunisie, un Front antifasciste vient de voir le jour, initi\u00e9 par des organisations et des associations tunisiennes, qui organiseront une marche contre le racisme, samedi 25 f\u00e9vrier 2023,\u00e0 Tunis.","breadcrumb":{"@id":"https:\/\/kapitalis.com\/tunisie\/2023\/02\/23\/campagne-contre-les-subsahariens-marche-contre-le-racisme-samedi-25-fevrier-a-tunis\/#breadcrumb"},"inLanguage":"fr-FR","potentialAction":[{"@type":"ReadAction","target":["https:\/\/kapitalis.com\/tunisie\/2023\/02\/23\/campagne-contre-les-subsahariens-marche-contre-le-racisme-samedi-25-fevrier-a-tunis\/"]}]},{"@type":"ImageObject","inLanguage":"fr-FR","@id":"https:\/\/kapitalis.com\/tunisie\/2023\/02\/23\/campagne-contre-les-subsahariens-marche-contre-le-racisme-samedi-25-fevrier-a-tunis\/#primaryimage","url":"https:\/\/kapitalis.com\/tunisie\/wp-content\/uploads\/2023\/02\/contre-le-racisme.jpg","contentUrl":"https:\/\/kapitalis.com\/tunisie\/wp-content\/uploads\/2023\/02\/contre-le-racisme.jpg","width":1200,"height":630},{"@type":"BreadcrumbList","@id":"https:\/\/kapitalis.com\/tunisie\/2023\/02\/23\/campagne-contre-les-subsahariens-marche-contre-le-racisme-samedi-25-fevrier-a-tunis\/#breadcrumb","itemListElement":[{"@type":"ListItem","position":1,"name":"Accueil","item":"https:\/\/kapitalis.com\/tunisie\/"},{"@type":"ListItem","position":2,"name":"Campagne contre les Subsahariens : Marche contre le racisme samedi 25 f\u00e9vrier \u00e0 Tunis"}]},{"@type":"WebSite","@id":"https:\/\/kapitalis.com\/tunisie\/#website","url":"https:\/\/kapitalis.com\/tunisie\/","name":"Kapitalis","description":"L&#039;actualit\u00e9 en Tunisie et dans le monde","publisher":{"@id":"https:\/\/kapitalis.com\/tunisie\/#organization"},"potentialAction":[{"@type":"SearchAction","target":{"@type":"EntryPoint","urlTemplate":"https:\/\/kapitalis.com\/tunisie\/?s={search_term_string}"},"query-input":{"@type":"PropertyValueSpecification","valueRequired":true,"valueName":"search_term_string"}}],"inLanguage":"fr-FR"},{"@type":"Organization","@id":"https:\/\/kapitalis.com\/tunisie\/#organization","name":"Kapitalis","url":"https:\/\/kapitalis.com\/tunisie\/","logo":{"@type":"ImageObject","inLanguage":"fr-FR","@id":"https:\/\/kapitalis.com\/tunisie\/#\/schema\/logo\/image\/","url":"https:\/\/kapitalis.com\/tunisie\/wp-content\/uploads\/2022\/05\/Kapitalis-big-size.png","contentUrl":"https:\/\/kapitalis.com\/tunisie\/wp-content\/uploads\/2022\/05\/Kapitalis-big-size.png","width":5000,"height":1500,"caption":"Kapitalis"},"image":{"@id":"https:\/\/kapitalis.com\/tunisie\/#\/schema\/logo\/image\/"},"sameAs":["https:\/\/www.facebook.com\/KapitalisInfo\/","https:\/\/x.com\/KapitalisInfo","https:\/\/www.youtube.com\/channel\/UC-yDYrHyfFBWWZaOw3FPg9Q"]},{"@type":"Person","@id":"https:\/\/kapitalis.com\/tunisie\/#\/schema\/person\/74bbde0154d49d790a92aaeac5bc01d5","name":"Yusra NY","url":"https:\/\/kapitalis.com\/tunisie\/author\/yuza_adam\/"}]}},"_links":{"self":[{"href":"https:\/\/kapitalis.com\/tunisie\/wp-json\/wp\/v2\/posts\/6628025","targetHints":{"allow":["GET"]}}],"collection":[{"href":"https:\/\/kapitalis.com\/tunisie\/wp-json\/wp\/v2\/posts"}],"about":[{"href":"https:\/\/kapitalis.com\/tunisie\/wp-json\/wp\/v2\/types\/post"}],"author":[{"embeddable":true,"href":"https:\/\/kapitalis.com\/tunisie\/wp-json\/wp\/v2\/users\/6"}],"replies":[{"embeddable":true,"href":"https:\/\/kapitalis.com\/tunisie\/wp-json\/wp\/v2\/comments?post=6628025"}],"version-history":[{"count":4,"href":"https:\/\/kapitalis.com\/tunisie\/wp-json\/wp\/v2\/posts\/6628025\/revisions"}],"predecessor-version":[{"id":6628414,"href":"https:\/\/kapitalis.com\/tunisie\/wp-json\/wp\/v2\/posts\/6628025\/revisions\/6628414"}],"wp:featuredmedia":[{"embeddable":true,"href":"https:\/\/kapitalis.com\/tunisie\/wp-json\/wp\/v2\/media\/6628300"}],"wp:attachment":[{"href":"https:\/\/kapitalis.com\/tunisie\/wp-json\/wp\/v2\/media?parent=6628025"}],"wp:term":[{"taxonomy":"category","embeddable":true,"href":"https:\/\/kapitalis.com\/tunisie\/wp-json\/wp\/v2\/categories?post=6628025"},{"taxonomy":"post_tag","embeddable":true,"href":"https:\/\/kapitalis.com\/tunisie\/wp-json\/wp\/v2\/tags?post=6628025"}],"curies":[{"name":"wp","href":"https:\/\/api.w.org\/{rel}","templated":true}]}}