{"id":66351,"date":"2016-09-28T16:29:36","date_gmt":"2016-09-28T15:29:36","guid":{"rendered":"http:\/\/kapitalis.com\/tunisie\/?p=66351"},"modified":"2016-09-28T15:33:28","modified_gmt":"2016-09-28T14:33:28","slug":"institut-francais-de-tunisie-hommage-aux-grandes-actrices-francaises","status":"publish","type":"post","link":"https:\/\/kapitalis.com\/tunisie\/2016\/09\/28\/institut-francais-de-tunisie-hommage-aux-grandes-actrices-francaises\/","title":{"rendered":"Institut fran\u00e7ais de Tunisie : Hommage aux grandes actrices fran\u00e7aises"},"content":{"rendered":"<p><img loading=\"lazy\" decoding=\"async\" class=\"alignnone size-full wp-image-66352 aligncenter\" src=\"http:\/\/kapitalis.com\/tunisie\/wp-content\/uploads\/2016\/09\/Cinema-francais.jpg\" alt=\"cinema-francais\" width=\"626\" height=\"380\" \/><\/p>\n<p><em><strong>L\u2019Institut fran\u00e7ais de Tunisie (IFT) organise, du 7 octobre au 16 d\u00e9cembre prochains, des projections de films, en hommage aux grandes actrices fran\u00e7aises.<\/strong><\/em><\/p>\n<p><!--more--><\/p>\n<p>Ces films, propos\u00e9s dans le cadre du cycle <em>\u00abVivre ensemble\u00bb<\/em> 2016, seront projet\u00e9s au rythme d\u2019un vendredi sur deux.<br \/>\nToutes les s\u00e9ances auront lieu \u00e0 14h \u00e0 l\u2019auditorium de l\u2019IFT et seront suivies d\u2019un d\u00e9bat, o\u00f9 les th\u00e9matiques des films serviront d\u2019un point de d\u00e9part \u00e0 une r\u00e9flexion sur l\u2019actualit\u00e9 politique et sociale en France, aussi bien qu\u2019en Tunisie.<\/p>\n<p>Les d\u00e9bats seront anim\u00e9s par Abderrazak Sayadi, professeur de lettres \u00e0 l\u2019universit\u00e9 de la Manouba.<\/p>\n<p>Cette manifestation vise \u00e0 faire connaitre au public tunisien un cin\u00e9ma fran\u00e7ais de qualit\u00e9 \u00e0 travers une s\u00e9lection privil\u00e9gi\u00e9e de films ayant remport\u00e9 un grand succ\u00e8s critique et populaire.<\/p>\n<p>Tous ces films sont port\u00e9s par des personnages f\u00e9minins forts, incarn\u00e9s par des actrices dont les noms sont d\u00e9sormais devenus iconiques dans le monde du cin\u00e9ma, comme Jeanne Moreau, Brigitte Bardot, Juliette Binoche\u2026<\/p>\n<p style=\"text-align: right;\"><strong>Fawz Ben Ali<\/strong><\/p>\n<p><strong>Le programme des projections:<\/strong><br \/>\n7 octobre :<em> \u2018\u2018La vie domestique\u2019\u2019<\/em> (2013), avec Emmanuelle Devos.<br \/>\n21 octobre : <em>\u2018\u2018Mauvais sang\u2019\u2019<\/em> (1986), avec \u00e0 Juliette Binoche.<br \/>\n28 octobre : <em>\u2018\u2018La belle saison\u2019\u2019<\/em> (2015), avec C\u00e9cile de France.<br \/>\n18 novembre : <em>\u2018\u2018Le m\u00e9pris\u2019\u2019<\/em> (1963), avec Brigitte Bardot.<br \/>\n2 d\u00e9cembre : <em>\u2018\u2018La baie des anges\u2019\u2019 <\/em>(1963), avec Jeanne Moreau.<br \/>\n16 d\u00e9cembre : <em>\u2018\u2018Sois belle et tais-toi\u2019\u2019<\/em> (1981), hommage aux 24 actrices pr\u00e9sentes dans le film.<\/p>\n","protected":false},"excerpt":{"rendered":"<p>L\u2019Institut fran\u00e7ais de Tunisie (IFT) organise, du 7 octobre au 16 d\u00e9cembre prochains, des projections de films, en hommage aux grandes actrices fran\u00e7aises.<\/p>\n","protected":false},"author":8,"featured_media":66352,"comment_status":"open","ping_status":"open","sticky":false,"template":"","format":"standard","meta":{"footnotes":""},"categories":[994,2433],"tags":[462,3226],"class_list":["post-66351","post","type-post","status-publish","format-standard","has-post-thumbnail","hentry","category-culture","category-tunisie","tag-ift","tag-institut-francais-de-tunisie"],"yoast_head":"<!-- This site is optimized with the Yoast SEO plugin v26.6 - https:\/\/yoast.com\/wordpress\/plugins\/seo\/ -->\n<title>Institut fran\u00e7ais de Tunisie : Hommage aux grandes actrices fran\u00e7aises - Kapitalis<\/title>\n<meta name=\"robots\" content=\"index, follow, max-snippet:-1, max-image-preview:large, max-video-preview:-1\" \/>\n<link rel=\"canonical\" href=\"https:\/\/kapitalis.com\/tunisie\/2016\/09\/28\/institut-francais-de-tunisie-hommage-aux-grandes-actrices-francaises\/\" \/>\n<meta property=\"og:locale\" content=\"fr_FR\" \/>\n<meta property=\"og:type\" content=\"article\" \/>\n<meta property=\"og:title\" content=\"Institut fran\u00e7ais de Tunisie : Hommage aux grandes actrices fran\u00e7aises - Kapitalis\" \/>\n<meta property=\"og:description\" content=\"L\u2019Institut fran\u00e7ais de Tunisie (IFT) organise, du 7 octobre au 16 d\u00e9cembre prochains, des projections de films, en hommage aux grandes actrices fran\u00e7aises.\" \/>\n<meta property=\"og:url\" content=\"https:\/\/kapitalis.com\/tunisie\/2016\/09\/28\/institut-francais-de-tunisie-hommage-aux-grandes-actrices-francaises\/\" \/>\n<meta property=\"og:site_name\" content=\"Kapitalis\" \/>\n<meta property=\"article:publisher\" content=\"https:\/\/www.facebook.com\/KapitalisInfo\/\" \/>\n<meta property=\"article:published_time\" content=\"2016-09-28T15:29:36+00:00\" \/>\n<meta property=\"og:image\" content=\"https:\/\/kapitalis.com\/tunisie\/wp-content\/uploads\/2022\/05\/kapitalis-logo-fb.png\" \/>\n\t<meta property=\"og:image:width\" content=\"1200\" \/>\n\t<meta property=\"og:image:height\" content=\"630\" \/>\n\t<meta property=\"og:image:type\" content=\"image\/png\" \/>\n<meta name=\"author\" content=\"webmaster kapitalis\" \/>\n<meta name=\"twitter:card\" content=\"summary_large_image\" \/>\n<meta name=\"twitter:creator\" content=\"@KapitalisInfo\" \/>\n<meta name=\"twitter:site\" content=\"@KapitalisInfo\" \/>\n<meta name=\"twitter:label1\" content=\"\u00c9crit par\" \/>\n\t<meta name=\"twitter:data1\" content=\"webmaster kapitalis\" \/>\n\t<meta name=\"twitter:label2\" content=\"Dur\u00e9e de lecture estim\u00e9e\" \/>\n\t<meta name=\"twitter:data2\" content=\"1 minute\" \/>\n<script type=\"application\/ld+json\" class=\"yoast-schema-graph\">{\"@context\":\"https:\/\/schema.org\",\"@graph\":[{\"@type\":\"Article\",\"@id\":\"https:\/\/kapitalis.com\/tunisie\/2016\/09\/28\/institut-francais-de-tunisie-hommage-aux-grandes-actrices-francaises\/#article\",\"isPartOf\":{\"@id\":\"https:\/\/kapitalis.com\/tunisie\/2016\/09\/28\/institut-francais-de-tunisie-hommage-aux-grandes-actrices-francaises\/\"},\"author\":{\"name\":\"webmaster kapitalis\",\"@id\":\"https:\/\/kapitalis.com\/tunisie\/#\/schema\/person\/d71f33a9ca44f7bad4698210b480c8e9\"},\"headline\":\"Institut fran\u00e7ais de Tunisie : Hommage aux grandes actrices fran\u00e7aises\",\"datePublished\":\"2016-09-28T15:29:36+00:00\",\"mainEntityOfPage\":{\"@id\":\"https:\/\/kapitalis.com\/tunisie\/2016\/09\/28\/institut-francais-de-tunisie-hommage-aux-grandes-actrices-francaises\/\"},\"wordCount\":252,\"commentCount\":0,\"publisher\":{\"@id\":\"https:\/\/kapitalis.com\/tunisie\/#organization\"},\"image\":{\"@id\":\"https:\/\/kapitalis.com\/tunisie\/2016\/09\/28\/institut-francais-de-tunisie-hommage-aux-grandes-actrices-francaises\/#primaryimage\"},\"thumbnailUrl\":\"\",\"keywords\":[\"IFT\",\"Institut fran\u00e7ais de Tunisie\"],\"articleSection\":[\"CULTURE\",\"Tunisie\"],\"inLanguage\":\"fr-FR\",\"potentialAction\":[{\"@type\":\"CommentAction\",\"name\":\"Comment\",\"target\":[\"https:\/\/kapitalis.com\/tunisie\/2016\/09\/28\/institut-francais-de-tunisie-hommage-aux-grandes-actrices-francaises\/#respond\"]}]},{\"@type\":\"WebPage\",\"@id\":\"https:\/\/kapitalis.com\/tunisie\/2016\/09\/28\/institut-francais-de-tunisie-hommage-aux-grandes-actrices-francaises\/\",\"url\":\"https:\/\/kapitalis.com\/tunisie\/2016\/09\/28\/institut-francais-de-tunisie-hommage-aux-grandes-actrices-francaises\/\",\"name\":\"Institut fran\u00e7ais de Tunisie : Hommage aux grandes actrices fran\u00e7aises - Kapitalis\",\"isPartOf\":{\"@id\":\"https:\/\/kapitalis.com\/tunisie\/#website\"},\"primaryImageOfPage\":{\"@id\":\"https:\/\/kapitalis.com\/tunisie\/2016\/09\/28\/institut-francais-de-tunisie-hommage-aux-grandes-actrices-francaises\/#primaryimage\"},\"image\":{\"@id\":\"https:\/\/kapitalis.com\/tunisie\/2016\/09\/28\/institut-francais-de-tunisie-hommage-aux-grandes-actrices-francaises\/#primaryimage\"},\"thumbnailUrl\":\"\",\"datePublished\":\"2016-09-28T15:29:36+00:00\",\"breadcrumb\":{\"@id\":\"https:\/\/kapitalis.com\/tunisie\/2016\/09\/28\/institut-francais-de-tunisie-hommage-aux-grandes-actrices-francaises\/#breadcrumb\"},\"inLanguage\":\"fr-FR\",\"potentialAction\":[{\"@type\":\"ReadAction\",\"target\":[\"https:\/\/kapitalis.com\/tunisie\/2016\/09\/28\/institut-francais-de-tunisie-hommage-aux-grandes-actrices-francaises\/\"]}]},{\"@type\":\"ImageObject\",\"inLanguage\":\"fr-FR\",\"@id\":\"https:\/\/kapitalis.com\/tunisie\/2016\/09\/28\/institut-francais-de-tunisie-hommage-aux-grandes-actrices-francaises\/#primaryimage\",\"url\":\"\",\"contentUrl\":\"\"},{\"@type\":\"BreadcrumbList\",\"@id\":\"https:\/\/kapitalis.com\/tunisie\/2016\/09\/28\/institut-francais-de-tunisie-hommage-aux-grandes-actrices-francaises\/#breadcrumb\",\"itemListElement\":[{\"@type\":\"ListItem\",\"position\":1,\"name\":\"Accueil\",\"item\":\"https:\/\/kapitalis.com\/tunisie\/\"},{\"@type\":\"ListItem\",\"position\":2,\"name\":\"Institut fran\u00e7ais de Tunisie : Hommage aux grandes actrices fran\u00e7aises\"}]},{\"@type\":\"WebSite\",\"@id\":\"https:\/\/kapitalis.com\/tunisie\/#website\",\"url\":\"https:\/\/kapitalis.com\/tunisie\/\",\"name\":\"Kapitalis\",\"description\":\"L&#039;actualit\u00e9 en Tunisie et dans le monde\",\"publisher\":{\"@id\":\"https:\/\/kapitalis.com\/tunisie\/#organization\"},\"potentialAction\":[{\"@type\":\"SearchAction\",\"target\":{\"@type\":\"EntryPoint\",\"urlTemplate\":\"https:\/\/kapitalis.com\/tunisie\/?s={search_term_string}\"},\"query-input\":{\"@type\":\"PropertyValueSpecification\",\"valueRequired\":true,\"valueName\":\"search_term_string\"}}],\"inLanguage\":\"fr-FR\"},{\"@type\":\"Organization\",\"@id\":\"https:\/\/kapitalis.com\/tunisie\/#organization\",\"name\":\"Kapitalis\",\"url\":\"https:\/\/kapitalis.com\/tunisie\/\",\"logo\":{\"@type\":\"ImageObject\",\"inLanguage\":\"fr-FR\",\"@id\":\"https:\/\/kapitalis.com\/tunisie\/#\/schema\/logo\/image\/\",\"url\":\"https:\/\/kapitalis.com\/tunisie\/wp-content\/uploads\/2022\/05\/Kapitalis-big-size.png\",\"contentUrl\":\"https:\/\/kapitalis.com\/tunisie\/wp-content\/uploads\/2022\/05\/Kapitalis-big-size.png\",\"width\":5000,\"height\":1500,\"caption\":\"Kapitalis\"},\"image\":{\"@id\":\"https:\/\/kapitalis.com\/tunisie\/#\/schema\/logo\/image\/\"},\"sameAs\":[\"https:\/\/www.facebook.com\/KapitalisInfo\/\",\"https:\/\/x.com\/KapitalisInfo\",\"https:\/\/www.youtube.com\/channel\/UC-yDYrHyfFBWWZaOw3FPg9Q\"]},{\"@type\":\"Person\",\"@id\":\"https:\/\/kapitalis.com\/tunisie\/#\/schema\/person\/d71f33a9ca44f7bad4698210b480c8e9\",\"name\":\"webmaster kapitalis\",\"url\":\"https:\/\/kapitalis.com\/tunisie\/author\/webmaster-kapitalis\/\"}]}<\/script>\n<!-- \/ Yoast SEO plugin. -->","yoast_head_json":{"title":"Institut fran\u00e7ais de Tunisie : Hommage aux grandes actrices fran\u00e7aises - Kapitalis","robots":{"index":"index","follow":"follow","max-snippet":"max-snippet:-1","max-image-preview":"max-image-preview:large","max-video-preview":"max-video-preview:-1"},"canonical":"https:\/\/kapitalis.com\/tunisie\/2016\/09\/28\/institut-francais-de-tunisie-hommage-aux-grandes-actrices-francaises\/","og_locale":"fr_FR","og_type":"article","og_title":"Institut fran\u00e7ais de Tunisie : Hommage aux grandes actrices fran\u00e7aises - Kapitalis","og_description":"L\u2019Institut fran\u00e7ais de Tunisie (IFT) organise, du 7 octobre au 16 d\u00e9cembre prochains, des projections de films, en hommage aux grandes actrices fran\u00e7aises.","og_url":"https:\/\/kapitalis.com\/tunisie\/2016\/09\/28\/institut-francais-de-tunisie-hommage-aux-grandes-actrices-francaises\/","og_site_name":"Kapitalis","article_publisher":"https:\/\/www.facebook.com\/KapitalisInfo\/","article_published_time":"2016-09-28T15:29:36+00:00","og_image":[{"width":1200,"height":630,"url":"https:\/\/kapitalis.com\/tunisie\/wp-content\/uploads\/2022\/05\/kapitalis-logo-fb.png","type":"image\/png"}],"author":"webmaster kapitalis","twitter_card":"summary_large_image","twitter_creator":"@KapitalisInfo","twitter_site":"@KapitalisInfo","twitter_misc":{"\u00c9crit par":"webmaster kapitalis","Dur\u00e9e de lecture estim\u00e9e":"1 minute"},"schema":{"@context":"https:\/\/schema.org","@graph":[{"@type":"Article","@id":"https:\/\/kapitalis.com\/tunisie\/2016\/09\/28\/institut-francais-de-tunisie-hommage-aux-grandes-actrices-francaises\/#article","isPartOf":{"@id":"https:\/\/kapitalis.com\/tunisie\/2016\/09\/28\/institut-francais-de-tunisie-hommage-aux-grandes-actrices-francaises\/"},"author":{"name":"webmaster kapitalis","@id":"https:\/\/kapitalis.com\/tunisie\/#\/schema\/person\/d71f33a9ca44f7bad4698210b480c8e9"},"headline":"Institut fran\u00e7ais de Tunisie : Hommage aux grandes actrices fran\u00e7aises","datePublished":"2016-09-28T15:29:36+00:00","mainEntityOfPage":{"@id":"https:\/\/kapitalis.com\/tunisie\/2016\/09\/28\/institut-francais-de-tunisie-hommage-aux-grandes-actrices-francaises\/"},"wordCount":252,"commentCount":0,"publisher":{"@id":"https:\/\/kapitalis.com\/tunisie\/#organization"},"image":{"@id":"https:\/\/kapitalis.com\/tunisie\/2016\/09\/28\/institut-francais-de-tunisie-hommage-aux-grandes-actrices-francaises\/#primaryimage"},"thumbnailUrl":"","keywords":["IFT","Institut fran\u00e7ais de Tunisie"],"articleSection":["CULTURE","Tunisie"],"inLanguage":"fr-FR","potentialAction":[{"@type":"CommentAction","name":"Comment","target":["https:\/\/kapitalis.com\/tunisie\/2016\/09\/28\/institut-francais-de-tunisie-hommage-aux-grandes-actrices-francaises\/#respond"]}]},{"@type":"WebPage","@id":"https:\/\/kapitalis.com\/tunisie\/2016\/09\/28\/institut-francais-de-tunisie-hommage-aux-grandes-actrices-francaises\/","url":"https:\/\/kapitalis.com\/tunisie\/2016\/09\/28\/institut-francais-de-tunisie-hommage-aux-grandes-actrices-francaises\/","name":"Institut fran\u00e7ais de Tunisie : Hommage aux grandes actrices fran\u00e7aises - Kapitalis","isPartOf":{"@id":"https:\/\/kapitalis.com\/tunisie\/#website"},"primaryImageOfPage":{"@id":"https:\/\/kapitalis.com\/tunisie\/2016\/09\/28\/institut-francais-de-tunisie-hommage-aux-grandes-actrices-francaises\/#primaryimage"},"image":{"@id":"https:\/\/kapitalis.com\/tunisie\/2016\/09\/28\/institut-francais-de-tunisie-hommage-aux-grandes-actrices-francaises\/#primaryimage"},"thumbnailUrl":"","datePublished":"2016-09-28T15:29:36+00:00","breadcrumb":{"@id":"https:\/\/kapitalis.com\/tunisie\/2016\/09\/28\/institut-francais-de-tunisie-hommage-aux-grandes-actrices-francaises\/#breadcrumb"},"inLanguage":"fr-FR","potentialAction":[{"@type":"ReadAction","target":["https:\/\/kapitalis.com\/tunisie\/2016\/09\/28\/institut-francais-de-tunisie-hommage-aux-grandes-actrices-francaises\/"]}]},{"@type":"ImageObject","inLanguage":"fr-FR","@id":"https:\/\/kapitalis.com\/tunisie\/2016\/09\/28\/institut-francais-de-tunisie-hommage-aux-grandes-actrices-francaises\/#primaryimage","url":"","contentUrl":""},{"@type":"BreadcrumbList","@id":"https:\/\/kapitalis.com\/tunisie\/2016\/09\/28\/institut-francais-de-tunisie-hommage-aux-grandes-actrices-francaises\/#breadcrumb","itemListElement":[{"@type":"ListItem","position":1,"name":"Accueil","item":"https:\/\/kapitalis.com\/tunisie\/"},{"@type":"ListItem","position":2,"name":"Institut fran\u00e7ais de Tunisie : Hommage aux grandes actrices fran\u00e7aises"}]},{"@type":"WebSite","@id":"https:\/\/kapitalis.com\/tunisie\/#website","url":"https:\/\/kapitalis.com\/tunisie\/","name":"Kapitalis","description":"L&#039;actualit\u00e9 en Tunisie et dans le monde","publisher":{"@id":"https:\/\/kapitalis.com\/tunisie\/#organization"},"potentialAction":[{"@type":"SearchAction","target":{"@type":"EntryPoint","urlTemplate":"https:\/\/kapitalis.com\/tunisie\/?s={search_term_string}"},"query-input":{"@type":"PropertyValueSpecification","valueRequired":true,"valueName":"search_term_string"}}],"inLanguage":"fr-FR"},{"@type":"Organization","@id":"https:\/\/kapitalis.com\/tunisie\/#organization","name":"Kapitalis","url":"https:\/\/kapitalis.com\/tunisie\/","logo":{"@type":"ImageObject","inLanguage":"fr-FR","@id":"https:\/\/kapitalis.com\/tunisie\/#\/schema\/logo\/image\/","url":"https:\/\/kapitalis.com\/tunisie\/wp-content\/uploads\/2022\/05\/Kapitalis-big-size.png","contentUrl":"https:\/\/kapitalis.com\/tunisie\/wp-content\/uploads\/2022\/05\/Kapitalis-big-size.png","width":5000,"height":1500,"caption":"Kapitalis"},"image":{"@id":"https:\/\/kapitalis.com\/tunisie\/#\/schema\/logo\/image\/"},"sameAs":["https:\/\/www.facebook.com\/KapitalisInfo\/","https:\/\/x.com\/KapitalisInfo","https:\/\/www.youtube.com\/channel\/UC-yDYrHyfFBWWZaOw3FPg9Q"]},{"@type":"Person","@id":"https:\/\/kapitalis.com\/tunisie\/#\/schema\/person\/d71f33a9ca44f7bad4698210b480c8e9","name":"webmaster kapitalis","url":"https:\/\/kapitalis.com\/tunisie\/author\/webmaster-kapitalis\/"}]}},"_links":{"self":[{"href":"https:\/\/kapitalis.com\/tunisie\/wp-json\/wp\/v2\/posts\/66351","targetHints":{"allow":["GET"]}}],"collection":[{"href":"https:\/\/kapitalis.com\/tunisie\/wp-json\/wp\/v2\/posts"}],"about":[{"href":"https:\/\/kapitalis.com\/tunisie\/wp-json\/wp\/v2\/types\/post"}],"author":[{"embeddable":true,"href":"https:\/\/kapitalis.com\/tunisie\/wp-json\/wp\/v2\/users\/8"}],"replies":[{"embeddable":true,"href":"https:\/\/kapitalis.com\/tunisie\/wp-json\/wp\/v2\/comments?post=66351"}],"version-history":[{"count":0,"href":"https:\/\/kapitalis.com\/tunisie\/wp-json\/wp\/v2\/posts\/66351\/revisions"}],"wp:featuredmedia":[{"embeddable":true,"href":"https:\/\/kapitalis.com\/tunisie\/wp-json\/wp\/v2\/media\/66352"}],"wp:attachment":[{"href":"https:\/\/kapitalis.com\/tunisie\/wp-json\/wp\/v2\/media?parent=66351"}],"wp:term":[{"taxonomy":"category","embeddable":true,"href":"https:\/\/kapitalis.com\/tunisie\/wp-json\/wp\/v2\/categories?post=66351"},{"taxonomy":"post_tag","embeddable":true,"href":"https:\/\/kapitalis.com\/tunisie\/wp-json\/wp\/v2\/tags?post=66351"}],"curies":[{"name":"wp","href":"https:\/\/api.w.org\/{rel}","templated":true}]}}