{"id":6638900,"date":"2023-02-24T18:32:32","date_gmt":"2023-02-24T17:32:32","guid":{"rendered":"https:\/\/kapitalis.com\/tunisie\/?p=6638900"},"modified":"2023-02-24T19:04:53","modified_gmt":"2023-02-24T18:04:53","slug":"tunisie-le-fsn-denonce-les-recentes-arrestations-et-evoque-des-conditions-humiliantes","status":"publish","type":"post","link":"https:\/\/kapitalis.com\/tunisie\/2023\/02\/24\/tunisie-le-fsn-denonce-les-recentes-arrestations-et-evoque-des-conditions-humiliantes\/","title":{"rendered":"Tunisie : Le FSN d\u00e9nonce les r\u00e9centes arrestations et \u00e9voque \u00abdes conditions humiliantes\u00bb"},"content":{"rendered":"\n<p><strong><em>Le Front de salut national (FSN) organisera un rassemblement, dimanche 5 mars 2023 \u00e0 Tunis, pour r\u00e9clamer la lib\u00e9ration des personnes r\u00e9cemment arr\u00eat\u00e9es, dont des syndicalistes, journalistes, d\u00e9fenseurs des droits humains et politiciens.<\/em><\/strong> Il d\u00e9nonce \u00e9galement  \u00abdes conditions humiliantes et une injustice\u00bb, tout en affirmant qu&rsquo;il poursuivra \u00absa lutte contre le coup d&rsquo;Etat\u00bb.<\/p>\n\n\n\n<!--more-->\n\n\n\n<p>Dans un communiqu\u00e9 publi\u00e9 ce vendredi 24 f\u00e9vrier, le FDN indique que Chaima Issa, Jawher Ben Mbarek, Khayam Turki, Issam Chebbi et Abdelhamid Jelassi, ont \u00e9t\u00e9 d\u00e9f\u00e9r\u00e9s, ce jour, devant le parquet, \u00ab<em>menott\u00e9s et dans des conditions humiliantes en pr\u00e9sence d&rsquo;agents s\u00e9curitaires arm\u00e9s\u00bb<\/em>, ajoutant que le parquet a d\u00e9cid\u00e9 de les renvoyer au bureau 36 du P\u00f4le antiterroriste.<\/p>\n\n\n\n<p>Tout en d\u00e9non\u00e7ant <em>\u00abun traitement humiliant et une injustice contre des dirigeants politiques de premi\u00e8re ligne connus pour leur int\u00e9grit\u00e9, leur droiture et leur sens de la responsabilit\u00e9\u00bb<\/em>, le FSN, affirme que ces agissements <em>\u00abne porteront pas atteinte au moral des pr\u00e9venus ni \u00e0 leurs convictions, mais ne fera que renforcer leur d\u00e9termination \u00e0 r\u00e9sister \u00e0 la tyrannie et \u00e0 d\u00e9fendre les droits et les libert\u00e9s\u00bb.<\/em><\/p>\n\n\n\n<p><em>\u00abLes concertations pour unifier les forces d\u00e9mocratiques et pour lesquelles les pr\u00e9venus ont \u00e9t\u00e9 arr\u00eat\u00e9s, ne s&rsquo;arr\u00eateront pas, au contraire, celles-ci s&rsquo;intensifieront et le front continuera \u00e0 r\u00e9sister au coup d&rsquo;\u00c9tat pour revenir \u00e0 la l\u00e9gitimit\u00e9 constitutionnelle et \u00e0 l&rsquo;\u00c9tat de droit \u00bb,<\/em> lit-on encore dans le communiqu\u00e9 qui annonce un rassemblement le 5 mars prochain \u00e0 Tunis pour r\u00e9clamer la lib\u00e9ration des concern\u00e9s.<\/p>\n\n\n\n<p class=\"has-text-align-right\"><strong>Y. N.<\/strong><\/p>\n","protected":false},"excerpt":{"rendered":"<p>Tunisie : Le FSN d\u00e9nonce les r\u00e9centes arrestations et \u00e9voque \u00abdes conditions humiliantes\u00bb<\/p>\n","protected":false},"author":6,"featured_media":4845922,"comment_status":"open","ping_status":"open","sticky":false,"template":"","format":"standard","meta":{"footnotes":""},"categories":[997,2433],"tags":[4350,106014,99446,102922,8314,95835,106833,62643],"class_list":["post-6638900","post","type-post","status-publish","format-standard","has-post-thumbnail","hentry","category-politique","category-tunisie","tag-arrestations","tag-chaima-issa","tag-front-du-salut-national","tag-fsn","tag-issam-chebbi","tag-jawher-ben-mbarek","tag-pole-antoterroriste","tag-tunisie"],"yoast_head":"<!-- This site is optimized with the Yoast SEO plugin v26.6 - https:\/\/yoast.com\/wordpress\/plugins\/seo\/ -->\n<title>Tunisie : Le FSN d\u00e9nonce les r\u00e9centes arrestations et \u00e9voque \u00abdes conditions humiliantes\u00bb - Kapitalis<\/title>\n<meta name=\"description\" content=\"Le Front de salut national organisera un rassemblement, dimanche 5 mars 2023 \u00e0 Tunis, pour r\u00e9clamer la lib\u00e9ration des personnes r\u00e9cemment arr\u00eat\u00e9es, dont des syndicalistes, journalistes, d\u00e9fenseurs des droits humains et politiciens.\" \/>\n<meta name=\"robots\" content=\"index, follow, max-snippet:-1, max-image-preview:large, max-video-preview:-1\" \/>\n<link rel=\"canonical\" href=\"https:\/\/kapitalis.com\/tunisie\/2023\/02\/24\/tunisie-le-fsn-denonce-les-recentes-arrestations-et-evoque-des-conditions-humiliantes\/\" \/>\n<meta property=\"og:locale\" content=\"fr_FR\" \/>\n<meta property=\"og:type\" content=\"article\" \/>\n<meta property=\"og:title\" content=\"Tunisie : Le FSN d\u00e9nonce les r\u00e9centes arrestations et \u00e9voque \u00abdes conditions humiliantes\u00bb - Kapitalis\" \/>\n<meta property=\"og:description\" content=\"Le Front de salut national organisera un rassemblement, dimanche 5 mars 2023 \u00e0 Tunis, pour r\u00e9clamer la lib\u00e9ration des personnes r\u00e9cemment arr\u00eat\u00e9es, dont des syndicalistes, journalistes, d\u00e9fenseurs des droits humains et politiciens.\" \/>\n<meta property=\"og:url\" content=\"https:\/\/kapitalis.com\/tunisie\/2023\/02\/24\/tunisie-le-fsn-denonce-les-recentes-arrestations-et-evoque-des-conditions-humiliantes\/\" \/>\n<meta property=\"og:site_name\" content=\"Kapitalis\" \/>\n<meta property=\"article:publisher\" content=\"https:\/\/www.facebook.com\/KapitalisInfo\/\" \/>\n<meta property=\"article:published_time\" content=\"2023-02-24T17:32:32+00:00\" \/>\n<meta property=\"article:modified_time\" content=\"2023-02-24T18:04:53+00:00\" \/>\n<meta property=\"og:image\" content=\"https:\/\/kapitalis.com\/tunisie\/wp-content\/uploads\/2022\/11\/Front-du-salut-national-Regueb-2.jpg\" \/>\n\t<meta property=\"og:image:width\" content=\"1200\" \/>\n\t<meta property=\"og:image:height\" content=\"630\" \/>\n\t<meta property=\"og:image:type\" content=\"image\/jpeg\" \/>\n<meta name=\"author\" content=\"Yusra NY\" \/>\n<meta name=\"twitter:card\" content=\"summary_large_image\" \/>\n<meta name=\"twitter:creator\" content=\"@KapitalisInfo\" \/>\n<meta name=\"twitter:site\" content=\"@KapitalisInfo\" \/>\n<meta name=\"twitter:label1\" content=\"\u00c9crit par\" \/>\n\t<meta name=\"twitter:data1\" content=\"Yusra NY\" \/>\n\t<meta name=\"twitter:label2\" content=\"Dur\u00e9e de lecture estim\u00e9e\" \/>\n\t<meta name=\"twitter:data2\" content=\"2 minutes\" \/>\n<script type=\"application\/ld+json\" class=\"yoast-schema-graph\">{\"@context\":\"https:\/\/schema.org\",\"@graph\":[{\"@type\":\"Article\",\"@id\":\"https:\/\/kapitalis.com\/tunisie\/2023\/02\/24\/tunisie-le-fsn-denonce-les-recentes-arrestations-et-evoque-des-conditions-humiliantes\/#article\",\"isPartOf\":{\"@id\":\"https:\/\/kapitalis.com\/tunisie\/2023\/02\/24\/tunisie-le-fsn-denonce-les-recentes-arrestations-et-evoque-des-conditions-humiliantes\/\"},\"author\":{\"name\":\"Yusra NY\",\"@id\":\"https:\/\/kapitalis.com\/tunisie\/#\/schema\/person\/74bbde0154d49d790a92aaeac5bc01d5\"},\"headline\":\"Tunisie : Le FSN d\u00e9nonce les r\u00e9centes arrestations et \u00e9voque \u00abdes conditions humiliantes\u00bb\",\"datePublished\":\"2023-02-24T17:32:32+00:00\",\"dateModified\":\"2023-02-24T18:04:53+00:00\",\"mainEntityOfPage\":{\"@id\":\"https:\/\/kapitalis.com\/tunisie\/2023\/02\/24\/tunisie-le-fsn-denonce-les-recentes-arrestations-et-evoque-des-conditions-humiliantes\/\"},\"wordCount\":280,\"commentCount\":0,\"publisher\":{\"@id\":\"https:\/\/kapitalis.com\/tunisie\/#organization\"},\"image\":{\"@id\":\"https:\/\/kapitalis.com\/tunisie\/2023\/02\/24\/tunisie-le-fsn-denonce-les-recentes-arrestations-et-evoque-des-conditions-humiliantes\/#primaryimage\"},\"thumbnailUrl\":\"https:\/\/kapitalis.com\/tunisie\/wp-content\/uploads\/2022\/11\/Front-du-salut-national-Regueb-2.jpg\",\"keywords\":[\"arrestations\",\"Chaima Issa\",\"Front du salut national\",\"FSN\",\"Issam Chebbi\",\"Jawher Ben Mbarek\",\"P\u00f4le antoterroriste\",\"Tunisie\"],\"articleSection\":[\"POLITIQUE\",\"Tunisie\"],\"inLanguage\":\"fr-FR\",\"potentialAction\":[{\"@type\":\"CommentAction\",\"name\":\"Comment\",\"target\":[\"https:\/\/kapitalis.com\/tunisie\/2023\/02\/24\/tunisie-le-fsn-denonce-les-recentes-arrestations-et-evoque-des-conditions-humiliantes\/#respond\"]}]},{\"@type\":\"WebPage\",\"@id\":\"https:\/\/kapitalis.com\/tunisie\/2023\/02\/24\/tunisie-le-fsn-denonce-les-recentes-arrestations-et-evoque-des-conditions-humiliantes\/\",\"url\":\"https:\/\/kapitalis.com\/tunisie\/2023\/02\/24\/tunisie-le-fsn-denonce-les-recentes-arrestations-et-evoque-des-conditions-humiliantes\/\",\"name\":\"Tunisie : Le FSN d\u00e9nonce les r\u00e9centes arrestations et \u00e9voque \u00abdes conditions humiliantes\u00bb - Kapitalis\",\"isPartOf\":{\"@id\":\"https:\/\/kapitalis.com\/tunisie\/#website\"},\"primaryImageOfPage\":{\"@id\":\"https:\/\/kapitalis.com\/tunisie\/2023\/02\/24\/tunisie-le-fsn-denonce-les-recentes-arrestations-et-evoque-des-conditions-humiliantes\/#primaryimage\"},\"image\":{\"@id\":\"https:\/\/kapitalis.com\/tunisie\/2023\/02\/24\/tunisie-le-fsn-denonce-les-recentes-arrestations-et-evoque-des-conditions-humiliantes\/#primaryimage\"},\"thumbnailUrl\":\"https:\/\/kapitalis.com\/tunisie\/wp-content\/uploads\/2022\/11\/Front-du-salut-national-Regueb-2.jpg\",\"datePublished\":\"2023-02-24T17:32:32+00:00\",\"dateModified\":\"2023-02-24T18:04:53+00:00\",\"description\":\"Le Front de salut national organisera un rassemblement, dimanche 5 mars 2023 \u00e0 Tunis, pour r\u00e9clamer la lib\u00e9ration des personnes r\u00e9cemment arr\u00eat\u00e9es, dont des syndicalistes, journalistes, d\u00e9fenseurs des droits humains et politiciens.\",\"breadcrumb\":{\"@id\":\"https:\/\/kapitalis.com\/tunisie\/2023\/02\/24\/tunisie-le-fsn-denonce-les-recentes-arrestations-et-evoque-des-conditions-humiliantes\/#breadcrumb\"},\"inLanguage\":\"fr-FR\",\"potentialAction\":[{\"@type\":\"ReadAction\",\"target\":[\"https:\/\/kapitalis.com\/tunisie\/2023\/02\/24\/tunisie-le-fsn-denonce-les-recentes-arrestations-et-evoque-des-conditions-humiliantes\/\"]}]},{\"@type\":\"ImageObject\",\"inLanguage\":\"fr-FR\",\"@id\":\"https:\/\/kapitalis.com\/tunisie\/2023\/02\/24\/tunisie-le-fsn-denonce-les-recentes-arrestations-et-evoque-des-conditions-humiliantes\/#primaryimage\",\"url\":\"https:\/\/kapitalis.com\/tunisie\/wp-content\/uploads\/2022\/11\/Front-du-salut-national-Regueb-2.jpg\",\"contentUrl\":\"https:\/\/kapitalis.com\/tunisie\/wp-content\/uploads\/2022\/11\/Front-du-salut-national-Regueb-2.jpg\",\"width\":1200,\"height\":630},{\"@type\":\"BreadcrumbList\",\"@id\":\"https:\/\/kapitalis.com\/tunisie\/2023\/02\/24\/tunisie-le-fsn-denonce-les-recentes-arrestations-et-evoque-des-conditions-humiliantes\/#breadcrumb\",\"itemListElement\":[{\"@type\":\"ListItem\",\"position\":1,\"name\":\"Accueil\",\"item\":\"https:\/\/kapitalis.com\/tunisie\/\"},{\"@type\":\"ListItem\",\"position\":2,\"name\":\"Tunisie : Le FSN d\u00e9nonce les r\u00e9centes arrestations et \u00e9voque \u00abdes conditions humiliantes\u00bb\"}]},{\"@type\":\"WebSite\",\"@id\":\"https:\/\/kapitalis.com\/tunisie\/#website\",\"url\":\"https:\/\/kapitalis.com\/tunisie\/\",\"name\":\"Kapitalis\",\"description\":\"L&#039;actualit\u00e9 en Tunisie et dans le monde\",\"publisher\":{\"@id\":\"https:\/\/kapitalis.com\/tunisie\/#organization\"},\"potentialAction\":[{\"@type\":\"SearchAction\",\"target\":{\"@type\":\"EntryPoint\",\"urlTemplate\":\"https:\/\/kapitalis.com\/tunisie\/?s={search_term_string}\"},\"query-input\":{\"@type\":\"PropertyValueSpecification\",\"valueRequired\":true,\"valueName\":\"search_term_string\"}}],\"inLanguage\":\"fr-FR\"},{\"@type\":\"Organization\",\"@id\":\"https:\/\/kapitalis.com\/tunisie\/#organization\",\"name\":\"Kapitalis\",\"url\":\"https:\/\/kapitalis.com\/tunisie\/\",\"logo\":{\"@type\":\"ImageObject\",\"inLanguage\":\"fr-FR\",\"@id\":\"https:\/\/kapitalis.com\/tunisie\/#\/schema\/logo\/image\/\",\"url\":\"https:\/\/kapitalis.com\/tunisie\/wp-content\/uploads\/2022\/05\/Kapitalis-big-size.png\",\"contentUrl\":\"https:\/\/kapitalis.com\/tunisie\/wp-content\/uploads\/2022\/05\/Kapitalis-big-size.png\",\"width\":5000,\"height\":1500,\"caption\":\"Kapitalis\"},\"image\":{\"@id\":\"https:\/\/kapitalis.com\/tunisie\/#\/schema\/logo\/image\/\"},\"sameAs\":[\"https:\/\/www.facebook.com\/KapitalisInfo\/\",\"https:\/\/x.com\/KapitalisInfo\",\"https:\/\/www.youtube.com\/channel\/UC-yDYrHyfFBWWZaOw3FPg9Q\"]},{\"@type\":\"Person\",\"@id\":\"https:\/\/kapitalis.com\/tunisie\/#\/schema\/person\/74bbde0154d49d790a92aaeac5bc01d5\",\"name\":\"Yusra NY\",\"url\":\"https:\/\/kapitalis.com\/tunisie\/author\/yuza_adam\/\"}]}<\/script>\n<!-- \/ Yoast SEO plugin. -->","yoast_head_json":{"title":"Tunisie : Le FSN d\u00e9nonce les r\u00e9centes arrestations et \u00e9voque \u00abdes conditions humiliantes\u00bb - Kapitalis","description":"Le Front de salut national organisera un rassemblement, dimanche 5 mars 2023 \u00e0 Tunis, pour r\u00e9clamer la lib\u00e9ration des personnes r\u00e9cemment arr\u00eat\u00e9es, dont des syndicalistes, journalistes, d\u00e9fenseurs des droits humains et politiciens.","robots":{"index":"index","follow":"follow","max-snippet":"max-snippet:-1","max-image-preview":"max-image-preview:large","max-video-preview":"max-video-preview:-1"},"canonical":"https:\/\/kapitalis.com\/tunisie\/2023\/02\/24\/tunisie-le-fsn-denonce-les-recentes-arrestations-et-evoque-des-conditions-humiliantes\/","og_locale":"fr_FR","og_type":"article","og_title":"Tunisie : Le FSN d\u00e9nonce les r\u00e9centes arrestations et \u00e9voque \u00abdes conditions humiliantes\u00bb - Kapitalis","og_description":"Le Front de salut national organisera un rassemblement, dimanche 5 mars 2023 \u00e0 Tunis, pour r\u00e9clamer la lib\u00e9ration des personnes r\u00e9cemment arr\u00eat\u00e9es, dont des syndicalistes, journalistes, d\u00e9fenseurs des droits humains et politiciens.","og_url":"https:\/\/kapitalis.com\/tunisie\/2023\/02\/24\/tunisie-le-fsn-denonce-les-recentes-arrestations-et-evoque-des-conditions-humiliantes\/","og_site_name":"Kapitalis","article_publisher":"https:\/\/www.facebook.com\/KapitalisInfo\/","article_published_time":"2023-02-24T17:32:32+00:00","article_modified_time":"2023-02-24T18:04:53+00:00","og_image":[{"width":1200,"height":630,"url":"https:\/\/kapitalis.com\/tunisie\/wp-content\/uploads\/2022\/11\/Front-du-salut-national-Regueb-2.jpg","type":"image\/jpeg"}],"author":"Yusra NY","twitter_card":"summary_large_image","twitter_creator":"@KapitalisInfo","twitter_site":"@KapitalisInfo","twitter_misc":{"\u00c9crit par":"Yusra NY","Dur\u00e9e de lecture estim\u00e9e":"2 minutes"},"schema":{"@context":"https:\/\/schema.org","@graph":[{"@type":"Article","@id":"https:\/\/kapitalis.com\/tunisie\/2023\/02\/24\/tunisie-le-fsn-denonce-les-recentes-arrestations-et-evoque-des-conditions-humiliantes\/#article","isPartOf":{"@id":"https:\/\/kapitalis.com\/tunisie\/2023\/02\/24\/tunisie-le-fsn-denonce-les-recentes-arrestations-et-evoque-des-conditions-humiliantes\/"},"author":{"name":"Yusra NY","@id":"https:\/\/kapitalis.com\/tunisie\/#\/schema\/person\/74bbde0154d49d790a92aaeac5bc01d5"},"headline":"Tunisie : Le FSN d\u00e9nonce les r\u00e9centes arrestations et \u00e9voque \u00abdes conditions humiliantes\u00bb","datePublished":"2023-02-24T17:32:32+00:00","dateModified":"2023-02-24T18:04:53+00:00","mainEntityOfPage":{"@id":"https:\/\/kapitalis.com\/tunisie\/2023\/02\/24\/tunisie-le-fsn-denonce-les-recentes-arrestations-et-evoque-des-conditions-humiliantes\/"},"wordCount":280,"commentCount":0,"publisher":{"@id":"https:\/\/kapitalis.com\/tunisie\/#organization"},"image":{"@id":"https:\/\/kapitalis.com\/tunisie\/2023\/02\/24\/tunisie-le-fsn-denonce-les-recentes-arrestations-et-evoque-des-conditions-humiliantes\/#primaryimage"},"thumbnailUrl":"https:\/\/kapitalis.com\/tunisie\/wp-content\/uploads\/2022\/11\/Front-du-salut-national-Regueb-2.jpg","keywords":["arrestations","Chaima Issa","Front du salut national","FSN","Issam Chebbi","Jawher Ben Mbarek","P\u00f4le antoterroriste","Tunisie"],"articleSection":["POLITIQUE","Tunisie"],"inLanguage":"fr-FR","potentialAction":[{"@type":"CommentAction","name":"Comment","target":["https:\/\/kapitalis.com\/tunisie\/2023\/02\/24\/tunisie-le-fsn-denonce-les-recentes-arrestations-et-evoque-des-conditions-humiliantes\/#respond"]}]},{"@type":"WebPage","@id":"https:\/\/kapitalis.com\/tunisie\/2023\/02\/24\/tunisie-le-fsn-denonce-les-recentes-arrestations-et-evoque-des-conditions-humiliantes\/","url":"https:\/\/kapitalis.com\/tunisie\/2023\/02\/24\/tunisie-le-fsn-denonce-les-recentes-arrestations-et-evoque-des-conditions-humiliantes\/","name":"Tunisie : Le FSN d\u00e9nonce les r\u00e9centes arrestations et \u00e9voque \u00abdes conditions humiliantes\u00bb - Kapitalis","isPartOf":{"@id":"https:\/\/kapitalis.com\/tunisie\/#website"},"primaryImageOfPage":{"@id":"https:\/\/kapitalis.com\/tunisie\/2023\/02\/24\/tunisie-le-fsn-denonce-les-recentes-arrestations-et-evoque-des-conditions-humiliantes\/#primaryimage"},"image":{"@id":"https:\/\/kapitalis.com\/tunisie\/2023\/02\/24\/tunisie-le-fsn-denonce-les-recentes-arrestations-et-evoque-des-conditions-humiliantes\/#primaryimage"},"thumbnailUrl":"https:\/\/kapitalis.com\/tunisie\/wp-content\/uploads\/2022\/11\/Front-du-salut-national-Regueb-2.jpg","datePublished":"2023-02-24T17:32:32+00:00","dateModified":"2023-02-24T18:04:53+00:00","description":"Le Front de salut national organisera un rassemblement, dimanche 5 mars 2023 \u00e0 Tunis, pour r\u00e9clamer la lib\u00e9ration des personnes r\u00e9cemment arr\u00eat\u00e9es, dont des syndicalistes, journalistes, d\u00e9fenseurs des droits humains et politiciens.","breadcrumb":{"@id":"https:\/\/kapitalis.com\/tunisie\/2023\/02\/24\/tunisie-le-fsn-denonce-les-recentes-arrestations-et-evoque-des-conditions-humiliantes\/#breadcrumb"},"inLanguage":"fr-FR","potentialAction":[{"@type":"ReadAction","target":["https:\/\/kapitalis.com\/tunisie\/2023\/02\/24\/tunisie-le-fsn-denonce-les-recentes-arrestations-et-evoque-des-conditions-humiliantes\/"]}]},{"@type":"ImageObject","inLanguage":"fr-FR","@id":"https:\/\/kapitalis.com\/tunisie\/2023\/02\/24\/tunisie-le-fsn-denonce-les-recentes-arrestations-et-evoque-des-conditions-humiliantes\/#primaryimage","url":"https:\/\/kapitalis.com\/tunisie\/wp-content\/uploads\/2022\/11\/Front-du-salut-national-Regueb-2.jpg","contentUrl":"https:\/\/kapitalis.com\/tunisie\/wp-content\/uploads\/2022\/11\/Front-du-salut-national-Regueb-2.jpg","width":1200,"height":630},{"@type":"BreadcrumbList","@id":"https:\/\/kapitalis.com\/tunisie\/2023\/02\/24\/tunisie-le-fsn-denonce-les-recentes-arrestations-et-evoque-des-conditions-humiliantes\/#breadcrumb","itemListElement":[{"@type":"ListItem","position":1,"name":"Accueil","item":"https:\/\/kapitalis.com\/tunisie\/"},{"@type":"ListItem","position":2,"name":"Tunisie : Le FSN d\u00e9nonce les r\u00e9centes arrestations et \u00e9voque \u00abdes conditions humiliantes\u00bb"}]},{"@type":"WebSite","@id":"https:\/\/kapitalis.com\/tunisie\/#website","url":"https:\/\/kapitalis.com\/tunisie\/","name":"Kapitalis","description":"L&#039;actualit\u00e9 en Tunisie et dans le monde","publisher":{"@id":"https:\/\/kapitalis.com\/tunisie\/#organization"},"potentialAction":[{"@type":"SearchAction","target":{"@type":"EntryPoint","urlTemplate":"https:\/\/kapitalis.com\/tunisie\/?s={search_term_string}"},"query-input":{"@type":"PropertyValueSpecification","valueRequired":true,"valueName":"search_term_string"}}],"inLanguage":"fr-FR"},{"@type":"Organization","@id":"https:\/\/kapitalis.com\/tunisie\/#organization","name":"Kapitalis","url":"https:\/\/kapitalis.com\/tunisie\/","logo":{"@type":"ImageObject","inLanguage":"fr-FR","@id":"https:\/\/kapitalis.com\/tunisie\/#\/schema\/logo\/image\/","url":"https:\/\/kapitalis.com\/tunisie\/wp-content\/uploads\/2022\/05\/Kapitalis-big-size.png","contentUrl":"https:\/\/kapitalis.com\/tunisie\/wp-content\/uploads\/2022\/05\/Kapitalis-big-size.png","width":5000,"height":1500,"caption":"Kapitalis"},"image":{"@id":"https:\/\/kapitalis.com\/tunisie\/#\/schema\/logo\/image\/"},"sameAs":["https:\/\/www.facebook.com\/KapitalisInfo\/","https:\/\/x.com\/KapitalisInfo","https:\/\/www.youtube.com\/channel\/UC-yDYrHyfFBWWZaOw3FPg9Q"]},{"@type":"Person","@id":"https:\/\/kapitalis.com\/tunisie\/#\/schema\/person\/74bbde0154d49d790a92aaeac5bc01d5","name":"Yusra NY","url":"https:\/\/kapitalis.com\/tunisie\/author\/yuza_adam\/"}]}},"_links":{"self":[{"href":"https:\/\/kapitalis.com\/tunisie\/wp-json\/wp\/v2\/posts\/6638900","targetHints":{"allow":["GET"]}}],"collection":[{"href":"https:\/\/kapitalis.com\/tunisie\/wp-json\/wp\/v2\/posts"}],"about":[{"href":"https:\/\/kapitalis.com\/tunisie\/wp-json\/wp\/v2\/types\/post"}],"author":[{"embeddable":true,"href":"https:\/\/kapitalis.com\/tunisie\/wp-json\/wp\/v2\/users\/6"}],"replies":[{"embeddable":true,"href":"https:\/\/kapitalis.com\/tunisie\/wp-json\/wp\/v2\/comments?post=6638900"}],"version-history":[{"count":3,"href":"https:\/\/kapitalis.com\/tunisie\/wp-json\/wp\/v2\/posts\/6638900\/revisions"}],"predecessor-version":[{"id":6638987,"href":"https:\/\/kapitalis.com\/tunisie\/wp-json\/wp\/v2\/posts\/6638900\/revisions\/6638987"}],"wp:featuredmedia":[{"embeddable":true,"href":"https:\/\/kapitalis.com\/tunisie\/wp-json\/wp\/v2\/media\/4845922"}],"wp:attachment":[{"href":"https:\/\/kapitalis.com\/tunisie\/wp-json\/wp\/v2\/media?parent=6638900"}],"wp:term":[{"taxonomy":"category","embeddable":true,"href":"https:\/\/kapitalis.com\/tunisie\/wp-json\/wp\/v2\/categories?post=6638900"},{"taxonomy":"post_tag","embeddable":true,"href":"https:\/\/kapitalis.com\/tunisie\/wp-json\/wp\/v2\/tags?post=6638900"}],"curies":[{"name":"wp","href":"https:\/\/api.w.org\/{rel}","templated":true}]}}