{"id":66391,"date":"2016-09-28T19:37:38","date_gmt":"2016-09-28T18:37:38","guid":{"rendered":"http:\/\/kapitalis.com\/tunisie\/?p=66391"},"modified":"2016-09-28T20:04:34","modified_gmt":"2016-09-28T19:04:34","slug":"carthage-universite-automne-des-femmes-francaises-tunisiennes","status":"publish","type":"post","link":"https:\/\/kapitalis.com\/tunisie\/2016\/09\/28\/carthage-universite-automne-des-femmes-francaises-tunisiennes\/","title":{"rendered":"Carthage : Universit\u00e9 d\u2019automne des femmes fran\u00e7aises et tunisiennes"},"content":{"rendered":"<p><img loading=\"lazy\" decoding=\"async\" class=\"alignnone size-full wp-image-66392 aligncenter\" src=\"http:\/\/kapitalis.com\/tunisie\/wp-content\/uploads\/2016\/09\/Catherine-Dumas-et-Donia-Kaouach.jpg\" alt=\"catherine-dumas-et-donia-kaouach\" width=\"626\" height=\"380\" \/><\/p>\n<p style=\"text-align: center;\"><em>Catherine Dumas et Donia Kaouach.<\/em><\/p>\n<p><em><strong>L\u2019Universit\u00e9 d\u2019automne des femmes fran\u00e7aises et tunisiennes se tiendra \u00e0 l\u2019Acropolium de Carthage le vendredi 30 septembre courant.<\/strong> <\/em><\/p>\n<p><!--more--><\/p>\n<p>N\u00e9 sous l\u2019impulsion de l\u2019association fran\u00e7aise Femmes, D\u00e9bat et Soci\u00e9t\u00e9 (FDS), et de sa pr\u00e9sidente, Catherine Dumas, ce premier rendez-vous in\u00e9dit mobilisera plus de 300 femmes tunisiennes et fran\u00e7aises de premier plan, sur le th\u00e8me de \u00ab<em>la r\u00e9ussite au f\u00e9minin : les projets innovants<\/em>\u00bb.<\/p>\n<p>Depuis la r\u00e9volution du 14 janvier 2011, les femmes tunisiennes ont men\u00e9 de nombreux combats pour le bien de la communaut\u00e9 et ont ainsi contribu\u00e9 au d\u00e9veloppement dans de nombreux domaines. Leur volont\u00e9 et leur d\u00e9termination ont \u00e9t\u00e9 une lueur d\u2019espoir dans les moments les plus sombres de l\u2019histoire de la Tunisie.<\/p>\n<p>A l\u2019aune de la transition d\u00e9mocratique, les femmes tunisiennes continuent d\u2019incarner, par leur \u00e9nergie, l\u2019esp\u00e9rance d\u2019un futur plus juste.<\/p>\n<p>Leur mobilisation en faveur du renforcement du statut de la femme et de son pouvoir d\u2019influence est un marqueur de la d\u00e9mocratie. En f\u00e9d\u00e9rant des projets innovants a\u0300 forte valeur ajout\u00e9e et en cr\u00e9ant des r\u00e9seaux de femmes, en Tunisie bien s\u00fbr, mais aussi en France avec FDS et partout ou\u0300 les femmes se mobilisent, elles contribuent a\u0300 construire la Tunisie de demain.<\/p>\n<p>Ainsi, les membres de l\u2019association FDS se sont-elles rapproch\u00e9es de ces femmes tunisiennes et en collaboration avec Donia Kaouach, membre de son conseil d\u2019administration et pr\u00e9sidente fondatrice de Tunisiennes Fi\u00e8res, ont d\u00e9cid\u00e9, ensemble, d\u2019offrir, \u00e0 toutes ces femmes porteuses de projets et actrices du changement, une tribune unique en son genre.<\/p>\n<p>Cette manifestation, expression d\u2019une histoire commune entre les femmes des deux rives de la m\u00e9diterran\u00e9e, rendue possible gr\u00e2ce notamment au soutien de nombreux m\u00e9c\u00e8nes tunisiens, sera l\u2019occasion de partager leurs parcours, leurs exp\u00e9riences, et de faire valoir des projets innovants autour de th\u00e9matiques sociales, \u00e9conomiques, culturelles, \u00e9ducatives et politiques.<\/p>\n<p>L\u2019objectif est ambitieux : il s\u2019agit de d\u00e9velopper un v\u00e9ritable dialogue de culture entre les femmes des deux pays, dans le respect des sensibilit\u00e9s de chacune. La cr\u00e9ation de ce r\u00e9seau de r\u00e9flexion offrira aux parties prenantes l\u2019opportunit\u00e9 de partager leurs id\u00e9es, de d\u00e9battre et de lier des relations d\u2019amiti\u00e9, pour mieux avancer, ensemble.<\/p>\n<p><em><strong>Source<\/strong><\/em> : communiqu\u00e9.<\/p>\n","protected":false},"excerpt":{"rendered":"<p>Catherine Dumas et Donia Kaouach. L\u2019Universit\u00e9 d\u2019automne des femmes fran\u00e7aises et tunisiennes se tiendra \u00e0 l\u2019Acropolium de Carthage le vendredi 30 septembre courant.<\/p>\n","protected":false},"author":8,"featured_media":66392,"comment_status":"open","ping_status":"open","sticky":false,"template":"","format":"standard","meta":{"footnotes":""},"categories":[998,2433],"tags":[1234,1479],"class_list":["post-66391","post","type-post","status-publish","format-standard","has-post-thumbnail","hentry","category-societe","category-tunisie","tag-carthage","tag-femmes"],"yoast_head":"<!-- This site is optimized with the Yoast SEO plugin v26.6 - https:\/\/yoast.com\/wordpress\/plugins\/seo\/ -->\n<title>Carthage : Universit\u00e9 d\u2019automne des femmes fran\u00e7aises et tunisiennes - Kapitalis<\/title>\n<meta name=\"robots\" content=\"index, follow, max-snippet:-1, max-image-preview:large, max-video-preview:-1\" \/>\n<link rel=\"canonical\" href=\"https:\/\/kapitalis.com\/tunisie\/2016\/09\/28\/carthage-universite-automne-des-femmes-francaises-tunisiennes\/\" \/>\n<meta property=\"og:locale\" content=\"fr_FR\" \/>\n<meta property=\"og:type\" content=\"article\" \/>\n<meta property=\"og:title\" content=\"Carthage : Universit\u00e9 d\u2019automne des femmes fran\u00e7aises et tunisiennes - Kapitalis\" \/>\n<meta property=\"og:description\" content=\"Catherine Dumas et Donia Kaouach. L\u2019Universit\u00e9 d\u2019automne des femmes fran\u00e7aises et tunisiennes se tiendra \u00e0 l\u2019Acropolium de Carthage le vendredi 30 septembre courant.\" \/>\n<meta property=\"og:url\" content=\"https:\/\/kapitalis.com\/tunisie\/2016\/09\/28\/carthage-universite-automne-des-femmes-francaises-tunisiennes\/\" \/>\n<meta property=\"og:site_name\" content=\"Kapitalis\" \/>\n<meta property=\"article:publisher\" content=\"https:\/\/www.facebook.com\/KapitalisInfo\/\" \/>\n<meta property=\"article:published_time\" content=\"2016-09-28T18:37:38+00:00\" \/>\n<meta property=\"article:modified_time\" content=\"2016-09-28T19:04:34+00:00\" \/>\n<meta property=\"og:image\" content=\"https:\/\/kapitalis.com\/tunisie\/wp-content\/uploads\/2022\/05\/kapitalis-logo-fb.png\" \/>\n\t<meta property=\"og:image:width\" content=\"1200\" \/>\n\t<meta property=\"og:image:height\" content=\"630\" \/>\n\t<meta property=\"og:image:type\" content=\"image\/png\" \/>\n<meta name=\"author\" content=\"webmaster kapitalis\" \/>\n<meta name=\"twitter:card\" content=\"summary_large_image\" \/>\n<meta name=\"twitter:creator\" content=\"@KapitalisInfo\" \/>\n<meta name=\"twitter:site\" content=\"@KapitalisInfo\" \/>\n<meta name=\"twitter:label1\" content=\"\u00c9crit par\" \/>\n\t<meta name=\"twitter:data1\" content=\"webmaster kapitalis\" \/>\n\t<meta name=\"twitter:label2\" content=\"Dur\u00e9e de lecture estim\u00e9e\" \/>\n\t<meta name=\"twitter:data2\" content=\"2 minutes\" \/>\n<script type=\"application\/ld+json\" class=\"yoast-schema-graph\">{\"@context\":\"https:\/\/schema.org\",\"@graph\":[{\"@type\":\"Article\",\"@id\":\"https:\/\/kapitalis.com\/tunisie\/2016\/09\/28\/carthage-universite-automne-des-femmes-francaises-tunisiennes\/#article\",\"isPartOf\":{\"@id\":\"https:\/\/kapitalis.com\/tunisie\/2016\/09\/28\/carthage-universite-automne-des-femmes-francaises-tunisiennes\/\"},\"author\":{\"name\":\"webmaster kapitalis\",\"@id\":\"https:\/\/kapitalis.com\/tunisie\/#\/schema\/person\/d71f33a9ca44f7bad4698210b480c8e9\"},\"headline\":\"Carthage : Universit\u00e9 d\u2019automne des femmes fran\u00e7aises et tunisiennes\",\"datePublished\":\"2016-09-28T18:37:38+00:00\",\"dateModified\":\"2016-09-28T19:04:34+00:00\",\"mainEntityOfPage\":{\"@id\":\"https:\/\/kapitalis.com\/tunisie\/2016\/09\/28\/carthage-universite-automne-des-femmes-francaises-tunisiennes\/\"},\"wordCount\":421,\"commentCount\":2,\"publisher\":{\"@id\":\"https:\/\/kapitalis.com\/tunisie\/#organization\"},\"image\":{\"@id\":\"https:\/\/kapitalis.com\/tunisie\/2016\/09\/28\/carthage-universite-automne-des-femmes-francaises-tunisiennes\/#primaryimage\"},\"thumbnailUrl\":\"\",\"keywords\":[\"Carthage\",\"femmes\"],\"articleSection\":[\"SOCIETE\",\"Tunisie\"],\"inLanguage\":\"fr-FR\",\"potentialAction\":[{\"@type\":\"CommentAction\",\"name\":\"Comment\",\"target\":[\"https:\/\/kapitalis.com\/tunisie\/2016\/09\/28\/carthage-universite-automne-des-femmes-francaises-tunisiennes\/#respond\"]}]},{\"@type\":\"WebPage\",\"@id\":\"https:\/\/kapitalis.com\/tunisie\/2016\/09\/28\/carthage-universite-automne-des-femmes-francaises-tunisiennes\/\",\"url\":\"https:\/\/kapitalis.com\/tunisie\/2016\/09\/28\/carthage-universite-automne-des-femmes-francaises-tunisiennes\/\",\"name\":\"Carthage : Universit\u00e9 d\u2019automne des femmes fran\u00e7aises et tunisiennes - Kapitalis\",\"isPartOf\":{\"@id\":\"https:\/\/kapitalis.com\/tunisie\/#website\"},\"primaryImageOfPage\":{\"@id\":\"https:\/\/kapitalis.com\/tunisie\/2016\/09\/28\/carthage-universite-automne-des-femmes-francaises-tunisiennes\/#primaryimage\"},\"image\":{\"@id\":\"https:\/\/kapitalis.com\/tunisie\/2016\/09\/28\/carthage-universite-automne-des-femmes-francaises-tunisiennes\/#primaryimage\"},\"thumbnailUrl\":\"\",\"datePublished\":\"2016-09-28T18:37:38+00:00\",\"dateModified\":\"2016-09-28T19:04:34+00:00\",\"breadcrumb\":{\"@id\":\"https:\/\/kapitalis.com\/tunisie\/2016\/09\/28\/carthage-universite-automne-des-femmes-francaises-tunisiennes\/#breadcrumb\"},\"inLanguage\":\"fr-FR\",\"potentialAction\":[{\"@type\":\"ReadAction\",\"target\":[\"https:\/\/kapitalis.com\/tunisie\/2016\/09\/28\/carthage-universite-automne-des-femmes-francaises-tunisiennes\/\"]}]},{\"@type\":\"ImageObject\",\"inLanguage\":\"fr-FR\",\"@id\":\"https:\/\/kapitalis.com\/tunisie\/2016\/09\/28\/carthage-universite-automne-des-femmes-francaises-tunisiennes\/#primaryimage\",\"url\":\"\",\"contentUrl\":\"\"},{\"@type\":\"BreadcrumbList\",\"@id\":\"https:\/\/kapitalis.com\/tunisie\/2016\/09\/28\/carthage-universite-automne-des-femmes-francaises-tunisiennes\/#breadcrumb\",\"itemListElement\":[{\"@type\":\"ListItem\",\"position\":1,\"name\":\"Accueil\",\"item\":\"https:\/\/kapitalis.com\/tunisie\/\"},{\"@type\":\"ListItem\",\"position\":2,\"name\":\"Carthage : Universit\u00e9 d\u2019automne des femmes fran\u00e7aises et tunisiennes\"}]},{\"@type\":\"WebSite\",\"@id\":\"https:\/\/kapitalis.com\/tunisie\/#website\",\"url\":\"https:\/\/kapitalis.com\/tunisie\/\",\"name\":\"Kapitalis\",\"description\":\"L&#039;actualit\u00e9 en Tunisie et dans le monde\",\"publisher\":{\"@id\":\"https:\/\/kapitalis.com\/tunisie\/#organization\"},\"potentialAction\":[{\"@type\":\"SearchAction\",\"target\":{\"@type\":\"EntryPoint\",\"urlTemplate\":\"https:\/\/kapitalis.com\/tunisie\/?s={search_term_string}\"},\"query-input\":{\"@type\":\"PropertyValueSpecification\",\"valueRequired\":true,\"valueName\":\"search_term_string\"}}],\"inLanguage\":\"fr-FR\"},{\"@type\":\"Organization\",\"@id\":\"https:\/\/kapitalis.com\/tunisie\/#organization\",\"name\":\"Kapitalis\",\"url\":\"https:\/\/kapitalis.com\/tunisie\/\",\"logo\":{\"@type\":\"ImageObject\",\"inLanguage\":\"fr-FR\",\"@id\":\"https:\/\/kapitalis.com\/tunisie\/#\/schema\/logo\/image\/\",\"url\":\"https:\/\/kapitalis.com\/tunisie\/wp-content\/uploads\/2022\/05\/Kapitalis-big-size.png\",\"contentUrl\":\"https:\/\/kapitalis.com\/tunisie\/wp-content\/uploads\/2022\/05\/Kapitalis-big-size.png\",\"width\":5000,\"height\":1500,\"caption\":\"Kapitalis\"},\"image\":{\"@id\":\"https:\/\/kapitalis.com\/tunisie\/#\/schema\/logo\/image\/\"},\"sameAs\":[\"https:\/\/www.facebook.com\/KapitalisInfo\/\",\"https:\/\/x.com\/KapitalisInfo\",\"https:\/\/www.youtube.com\/channel\/UC-yDYrHyfFBWWZaOw3FPg9Q\"]},{\"@type\":\"Person\",\"@id\":\"https:\/\/kapitalis.com\/tunisie\/#\/schema\/person\/d71f33a9ca44f7bad4698210b480c8e9\",\"name\":\"webmaster kapitalis\",\"url\":\"https:\/\/kapitalis.com\/tunisie\/author\/webmaster-kapitalis\/\"}]}<\/script>\n<!-- \/ Yoast SEO plugin. -->","yoast_head_json":{"title":"Carthage : Universit\u00e9 d\u2019automne des femmes fran\u00e7aises et tunisiennes - Kapitalis","robots":{"index":"index","follow":"follow","max-snippet":"max-snippet:-1","max-image-preview":"max-image-preview:large","max-video-preview":"max-video-preview:-1"},"canonical":"https:\/\/kapitalis.com\/tunisie\/2016\/09\/28\/carthage-universite-automne-des-femmes-francaises-tunisiennes\/","og_locale":"fr_FR","og_type":"article","og_title":"Carthage : Universit\u00e9 d\u2019automne des femmes fran\u00e7aises et tunisiennes - Kapitalis","og_description":"Catherine Dumas et Donia Kaouach. L\u2019Universit\u00e9 d\u2019automne des femmes fran\u00e7aises et tunisiennes se tiendra \u00e0 l\u2019Acropolium de Carthage le vendredi 30 septembre courant.","og_url":"https:\/\/kapitalis.com\/tunisie\/2016\/09\/28\/carthage-universite-automne-des-femmes-francaises-tunisiennes\/","og_site_name":"Kapitalis","article_publisher":"https:\/\/www.facebook.com\/KapitalisInfo\/","article_published_time":"2016-09-28T18:37:38+00:00","article_modified_time":"2016-09-28T19:04:34+00:00","og_image":[{"width":1200,"height":630,"url":"https:\/\/kapitalis.com\/tunisie\/wp-content\/uploads\/2022\/05\/kapitalis-logo-fb.png","type":"image\/png"}],"author":"webmaster kapitalis","twitter_card":"summary_large_image","twitter_creator":"@KapitalisInfo","twitter_site":"@KapitalisInfo","twitter_misc":{"\u00c9crit par":"webmaster kapitalis","Dur\u00e9e de lecture estim\u00e9e":"2 minutes"},"schema":{"@context":"https:\/\/schema.org","@graph":[{"@type":"Article","@id":"https:\/\/kapitalis.com\/tunisie\/2016\/09\/28\/carthage-universite-automne-des-femmes-francaises-tunisiennes\/#article","isPartOf":{"@id":"https:\/\/kapitalis.com\/tunisie\/2016\/09\/28\/carthage-universite-automne-des-femmes-francaises-tunisiennes\/"},"author":{"name":"webmaster kapitalis","@id":"https:\/\/kapitalis.com\/tunisie\/#\/schema\/person\/d71f33a9ca44f7bad4698210b480c8e9"},"headline":"Carthage : Universit\u00e9 d\u2019automne des femmes fran\u00e7aises et tunisiennes","datePublished":"2016-09-28T18:37:38+00:00","dateModified":"2016-09-28T19:04:34+00:00","mainEntityOfPage":{"@id":"https:\/\/kapitalis.com\/tunisie\/2016\/09\/28\/carthage-universite-automne-des-femmes-francaises-tunisiennes\/"},"wordCount":421,"commentCount":2,"publisher":{"@id":"https:\/\/kapitalis.com\/tunisie\/#organization"},"image":{"@id":"https:\/\/kapitalis.com\/tunisie\/2016\/09\/28\/carthage-universite-automne-des-femmes-francaises-tunisiennes\/#primaryimage"},"thumbnailUrl":"","keywords":["Carthage","femmes"],"articleSection":["SOCIETE","Tunisie"],"inLanguage":"fr-FR","potentialAction":[{"@type":"CommentAction","name":"Comment","target":["https:\/\/kapitalis.com\/tunisie\/2016\/09\/28\/carthage-universite-automne-des-femmes-francaises-tunisiennes\/#respond"]}]},{"@type":"WebPage","@id":"https:\/\/kapitalis.com\/tunisie\/2016\/09\/28\/carthage-universite-automne-des-femmes-francaises-tunisiennes\/","url":"https:\/\/kapitalis.com\/tunisie\/2016\/09\/28\/carthage-universite-automne-des-femmes-francaises-tunisiennes\/","name":"Carthage : Universit\u00e9 d\u2019automne des femmes fran\u00e7aises et tunisiennes - Kapitalis","isPartOf":{"@id":"https:\/\/kapitalis.com\/tunisie\/#website"},"primaryImageOfPage":{"@id":"https:\/\/kapitalis.com\/tunisie\/2016\/09\/28\/carthage-universite-automne-des-femmes-francaises-tunisiennes\/#primaryimage"},"image":{"@id":"https:\/\/kapitalis.com\/tunisie\/2016\/09\/28\/carthage-universite-automne-des-femmes-francaises-tunisiennes\/#primaryimage"},"thumbnailUrl":"","datePublished":"2016-09-28T18:37:38+00:00","dateModified":"2016-09-28T19:04:34+00:00","breadcrumb":{"@id":"https:\/\/kapitalis.com\/tunisie\/2016\/09\/28\/carthage-universite-automne-des-femmes-francaises-tunisiennes\/#breadcrumb"},"inLanguage":"fr-FR","potentialAction":[{"@type":"ReadAction","target":["https:\/\/kapitalis.com\/tunisie\/2016\/09\/28\/carthage-universite-automne-des-femmes-francaises-tunisiennes\/"]}]},{"@type":"ImageObject","inLanguage":"fr-FR","@id":"https:\/\/kapitalis.com\/tunisie\/2016\/09\/28\/carthage-universite-automne-des-femmes-francaises-tunisiennes\/#primaryimage","url":"","contentUrl":""},{"@type":"BreadcrumbList","@id":"https:\/\/kapitalis.com\/tunisie\/2016\/09\/28\/carthage-universite-automne-des-femmes-francaises-tunisiennes\/#breadcrumb","itemListElement":[{"@type":"ListItem","position":1,"name":"Accueil","item":"https:\/\/kapitalis.com\/tunisie\/"},{"@type":"ListItem","position":2,"name":"Carthage : Universit\u00e9 d\u2019automne des femmes fran\u00e7aises et tunisiennes"}]},{"@type":"WebSite","@id":"https:\/\/kapitalis.com\/tunisie\/#website","url":"https:\/\/kapitalis.com\/tunisie\/","name":"Kapitalis","description":"L&#039;actualit\u00e9 en Tunisie et dans le monde","publisher":{"@id":"https:\/\/kapitalis.com\/tunisie\/#organization"},"potentialAction":[{"@type":"SearchAction","target":{"@type":"EntryPoint","urlTemplate":"https:\/\/kapitalis.com\/tunisie\/?s={search_term_string}"},"query-input":{"@type":"PropertyValueSpecification","valueRequired":true,"valueName":"search_term_string"}}],"inLanguage":"fr-FR"},{"@type":"Organization","@id":"https:\/\/kapitalis.com\/tunisie\/#organization","name":"Kapitalis","url":"https:\/\/kapitalis.com\/tunisie\/","logo":{"@type":"ImageObject","inLanguage":"fr-FR","@id":"https:\/\/kapitalis.com\/tunisie\/#\/schema\/logo\/image\/","url":"https:\/\/kapitalis.com\/tunisie\/wp-content\/uploads\/2022\/05\/Kapitalis-big-size.png","contentUrl":"https:\/\/kapitalis.com\/tunisie\/wp-content\/uploads\/2022\/05\/Kapitalis-big-size.png","width":5000,"height":1500,"caption":"Kapitalis"},"image":{"@id":"https:\/\/kapitalis.com\/tunisie\/#\/schema\/logo\/image\/"},"sameAs":["https:\/\/www.facebook.com\/KapitalisInfo\/","https:\/\/x.com\/KapitalisInfo","https:\/\/www.youtube.com\/channel\/UC-yDYrHyfFBWWZaOw3FPg9Q"]},{"@type":"Person","@id":"https:\/\/kapitalis.com\/tunisie\/#\/schema\/person\/d71f33a9ca44f7bad4698210b480c8e9","name":"webmaster kapitalis","url":"https:\/\/kapitalis.com\/tunisie\/author\/webmaster-kapitalis\/"}]}},"_links":{"self":[{"href":"https:\/\/kapitalis.com\/tunisie\/wp-json\/wp\/v2\/posts\/66391","targetHints":{"allow":["GET"]}}],"collection":[{"href":"https:\/\/kapitalis.com\/tunisie\/wp-json\/wp\/v2\/posts"}],"about":[{"href":"https:\/\/kapitalis.com\/tunisie\/wp-json\/wp\/v2\/types\/post"}],"author":[{"embeddable":true,"href":"https:\/\/kapitalis.com\/tunisie\/wp-json\/wp\/v2\/users\/8"}],"replies":[{"embeddable":true,"href":"https:\/\/kapitalis.com\/tunisie\/wp-json\/wp\/v2\/comments?post=66391"}],"version-history":[{"count":0,"href":"https:\/\/kapitalis.com\/tunisie\/wp-json\/wp\/v2\/posts\/66391\/revisions"}],"wp:featuredmedia":[{"embeddable":true,"href":"https:\/\/kapitalis.com\/tunisie\/wp-json\/wp\/v2\/media\/66392"}],"wp:attachment":[{"href":"https:\/\/kapitalis.com\/tunisie\/wp-json\/wp\/v2\/media?parent=66391"}],"wp:term":[{"taxonomy":"category","embeddable":true,"href":"https:\/\/kapitalis.com\/tunisie\/wp-json\/wp\/v2\/categories?post=66391"},{"taxonomy":"post_tag","embeddable":true,"href":"https:\/\/kapitalis.com\/tunisie\/wp-json\/wp\/v2\/tags?post=66391"}],"curies":[{"name":"wp","href":"https:\/\/api.w.org\/{rel}","templated":true}]}}