{"id":6642096,"date":"2023-02-24T23:09:14","date_gmt":"2023-02-24T22:09:14","guid":{"rendered":"https:\/\/kapitalis.com\/tunisie\/?p=6642096"},"modified":"2023-02-24T23:13:11","modified_gmt":"2023-02-24T22:13:11","slug":"tunisie-ennahdha-qualifie-bechir-akremi-de-magistrat-integre-et-reclame-sa-liberation","status":"publish","type":"post","link":"https:\/\/kapitalis.com\/tunisie\/2023\/02\/24\/tunisie-ennahdha-qualifie-bechir-akremi-de-magistrat-integre-et-reclame-sa-liberation\/","title":{"rendered":"Tunisie : Ennahdha qualifie B\u00e9chir Akremi de \u00abmagistrat int\u00e8gre\u00bb et r\u00e9clame sa lib\u00e9ration"},"content":{"rendered":"\n<p><em><strong>Enanhdha a exprim\u00e9 son inqui\u00e9tude suite aux r\u00e9centes arrestations, estimant que celles-ci sont \u00abarbitraires et visent les symboles de l&rsquo;opposition politique au coup d&rsquo;\u00c9tat\u00bb. Le parti islamiste a \u00e9galement appel\u00e9 \u00e0 la lib\u00e9ration de Bechir Akremi, en le qualifiant de \u00abmagistrat int\u00e8gre\u00bb.<\/strong><\/em><\/p>\n\n\n\n<!--more-->\n\n\n\n<p>Dans son communiqu\u00e9 le parti de Ghannouchi estime aussi que le juge r\u00e9voqu\u00e9 Bechir Akremi est victime d&rsquo;abus et de mauvais traitement allant jusqu&rsquo;\u00e0<em> \u00abdes menaces pour sa vie pour se d\u00e9barrasser de l&rsquo;un des t\u00e9moins les plus importants dans les dossiers de terrorisme les plus dangereux\u00bb<\/em>, ajoute Ennahdha, en d\u00e9non\u00e7ant \u00e9galement l&rsquo;admission du concern\u00e9 \u00e0 l\u2019h\u00f4pital psychiatrique <em>\u00absans justification l\u00e9gale\u00bb.<\/em><\/p>\n\n\n\n<p>Notons que selon les avocats de Akremi le minist\u00e8re public a maintenu ce dernier en libert\u00e9 et que l&rsquo;h\u00f4pital Razi a autoris\u00e9 sa sortie, ajoutant que son \u00e9tat de sant\u00e9, qualifi\u00e9 de d\u00e9plorable, necessite son transport vers une clinique pour une prise en charge mais que la police encercle l&rsquo;h\u00f4pital et qu&rsquo;il est donc encore \u00e0 l&rsquo;h\u00f4pital psychiatrique.<\/p>\n\n\n\n<figure class=\"wp-block-embed is-type-wp-embed is-provider-kapitalis wp-block-embed-kapitalis\"><div class=\"wp-block-embed__wrapper\">\n<blockquote class=\"wp-embedded-content\" data-secret=\"Zfukae5SEU\"><a href=\"https:\/\/kapitalis.com\/tunisie\/2020\/07\/23\/comite-de-defense-brahmi-belaid-le-juge-bechir-akremi-a-tout-fait-pour-proteger-ghannouchi\/\">Comit\u00e9 de d\u00e9fense Brahmi-Belaid : \u00abLe juge Bechir Akremi a tout fait pour prot\u00e9ger Ghannouchi\u00bb<\/a><\/blockquote><iframe loading=\"lazy\" class=\"wp-embedded-content\" sandbox=\"allow-scripts\" security=\"restricted\" style=\"position: absolute; clip: rect(1px, 1px, 1px, 1px);\" title=\"\u00ab\u00a0Comit\u00e9 de d\u00e9fense Brahmi-Belaid : \u00abLe juge Bechir Akremi a tout fait pour prot\u00e9ger Ghannouchi\u00bb\u00a0\u00bb &#8212; Kapitalis\" src=\"https:\/\/kapitalis.com\/tunisie\/2020\/07\/23\/comite-de-defense-brahmi-belaid-le-juge-bechir-akremi-a-tout-fait-pour-proteger-ghannouchi\/embed\/#?secret=b9W1jipqBA#?secret=Zfukae5SEU\" data-secret=\"Zfukae5SEU\" width=\"600\" height=\"338\" frameborder=\"0\" marginwidth=\"0\" marginheight=\"0\" scrolling=\"no\"><\/iframe>\n<\/div><\/figure>\n\n\n\n<p>Rappelons que Bechir Akremi est accus\u00e9 par le comit\u00e9 de d\u00e9fense des deux martyrs Chokri Bela\u00efd et Mohamed Brahmi de manipulation et de manquement dans le traitement du dossier des assassinats dont il \u00e9tait en charge. Il a \u00e9galement \u00e9t\u00e9 point\u00e9 du doigt dans le dossier de l&rsquo;attaque terroriste du Bardo (2015), notamment par Me Philippe de Veulle avocat des victimes fran\u00e7aises, qui a souvent remis en doute l\u2019objectivit\u00e9 dudit juge.<\/p>\n\n\n\n<p>Il s\u2019est d&rsquo;ailleurs f\u00e9licit\u00e9 de l\u2019arrestation de Bechir Akremi, en commentant : <em>\u00abhuit ans de travail constant\u2026 Enfin ce juge tunisien B\u00e9chir Akremi est sous les verrous en vue d\u2019un proc\u00e8s de complicit\u00e9 avec les islamistes\u2026\u00bb.<\/em><\/p>\n\n\n\n<p class=\"has-text-align-right\"><strong>Y. N.<\/strong><\/p>\n\n\n\n<figure class=\"wp-block-embed is-type-wp-embed is-provider-kapitalis wp-block-embed-kapitalis\"><div class=\"wp-block-embed__wrapper\">\n<blockquote class=\"wp-embedded-content\" data-secret=\"4hXhtbNh9D\"><a href=\"https:\/\/kapitalis.com\/tunisie\/2023\/02\/13\/tunisie-me-philippe-de-veulle-se-felicite-de-larrestation-de-bechir-akremi\/\">Tunisie : Me Philippe de Veulle se f\u00e9licite de l&rsquo;arrestation de B\u00e9chir Akremi<\/a><\/blockquote><iframe loading=\"lazy\" class=\"wp-embedded-content\" sandbox=\"allow-scripts\" security=\"restricted\" style=\"position: absolute; clip: rect(1px, 1px, 1px, 1px);\" title=\"\u00ab\u00a0Tunisie : Me Philippe de Veulle se f\u00e9licite de l&rsquo;arrestation de B\u00e9chir Akremi\u00a0\u00bb &#8212; Kapitalis\" src=\"https:\/\/kapitalis.com\/tunisie\/2023\/02\/13\/tunisie-me-philippe-de-veulle-se-felicite-de-larrestation-de-bechir-akremi\/embed\/#?secret=NjixyeHbQl#?secret=4hXhtbNh9D\" data-secret=\"4hXhtbNh9D\" width=\"600\" height=\"338\" frameborder=\"0\" marginwidth=\"0\" marginheight=\"0\" scrolling=\"no\"><\/iframe>\n<\/div><\/figure>\n\n\n\n<figure class=\"wp-block-embed is-type-wp-embed is-provider-kapitalis wp-block-embed-kapitalis\"><div class=\"wp-block-embed__wrapper\">\n<blockquote class=\"wp-embedded-content\" data-secret=\"ltQDq5SKMc\"><a href=\"https:\/\/kapitalis.com\/tunisie\/2023\/02\/23\/tunisie-bechir-akremi-en-greve-de-la-faim-comite-de-defense\/\">Tunisie : B\u00e9chir Akremi en gr\u00e8ve de la faim (Comit\u00e9 de d\u00e9fense)<\/a><\/blockquote><iframe loading=\"lazy\" class=\"wp-embedded-content\" sandbox=\"allow-scripts\" security=\"restricted\" style=\"position: absolute; clip: rect(1px, 1px, 1px, 1px);\" title=\"\u00ab\u00a0Tunisie : B\u00e9chir Akremi en gr\u00e8ve de la faim (Comit\u00e9 de d\u00e9fense)\u00a0\u00bb &#8212; Kapitalis\" src=\"https:\/\/kapitalis.com\/tunisie\/2023\/02\/23\/tunisie-bechir-akremi-en-greve-de-la-faim-comite-de-defense\/embed\/#?secret=UDPCKfxlwW#?secret=ltQDq5SKMc\" data-secret=\"ltQDq5SKMc\" width=\"600\" height=\"338\" frameborder=\"0\" marginwidth=\"0\" marginheight=\"0\" scrolling=\"no\"><\/iframe>\n<\/div><\/figure>\n","protected":false},"excerpt":{"rendered":"<p>Tunisie : Ennahdha qualifie B\u00e9chir Akremi de \u00abmagistrat int\u00e8gre\u00bb et r\u00e9clame sa lib\u00e9ration<\/p>\n","protected":false},"author":6,"featured_media":6642223,"comment_status":"open","ping_status":"open","sticky":false,"template":"","format":"standard","meta":{"footnotes":""},"categories":[997,2433],"tags":[81005,49543,758,62643],"class_list":["post-6642096","post","type-post","status-publish","format-standard","has-post-thumbnail","hentry","category-politique","category-tunisie","tag-bechir-akremi-2","tag-ennahdha","tag-rached-ghannouchi","tag-tunisie"],"yoast_head":"<!-- This site is optimized with the Yoast SEO plugin v26.6 - https:\/\/yoast.com\/wordpress\/plugins\/seo\/ -->\n<title>Tunisie : Ennahdha qualifie B\u00e9chir Akremi de \u00abmagistrat int\u00e8gre\u00bb et r\u00e9clame sa lib\u00e9ration - Kapitalis<\/title>\n<meta name=\"description\" content=\"Enanhdha a exprim\u00e9 son inqui\u00e9tude suite aux r\u00e9centes arrestations, estimant que celles-ci sont arbitraires et visent les symboles de l&#039;opposition politique au coup d&#039;\u00c9tat. Le parti islamiste a \u00e9galement appel\u00e9 \u00e0 la lib\u00e9ration de Bechir Akremi, en le qualifiant de \u00abmagistrat int\u00e8gre\u00bb.\" \/>\n<meta name=\"robots\" content=\"index, follow, max-snippet:-1, max-image-preview:large, max-video-preview:-1\" \/>\n<link rel=\"canonical\" href=\"https:\/\/kapitalis.com\/tunisie\/2023\/02\/24\/tunisie-ennahdha-qualifie-bechir-akremi-de-magistrat-integre-et-reclame-sa-liberation\/\" \/>\n<meta property=\"og:locale\" content=\"fr_FR\" \/>\n<meta property=\"og:type\" content=\"article\" \/>\n<meta property=\"og:title\" content=\"Tunisie : Ennahdha qualifie B\u00e9chir Akremi de \u00abmagistrat int\u00e8gre\u00bb et r\u00e9clame sa lib\u00e9ration - Kapitalis\" \/>\n<meta property=\"og:description\" content=\"Enanhdha a exprim\u00e9 son inqui\u00e9tude suite aux r\u00e9centes arrestations, estimant que celles-ci sont arbitraires et visent les symboles de l&#039;opposition politique au coup d&#039;\u00c9tat. Le parti islamiste a \u00e9galement appel\u00e9 \u00e0 la lib\u00e9ration de Bechir Akremi, en le qualifiant de \u00abmagistrat int\u00e8gre\u00bb.\" \/>\n<meta property=\"og:url\" content=\"https:\/\/kapitalis.com\/tunisie\/2023\/02\/24\/tunisie-ennahdha-qualifie-bechir-akremi-de-magistrat-integre-et-reclame-sa-liberation\/\" \/>\n<meta property=\"og:site_name\" content=\"Kapitalis\" \/>\n<meta property=\"article:publisher\" content=\"https:\/\/www.facebook.com\/KapitalisInfo\/\" \/>\n<meta property=\"article:published_time\" content=\"2023-02-24T22:09:14+00:00\" \/>\n<meta property=\"article:modified_time\" content=\"2023-02-24T22:13:11+00:00\" \/>\n<meta property=\"og:image\" content=\"https:\/\/kapitalis.com\/tunisie\/wp-content\/uploads\/2023\/02\/Akremi-Ennahdha.jpg\" \/>\n\t<meta property=\"og:image:width\" content=\"1200\" \/>\n\t<meta property=\"og:image:height\" content=\"630\" \/>\n\t<meta property=\"og:image:type\" content=\"image\/jpeg\" \/>\n<meta name=\"author\" content=\"Yusra NY\" \/>\n<meta name=\"twitter:card\" content=\"summary_large_image\" \/>\n<meta name=\"twitter:creator\" content=\"@KapitalisInfo\" \/>\n<meta name=\"twitter:site\" content=\"@KapitalisInfo\" \/>\n<meta name=\"twitter:label1\" content=\"\u00c9crit par\" \/>\n\t<meta name=\"twitter:data1\" content=\"Yusra NY\" \/>\n\t<meta name=\"twitter:label2\" content=\"Dur\u00e9e de lecture estim\u00e9e\" \/>\n\t<meta name=\"twitter:data2\" content=\"2 minutes\" \/>\n<script type=\"application\/ld+json\" class=\"yoast-schema-graph\">{\"@context\":\"https:\/\/schema.org\",\"@graph\":[{\"@type\":\"Article\",\"@id\":\"https:\/\/kapitalis.com\/tunisie\/2023\/02\/24\/tunisie-ennahdha-qualifie-bechir-akremi-de-magistrat-integre-et-reclame-sa-liberation\/#article\",\"isPartOf\":{\"@id\":\"https:\/\/kapitalis.com\/tunisie\/2023\/02\/24\/tunisie-ennahdha-qualifie-bechir-akremi-de-magistrat-integre-et-reclame-sa-liberation\/\"},\"author\":{\"name\":\"Yusra NY\",\"@id\":\"https:\/\/kapitalis.com\/tunisie\/#\/schema\/person\/74bbde0154d49d790a92aaeac5bc01d5\"},\"headline\":\"Tunisie : Ennahdha qualifie B\u00e9chir Akremi de \u00abmagistrat int\u00e8gre\u00bb et r\u00e9clame sa lib\u00e9ration\",\"datePublished\":\"2023-02-24T22:09:14+00:00\",\"dateModified\":\"2023-02-24T22:13:11+00:00\",\"mainEntityOfPage\":{\"@id\":\"https:\/\/kapitalis.com\/tunisie\/2023\/02\/24\/tunisie-ennahdha-qualifie-bechir-akremi-de-magistrat-integre-et-reclame-sa-liberation\/\"},\"wordCount\":326,\"commentCount\":2,\"publisher\":{\"@id\":\"https:\/\/kapitalis.com\/tunisie\/#organization\"},\"image\":{\"@id\":\"https:\/\/kapitalis.com\/tunisie\/2023\/02\/24\/tunisie-ennahdha-qualifie-bechir-akremi-de-magistrat-integre-et-reclame-sa-liberation\/#primaryimage\"},\"thumbnailUrl\":\"https:\/\/kapitalis.com\/tunisie\/wp-content\/uploads\/2023\/02\/Akremi-Ennahdha.jpg\",\"keywords\":[\"Bechir Akremi\",\"Ennahdha\",\"Rached Ghannouchi\",\"Tunisie\"],\"articleSection\":[\"POLITIQUE\",\"Tunisie\"],\"inLanguage\":\"fr-FR\",\"potentialAction\":[{\"@type\":\"CommentAction\",\"name\":\"Comment\",\"target\":[\"https:\/\/kapitalis.com\/tunisie\/2023\/02\/24\/tunisie-ennahdha-qualifie-bechir-akremi-de-magistrat-integre-et-reclame-sa-liberation\/#respond\"]}]},{\"@type\":\"WebPage\",\"@id\":\"https:\/\/kapitalis.com\/tunisie\/2023\/02\/24\/tunisie-ennahdha-qualifie-bechir-akremi-de-magistrat-integre-et-reclame-sa-liberation\/\",\"url\":\"https:\/\/kapitalis.com\/tunisie\/2023\/02\/24\/tunisie-ennahdha-qualifie-bechir-akremi-de-magistrat-integre-et-reclame-sa-liberation\/\",\"name\":\"Tunisie : Ennahdha qualifie B\u00e9chir Akremi de \u00abmagistrat int\u00e8gre\u00bb et r\u00e9clame sa lib\u00e9ration - Kapitalis\",\"isPartOf\":{\"@id\":\"https:\/\/kapitalis.com\/tunisie\/#website\"},\"primaryImageOfPage\":{\"@id\":\"https:\/\/kapitalis.com\/tunisie\/2023\/02\/24\/tunisie-ennahdha-qualifie-bechir-akremi-de-magistrat-integre-et-reclame-sa-liberation\/#primaryimage\"},\"image\":{\"@id\":\"https:\/\/kapitalis.com\/tunisie\/2023\/02\/24\/tunisie-ennahdha-qualifie-bechir-akremi-de-magistrat-integre-et-reclame-sa-liberation\/#primaryimage\"},\"thumbnailUrl\":\"https:\/\/kapitalis.com\/tunisie\/wp-content\/uploads\/2023\/02\/Akremi-Ennahdha.jpg\",\"datePublished\":\"2023-02-24T22:09:14+00:00\",\"dateModified\":\"2023-02-24T22:13:11+00:00\",\"description\":\"Enanhdha a exprim\u00e9 son inqui\u00e9tude suite aux r\u00e9centes arrestations, estimant que celles-ci sont arbitraires et visent les symboles de l'opposition politique au coup d'\u00c9tat. Le parti islamiste a \u00e9galement appel\u00e9 \u00e0 la lib\u00e9ration de Bechir Akremi, en le qualifiant de \u00abmagistrat int\u00e8gre\u00bb.\",\"breadcrumb\":{\"@id\":\"https:\/\/kapitalis.com\/tunisie\/2023\/02\/24\/tunisie-ennahdha-qualifie-bechir-akremi-de-magistrat-integre-et-reclame-sa-liberation\/#breadcrumb\"},\"inLanguage\":\"fr-FR\",\"potentialAction\":[{\"@type\":\"ReadAction\",\"target\":[\"https:\/\/kapitalis.com\/tunisie\/2023\/02\/24\/tunisie-ennahdha-qualifie-bechir-akremi-de-magistrat-integre-et-reclame-sa-liberation\/\"]}]},{\"@type\":\"ImageObject\",\"inLanguage\":\"fr-FR\",\"@id\":\"https:\/\/kapitalis.com\/tunisie\/2023\/02\/24\/tunisie-ennahdha-qualifie-bechir-akremi-de-magistrat-integre-et-reclame-sa-liberation\/#primaryimage\",\"url\":\"https:\/\/kapitalis.com\/tunisie\/wp-content\/uploads\/2023\/02\/Akremi-Ennahdha.jpg\",\"contentUrl\":\"https:\/\/kapitalis.com\/tunisie\/wp-content\/uploads\/2023\/02\/Akremi-Ennahdha.jpg\",\"width\":1200,\"height\":630},{\"@type\":\"BreadcrumbList\",\"@id\":\"https:\/\/kapitalis.com\/tunisie\/2023\/02\/24\/tunisie-ennahdha-qualifie-bechir-akremi-de-magistrat-integre-et-reclame-sa-liberation\/#breadcrumb\",\"itemListElement\":[{\"@type\":\"ListItem\",\"position\":1,\"name\":\"Accueil\",\"item\":\"https:\/\/kapitalis.com\/tunisie\/\"},{\"@type\":\"ListItem\",\"position\":2,\"name\":\"Tunisie : Ennahdha qualifie B\u00e9chir Akremi de \u00abmagistrat int\u00e8gre\u00bb et r\u00e9clame sa lib\u00e9ration\"}]},{\"@type\":\"WebSite\",\"@id\":\"https:\/\/kapitalis.com\/tunisie\/#website\",\"url\":\"https:\/\/kapitalis.com\/tunisie\/\",\"name\":\"Kapitalis\",\"description\":\"L&#039;actualit\u00e9 en Tunisie et dans le monde\",\"publisher\":{\"@id\":\"https:\/\/kapitalis.com\/tunisie\/#organization\"},\"potentialAction\":[{\"@type\":\"SearchAction\",\"target\":{\"@type\":\"EntryPoint\",\"urlTemplate\":\"https:\/\/kapitalis.com\/tunisie\/?s={search_term_string}\"},\"query-input\":{\"@type\":\"PropertyValueSpecification\",\"valueRequired\":true,\"valueName\":\"search_term_string\"}}],\"inLanguage\":\"fr-FR\"},{\"@type\":\"Organization\",\"@id\":\"https:\/\/kapitalis.com\/tunisie\/#organization\",\"name\":\"Kapitalis\",\"url\":\"https:\/\/kapitalis.com\/tunisie\/\",\"logo\":{\"@type\":\"ImageObject\",\"inLanguage\":\"fr-FR\",\"@id\":\"https:\/\/kapitalis.com\/tunisie\/#\/schema\/logo\/image\/\",\"url\":\"https:\/\/kapitalis.com\/tunisie\/wp-content\/uploads\/2022\/05\/Kapitalis-big-size.png\",\"contentUrl\":\"https:\/\/kapitalis.com\/tunisie\/wp-content\/uploads\/2022\/05\/Kapitalis-big-size.png\",\"width\":5000,\"height\":1500,\"caption\":\"Kapitalis\"},\"image\":{\"@id\":\"https:\/\/kapitalis.com\/tunisie\/#\/schema\/logo\/image\/\"},\"sameAs\":[\"https:\/\/www.facebook.com\/KapitalisInfo\/\",\"https:\/\/x.com\/KapitalisInfo\",\"https:\/\/www.youtube.com\/channel\/UC-yDYrHyfFBWWZaOw3FPg9Q\"]},{\"@type\":\"Person\",\"@id\":\"https:\/\/kapitalis.com\/tunisie\/#\/schema\/person\/74bbde0154d49d790a92aaeac5bc01d5\",\"name\":\"Yusra NY\",\"url\":\"https:\/\/kapitalis.com\/tunisie\/author\/yuza_adam\/\"}]}<\/script>\n<!-- \/ Yoast SEO plugin. -->","yoast_head_json":{"title":"Tunisie : Ennahdha qualifie B\u00e9chir Akremi de \u00abmagistrat int\u00e8gre\u00bb et r\u00e9clame sa lib\u00e9ration - Kapitalis","description":"Enanhdha a exprim\u00e9 son inqui\u00e9tude suite aux r\u00e9centes arrestations, estimant que celles-ci sont arbitraires et visent les symboles de l'opposition politique au coup d'\u00c9tat. Le parti islamiste a \u00e9galement appel\u00e9 \u00e0 la lib\u00e9ration de Bechir Akremi, en le qualifiant de \u00abmagistrat int\u00e8gre\u00bb.","robots":{"index":"index","follow":"follow","max-snippet":"max-snippet:-1","max-image-preview":"max-image-preview:large","max-video-preview":"max-video-preview:-1"},"canonical":"https:\/\/kapitalis.com\/tunisie\/2023\/02\/24\/tunisie-ennahdha-qualifie-bechir-akremi-de-magistrat-integre-et-reclame-sa-liberation\/","og_locale":"fr_FR","og_type":"article","og_title":"Tunisie : Ennahdha qualifie B\u00e9chir Akremi de \u00abmagistrat int\u00e8gre\u00bb et r\u00e9clame sa lib\u00e9ration - Kapitalis","og_description":"Enanhdha a exprim\u00e9 son inqui\u00e9tude suite aux r\u00e9centes arrestations, estimant que celles-ci sont arbitraires et visent les symboles de l'opposition politique au coup d'\u00c9tat. Le parti islamiste a \u00e9galement appel\u00e9 \u00e0 la lib\u00e9ration de Bechir Akremi, en le qualifiant de \u00abmagistrat int\u00e8gre\u00bb.","og_url":"https:\/\/kapitalis.com\/tunisie\/2023\/02\/24\/tunisie-ennahdha-qualifie-bechir-akremi-de-magistrat-integre-et-reclame-sa-liberation\/","og_site_name":"Kapitalis","article_publisher":"https:\/\/www.facebook.com\/KapitalisInfo\/","article_published_time":"2023-02-24T22:09:14+00:00","article_modified_time":"2023-02-24T22:13:11+00:00","og_image":[{"width":1200,"height":630,"url":"https:\/\/kapitalis.com\/tunisie\/wp-content\/uploads\/2023\/02\/Akremi-Ennahdha.jpg","type":"image\/jpeg"}],"author":"Yusra NY","twitter_card":"summary_large_image","twitter_creator":"@KapitalisInfo","twitter_site":"@KapitalisInfo","twitter_misc":{"\u00c9crit par":"Yusra NY","Dur\u00e9e de lecture estim\u00e9e":"2 minutes"},"schema":{"@context":"https:\/\/schema.org","@graph":[{"@type":"Article","@id":"https:\/\/kapitalis.com\/tunisie\/2023\/02\/24\/tunisie-ennahdha-qualifie-bechir-akremi-de-magistrat-integre-et-reclame-sa-liberation\/#article","isPartOf":{"@id":"https:\/\/kapitalis.com\/tunisie\/2023\/02\/24\/tunisie-ennahdha-qualifie-bechir-akremi-de-magistrat-integre-et-reclame-sa-liberation\/"},"author":{"name":"Yusra NY","@id":"https:\/\/kapitalis.com\/tunisie\/#\/schema\/person\/74bbde0154d49d790a92aaeac5bc01d5"},"headline":"Tunisie : Ennahdha qualifie B\u00e9chir Akremi de \u00abmagistrat int\u00e8gre\u00bb et r\u00e9clame sa lib\u00e9ration","datePublished":"2023-02-24T22:09:14+00:00","dateModified":"2023-02-24T22:13:11+00:00","mainEntityOfPage":{"@id":"https:\/\/kapitalis.com\/tunisie\/2023\/02\/24\/tunisie-ennahdha-qualifie-bechir-akremi-de-magistrat-integre-et-reclame-sa-liberation\/"},"wordCount":326,"commentCount":2,"publisher":{"@id":"https:\/\/kapitalis.com\/tunisie\/#organization"},"image":{"@id":"https:\/\/kapitalis.com\/tunisie\/2023\/02\/24\/tunisie-ennahdha-qualifie-bechir-akremi-de-magistrat-integre-et-reclame-sa-liberation\/#primaryimage"},"thumbnailUrl":"https:\/\/kapitalis.com\/tunisie\/wp-content\/uploads\/2023\/02\/Akremi-Ennahdha.jpg","keywords":["Bechir Akremi","Ennahdha","Rached Ghannouchi","Tunisie"],"articleSection":["POLITIQUE","Tunisie"],"inLanguage":"fr-FR","potentialAction":[{"@type":"CommentAction","name":"Comment","target":["https:\/\/kapitalis.com\/tunisie\/2023\/02\/24\/tunisie-ennahdha-qualifie-bechir-akremi-de-magistrat-integre-et-reclame-sa-liberation\/#respond"]}]},{"@type":"WebPage","@id":"https:\/\/kapitalis.com\/tunisie\/2023\/02\/24\/tunisie-ennahdha-qualifie-bechir-akremi-de-magistrat-integre-et-reclame-sa-liberation\/","url":"https:\/\/kapitalis.com\/tunisie\/2023\/02\/24\/tunisie-ennahdha-qualifie-bechir-akremi-de-magistrat-integre-et-reclame-sa-liberation\/","name":"Tunisie : Ennahdha qualifie B\u00e9chir Akremi de \u00abmagistrat int\u00e8gre\u00bb et r\u00e9clame sa lib\u00e9ration - Kapitalis","isPartOf":{"@id":"https:\/\/kapitalis.com\/tunisie\/#website"},"primaryImageOfPage":{"@id":"https:\/\/kapitalis.com\/tunisie\/2023\/02\/24\/tunisie-ennahdha-qualifie-bechir-akremi-de-magistrat-integre-et-reclame-sa-liberation\/#primaryimage"},"image":{"@id":"https:\/\/kapitalis.com\/tunisie\/2023\/02\/24\/tunisie-ennahdha-qualifie-bechir-akremi-de-magistrat-integre-et-reclame-sa-liberation\/#primaryimage"},"thumbnailUrl":"https:\/\/kapitalis.com\/tunisie\/wp-content\/uploads\/2023\/02\/Akremi-Ennahdha.jpg","datePublished":"2023-02-24T22:09:14+00:00","dateModified":"2023-02-24T22:13:11+00:00","description":"Enanhdha a exprim\u00e9 son inqui\u00e9tude suite aux r\u00e9centes arrestations, estimant que celles-ci sont arbitraires et visent les symboles de l'opposition politique au coup d'\u00c9tat. Le parti islamiste a \u00e9galement appel\u00e9 \u00e0 la lib\u00e9ration de Bechir Akremi, en le qualifiant de \u00abmagistrat int\u00e8gre\u00bb.","breadcrumb":{"@id":"https:\/\/kapitalis.com\/tunisie\/2023\/02\/24\/tunisie-ennahdha-qualifie-bechir-akremi-de-magistrat-integre-et-reclame-sa-liberation\/#breadcrumb"},"inLanguage":"fr-FR","potentialAction":[{"@type":"ReadAction","target":["https:\/\/kapitalis.com\/tunisie\/2023\/02\/24\/tunisie-ennahdha-qualifie-bechir-akremi-de-magistrat-integre-et-reclame-sa-liberation\/"]}]},{"@type":"ImageObject","inLanguage":"fr-FR","@id":"https:\/\/kapitalis.com\/tunisie\/2023\/02\/24\/tunisie-ennahdha-qualifie-bechir-akremi-de-magistrat-integre-et-reclame-sa-liberation\/#primaryimage","url":"https:\/\/kapitalis.com\/tunisie\/wp-content\/uploads\/2023\/02\/Akremi-Ennahdha.jpg","contentUrl":"https:\/\/kapitalis.com\/tunisie\/wp-content\/uploads\/2023\/02\/Akremi-Ennahdha.jpg","width":1200,"height":630},{"@type":"BreadcrumbList","@id":"https:\/\/kapitalis.com\/tunisie\/2023\/02\/24\/tunisie-ennahdha-qualifie-bechir-akremi-de-magistrat-integre-et-reclame-sa-liberation\/#breadcrumb","itemListElement":[{"@type":"ListItem","position":1,"name":"Accueil","item":"https:\/\/kapitalis.com\/tunisie\/"},{"@type":"ListItem","position":2,"name":"Tunisie : Ennahdha qualifie B\u00e9chir Akremi de \u00abmagistrat int\u00e8gre\u00bb et r\u00e9clame sa lib\u00e9ration"}]},{"@type":"WebSite","@id":"https:\/\/kapitalis.com\/tunisie\/#website","url":"https:\/\/kapitalis.com\/tunisie\/","name":"Kapitalis","description":"L&#039;actualit\u00e9 en Tunisie et dans le monde","publisher":{"@id":"https:\/\/kapitalis.com\/tunisie\/#organization"},"potentialAction":[{"@type":"SearchAction","target":{"@type":"EntryPoint","urlTemplate":"https:\/\/kapitalis.com\/tunisie\/?s={search_term_string}"},"query-input":{"@type":"PropertyValueSpecification","valueRequired":true,"valueName":"search_term_string"}}],"inLanguage":"fr-FR"},{"@type":"Organization","@id":"https:\/\/kapitalis.com\/tunisie\/#organization","name":"Kapitalis","url":"https:\/\/kapitalis.com\/tunisie\/","logo":{"@type":"ImageObject","inLanguage":"fr-FR","@id":"https:\/\/kapitalis.com\/tunisie\/#\/schema\/logo\/image\/","url":"https:\/\/kapitalis.com\/tunisie\/wp-content\/uploads\/2022\/05\/Kapitalis-big-size.png","contentUrl":"https:\/\/kapitalis.com\/tunisie\/wp-content\/uploads\/2022\/05\/Kapitalis-big-size.png","width":5000,"height":1500,"caption":"Kapitalis"},"image":{"@id":"https:\/\/kapitalis.com\/tunisie\/#\/schema\/logo\/image\/"},"sameAs":["https:\/\/www.facebook.com\/KapitalisInfo\/","https:\/\/x.com\/KapitalisInfo","https:\/\/www.youtube.com\/channel\/UC-yDYrHyfFBWWZaOw3FPg9Q"]},{"@type":"Person","@id":"https:\/\/kapitalis.com\/tunisie\/#\/schema\/person\/74bbde0154d49d790a92aaeac5bc01d5","name":"Yusra NY","url":"https:\/\/kapitalis.com\/tunisie\/author\/yuza_adam\/"}]}},"_links":{"self":[{"href":"https:\/\/kapitalis.com\/tunisie\/wp-json\/wp\/v2\/posts\/6642096","targetHints":{"allow":["GET"]}}],"collection":[{"href":"https:\/\/kapitalis.com\/tunisie\/wp-json\/wp\/v2\/posts"}],"about":[{"href":"https:\/\/kapitalis.com\/tunisie\/wp-json\/wp\/v2\/types\/post"}],"author":[{"embeddable":true,"href":"https:\/\/kapitalis.com\/tunisie\/wp-json\/wp\/v2\/users\/6"}],"replies":[{"embeddable":true,"href":"https:\/\/kapitalis.com\/tunisie\/wp-json\/wp\/v2\/comments?post=6642096"}],"version-history":[{"count":5,"href":"https:\/\/kapitalis.com\/tunisie\/wp-json\/wp\/v2\/posts\/6642096\/revisions"}],"predecessor-version":[{"id":6642267,"href":"https:\/\/kapitalis.com\/tunisie\/wp-json\/wp\/v2\/posts\/6642096\/revisions\/6642267"}],"wp:featuredmedia":[{"embeddable":true,"href":"https:\/\/kapitalis.com\/tunisie\/wp-json\/wp\/v2\/media\/6642223"}],"wp:attachment":[{"href":"https:\/\/kapitalis.com\/tunisie\/wp-json\/wp\/v2\/media?parent=6642096"}],"wp:term":[{"taxonomy":"category","embeddable":true,"href":"https:\/\/kapitalis.com\/tunisie\/wp-json\/wp\/v2\/categories?post=6642096"},{"taxonomy":"post_tag","embeddable":true,"href":"https:\/\/kapitalis.com\/tunisie\/wp-json\/wp\/v2\/tags?post=6642096"}],"curies":[{"name":"wp","href":"https:\/\/api.w.org\/{rel}","templated":true}]}}