{"id":6657374,"date":"2023-02-25T23:01:28","date_gmt":"2023-02-25T22:01:28","guid":{"rendered":"https:\/\/kapitalis.com\/tunisie\/?p=6657374"},"modified":"2023-02-25T23:05:54","modified_gmt":"2023-02-25T22:05:54","slug":"sfax-arrestation-de-deux-individus-pour-enlevement-et-viol-dune-eleve-de-16-ans","status":"publish","type":"post","link":"https:\/\/kapitalis.com\/tunisie\/2023\/02\/25\/sfax-arrestation-de-deux-individus-pour-enlevement-et-viol-dune-eleve-de-16-ans\/","title":{"rendered":"Sfax : Arrestation de deux individus pour enl\u00e8vement et viol d&rsquo;une \u00e9l\u00e8ve de 16 ans"},"content":{"rendered":"\n<p><strong><em>Arr\u00eat\u00e9s jeudi dernier pour enl\u00e8vement et viol d&rsquo;une \u00e9l\u00e8ve de 16 ans \u00e0 Sfax, deux individus ont \u00e9t\u00e9 plac\u00e9s en d\u00e9tention sur ordre du minist\u00e8re public.<\/em><\/strong><\/p>\n\n\n\n<!--more-->\n\n\n\n<p>L&rsquo;enqu\u00eate a \u00e9t\u00e9 ouverte par la Brigade de lutte contre les violences faites aux femmes et aux enfants relevant de la garde nationale de Sfax, suite \u00e0 une plainte d\u00e9pos\u00e9e par les parents de la victime, qui a \u00e9t\u00e9 enlev\u00e9e sous la menace d&rsquo;une arme blanche par deux d\u00e9linquants.<\/p>\n\n\n\n<p>Ces derniers l&rsquo;ont viol\u00e9e avant de fuir tout en mena\u00e7ant de la tuer si elle en parlait \u00e0 ses parents, cependant l&rsquo;\u00e9l\u00e8ve a confi\u00e9 son calvaire \u00e0 sa m\u00e8re qui a d\u00e9cid\u00e9 de porter plainte.<\/p>\n\n\n\n<p>Les investigations men\u00e9es ont permis d&rsquo;identifier les violeurs, qui ont \u00e9t\u00e9 arr\u00eat\u00e9s \u00e0 Agareb, et qui ont avou\u00e9 leur acte odieux, selon la Direction g\u00e9n\u00e9rale de la garde nationale, ajoutant que le parquet a ordonn\u00e9 leur mise en d\u00e9tention, hier, vendredi 24 f\u00e9vrier 2024.<\/p>\n\n\n\n<p class=\"has-text-align-right\"><strong>Y. N.<\/strong><\/p>\n","protected":false},"excerpt":{"rendered":"<p>Sfax : Arrestation de deux individus pour enl\u00e8vement et viol d&rsquo;une \u00e9l\u00e8ve de 16 ans<\/p>\n","protected":false},"author":6,"featured_media":4330474,"comment_status":"open","ping_status":"open","sticky":false,"template":"","format":"standard","meta":{"footnotes":""},"categories":[998,2433],"tags":[314,1011,64560,5399,823,62643,950],"class_list":["post-6657374","post","type-post","status-publish","format-standard","has-post-thumbnail","hentry","category-societe","category-tunisie","tag-eleve","tag-enlevement","tag-garde-nationale","tag-mineure","tag-sfax","tag-tunisie","tag-viol"],"yoast_head":"<!-- This site is optimized with the Yoast SEO plugin v26.6 - https:\/\/yoast.com\/wordpress\/plugins\/seo\/ -->\n<title>Sfax : Arrestation de deux individus pour enl\u00e8vement et viol d&#039;une \u00e9l\u00e8ve de 16 ans - Kapitalis<\/title>\n<meta name=\"description\" content=\"Arr\u00eat\u00e9s jeudi dernier pour enl\u00e8vement et viol d&#039;une \u00e9l\u00e8ve de 16 ans \u00e0 Sfax, deux individus ont \u00e9t\u00e9 plac\u00e9s en d\u00e9tention sur ordre du minist\u00e8re public.\" \/>\n<meta name=\"robots\" content=\"index, follow, max-snippet:-1, max-image-preview:large, max-video-preview:-1\" \/>\n<link rel=\"canonical\" href=\"https:\/\/kapitalis.com\/tunisie\/2023\/02\/25\/sfax-arrestation-de-deux-individus-pour-enlevement-et-viol-dune-eleve-de-16-ans\/\" \/>\n<meta property=\"og:locale\" content=\"fr_FR\" \/>\n<meta property=\"og:type\" content=\"article\" \/>\n<meta property=\"og:title\" content=\"Sfax : Arrestation de deux individus pour enl\u00e8vement et viol d&#039;une \u00e9l\u00e8ve de 16 ans - Kapitalis\" \/>\n<meta property=\"og:description\" content=\"Arr\u00eat\u00e9s jeudi dernier pour enl\u00e8vement et viol d&#039;une \u00e9l\u00e8ve de 16 ans \u00e0 Sfax, deux individus ont \u00e9t\u00e9 plac\u00e9s en d\u00e9tention sur ordre du minist\u00e8re public.\" \/>\n<meta property=\"og:url\" content=\"https:\/\/kapitalis.com\/tunisie\/2023\/02\/25\/sfax-arrestation-de-deux-individus-pour-enlevement-et-viol-dune-eleve-de-16-ans\/\" \/>\n<meta property=\"og:site_name\" content=\"Kapitalis\" \/>\n<meta property=\"article:publisher\" content=\"https:\/\/www.facebook.com\/KapitalisInfo\/\" \/>\n<meta property=\"article:published_time\" content=\"2023-02-25T22:01:28+00:00\" \/>\n<meta property=\"article:modified_time\" content=\"2023-02-25T22:05:54+00:00\" \/>\n<meta property=\"og:image\" content=\"https:\/\/kapitalis.com\/tunisie\/wp-content\/uploads\/2022\/09\/arrestation-deux.jpg\" \/>\n\t<meta property=\"og:image:width\" content=\"1200\" \/>\n\t<meta property=\"og:image:height\" content=\"630\" \/>\n\t<meta property=\"og:image:type\" content=\"image\/jpeg\" \/>\n<meta name=\"author\" content=\"Yusra NY\" \/>\n<meta name=\"twitter:card\" content=\"summary_large_image\" \/>\n<meta name=\"twitter:creator\" content=\"@KapitalisInfo\" \/>\n<meta name=\"twitter:site\" content=\"@KapitalisInfo\" \/>\n<meta name=\"twitter:label1\" content=\"\u00c9crit par\" \/>\n\t<meta name=\"twitter:data1\" content=\"Yusra NY\" \/>\n\t<meta name=\"twitter:label2\" content=\"Dur\u00e9e de lecture estim\u00e9e\" \/>\n\t<meta name=\"twitter:data2\" content=\"1 minute\" \/>\n<script type=\"application\/ld+json\" class=\"yoast-schema-graph\">{\"@context\":\"https:\/\/schema.org\",\"@graph\":[{\"@type\":\"Article\",\"@id\":\"https:\/\/kapitalis.com\/tunisie\/2023\/02\/25\/sfax-arrestation-de-deux-individus-pour-enlevement-et-viol-dune-eleve-de-16-ans\/#article\",\"isPartOf\":{\"@id\":\"https:\/\/kapitalis.com\/tunisie\/2023\/02\/25\/sfax-arrestation-de-deux-individus-pour-enlevement-et-viol-dune-eleve-de-16-ans\/\"},\"author\":{\"name\":\"Yusra NY\",\"@id\":\"https:\/\/kapitalis.com\/tunisie\/#\/schema\/person\/74bbde0154d49d790a92aaeac5bc01d5\"},\"headline\":\"Sfax : Arrestation de deux individus pour enl\u00e8vement et viol d&rsquo;une \u00e9l\u00e8ve de 16 ans\",\"datePublished\":\"2023-02-25T22:01:28+00:00\",\"dateModified\":\"2023-02-25T22:05:54+00:00\",\"mainEntityOfPage\":{\"@id\":\"https:\/\/kapitalis.com\/tunisie\/2023\/02\/25\/sfax-arrestation-de-deux-individus-pour-enlevement-et-viol-dune-eleve-de-16-ans\/\"},\"wordCount\":188,\"commentCount\":0,\"publisher\":{\"@id\":\"https:\/\/kapitalis.com\/tunisie\/#organization\"},\"image\":{\"@id\":\"https:\/\/kapitalis.com\/tunisie\/2023\/02\/25\/sfax-arrestation-de-deux-individus-pour-enlevement-et-viol-dune-eleve-de-16-ans\/#primaryimage\"},\"thumbnailUrl\":\"https:\/\/kapitalis.com\/tunisie\/wp-content\/uploads\/2022\/09\/arrestation-deux.jpg\",\"keywords\":[\"\u00e9l\u00e8ve\",\"enl\u00e8vement\",\"garde nationale\",\"mineure\",\"Sfax\",\"Tunisie\",\"viol\"],\"articleSection\":[\"SOCIETE\",\"Tunisie\"],\"inLanguage\":\"fr-FR\",\"potentialAction\":[{\"@type\":\"CommentAction\",\"name\":\"Comment\",\"target\":[\"https:\/\/kapitalis.com\/tunisie\/2023\/02\/25\/sfax-arrestation-de-deux-individus-pour-enlevement-et-viol-dune-eleve-de-16-ans\/#respond\"]}]},{\"@type\":\"WebPage\",\"@id\":\"https:\/\/kapitalis.com\/tunisie\/2023\/02\/25\/sfax-arrestation-de-deux-individus-pour-enlevement-et-viol-dune-eleve-de-16-ans\/\",\"url\":\"https:\/\/kapitalis.com\/tunisie\/2023\/02\/25\/sfax-arrestation-de-deux-individus-pour-enlevement-et-viol-dune-eleve-de-16-ans\/\",\"name\":\"Sfax : Arrestation de deux individus pour enl\u00e8vement et viol d'une \u00e9l\u00e8ve de 16 ans - Kapitalis\",\"isPartOf\":{\"@id\":\"https:\/\/kapitalis.com\/tunisie\/#website\"},\"primaryImageOfPage\":{\"@id\":\"https:\/\/kapitalis.com\/tunisie\/2023\/02\/25\/sfax-arrestation-de-deux-individus-pour-enlevement-et-viol-dune-eleve-de-16-ans\/#primaryimage\"},\"image\":{\"@id\":\"https:\/\/kapitalis.com\/tunisie\/2023\/02\/25\/sfax-arrestation-de-deux-individus-pour-enlevement-et-viol-dune-eleve-de-16-ans\/#primaryimage\"},\"thumbnailUrl\":\"https:\/\/kapitalis.com\/tunisie\/wp-content\/uploads\/2022\/09\/arrestation-deux.jpg\",\"datePublished\":\"2023-02-25T22:01:28+00:00\",\"dateModified\":\"2023-02-25T22:05:54+00:00\",\"description\":\"Arr\u00eat\u00e9s jeudi dernier pour enl\u00e8vement et viol d'une \u00e9l\u00e8ve de 16 ans \u00e0 Sfax, deux individus ont \u00e9t\u00e9 plac\u00e9s en d\u00e9tention sur ordre du minist\u00e8re public.\",\"breadcrumb\":{\"@id\":\"https:\/\/kapitalis.com\/tunisie\/2023\/02\/25\/sfax-arrestation-de-deux-individus-pour-enlevement-et-viol-dune-eleve-de-16-ans\/#breadcrumb\"},\"inLanguage\":\"fr-FR\",\"potentialAction\":[{\"@type\":\"ReadAction\",\"target\":[\"https:\/\/kapitalis.com\/tunisie\/2023\/02\/25\/sfax-arrestation-de-deux-individus-pour-enlevement-et-viol-dune-eleve-de-16-ans\/\"]}]},{\"@type\":\"ImageObject\",\"inLanguage\":\"fr-FR\",\"@id\":\"https:\/\/kapitalis.com\/tunisie\/2023\/02\/25\/sfax-arrestation-de-deux-individus-pour-enlevement-et-viol-dune-eleve-de-16-ans\/#primaryimage\",\"url\":\"https:\/\/kapitalis.com\/tunisie\/wp-content\/uploads\/2022\/09\/arrestation-deux.jpg\",\"contentUrl\":\"https:\/\/kapitalis.com\/tunisie\/wp-content\/uploads\/2022\/09\/arrestation-deux.jpg\",\"width\":1200,\"height\":630},{\"@type\":\"BreadcrumbList\",\"@id\":\"https:\/\/kapitalis.com\/tunisie\/2023\/02\/25\/sfax-arrestation-de-deux-individus-pour-enlevement-et-viol-dune-eleve-de-16-ans\/#breadcrumb\",\"itemListElement\":[{\"@type\":\"ListItem\",\"position\":1,\"name\":\"Accueil\",\"item\":\"https:\/\/kapitalis.com\/tunisie\/\"},{\"@type\":\"ListItem\",\"position\":2,\"name\":\"Sfax : Arrestation de deux individus pour enl\u00e8vement et viol d&rsquo;une \u00e9l\u00e8ve de 16 ans\"}]},{\"@type\":\"WebSite\",\"@id\":\"https:\/\/kapitalis.com\/tunisie\/#website\",\"url\":\"https:\/\/kapitalis.com\/tunisie\/\",\"name\":\"Kapitalis\",\"description\":\"L&#039;actualit\u00e9 en Tunisie et dans le monde\",\"publisher\":{\"@id\":\"https:\/\/kapitalis.com\/tunisie\/#organization\"},\"potentialAction\":[{\"@type\":\"SearchAction\",\"target\":{\"@type\":\"EntryPoint\",\"urlTemplate\":\"https:\/\/kapitalis.com\/tunisie\/?s={search_term_string}\"},\"query-input\":{\"@type\":\"PropertyValueSpecification\",\"valueRequired\":true,\"valueName\":\"search_term_string\"}}],\"inLanguage\":\"fr-FR\"},{\"@type\":\"Organization\",\"@id\":\"https:\/\/kapitalis.com\/tunisie\/#organization\",\"name\":\"Kapitalis\",\"url\":\"https:\/\/kapitalis.com\/tunisie\/\",\"logo\":{\"@type\":\"ImageObject\",\"inLanguage\":\"fr-FR\",\"@id\":\"https:\/\/kapitalis.com\/tunisie\/#\/schema\/logo\/image\/\",\"url\":\"https:\/\/kapitalis.com\/tunisie\/wp-content\/uploads\/2022\/05\/Kapitalis-big-size.png\",\"contentUrl\":\"https:\/\/kapitalis.com\/tunisie\/wp-content\/uploads\/2022\/05\/Kapitalis-big-size.png\",\"width\":5000,\"height\":1500,\"caption\":\"Kapitalis\"},\"image\":{\"@id\":\"https:\/\/kapitalis.com\/tunisie\/#\/schema\/logo\/image\/\"},\"sameAs\":[\"https:\/\/www.facebook.com\/KapitalisInfo\/\",\"https:\/\/x.com\/KapitalisInfo\",\"https:\/\/www.youtube.com\/channel\/UC-yDYrHyfFBWWZaOw3FPg9Q\"]},{\"@type\":\"Person\",\"@id\":\"https:\/\/kapitalis.com\/tunisie\/#\/schema\/person\/74bbde0154d49d790a92aaeac5bc01d5\",\"name\":\"Yusra NY\",\"url\":\"https:\/\/kapitalis.com\/tunisie\/author\/yuza_adam\/\"}]}<\/script>\n<!-- \/ Yoast SEO plugin. -->","yoast_head_json":{"title":"Sfax : Arrestation de deux individus pour enl\u00e8vement et viol d'une \u00e9l\u00e8ve de 16 ans - Kapitalis","description":"Arr\u00eat\u00e9s jeudi dernier pour enl\u00e8vement et viol d'une \u00e9l\u00e8ve de 16 ans \u00e0 Sfax, deux individus ont \u00e9t\u00e9 plac\u00e9s en d\u00e9tention sur ordre du minist\u00e8re public.","robots":{"index":"index","follow":"follow","max-snippet":"max-snippet:-1","max-image-preview":"max-image-preview:large","max-video-preview":"max-video-preview:-1"},"canonical":"https:\/\/kapitalis.com\/tunisie\/2023\/02\/25\/sfax-arrestation-de-deux-individus-pour-enlevement-et-viol-dune-eleve-de-16-ans\/","og_locale":"fr_FR","og_type":"article","og_title":"Sfax : Arrestation de deux individus pour enl\u00e8vement et viol d'une \u00e9l\u00e8ve de 16 ans - Kapitalis","og_description":"Arr\u00eat\u00e9s jeudi dernier pour enl\u00e8vement et viol d'une \u00e9l\u00e8ve de 16 ans \u00e0 Sfax, deux individus ont \u00e9t\u00e9 plac\u00e9s en d\u00e9tention sur ordre du minist\u00e8re public.","og_url":"https:\/\/kapitalis.com\/tunisie\/2023\/02\/25\/sfax-arrestation-de-deux-individus-pour-enlevement-et-viol-dune-eleve-de-16-ans\/","og_site_name":"Kapitalis","article_publisher":"https:\/\/www.facebook.com\/KapitalisInfo\/","article_published_time":"2023-02-25T22:01:28+00:00","article_modified_time":"2023-02-25T22:05:54+00:00","og_image":[{"width":1200,"height":630,"url":"https:\/\/kapitalis.com\/tunisie\/wp-content\/uploads\/2022\/09\/arrestation-deux.jpg","type":"image\/jpeg"}],"author":"Yusra NY","twitter_card":"summary_large_image","twitter_creator":"@KapitalisInfo","twitter_site":"@KapitalisInfo","twitter_misc":{"\u00c9crit par":"Yusra NY","Dur\u00e9e de lecture estim\u00e9e":"1 minute"},"schema":{"@context":"https:\/\/schema.org","@graph":[{"@type":"Article","@id":"https:\/\/kapitalis.com\/tunisie\/2023\/02\/25\/sfax-arrestation-de-deux-individus-pour-enlevement-et-viol-dune-eleve-de-16-ans\/#article","isPartOf":{"@id":"https:\/\/kapitalis.com\/tunisie\/2023\/02\/25\/sfax-arrestation-de-deux-individus-pour-enlevement-et-viol-dune-eleve-de-16-ans\/"},"author":{"name":"Yusra NY","@id":"https:\/\/kapitalis.com\/tunisie\/#\/schema\/person\/74bbde0154d49d790a92aaeac5bc01d5"},"headline":"Sfax : Arrestation de deux individus pour enl\u00e8vement et viol d&rsquo;une \u00e9l\u00e8ve de 16 ans","datePublished":"2023-02-25T22:01:28+00:00","dateModified":"2023-02-25T22:05:54+00:00","mainEntityOfPage":{"@id":"https:\/\/kapitalis.com\/tunisie\/2023\/02\/25\/sfax-arrestation-de-deux-individus-pour-enlevement-et-viol-dune-eleve-de-16-ans\/"},"wordCount":188,"commentCount":0,"publisher":{"@id":"https:\/\/kapitalis.com\/tunisie\/#organization"},"image":{"@id":"https:\/\/kapitalis.com\/tunisie\/2023\/02\/25\/sfax-arrestation-de-deux-individus-pour-enlevement-et-viol-dune-eleve-de-16-ans\/#primaryimage"},"thumbnailUrl":"https:\/\/kapitalis.com\/tunisie\/wp-content\/uploads\/2022\/09\/arrestation-deux.jpg","keywords":["\u00e9l\u00e8ve","enl\u00e8vement","garde nationale","mineure","Sfax","Tunisie","viol"],"articleSection":["SOCIETE","Tunisie"],"inLanguage":"fr-FR","potentialAction":[{"@type":"CommentAction","name":"Comment","target":["https:\/\/kapitalis.com\/tunisie\/2023\/02\/25\/sfax-arrestation-de-deux-individus-pour-enlevement-et-viol-dune-eleve-de-16-ans\/#respond"]}]},{"@type":"WebPage","@id":"https:\/\/kapitalis.com\/tunisie\/2023\/02\/25\/sfax-arrestation-de-deux-individus-pour-enlevement-et-viol-dune-eleve-de-16-ans\/","url":"https:\/\/kapitalis.com\/tunisie\/2023\/02\/25\/sfax-arrestation-de-deux-individus-pour-enlevement-et-viol-dune-eleve-de-16-ans\/","name":"Sfax : Arrestation de deux individus pour enl\u00e8vement et viol d'une \u00e9l\u00e8ve de 16 ans - Kapitalis","isPartOf":{"@id":"https:\/\/kapitalis.com\/tunisie\/#website"},"primaryImageOfPage":{"@id":"https:\/\/kapitalis.com\/tunisie\/2023\/02\/25\/sfax-arrestation-de-deux-individus-pour-enlevement-et-viol-dune-eleve-de-16-ans\/#primaryimage"},"image":{"@id":"https:\/\/kapitalis.com\/tunisie\/2023\/02\/25\/sfax-arrestation-de-deux-individus-pour-enlevement-et-viol-dune-eleve-de-16-ans\/#primaryimage"},"thumbnailUrl":"https:\/\/kapitalis.com\/tunisie\/wp-content\/uploads\/2022\/09\/arrestation-deux.jpg","datePublished":"2023-02-25T22:01:28+00:00","dateModified":"2023-02-25T22:05:54+00:00","description":"Arr\u00eat\u00e9s jeudi dernier pour enl\u00e8vement et viol d'une \u00e9l\u00e8ve de 16 ans \u00e0 Sfax, deux individus ont \u00e9t\u00e9 plac\u00e9s en d\u00e9tention sur ordre du minist\u00e8re public.","breadcrumb":{"@id":"https:\/\/kapitalis.com\/tunisie\/2023\/02\/25\/sfax-arrestation-de-deux-individus-pour-enlevement-et-viol-dune-eleve-de-16-ans\/#breadcrumb"},"inLanguage":"fr-FR","potentialAction":[{"@type":"ReadAction","target":["https:\/\/kapitalis.com\/tunisie\/2023\/02\/25\/sfax-arrestation-de-deux-individus-pour-enlevement-et-viol-dune-eleve-de-16-ans\/"]}]},{"@type":"ImageObject","inLanguage":"fr-FR","@id":"https:\/\/kapitalis.com\/tunisie\/2023\/02\/25\/sfax-arrestation-de-deux-individus-pour-enlevement-et-viol-dune-eleve-de-16-ans\/#primaryimage","url":"https:\/\/kapitalis.com\/tunisie\/wp-content\/uploads\/2022\/09\/arrestation-deux.jpg","contentUrl":"https:\/\/kapitalis.com\/tunisie\/wp-content\/uploads\/2022\/09\/arrestation-deux.jpg","width":1200,"height":630},{"@type":"BreadcrumbList","@id":"https:\/\/kapitalis.com\/tunisie\/2023\/02\/25\/sfax-arrestation-de-deux-individus-pour-enlevement-et-viol-dune-eleve-de-16-ans\/#breadcrumb","itemListElement":[{"@type":"ListItem","position":1,"name":"Accueil","item":"https:\/\/kapitalis.com\/tunisie\/"},{"@type":"ListItem","position":2,"name":"Sfax : Arrestation de deux individus pour enl\u00e8vement et viol d&rsquo;une \u00e9l\u00e8ve de 16 ans"}]},{"@type":"WebSite","@id":"https:\/\/kapitalis.com\/tunisie\/#website","url":"https:\/\/kapitalis.com\/tunisie\/","name":"Kapitalis","description":"L&#039;actualit\u00e9 en Tunisie et dans le monde","publisher":{"@id":"https:\/\/kapitalis.com\/tunisie\/#organization"},"potentialAction":[{"@type":"SearchAction","target":{"@type":"EntryPoint","urlTemplate":"https:\/\/kapitalis.com\/tunisie\/?s={search_term_string}"},"query-input":{"@type":"PropertyValueSpecification","valueRequired":true,"valueName":"search_term_string"}}],"inLanguage":"fr-FR"},{"@type":"Organization","@id":"https:\/\/kapitalis.com\/tunisie\/#organization","name":"Kapitalis","url":"https:\/\/kapitalis.com\/tunisie\/","logo":{"@type":"ImageObject","inLanguage":"fr-FR","@id":"https:\/\/kapitalis.com\/tunisie\/#\/schema\/logo\/image\/","url":"https:\/\/kapitalis.com\/tunisie\/wp-content\/uploads\/2022\/05\/Kapitalis-big-size.png","contentUrl":"https:\/\/kapitalis.com\/tunisie\/wp-content\/uploads\/2022\/05\/Kapitalis-big-size.png","width":5000,"height":1500,"caption":"Kapitalis"},"image":{"@id":"https:\/\/kapitalis.com\/tunisie\/#\/schema\/logo\/image\/"},"sameAs":["https:\/\/www.facebook.com\/KapitalisInfo\/","https:\/\/x.com\/KapitalisInfo","https:\/\/www.youtube.com\/channel\/UC-yDYrHyfFBWWZaOw3FPg9Q"]},{"@type":"Person","@id":"https:\/\/kapitalis.com\/tunisie\/#\/schema\/person\/74bbde0154d49d790a92aaeac5bc01d5","name":"Yusra NY","url":"https:\/\/kapitalis.com\/tunisie\/author\/yuza_adam\/"}]}},"_links":{"self":[{"href":"https:\/\/kapitalis.com\/tunisie\/wp-json\/wp\/v2\/posts\/6657374","targetHints":{"allow":["GET"]}}],"collection":[{"href":"https:\/\/kapitalis.com\/tunisie\/wp-json\/wp\/v2\/posts"}],"about":[{"href":"https:\/\/kapitalis.com\/tunisie\/wp-json\/wp\/v2\/types\/post"}],"author":[{"embeddable":true,"href":"https:\/\/kapitalis.com\/tunisie\/wp-json\/wp\/v2\/users\/6"}],"replies":[{"embeddable":true,"href":"https:\/\/kapitalis.com\/tunisie\/wp-json\/wp\/v2\/comments?post=6657374"}],"version-history":[{"count":3,"href":"https:\/\/kapitalis.com\/tunisie\/wp-json\/wp\/v2\/posts\/6657374\/revisions"}],"predecessor-version":[{"id":6657441,"href":"https:\/\/kapitalis.com\/tunisie\/wp-json\/wp\/v2\/posts\/6657374\/revisions\/6657441"}],"wp:featuredmedia":[{"embeddable":true,"href":"https:\/\/kapitalis.com\/tunisie\/wp-json\/wp\/v2\/media\/4330474"}],"wp:attachment":[{"href":"https:\/\/kapitalis.com\/tunisie\/wp-json\/wp\/v2\/media?parent=6657374"}],"wp:term":[{"taxonomy":"category","embeddable":true,"href":"https:\/\/kapitalis.com\/tunisie\/wp-json\/wp\/v2\/categories?post=6657374"},{"taxonomy":"post_tag","embeddable":true,"href":"https:\/\/kapitalis.com\/tunisie\/wp-json\/wp\/v2\/tags?post=6657374"}],"curies":[{"name":"wp","href":"https:\/\/api.w.org\/{rel}","templated":true}]}}