{"id":66579,"date":"2016-09-30T10:41:16","date_gmt":"2016-09-30T09:41:16","guid":{"rendered":"http:\/\/kapitalis.com\/tunisie\/?p=66579"},"modified":"2016-09-30T11:17:57","modified_gmt":"2016-09-30T10:17:57","slug":"la-gastronomie-mexicaine-sinvite-a-tunis","status":"publish","type":"post","link":"https:\/\/kapitalis.com\/tunisie\/2016\/09\/30\/la-gastronomie-mexicaine-sinvite-a-tunis\/","title":{"rendered":"La gastronomie mexicaine s\u2019invite \u00e0 Tunis"},"content":{"rendered":"<p><img loading=\"lazy\" decoding=\"async\" class=\"alignnone size-full wp-image-66580 aligncenter\" src=\"http:\/\/kapitalis.com\/tunisie\/wp-content\/uploads\/2016\/09\/Gastronomie-mexicaine.jpg\" alt=\"gastronomie-mexicaine\" width=\"626\" height=\"380\" \/><\/p>\n<p><em><strong>Les invit\u00e9s de l\u2019ambassadeur du Mexique ont eu de la chance de savourer, jeudi soir, les petits plats piment\u00e9s ou sucr\u00e9s du chef Pablogodinez.<\/strong><\/em><\/p>\n<p>Par<strong> Zohra Abid<\/strong><\/p>\n<p><!--more--><\/p>\n<p>La semaine gastronomique mexicaine qui a d\u00e9marr\u00e9 le 26 septembre courant, \u00e0 l\u2019h\u00f4tel Golden Tulip, \u00e0 Gammarth, au nord de Tunis, prendra fin ce samedi 1er octobre.<\/p>\n<p>Les accros des plats piment\u00e9s, \u00e9pic\u00e9s et savoureux, qui n\u2019ont pas \u00e9t\u00e9 inform\u00e9s de la tenue de la semaine gastronomique mexicaine, ont encore le temps pour se rattraper et s\u2019offrir quelques d\u00e9licieux plats concoct\u00e9s par le jeune chef Pablogodinez, venu sp\u00e9cialement de Mexico pour faire d\u00e9couvrir aux Tunisiens ce qui se mange de bon dans son pays.<\/p>\n<p style=\"text-align: center;\"><img loading=\"lazy\" decoding=\"async\" class=\"alignnone size-full wp-image-66584\" src=\"http:\/\/kapitalis.com\/tunisie\/wp-content\/uploads\/2016\/09\/Ambassadeur-du-Mexique.jpg\" alt=\"ambassadeur-du-mexique\" width=\"500\" height=\"300\" \/><\/p>\n<p><strong>Laissez vos papilles s\u2019\u00e9vader !<\/strong><\/p>\n<p>Le d\u00eener officiel offert par l\u2019ambassadeur du Mexique en Tunisie, Juan Gonzalez Mijares et son \u00e9pouse, ainsi que la consule honoraire du Mexique Khadija Krifa Trabelsi, a plu aux quelques invit\u00e9s tri\u00e9s sur le volet, qui se sont pas fait prier pour se servir \u00e0 volont\u00e9. Le banquet sentait bon les tacos, les burritos, les fajitas, la canne \u00e0 sucre\u2026<\/p>\n<p>Au buffet, les recettes chaudes et froides \u00e9taient \u00e0 base de ma\u00efs, de tomate, de riz, d\u2019haricots, d\u2019avocat, de courge, de piment, de chocolat, de miel et de vanille. Les invit\u00e9s \u00e9taient s\u00e9duits et ne s\u2019en sont pas priv\u00e9s.<\/p>\n<p>Autour des tables, des hommes politiques, d\u2019anciens ministres et d\u00e9put\u00e9s, mais aussi des figures du tourisme et des m\u00e9dias. L\u2019ambassadeur Mijares, en poste \u00e0 Tunis depuis 2013, \u00e9tait ravi d\u2019accueillir tout ce beau monde autour des tables qui sentaient le parfum de son pays.<\/p>\n<p style=\"text-align: center;\"><img loading=\"lazy\" decoding=\"async\" class=\"alignnone size-full wp-image-66585\" src=\"http:\/\/kapitalis.com\/tunisie\/wp-content\/uploads\/2016\/09\/Gastronomie-Mexicaine-2.jpg\" alt=\"gastronomie-mexicaine-2\" width=\"500\" height=\"300\" \/><\/p>\n<p><strong>Au pays des mille et une \u00e9pices<\/strong><\/p>\n<p>Le diplomate mexicain \u00e9tait ravi aussi des mets d\u00e9licieux pr\u00e9par\u00e9s par le chef, qui a mis autant de soin dans la pr\u00e9paration que dans la pr\u00e9sentations des plats, concoct\u00e9s avec amour et accompagn\u00e9s d\u2019une vari\u00e9t\u00e9 de sauces, comme le guacamole, la salsa de p\u00eaches, la salsa \u00e9pic\u00e9e, le pico de gallo, la sauce pour enchiladas ou encore le mole (mot espagnol tir\u00e9 du n\u00e1huatl \u00ab<em>mulli<\/em>\u00bb).<\/p>\n<p>Ceux qui, ce soir-l\u00e0, ont choisi le poisson tomat\u00e9 et \u00e0 l\u2019oignon, les \u00e9minc\u00e9s de poulet au Marsala ou les burritos au b\u0153uf hach\u00e9 en ont redemand\u00e9, car ils \u00e9taient tellement succulents. Succulents aussi les desserts, qui \u00e9taient de tous les go\u00fbts : de la <em>\u00abtorta de cielo\u00bb<\/em> au <em>\u00abbibinkha\u00bb<\/em> en passant par le g\u00e2teau de ma\u00efs.<\/p>\n<p>Pour les invit\u00e9s, ces d\u00e9gustations \u00e9taient aussi l\u2019occasion de faire connaissance ou pour des retrouvailles \u00e9mues, autour d\u2019un banquet mexicain comme on les aime. Pour l\u2019ambassadeur du Mexique, la gastronomie a \u00e9t\u00e9 un beau pr\u00e9texte pour faire parler de son pays, assez m\u00e9connu, il est vrai, en Tunisie, mais dont les arts, la culture et les l\u00e9gendes (pas seulement r\u00e9volutionnaires) m\u00e9riteraient d\u2019\u00eatre mieux connus sous ces latitudes m\u00e9diterran\u00e9ennes.<\/p>\n","protected":false},"excerpt":{"rendered":"<p>Les invit\u00e9s de l\u2019ambassadeur du Mexique ont eu de la chance de savourer, jeudi soir, les petits plats piment\u00e9s ou sucr\u00e9s du chef Pablogodinez. Par Zohra Abid<\/p>\n","protected":false},"author":8,"featured_media":66580,"comment_status":"open","ping_status":"open","sticky":false,"template":"","format":"standard","meta":{"footnotes":""},"categories":[992,998,2433],"tags":[],"class_list":["post-66579","post","type-post","status-publish","format-standard","has-post-thumbnail","hentry","category-a-la-une","category-societe","category-tunisie"],"yoast_head":"<!-- This site is optimized with the Yoast SEO plugin v26.6 - https:\/\/yoast.com\/wordpress\/plugins\/seo\/ -->\n<title>La gastronomie mexicaine s\u2019invite \u00e0 Tunis - Kapitalis<\/title>\n<meta name=\"robots\" content=\"index, follow, max-snippet:-1, max-image-preview:large, max-video-preview:-1\" \/>\n<link rel=\"canonical\" href=\"https:\/\/kapitalis.com\/tunisie\/2016\/09\/30\/la-gastronomie-mexicaine-sinvite-a-tunis\/\" \/>\n<meta property=\"og:locale\" content=\"fr_FR\" \/>\n<meta property=\"og:type\" content=\"article\" \/>\n<meta property=\"og:title\" content=\"La gastronomie mexicaine s\u2019invite \u00e0 Tunis - Kapitalis\" \/>\n<meta property=\"og:description\" content=\"Les invit\u00e9s de l\u2019ambassadeur du Mexique ont eu de la chance de savourer, jeudi soir, les petits plats piment\u00e9s ou sucr\u00e9s du chef Pablogodinez. Par Zohra Abid\" \/>\n<meta property=\"og:url\" content=\"https:\/\/kapitalis.com\/tunisie\/2016\/09\/30\/la-gastronomie-mexicaine-sinvite-a-tunis\/\" \/>\n<meta property=\"og:site_name\" content=\"Kapitalis\" \/>\n<meta property=\"article:publisher\" content=\"https:\/\/www.facebook.com\/KapitalisInfo\/\" \/>\n<meta property=\"article:published_time\" content=\"2016-09-30T09:41:16+00:00\" \/>\n<meta property=\"article:modified_time\" content=\"2016-09-30T10:17:57+00:00\" \/>\n<meta property=\"og:image\" content=\"https:\/\/kapitalis.com\/tunisie\/wp-content\/uploads\/2022\/05\/kapitalis-logo-fb.png\" \/>\n\t<meta property=\"og:image:width\" content=\"1200\" \/>\n\t<meta property=\"og:image:height\" content=\"630\" \/>\n\t<meta property=\"og:image:type\" content=\"image\/png\" \/>\n<meta name=\"author\" content=\"webmaster kapitalis\" \/>\n<meta name=\"twitter:card\" content=\"summary_large_image\" \/>\n<meta name=\"twitter:creator\" content=\"@KapitalisInfo\" \/>\n<meta name=\"twitter:site\" content=\"@KapitalisInfo\" \/>\n<meta name=\"twitter:label1\" content=\"\u00c9crit par\" \/>\n\t<meta name=\"twitter:data1\" content=\"webmaster kapitalis\" \/>\n\t<meta name=\"twitter:label2\" content=\"Dur\u00e9e de lecture estim\u00e9e\" \/>\n\t<meta name=\"twitter:data2\" content=\"3 minutes\" \/>\n<script type=\"application\/ld+json\" class=\"yoast-schema-graph\">{\"@context\":\"https:\/\/schema.org\",\"@graph\":[{\"@type\":\"Article\",\"@id\":\"https:\/\/kapitalis.com\/tunisie\/2016\/09\/30\/la-gastronomie-mexicaine-sinvite-a-tunis\/#article\",\"isPartOf\":{\"@id\":\"https:\/\/kapitalis.com\/tunisie\/2016\/09\/30\/la-gastronomie-mexicaine-sinvite-a-tunis\/\"},\"author\":{\"name\":\"webmaster kapitalis\",\"@id\":\"https:\/\/kapitalis.com\/tunisie\/#\/schema\/person\/d71f33a9ca44f7bad4698210b480c8e9\"},\"headline\":\"La gastronomie mexicaine s\u2019invite \u00e0 Tunis\",\"datePublished\":\"2016-09-30T09:41:16+00:00\",\"dateModified\":\"2016-09-30T10:17:57+00:00\",\"mainEntityOfPage\":{\"@id\":\"https:\/\/kapitalis.com\/tunisie\/2016\/09\/30\/la-gastronomie-mexicaine-sinvite-a-tunis\/\"},\"wordCount\":516,\"commentCount\":0,\"publisher\":{\"@id\":\"https:\/\/kapitalis.com\/tunisie\/#organization\"},\"image\":{\"@id\":\"https:\/\/kapitalis.com\/tunisie\/2016\/09\/30\/la-gastronomie-mexicaine-sinvite-a-tunis\/#primaryimage\"},\"thumbnailUrl\":\"\",\"articleSection\":[\"A LA UNE\",\"SOCIETE\",\"Tunisie\"],\"inLanguage\":\"fr-FR\",\"potentialAction\":[{\"@type\":\"CommentAction\",\"name\":\"Comment\",\"target\":[\"https:\/\/kapitalis.com\/tunisie\/2016\/09\/30\/la-gastronomie-mexicaine-sinvite-a-tunis\/#respond\"]}]},{\"@type\":\"WebPage\",\"@id\":\"https:\/\/kapitalis.com\/tunisie\/2016\/09\/30\/la-gastronomie-mexicaine-sinvite-a-tunis\/\",\"url\":\"https:\/\/kapitalis.com\/tunisie\/2016\/09\/30\/la-gastronomie-mexicaine-sinvite-a-tunis\/\",\"name\":\"La gastronomie mexicaine s\u2019invite \u00e0 Tunis - Kapitalis\",\"isPartOf\":{\"@id\":\"https:\/\/kapitalis.com\/tunisie\/#website\"},\"primaryImageOfPage\":{\"@id\":\"https:\/\/kapitalis.com\/tunisie\/2016\/09\/30\/la-gastronomie-mexicaine-sinvite-a-tunis\/#primaryimage\"},\"image\":{\"@id\":\"https:\/\/kapitalis.com\/tunisie\/2016\/09\/30\/la-gastronomie-mexicaine-sinvite-a-tunis\/#primaryimage\"},\"thumbnailUrl\":\"\",\"datePublished\":\"2016-09-30T09:41:16+00:00\",\"dateModified\":\"2016-09-30T10:17:57+00:00\",\"breadcrumb\":{\"@id\":\"https:\/\/kapitalis.com\/tunisie\/2016\/09\/30\/la-gastronomie-mexicaine-sinvite-a-tunis\/#breadcrumb\"},\"inLanguage\":\"fr-FR\",\"potentialAction\":[{\"@type\":\"ReadAction\",\"target\":[\"https:\/\/kapitalis.com\/tunisie\/2016\/09\/30\/la-gastronomie-mexicaine-sinvite-a-tunis\/\"]}]},{\"@type\":\"ImageObject\",\"inLanguage\":\"fr-FR\",\"@id\":\"https:\/\/kapitalis.com\/tunisie\/2016\/09\/30\/la-gastronomie-mexicaine-sinvite-a-tunis\/#primaryimage\",\"url\":\"\",\"contentUrl\":\"\"},{\"@type\":\"BreadcrumbList\",\"@id\":\"https:\/\/kapitalis.com\/tunisie\/2016\/09\/30\/la-gastronomie-mexicaine-sinvite-a-tunis\/#breadcrumb\",\"itemListElement\":[{\"@type\":\"ListItem\",\"position\":1,\"name\":\"Accueil\",\"item\":\"https:\/\/kapitalis.com\/tunisie\/\"},{\"@type\":\"ListItem\",\"position\":2,\"name\":\"La gastronomie mexicaine s\u2019invite \u00e0 Tunis\"}]},{\"@type\":\"WebSite\",\"@id\":\"https:\/\/kapitalis.com\/tunisie\/#website\",\"url\":\"https:\/\/kapitalis.com\/tunisie\/\",\"name\":\"Kapitalis\",\"description\":\"L&#039;actualit\u00e9 en Tunisie et dans le monde\",\"publisher\":{\"@id\":\"https:\/\/kapitalis.com\/tunisie\/#organization\"},\"potentialAction\":[{\"@type\":\"SearchAction\",\"target\":{\"@type\":\"EntryPoint\",\"urlTemplate\":\"https:\/\/kapitalis.com\/tunisie\/?s={search_term_string}\"},\"query-input\":{\"@type\":\"PropertyValueSpecification\",\"valueRequired\":true,\"valueName\":\"search_term_string\"}}],\"inLanguage\":\"fr-FR\"},{\"@type\":\"Organization\",\"@id\":\"https:\/\/kapitalis.com\/tunisie\/#organization\",\"name\":\"Kapitalis\",\"url\":\"https:\/\/kapitalis.com\/tunisie\/\",\"logo\":{\"@type\":\"ImageObject\",\"inLanguage\":\"fr-FR\",\"@id\":\"https:\/\/kapitalis.com\/tunisie\/#\/schema\/logo\/image\/\",\"url\":\"https:\/\/kapitalis.com\/tunisie\/wp-content\/uploads\/2022\/05\/Kapitalis-big-size.png\",\"contentUrl\":\"https:\/\/kapitalis.com\/tunisie\/wp-content\/uploads\/2022\/05\/Kapitalis-big-size.png\",\"width\":5000,\"height\":1500,\"caption\":\"Kapitalis\"},\"image\":{\"@id\":\"https:\/\/kapitalis.com\/tunisie\/#\/schema\/logo\/image\/\"},\"sameAs\":[\"https:\/\/www.facebook.com\/KapitalisInfo\/\",\"https:\/\/x.com\/KapitalisInfo\",\"https:\/\/www.youtube.com\/channel\/UC-yDYrHyfFBWWZaOw3FPg9Q\"]},{\"@type\":\"Person\",\"@id\":\"https:\/\/kapitalis.com\/tunisie\/#\/schema\/person\/d71f33a9ca44f7bad4698210b480c8e9\",\"name\":\"webmaster kapitalis\",\"url\":\"https:\/\/kapitalis.com\/tunisie\/author\/webmaster-kapitalis\/\"}]}<\/script>\n<!-- \/ Yoast SEO plugin. -->","yoast_head_json":{"title":"La gastronomie mexicaine s\u2019invite \u00e0 Tunis - Kapitalis","robots":{"index":"index","follow":"follow","max-snippet":"max-snippet:-1","max-image-preview":"max-image-preview:large","max-video-preview":"max-video-preview:-1"},"canonical":"https:\/\/kapitalis.com\/tunisie\/2016\/09\/30\/la-gastronomie-mexicaine-sinvite-a-tunis\/","og_locale":"fr_FR","og_type":"article","og_title":"La gastronomie mexicaine s\u2019invite \u00e0 Tunis - Kapitalis","og_description":"Les invit\u00e9s de l\u2019ambassadeur du Mexique ont eu de la chance de savourer, jeudi soir, les petits plats piment\u00e9s ou sucr\u00e9s du chef Pablogodinez. Par Zohra Abid","og_url":"https:\/\/kapitalis.com\/tunisie\/2016\/09\/30\/la-gastronomie-mexicaine-sinvite-a-tunis\/","og_site_name":"Kapitalis","article_publisher":"https:\/\/www.facebook.com\/KapitalisInfo\/","article_published_time":"2016-09-30T09:41:16+00:00","article_modified_time":"2016-09-30T10:17:57+00:00","og_image":[{"width":1200,"height":630,"url":"https:\/\/kapitalis.com\/tunisie\/wp-content\/uploads\/2022\/05\/kapitalis-logo-fb.png","type":"image\/png"}],"author":"webmaster kapitalis","twitter_card":"summary_large_image","twitter_creator":"@KapitalisInfo","twitter_site":"@KapitalisInfo","twitter_misc":{"\u00c9crit par":"webmaster kapitalis","Dur\u00e9e de lecture estim\u00e9e":"3 minutes"},"schema":{"@context":"https:\/\/schema.org","@graph":[{"@type":"Article","@id":"https:\/\/kapitalis.com\/tunisie\/2016\/09\/30\/la-gastronomie-mexicaine-sinvite-a-tunis\/#article","isPartOf":{"@id":"https:\/\/kapitalis.com\/tunisie\/2016\/09\/30\/la-gastronomie-mexicaine-sinvite-a-tunis\/"},"author":{"name":"webmaster kapitalis","@id":"https:\/\/kapitalis.com\/tunisie\/#\/schema\/person\/d71f33a9ca44f7bad4698210b480c8e9"},"headline":"La gastronomie mexicaine s\u2019invite \u00e0 Tunis","datePublished":"2016-09-30T09:41:16+00:00","dateModified":"2016-09-30T10:17:57+00:00","mainEntityOfPage":{"@id":"https:\/\/kapitalis.com\/tunisie\/2016\/09\/30\/la-gastronomie-mexicaine-sinvite-a-tunis\/"},"wordCount":516,"commentCount":0,"publisher":{"@id":"https:\/\/kapitalis.com\/tunisie\/#organization"},"image":{"@id":"https:\/\/kapitalis.com\/tunisie\/2016\/09\/30\/la-gastronomie-mexicaine-sinvite-a-tunis\/#primaryimage"},"thumbnailUrl":"","articleSection":["A LA UNE","SOCIETE","Tunisie"],"inLanguage":"fr-FR","potentialAction":[{"@type":"CommentAction","name":"Comment","target":["https:\/\/kapitalis.com\/tunisie\/2016\/09\/30\/la-gastronomie-mexicaine-sinvite-a-tunis\/#respond"]}]},{"@type":"WebPage","@id":"https:\/\/kapitalis.com\/tunisie\/2016\/09\/30\/la-gastronomie-mexicaine-sinvite-a-tunis\/","url":"https:\/\/kapitalis.com\/tunisie\/2016\/09\/30\/la-gastronomie-mexicaine-sinvite-a-tunis\/","name":"La gastronomie mexicaine s\u2019invite \u00e0 Tunis - Kapitalis","isPartOf":{"@id":"https:\/\/kapitalis.com\/tunisie\/#website"},"primaryImageOfPage":{"@id":"https:\/\/kapitalis.com\/tunisie\/2016\/09\/30\/la-gastronomie-mexicaine-sinvite-a-tunis\/#primaryimage"},"image":{"@id":"https:\/\/kapitalis.com\/tunisie\/2016\/09\/30\/la-gastronomie-mexicaine-sinvite-a-tunis\/#primaryimage"},"thumbnailUrl":"","datePublished":"2016-09-30T09:41:16+00:00","dateModified":"2016-09-30T10:17:57+00:00","breadcrumb":{"@id":"https:\/\/kapitalis.com\/tunisie\/2016\/09\/30\/la-gastronomie-mexicaine-sinvite-a-tunis\/#breadcrumb"},"inLanguage":"fr-FR","potentialAction":[{"@type":"ReadAction","target":["https:\/\/kapitalis.com\/tunisie\/2016\/09\/30\/la-gastronomie-mexicaine-sinvite-a-tunis\/"]}]},{"@type":"ImageObject","inLanguage":"fr-FR","@id":"https:\/\/kapitalis.com\/tunisie\/2016\/09\/30\/la-gastronomie-mexicaine-sinvite-a-tunis\/#primaryimage","url":"","contentUrl":""},{"@type":"BreadcrumbList","@id":"https:\/\/kapitalis.com\/tunisie\/2016\/09\/30\/la-gastronomie-mexicaine-sinvite-a-tunis\/#breadcrumb","itemListElement":[{"@type":"ListItem","position":1,"name":"Accueil","item":"https:\/\/kapitalis.com\/tunisie\/"},{"@type":"ListItem","position":2,"name":"La gastronomie mexicaine s\u2019invite \u00e0 Tunis"}]},{"@type":"WebSite","@id":"https:\/\/kapitalis.com\/tunisie\/#website","url":"https:\/\/kapitalis.com\/tunisie\/","name":"Kapitalis","description":"L&#039;actualit\u00e9 en Tunisie et dans le monde","publisher":{"@id":"https:\/\/kapitalis.com\/tunisie\/#organization"},"potentialAction":[{"@type":"SearchAction","target":{"@type":"EntryPoint","urlTemplate":"https:\/\/kapitalis.com\/tunisie\/?s={search_term_string}"},"query-input":{"@type":"PropertyValueSpecification","valueRequired":true,"valueName":"search_term_string"}}],"inLanguage":"fr-FR"},{"@type":"Organization","@id":"https:\/\/kapitalis.com\/tunisie\/#organization","name":"Kapitalis","url":"https:\/\/kapitalis.com\/tunisie\/","logo":{"@type":"ImageObject","inLanguage":"fr-FR","@id":"https:\/\/kapitalis.com\/tunisie\/#\/schema\/logo\/image\/","url":"https:\/\/kapitalis.com\/tunisie\/wp-content\/uploads\/2022\/05\/Kapitalis-big-size.png","contentUrl":"https:\/\/kapitalis.com\/tunisie\/wp-content\/uploads\/2022\/05\/Kapitalis-big-size.png","width":5000,"height":1500,"caption":"Kapitalis"},"image":{"@id":"https:\/\/kapitalis.com\/tunisie\/#\/schema\/logo\/image\/"},"sameAs":["https:\/\/www.facebook.com\/KapitalisInfo\/","https:\/\/x.com\/KapitalisInfo","https:\/\/www.youtube.com\/channel\/UC-yDYrHyfFBWWZaOw3FPg9Q"]},{"@type":"Person","@id":"https:\/\/kapitalis.com\/tunisie\/#\/schema\/person\/d71f33a9ca44f7bad4698210b480c8e9","name":"webmaster kapitalis","url":"https:\/\/kapitalis.com\/tunisie\/author\/webmaster-kapitalis\/"}]}},"_links":{"self":[{"href":"https:\/\/kapitalis.com\/tunisie\/wp-json\/wp\/v2\/posts\/66579","targetHints":{"allow":["GET"]}}],"collection":[{"href":"https:\/\/kapitalis.com\/tunisie\/wp-json\/wp\/v2\/posts"}],"about":[{"href":"https:\/\/kapitalis.com\/tunisie\/wp-json\/wp\/v2\/types\/post"}],"author":[{"embeddable":true,"href":"https:\/\/kapitalis.com\/tunisie\/wp-json\/wp\/v2\/users\/8"}],"replies":[{"embeddable":true,"href":"https:\/\/kapitalis.com\/tunisie\/wp-json\/wp\/v2\/comments?post=66579"}],"version-history":[{"count":0,"href":"https:\/\/kapitalis.com\/tunisie\/wp-json\/wp\/v2\/posts\/66579\/revisions"}],"wp:featuredmedia":[{"embeddable":true,"href":"https:\/\/kapitalis.com\/tunisie\/wp-json\/wp\/v2\/media\/66580"}],"wp:attachment":[{"href":"https:\/\/kapitalis.com\/tunisie\/wp-json\/wp\/v2\/media?parent=66579"}],"wp:term":[{"taxonomy":"category","embeddable":true,"href":"https:\/\/kapitalis.com\/tunisie\/wp-json\/wp\/v2\/categories?post=66579"},{"taxonomy":"post_tag","embeddable":true,"href":"https:\/\/kapitalis.com\/tunisie\/wp-json\/wp\/v2\/tags?post=66579"}],"curies":[{"name":"wp","href":"https:\/\/api.w.org\/{rel}","templated":true}]}}