{"id":6659045,"date":"2023-02-26T06:53:35","date_gmt":"2023-02-26T05:53:35","guid":{"rendered":"https:\/\/kapitalis.com\/tunisie\/?p=6659045"},"modified":"2023-02-26T07:54:45","modified_gmt":"2023-02-26T06:54:45","slug":"le-poeme-du-dimanche-dans-ma-solitude-de-rabia-al-adawiyya","status":"publish","type":"post","link":"https:\/\/kapitalis.com\/tunisie\/2023\/02\/26\/le-poeme-du-dimanche-dans-ma-solitude-de-rabia-al-adawiyya\/","title":{"rendered":"Le po\u00e8me du dimanche\u00a0:\u2018\u2018Dans ma solitude\u2019\u2019 de Rabi\u2019a\u00a0 Al-\u2018Adawiyya"},"content":{"rendered":"\n<p><strong><em>Consid\u00e9r\u00e9e comme la premi\u00e8re femme soufie, mystique, de l\u2019islam, Rabia\u2019 Al-\u2018Adawiyya a laiss\u00e9 de nombreux po\u00e8mes, dont certains pourraient \u00eatre anonymes et lui auraient \u00e9t\u00e9 attribu\u00e9e, tant elle \u00e9tait li\u00e9e \u00e0 l\u2019imaginaire populaire, en vraie asc\u00e8te et en marge de l\u2019opulence et de la richesse affich\u00e9es en son temps.<\/em><\/strong> <em>(L&rsquo;actrice \u00e9gyptienne Nabila Abid dans le r\u00f4le de la po\u00e9tesse). <\/em><\/p>\n\n\n\n<!--more-->\n\n\n\n<p>Po\u00e8te, elle a v\u00e9cu au 8<sup>e<\/sup> si\u00e8cle (718-801) \u00e0 Bassora, en Irak, sous le Califat abbasside et devint presque une l\u00e9gende. Une multitude de chroniques rapportent anecdotes et r\u00e9cits sur elle, cr\u00e9ant toute une litt\u00e9rature la concernant. Son \u0153uvre, qui c\u00e9l\u00e8bre l\u2019amour divin, fait aujourd\u2019hui l\u2019objet de traductions, de chants, de cr\u00e9ations musicales et cin\u00e9matographiques,<\/p>\n\n\n\n<p>Quelques r\u00e9f\u00e9rences&nbsp;: <em>Chants de la recluse<\/em>, trad. de Mohammed Oudaimah et G\u00e9rard Pfister, Arfuyen, 1988; Jean Annestay, <em>Une femme soufie en islam<\/em>, <em>Rabi\u2019a al-Adawiya<\/em>, Entrelacs, 2001; Salah St\u00e9ti\u00e9, <em>Rabi\u2019a de feu et de larmes<\/em>, Albin Michel, 2015.<\/p>\n\n\n\n<p class=\"has-text-align-right\"><strong>Tahar Bekri<\/strong><\/p>\n\n\n\n<p><em>Ma paix \u00f4 mes fr\u00e8res est dans ma solitude<\/em><\/p>\n\n\n\n<p><em>Mon amour est toujours en ma pr\u00e9sence<\/em><\/p>\n\n\n\n<p><em>Je n\u2019ai trouv\u00e9 pour son amour<\/em><\/p>\n\n\n\n<p><em>Qui le remplace Son amour dans<\/em><\/p>\n\n\n\n<p><em>Les campagnes est mon \u00e9preuve<\/em><\/p>\n\n\n\n<p><em>O\u00f9 que je voie ses bienfaits<\/em><\/p>\n\n\n\n<p><em>L\u00e0 est mon mihrab* et ma qibla**<\/em><\/p>\n\n\n\n<p><em>Si je meurs d\u2019amour<\/em><\/p>\n\n\n\n<p><em>Sans qu\u2019il soit satisfait<\/em><\/p>\n\n\n\n<p><em>Et que mon impuissance<\/em><\/p>\n\n\n\n<p><em>Dans l\u2019au-del\u00e0 soit ma peine<\/em><\/p>\n\n\n\n<p><em>O M\u00e9decin du c\u0153ur&nbsp;!<\/em><\/p>\n\n\n\n<p><em>O tous mes souhaits&nbsp;!<\/em><\/p>\n\n\n\n<p><em>Sois g\u00e9n\u00e9reux d\u2019un amour<\/em><\/p>\n\n\n\n<p><em>Qui gu\u00e9risse ma flamme<\/em><\/p>\n\n\n\n<p><em>O ma joie ma vie de toujours<\/em><\/p>\n\n\n\n<p><em>Ma naissance est de toi<\/em><\/p>\n\n\n\n<p><em>Aussi mon extase<\/em><\/p>\n\n\n\n<p><em>J\u2019ai quitt\u00e9 tous les Humains<\/em><\/p>\n\n\n\n<p><em>Esp\u00e9rant de toi un amour<\/em><\/p>\n\n\n\n<p><em>Mon v\u0153u sera-t-il exauc\u00e9&nbsp;?&nbsp;&nbsp;<\/em><\/p>\n\n\n\n<p class=\"has-text-align-right\"><em>&nbsp;(Traduit de l\u2019arabe par <strong>Tahar Bekri<\/strong>)<\/em><\/p>\n\n\n\n<p><em>NDT&nbsp;:<\/em><\/p>\n\n\n\n<p><em>*niche dans la mosqu\u00e9e.<\/em><\/p>\n\n\n\n<p><em>** direction de la Mecque.<\/em><\/p>\n\n\n\n<figure class=\"wp-block-embed is-type-wp-embed is-provider-kapitalis wp-block-embed-kapitalis\"><div class=\"wp-block-embed__wrapper\">\n<blockquote class=\"wp-embedded-content\" data-secret=\"vKTewBmNBz\"><a href=\"https:\/\/kapitalis.com\/tunisie\/2021\/01\/17\/le-poeme-du-dimanche-qui-decouvrira-mes-luttes-et-mes-douleurs-dal-khansa\/\">Le po\u00e8me du dimanche : \u2018\u2018Qui d\u00e9couvrira mes luttes et mes douleurs?\u2019\u2019 d\u2019Al-Khans\u0101\u2019<\/a><\/blockquote><iframe loading=\"lazy\" class=\"wp-embedded-content\" sandbox=\"allow-scripts\" security=\"restricted\" style=\"position: absolute; clip: rect(1px, 1px, 1px, 1px);\" title=\"\u00ab\u00a0Le po\u00e8me du dimanche : \u2018\u2018Qui d\u00e9couvrira mes luttes et mes douleurs?\u2019\u2019 d\u2019Al-Khans\u0101\u2019\u00a0\u00bb &#8212; Kapitalis\" src=\"https:\/\/kapitalis.com\/tunisie\/2021\/01\/17\/le-poeme-du-dimanche-qui-decouvrira-mes-luttes-et-mes-douleurs-dal-khansa\/embed\/#?secret=rikRYg01J1#?secret=vKTewBmNBz\" data-secret=\"vKTewBmNBz\" width=\"600\" height=\"338\" frameborder=\"0\" marginwidth=\"0\" marginheight=\"0\" scrolling=\"no\"><\/iframe>\n<\/div><\/figure>\n\n\n\n<figure class=\"wp-block-embed is-type-wp-embed is-provider-kapitalis wp-block-embed-kapitalis\"><div class=\"wp-block-embed__wrapper\">\n<blockquote class=\"wp-embedded-content\" data-secret=\"sQcrmP2dMb\"><a href=\"https:\/\/kapitalis.com\/tunisie\/2022\/07\/31\/le-poeme-du-dimanche-letre-humain-est-une-auberge-de-djalal-ad-din-rumi\/\">Le po\u00e8me du dimanche : \u00abL\u2019\u00eatre humain est une auberge\u00bb de Djal\u00e2l ad-D\u00een R\u00fbm\u00ee<\/a><\/blockquote><iframe loading=\"lazy\" class=\"wp-embedded-content\" sandbox=\"allow-scripts\" security=\"restricted\" style=\"position: absolute; clip: rect(1px, 1px, 1px, 1px);\" title=\"\u00ab\u00a0Le po\u00e8me du dimanche : \u00abL\u2019\u00eatre humain est une auberge\u00bb de Djal\u00e2l ad-D\u00een R\u00fbm\u00ee\u00a0\u00bb &#8212; Kapitalis\" src=\"https:\/\/kapitalis.com\/tunisie\/2022\/07\/31\/le-poeme-du-dimanche-letre-humain-est-une-auberge-de-djalal-ad-din-rumi\/embed\/#?secret=lYGjvsMq3F#?secret=sQcrmP2dMb\" data-secret=\"sQcrmP2dMb\" width=\"600\" height=\"338\" frameborder=\"0\" marginwidth=\"0\" marginheight=\"0\" scrolling=\"no\"><\/iframe>\n<\/div><\/figure>\n","protected":false},"excerpt":{"rendered":"<p>Rabia\u2019 Al-\u2018Adawiyya est la premi\u00e8re femme soufie, mystique et po\u00e9tesse de l\u2019islam.<\/p>\n","protected":false},"author":8,"featured_media":6659062,"comment_status":"open","ping_status":"open","sticky":false,"template":"","format":"standard","meta":{"footnotes":""},"categories":[992,994],"tags":[106863,106864,106862,106865,106861,78985,21267],"class_list":["post-6659045","post","type-post","status-publish","format-standard","has-post-thumbnail","hentry","category-a-la-une","category-culture","tag-gerard-pfister","tag-jean-annestay","tag-mohammed-oudaimah","tag-nabila-abid","tag-rabia-al-adawiyya","tag-salah-stetie","tag-tahar-bekri"],"yoast_head":"<!-- This site is optimized with the Yoast SEO plugin v26.6 - https:\/\/yoast.com\/wordpress\/plugins\/seo\/ -->\n<title>Le po\u00e8me du dimanche\u00a0:\u2018\u2018Dans ma solitude\u2019\u2019 de Rabi\u2019a\u00a0 Al-\u2018Adawiyya - Kapitalis<\/title>\n<meta name=\"robots\" content=\"index, follow, max-snippet:-1, max-image-preview:large, max-video-preview:-1\" \/>\n<link rel=\"canonical\" href=\"https:\/\/kapitalis.com\/tunisie\/2023\/02\/26\/le-poeme-du-dimanche-dans-ma-solitude-de-rabia-al-adawiyya\/\" \/>\n<meta property=\"og:locale\" content=\"fr_FR\" \/>\n<meta property=\"og:type\" content=\"article\" \/>\n<meta property=\"og:title\" content=\"Le po\u00e8me du dimanche\u00a0:\u2018\u2018Dans ma solitude\u2019\u2019 de Rabi\u2019a\u00a0 Al-\u2018Adawiyya - Kapitalis\" \/>\n<meta property=\"og:description\" content=\"Rabia\u2019 Al-\u2018Adawiyya est la premi\u00e8re femme soufie, mystique et po\u00e9tesse de l\u2019islam.\" \/>\n<meta property=\"og:url\" content=\"https:\/\/kapitalis.com\/tunisie\/2023\/02\/26\/le-poeme-du-dimanche-dans-ma-solitude-de-rabia-al-adawiyya\/\" \/>\n<meta property=\"og:site_name\" content=\"Kapitalis\" \/>\n<meta property=\"article:publisher\" content=\"https:\/\/www.facebook.com\/KapitalisInfo\/\" \/>\n<meta property=\"article:published_time\" content=\"2023-02-26T05:53:35+00:00\" \/>\n<meta property=\"article:modified_time\" content=\"2023-02-26T06:54:45+00:00\" \/>\n<meta property=\"og:image\" content=\"https:\/\/kapitalis.com\/tunisie\/wp-content\/uploads\/2023\/02\/Nabila-Abid-Rabia-Adawiya.jpg\" \/>\n\t<meta property=\"og:image:width\" content=\"1200\" \/>\n\t<meta property=\"og:image:height\" content=\"630\" \/>\n\t<meta property=\"og:image:type\" content=\"image\/jpeg\" \/>\n<meta name=\"author\" content=\"webmaster kapitalis\" \/>\n<meta name=\"twitter:card\" content=\"summary_large_image\" \/>\n<meta name=\"twitter:creator\" content=\"@KapitalisInfo\" \/>\n<meta name=\"twitter:site\" content=\"@KapitalisInfo\" \/>\n<meta name=\"twitter:label1\" content=\"\u00c9crit par\" \/>\n\t<meta name=\"twitter:data1\" content=\"webmaster kapitalis\" \/>\n\t<meta name=\"twitter:label2\" content=\"Dur\u00e9e de lecture estim\u00e9e\" \/>\n\t<meta name=\"twitter:data2\" content=\"2 minutes\" \/>\n<script type=\"application\/ld+json\" class=\"yoast-schema-graph\">{\"@context\":\"https:\/\/schema.org\",\"@graph\":[{\"@type\":\"Article\",\"@id\":\"https:\/\/kapitalis.com\/tunisie\/2023\/02\/26\/le-poeme-du-dimanche-dans-ma-solitude-de-rabia-al-adawiyya\/#article\",\"isPartOf\":{\"@id\":\"https:\/\/kapitalis.com\/tunisie\/2023\/02\/26\/le-poeme-du-dimanche-dans-ma-solitude-de-rabia-al-adawiyya\/\"},\"author\":{\"name\":\"webmaster kapitalis\",\"@id\":\"https:\/\/kapitalis.com\/tunisie\/#\/schema\/person\/d71f33a9ca44f7bad4698210b480c8e9\"},\"headline\":\"Le po\u00e8me du dimanche\u00a0:\u2018\u2018Dans ma solitude\u2019\u2019 de Rabi\u2019a\u00a0 Al-\u2018Adawiyya\",\"datePublished\":\"2023-02-26T05:53:35+00:00\",\"dateModified\":\"2023-02-26T06:54:45+00:00\",\"mainEntityOfPage\":{\"@id\":\"https:\/\/kapitalis.com\/tunisie\/2023\/02\/26\/le-poeme-du-dimanche-dans-ma-solitude-de-rabia-al-adawiyya\/\"},\"wordCount\":352,\"commentCount\":0,\"publisher\":{\"@id\":\"https:\/\/kapitalis.com\/tunisie\/#organization\"},\"image\":{\"@id\":\"https:\/\/kapitalis.com\/tunisie\/2023\/02\/26\/le-poeme-du-dimanche-dans-ma-solitude-de-rabia-al-adawiyya\/#primaryimage\"},\"thumbnailUrl\":\"https:\/\/kapitalis.com\/tunisie\/wp-content\/uploads\/2023\/02\/Nabila-Abid-Rabia-Adawiya.jpg\",\"keywords\":[\"G\u00e9rard Pfister\",\"Jean Annestay\",\"Mohammed Oudaimah\",\"Nabila Abid\",\"Rabi\u2019a\u00a0 Al-\u2018Adawiyya\",\"Salah St\u00e9ti\u00e9\",\"Tahar Bekri\"],\"articleSection\":[\"A LA UNE\",\"CULTURE\"],\"inLanguage\":\"fr-FR\",\"potentialAction\":[{\"@type\":\"CommentAction\",\"name\":\"Comment\",\"target\":[\"https:\/\/kapitalis.com\/tunisie\/2023\/02\/26\/le-poeme-du-dimanche-dans-ma-solitude-de-rabia-al-adawiyya\/#respond\"]}]},{\"@type\":\"WebPage\",\"@id\":\"https:\/\/kapitalis.com\/tunisie\/2023\/02\/26\/le-poeme-du-dimanche-dans-ma-solitude-de-rabia-al-adawiyya\/\",\"url\":\"https:\/\/kapitalis.com\/tunisie\/2023\/02\/26\/le-poeme-du-dimanche-dans-ma-solitude-de-rabia-al-adawiyya\/\",\"name\":\"Le po\u00e8me du dimanche\u00a0:\u2018\u2018Dans ma solitude\u2019\u2019 de Rabi\u2019a\u00a0 Al-\u2018Adawiyya - Kapitalis\",\"isPartOf\":{\"@id\":\"https:\/\/kapitalis.com\/tunisie\/#website\"},\"primaryImageOfPage\":{\"@id\":\"https:\/\/kapitalis.com\/tunisie\/2023\/02\/26\/le-poeme-du-dimanche-dans-ma-solitude-de-rabia-al-adawiyya\/#primaryimage\"},\"image\":{\"@id\":\"https:\/\/kapitalis.com\/tunisie\/2023\/02\/26\/le-poeme-du-dimanche-dans-ma-solitude-de-rabia-al-adawiyya\/#primaryimage\"},\"thumbnailUrl\":\"https:\/\/kapitalis.com\/tunisie\/wp-content\/uploads\/2023\/02\/Nabila-Abid-Rabia-Adawiya.jpg\",\"datePublished\":\"2023-02-26T05:53:35+00:00\",\"dateModified\":\"2023-02-26T06:54:45+00:00\",\"breadcrumb\":{\"@id\":\"https:\/\/kapitalis.com\/tunisie\/2023\/02\/26\/le-poeme-du-dimanche-dans-ma-solitude-de-rabia-al-adawiyya\/#breadcrumb\"},\"inLanguage\":\"fr-FR\",\"potentialAction\":[{\"@type\":\"ReadAction\",\"target\":[\"https:\/\/kapitalis.com\/tunisie\/2023\/02\/26\/le-poeme-du-dimanche-dans-ma-solitude-de-rabia-al-adawiyya\/\"]}]},{\"@type\":\"ImageObject\",\"inLanguage\":\"fr-FR\",\"@id\":\"https:\/\/kapitalis.com\/tunisie\/2023\/02\/26\/le-poeme-du-dimanche-dans-ma-solitude-de-rabia-al-adawiyya\/#primaryimage\",\"url\":\"https:\/\/kapitalis.com\/tunisie\/wp-content\/uploads\/2023\/02\/Nabila-Abid-Rabia-Adawiya.jpg\",\"contentUrl\":\"https:\/\/kapitalis.com\/tunisie\/wp-content\/uploads\/2023\/02\/Nabila-Abid-Rabia-Adawiya.jpg\",\"width\":1200,\"height\":630},{\"@type\":\"BreadcrumbList\",\"@id\":\"https:\/\/kapitalis.com\/tunisie\/2023\/02\/26\/le-poeme-du-dimanche-dans-ma-solitude-de-rabia-al-adawiyya\/#breadcrumb\",\"itemListElement\":[{\"@type\":\"ListItem\",\"position\":1,\"name\":\"Accueil\",\"item\":\"https:\/\/kapitalis.com\/tunisie\/\"},{\"@type\":\"ListItem\",\"position\":2,\"name\":\"Le po\u00e8me du dimanche\u00a0:\u2018\u2018Dans ma solitude\u2019\u2019 de Rabi\u2019a\u00a0 Al-\u2018Adawiyya\"}]},{\"@type\":\"WebSite\",\"@id\":\"https:\/\/kapitalis.com\/tunisie\/#website\",\"url\":\"https:\/\/kapitalis.com\/tunisie\/\",\"name\":\"Kapitalis\",\"description\":\"L&#039;actualit\u00e9 en Tunisie et dans le monde\",\"publisher\":{\"@id\":\"https:\/\/kapitalis.com\/tunisie\/#organization\"},\"potentialAction\":[{\"@type\":\"SearchAction\",\"target\":{\"@type\":\"EntryPoint\",\"urlTemplate\":\"https:\/\/kapitalis.com\/tunisie\/?s={search_term_string}\"},\"query-input\":{\"@type\":\"PropertyValueSpecification\",\"valueRequired\":true,\"valueName\":\"search_term_string\"}}],\"inLanguage\":\"fr-FR\"},{\"@type\":\"Organization\",\"@id\":\"https:\/\/kapitalis.com\/tunisie\/#organization\",\"name\":\"Kapitalis\",\"url\":\"https:\/\/kapitalis.com\/tunisie\/\",\"logo\":{\"@type\":\"ImageObject\",\"inLanguage\":\"fr-FR\",\"@id\":\"https:\/\/kapitalis.com\/tunisie\/#\/schema\/logo\/image\/\",\"url\":\"https:\/\/kapitalis.com\/tunisie\/wp-content\/uploads\/2022\/05\/Kapitalis-big-size.png\",\"contentUrl\":\"https:\/\/kapitalis.com\/tunisie\/wp-content\/uploads\/2022\/05\/Kapitalis-big-size.png\",\"width\":5000,\"height\":1500,\"caption\":\"Kapitalis\"},\"image\":{\"@id\":\"https:\/\/kapitalis.com\/tunisie\/#\/schema\/logo\/image\/\"},\"sameAs\":[\"https:\/\/www.facebook.com\/KapitalisInfo\/\",\"https:\/\/x.com\/KapitalisInfo\",\"https:\/\/www.youtube.com\/channel\/UC-yDYrHyfFBWWZaOw3FPg9Q\"]},{\"@type\":\"Person\",\"@id\":\"https:\/\/kapitalis.com\/tunisie\/#\/schema\/person\/d71f33a9ca44f7bad4698210b480c8e9\",\"name\":\"webmaster kapitalis\",\"url\":\"https:\/\/kapitalis.com\/tunisie\/author\/webmaster-kapitalis\/\"}]}<\/script>\n<!-- \/ Yoast SEO plugin. -->","yoast_head_json":{"title":"Le po\u00e8me du dimanche\u00a0:\u2018\u2018Dans ma solitude\u2019\u2019 de Rabi\u2019a\u00a0 Al-\u2018Adawiyya - Kapitalis","robots":{"index":"index","follow":"follow","max-snippet":"max-snippet:-1","max-image-preview":"max-image-preview:large","max-video-preview":"max-video-preview:-1"},"canonical":"https:\/\/kapitalis.com\/tunisie\/2023\/02\/26\/le-poeme-du-dimanche-dans-ma-solitude-de-rabia-al-adawiyya\/","og_locale":"fr_FR","og_type":"article","og_title":"Le po\u00e8me du dimanche\u00a0:\u2018\u2018Dans ma solitude\u2019\u2019 de Rabi\u2019a\u00a0 Al-\u2018Adawiyya - Kapitalis","og_description":"Rabia\u2019 Al-\u2018Adawiyya est la premi\u00e8re femme soufie, mystique et po\u00e9tesse de l\u2019islam.","og_url":"https:\/\/kapitalis.com\/tunisie\/2023\/02\/26\/le-poeme-du-dimanche-dans-ma-solitude-de-rabia-al-adawiyya\/","og_site_name":"Kapitalis","article_publisher":"https:\/\/www.facebook.com\/KapitalisInfo\/","article_published_time":"2023-02-26T05:53:35+00:00","article_modified_time":"2023-02-26T06:54:45+00:00","og_image":[{"width":1200,"height":630,"url":"https:\/\/kapitalis.com\/tunisie\/wp-content\/uploads\/2023\/02\/Nabila-Abid-Rabia-Adawiya.jpg","type":"image\/jpeg"}],"author":"webmaster kapitalis","twitter_card":"summary_large_image","twitter_creator":"@KapitalisInfo","twitter_site":"@KapitalisInfo","twitter_misc":{"\u00c9crit par":"webmaster kapitalis","Dur\u00e9e de lecture estim\u00e9e":"2 minutes"},"schema":{"@context":"https:\/\/schema.org","@graph":[{"@type":"Article","@id":"https:\/\/kapitalis.com\/tunisie\/2023\/02\/26\/le-poeme-du-dimanche-dans-ma-solitude-de-rabia-al-adawiyya\/#article","isPartOf":{"@id":"https:\/\/kapitalis.com\/tunisie\/2023\/02\/26\/le-poeme-du-dimanche-dans-ma-solitude-de-rabia-al-adawiyya\/"},"author":{"name":"webmaster kapitalis","@id":"https:\/\/kapitalis.com\/tunisie\/#\/schema\/person\/d71f33a9ca44f7bad4698210b480c8e9"},"headline":"Le po\u00e8me du dimanche\u00a0:\u2018\u2018Dans ma solitude\u2019\u2019 de Rabi\u2019a\u00a0 Al-\u2018Adawiyya","datePublished":"2023-02-26T05:53:35+00:00","dateModified":"2023-02-26T06:54:45+00:00","mainEntityOfPage":{"@id":"https:\/\/kapitalis.com\/tunisie\/2023\/02\/26\/le-poeme-du-dimanche-dans-ma-solitude-de-rabia-al-adawiyya\/"},"wordCount":352,"commentCount":0,"publisher":{"@id":"https:\/\/kapitalis.com\/tunisie\/#organization"},"image":{"@id":"https:\/\/kapitalis.com\/tunisie\/2023\/02\/26\/le-poeme-du-dimanche-dans-ma-solitude-de-rabia-al-adawiyya\/#primaryimage"},"thumbnailUrl":"https:\/\/kapitalis.com\/tunisie\/wp-content\/uploads\/2023\/02\/Nabila-Abid-Rabia-Adawiya.jpg","keywords":["G\u00e9rard Pfister","Jean Annestay","Mohammed Oudaimah","Nabila Abid","Rabi\u2019a\u00a0 Al-\u2018Adawiyya","Salah St\u00e9ti\u00e9","Tahar Bekri"],"articleSection":["A LA UNE","CULTURE"],"inLanguage":"fr-FR","potentialAction":[{"@type":"CommentAction","name":"Comment","target":["https:\/\/kapitalis.com\/tunisie\/2023\/02\/26\/le-poeme-du-dimanche-dans-ma-solitude-de-rabia-al-adawiyya\/#respond"]}]},{"@type":"WebPage","@id":"https:\/\/kapitalis.com\/tunisie\/2023\/02\/26\/le-poeme-du-dimanche-dans-ma-solitude-de-rabia-al-adawiyya\/","url":"https:\/\/kapitalis.com\/tunisie\/2023\/02\/26\/le-poeme-du-dimanche-dans-ma-solitude-de-rabia-al-adawiyya\/","name":"Le po\u00e8me du dimanche\u00a0:\u2018\u2018Dans ma solitude\u2019\u2019 de Rabi\u2019a\u00a0 Al-\u2018Adawiyya - Kapitalis","isPartOf":{"@id":"https:\/\/kapitalis.com\/tunisie\/#website"},"primaryImageOfPage":{"@id":"https:\/\/kapitalis.com\/tunisie\/2023\/02\/26\/le-poeme-du-dimanche-dans-ma-solitude-de-rabia-al-adawiyya\/#primaryimage"},"image":{"@id":"https:\/\/kapitalis.com\/tunisie\/2023\/02\/26\/le-poeme-du-dimanche-dans-ma-solitude-de-rabia-al-adawiyya\/#primaryimage"},"thumbnailUrl":"https:\/\/kapitalis.com\/tunisie\/wp-content\/uploads\/2023\/02\/Nabila-Abid-Rabia-Adawiya.jpg","datePublished":"2023-02-26T05:53:35+00:00","dateModified":"2023-02-26T06:54:45+00:00","breadcrumb":{"@id":"https:\/\/kapitalis.com\/tunisie\/2023\/02\/26\/le-poeme-du-dimanche-dans-ma-solitude-de-rabia-al-adawiyya\/#breadcrumb"},"inLanguage":"fr-FR","potentialAction":[{"@type":"ReadAction","target":["https:\/\/kapitalis.com\/tunisie\/2023\/02\/26\/le-poeme-du-dimanche-dans-ma-solitude-de-rabia-al-adawiyya\/"]}]},{"@type":"ImageObject","inLanguage":"fr-FR","@id":"https:\/\/kapitalis.com\/tunisie\/2023\/02\/26\/le-poeme-du-dimanche-dans-ma-solitude-de-rabia-al-adawiyya\/#primaryimage","url":"https:\/\/kapitalis.com\/tunisie\/wp-content\/uploads\/2023\/02\/Nabila-Abid-Rabia-Adawiya.jpg","contentUrl":"https:\/\/kapitalis.com\/tunisie\/wp-content\/uploads\/2023\/02\/Nabila-Abid-Rabia-Adawiya.jpg","width":1200,"height":630},{"@type":"BreadcrumbList","@id":"https:\/\/kapitalis.com\/tunisie\/2023\/02\/26\/le-poeme-du-dimanche-dans-ma-solitude-de-rabia-al-adawiyya\/#breadcrumb","itemListElement":[{"@type":"ListItem","position":1,"name":"Accueil","item":"https:\/\/kapitalis.com\/tunisie\/"},{"@type":"ListItem","position":2,"name":"Le po\u00e8me du dimanche\u00a0:\u2018\u2018Dans ma solitude\u2019\u2019 de Rabi\u2019a\u00a0 Al-\u2018Adawiyya"}]},{"@type":"WebSite","@id":"https:\/\/kapitalis.com\/tunisie\/#website","url":"https:\/\/kapitalis.com\/tunisie\/","name":"Kapitalis","description":"L&#039;actualit\u00e9 en Tunisie et dans le monde","publisher":{"@id":"https:\/\/kapitalis.com\/tunisie\/#organization"},"potentialAction":[{"@type":"SearchAction","target":{"@type":"EntryPoint","urlTemplate":"https:\/\/kapitalis.com\/tunisie\/?s={search_term_string}"},"query-input":{"@type":"PropertyValueSpecification","valueRequired":true,"valueName":"search_term_string"}}],"inLanguage":"fr-FR"},{"@type":"Organization","@id":"https:\/\/kapitalis.com\/tunisie\/#organization","name":"Kapitalis","url":"https:\/\/kapitalis.com\/tunisie\/","logo":{"@type":"ImageObject","inLanguage":"fr-FR","@id":"https:\/\/kapitalis.com\/tunisie\/#\/schema\/logo\/image\/","url":"https:\/\/kapitalis.com\/tunisie\/wp-content\/uploads\/2022\/05\/Kapitalis-big-size.png","contentUrl":"https:\/\/kapitalis.com\/tunisie\/wp-content\/uploads\/2022\/05\/Kapitalis-big-size.png","width":5000,"height":1500,"caption":"Kapitalis"},"image":{"@id":"https:\/\/kapitalis.com\/tunisie\/#\/schema\/logo\/image\/"},"sameAs":["https:\/\/www.facebook.com\/KapitalisInfo\/","https:\/\/x.com\/KapitalisInfo","https:\/\/www.youtube.com\/channel\/UC-yDYrHyfFBWWZaOw3FPg9Q"]},{"@type":"Person","@id":"https:\/\/kapitalis.com\/tunisie\/#\/schema\/person\/d71f33a9ca44f7bad4698210b480c8e9","name":"webmaster kapitalis","url":"https:\/\/kapitalis.com\/tunisie\/author\/webmaster-kapitalis\/"}]}},"_links":{"self":[{"href":"https:\/\/kapitalis.com\/tunisie\/wp-json\/wp\/v2\/posts\/6659045","targetHints":{"allow":["GET"]}}],"collection":[{"href":"https:\/\/kapitalis.com\/tunisie\/wp-json\/wp\/v2\/posts"}],"about":[{"href":"https:\/\/kapitalis.com\/tunisie\/wp-json\/wp\/v2\/types\/post"}],"author":[{"embeddable":true,"href":"https:\/\/kapitalis.com\/tunisie\/wp-json\/wp\/v2\/users\/8"}],"replies":[{"embeddable":true,"href":"https:\/\/kapitalis.com\/tunisie\/wp-json\/wp\/v2\/comments?post=6659045"}],"version-history":[{"count":4,"href":"https:\/\/kapitalis.com\/tunisie\/wp-json\/wp\/v2\/posts\/6659045\/revisions"}],"predecessor-version":[{"id":6659592,"href":"https:\/\/kapitalis.com\/tunisie\/wp-json\/wp\/v2\/posts\/6659045\/revisions\/6659592"}],"wp:featuredmedia":[{"embeddable":true,"href":"https:\/\/kapitalis.com\/tunisie\/wp-json\/wp\/v2\/media\/6659062"}],"wp:attachment":[{"href":"https:\/\/kapitalis.com\/tunisie\/wp-json\/wp\/v2\/media?parent=6659045"}],"wp:term":[{"taxonomy":"category","embeddable":true,"href":"https:\/\/kapitalis.com\/tunisie\/wp-json\/wp\/v2\/categories?post=6659045"},{"taxonomy":"post_tag","embeddable":true,"href":"https:\/\/kapitalis.com\/tunisie\/wp-json\/wp\/v2\/tags?post=6659045"}],"curies":[{"name":"wp","href":"https:\/\/api.w.org\/{rel}","templated":true}]}}