{"id":6663061,"date":"2023-02-26T10:10:44","date_gmt":"2023-02-26T09:10:44","guid":{"rendered":"https:\/\/kapitalis.com\/tunisie\/?p=6663061"},"modified":"2023-02-26T10:11:21","modified_gmt":"2023-02-26T09:11:21","slug":"tunisie-abir-moussi-et-les-destouriens-dans-le-collimateur-de-la-police","status":"publish","type":"post","link":"https:\/\/kapitalis.com\/tunisie\/2023\/02\/26\/tunisie-abir-moussi-et-les-destouriens-dans-le-collimateur-de-la-police\/","title":{"rendered":"Tunisie\u00a0: Abir Moussi et les Destouriens dans le collimateur de la police"},"content":{"rendered":"\n<p><strong><em>La police tunisienne continue de pers\u00e9cuter Abir Moussi et les partisans du Parti destourien libre (PDL) dont le seul \u00abcrime\u00bb est de manifester pacifiquement contre les repr\u00e9sentants de l\u2019extr\u00e9misme religieux en Tunisie. Dans l\u2019impunit\u00e9 totale&#8230;<\/em><\/strong> <em>(Illustration : des manifestantes du PDL contre le congr\u00e8s de Hizb Ettahrir).<\/em> <\/p>\n\n\n\n<p>Par <strong>Lassa\u00e2d Bouazzi<\/strong> *<\/p>\n\n\n\n<!--more-->\n\n\n<div class=\"wp-block-image\">\n<figure class=\"alignleft size-full\"><img loading=\"lazy\" decoding=\"async\" width=\"200\" height=\"200\" src=\"https:\/\/kapitalis.com\/tunisie\/wp-content\/uploads\/2023\/02\/Lassaad-Bouazzi.jpg\" alt=\"\" class=\"wp-image-6663215\" srcset=\"https:\/\/kapitalis.com\/tunisie\/wp-content\/uploads\/2023\/02\/Lassaad-Bouazzi.jpg 200w, https:\/\/kapitalis.com\/tunisie\/wp-content\/uploads\/2023\/02\/Lassaad-Bouazzi-150x150.jpg 150w, https:\/\/kapitalis.com\/tunisie\/wp-content\/uploads\/2023\/02\/Lassaad-Bouazzi-120x120.jpg 120w\" sizes=\"auto, (max-width: 200px) 100vw, 200px\" \/><\/figure>\n<\/div>\n\n\n<p>Hier, samedi 25 f\u00e9vrier 2023, Abir Moussi et des membres du bureau politique du Parti destourien libre (PDL) ont subi un traitement inhumain, cruel et d\u00e9gradant par une police suppos\u00e9e \u00eatre r\u00e9publicaine en raison de leur protestation contre la tenue du septi\u00e8me congr\u00e8s de Hizb Ettahrir (ou Hizb Ut-Tahrir) \u00e0 l\u2019Ariana.<\/p>\n\n\n\n<p>Fid\u00e8le \u00e0 sa m\u00e9thode provocatrice, ce parti, branche du mouvement panislamiste, a tenu son congr\u00e8s sous le th\u00e8me <em>\u00abChute de l\u2019Etat progressiste, la solution est dans l\u2019Etat califal\u00bb<\/em>.<\/p>\n\n\n\n<p>Le PDL qui a protest\u00e9, dans le calme, contre ce parti qui d\u00e9fie l\u2019Etat civil et pr\u00f4ne le califat a \u00e9t\u00e9 pers\u00e9cut\u00e9 par la police qui fait fi de tout droit lors de son intervention contre les protestataires.<\/p>\n\n\n\n<p>Il est \u00e0 noter dans ce cadre que le droit international et notamment celui des droits de l\u2019homme \u00e9tablit des normes pour la conduite de la police et exige que les autorit\u00e9s respectent les droits fondamentaux des personnes, y compris le droit \u00e0 la vie, \u00e0 la libert\u00e9 et \u00e0 la s\u00e9curit\u00e9, le droit \u00e0 un proc\u00e8s \u00e9quitable, le droit \u00e0 la libert\u00e9 d\u2019expression et le droit de ne pas \u00eatre soumis \u00e0 la torture ou \u00e0 des traitements cruels, inhumains ou d\u00e9gradants.<\/p>\n\n\n\n<p>En outre, l\u2019article 3 de la D\u00e9claration universelle des droits de l\u2019homme dispose que <em>\u00abTout individu a droit \u00e0 la vie, \u00e0 la libert\u00e9 et \u00e0 la s\u00fbret\u00e9 de sa personne\u00bb<\/em> et que <em>\u00abNul ne sera soumis \u00e0 la torture ni \u00e0 des peines ou traitements cruels, inhumains ou d\u00e9gradants\u00bb<\/em>. Cet article \u00e9tablit clairement que chaque individu a droit \u00e0 la s\u00e9curit\u00e9 et \u00e0 la protection de la police contre la pers\u00e9cution.<\/p>\n\n\n\n<p>L\u2019article 9 du Pacte international relatif aux droits civils et politiques dispose que <em>\u00abTout individu a droit \u00e0 la libert\u00e9 et \u00e0 la s\u00e9curit\u00e9 de sa personne\u00bb <\/em>et que<em> \u00abNul ne peut \u00eatre soumis \u00e0 une arrestation ou \u00e0 une d\u00e9tention arbitraire\u00bb<\/em>. Cet article garantit que la police ne peut pas pers\u00e9cuter des personnes sans motifs raisonnables ou sans proc\u00e9dure r\u00e9guli\u00e8re.<\/p>\n\n\n<div class=\"wp-block-image\">\n<figure class=\"aligncenter size-large is-resized\"><img decoding=\"async\" src=\"https:\/\/kapitalis.com\/tunisie\/wp-content\/uploads\/2023\/02\/Manif-PDL-Hizb-Ettahrir-1024x538.jpg\" alt=\"\" class=\"wp-image-6663403\" width=\"600\" srcset=\"https:\/\/kapitalis.com\/tunisie\/wp-content\/uploads\/2023\/02\/Manif-PDL-Hizb-Ettahrir-1024x538.jpg 1024w, https:\/\/kapitalis.com\/tunisie\/wp-content\/uploads\/2023\/02\/Manif-PDL-Hizb-Ettahrir-300x158.jpg 300w, https:\/\/kapitalis.com\/tunisie\/wp-content\/uploads\/2023\/02\/Manif-PDL-Hizb-Ettahrir-768x403.jpg 768w, https:\/\/kapitalis.com\/tunisie\/wp-content\/uploads\/2023\/02\/Manif-PDL-Hizb-Ettahrir-580x305.jpg 580w, https:\/\/kapitalis.com\/tunisie\/wp-content\/uploads\/2023\/02\/Manif-PDL-Hizb-Ettahrir-860x452.jpg 860w, https:\/\/kapitalis.com\/tunisie\/wp-content\/uploads\/2023\/02\/Manif-PDL-Hizb-Ettahrir-1160x609.jpg 1160w, https:\/\/kapitalis.com\/tunisie\/wp-content\/uploads\/2023\/02\/Manif-PDL-Hizb-Ettahrir.jpg 1200w\" sizes=\"(max-width: 1024px) 100vw, 1024px\" \/><figcaption class=\"wp-element-caption\"><em>Manifestants du PDL bouscul\u00e9s par la police devant le si\u00e8ge de Hizb Ettahrir. <\/em><\/figcaption><\/figure>\n<\/div>\n\n\n<p>L\u2019article 10 de la Convention europ\u00e9enne des droits de l\u2019homme dispose que <em>\u00abToute personne a droit \u00e0 la libert\u00e9 d\u2019expression\u00bb<\/em>. Cet article prot\u00e8ge la libert\u00e9 de chacun de critiquer les actions de la police et de signaler les abus \u00e9ventuels.<\/p>\n\n\n\n<p>L\u2019article 2 de la Convention contre la torture et autres peines ou traitements cruels, inhumains ou d\u00e9gradants interdit explicitement la torture et les mauvais traitements. Cette convention oblige les \u00c9tats parties \u00e0 prendre des mesures pour pr\u00e9venir la torture et \u00e0 enqu\u00eater sur les all\u00e9gations de torture et \u00e0 poursuivre les auteurs.<\/p>\n\n\n\n<p>Ces articles sont des exemples parmi d\u2019autres de la protection des droits de l\u2019homme et des libert\u00e9s fondamentales dans le droit international. Ils montrent clairement que le droit international interdit la pers\u00e9cution par la police de ses concitoyens et garantit la protection des individus contre les abus de pouvoir des autorit\u00e9s.<\/p>\n\n\n\n<p>Il est a signaler dans ce cadre que dans le cas o\u00f9 une police pers\u00e9cuterait ses concitoyens, il pourrait y avoir des mesures internationales pour tenir les responsables de ces actes en compte et obtenir r\u00e9paration pour les victimes. Ces mesures pourraient inclure des enqu\u00eates, des poursuites p\u00e9nales et des sanctions internationales telles que des restrictions sur les voyages ou les avoirs financiers. <\/p>\n\n\n\n<p><em>* Officier retrait\u00e9 de la marine nationale tunisienne.<\/em><\/p>\n\n\n\n<figure class=\"wp-block-embed is-type-wp-embed is-provider-kapitalis wp-block-embed-kapitalis\"><div class=\"wp-block-embed__wrapper\">\n<blockquote class=\"wp-embedded-content\" data-secret=\"ChYd0ccogX\"><a href=\"https:\/\/kapitalis.com\/tunisie\/2023\/02\/26\/la-veritable-menace-qui-pese-sur-la-tunisie\/\">La v\u00e9ritable menace qui p\u00e8se sur la Tunisie\u00a0<\/a><\/blockquote><iframe loading=\"lazy\" class=\"wp-embedded-content\" sandbox=\"allow-scripts\" security=\"restricted\" style=\"position: absolute; clip: rect(1px, 1px, 1px, 1px);\" title=\"\u00ab\u00a0La v\u00e9ritable menace qui p\u00e8se sur la Tunisie\u00a0\u00a0\u00bb &#8212; Kapitalis\" src=\"https:\/\/kapitalis.com\/tunisie\/2023\/02\/26\/la-veritable-menace-qui-pese-sur-la-tunisie\/embed\/#?secret=Vf2eysgRe3#?secret=ChYd0ccogX\" data-secret=\"ChYd0ccogX\" width=\"600\" height=\"338\" frameborder=\"0\" marginwidth=\"0\" marginheight=\"0\" scrolling=\"no\"><\/iframe>\n<\/div><\/figure>\n","protected":false},"excerpt":{"rendered":"<p>La police tunisienne continue de pers\u00e9cuter Abir Moussi et les partisans du PDL. <\/p>\n","protected":false},"author":8,"featured_media":6663337,"comment_status":"open","ping_status":"open","sticky":false,"template":"","format":"standard","meta":{"footnotes":""},"categories":[992,997,1000,2433],"tags":[15144,49543,2017,106138,106871,23927,62643],"class_list":["post-6663061","post","type-post","status-publish","format-standard","has-post-thumbnail","hentry","category-a-la-une","category-politique","category-tribune","category-tunisie","tag-abir-moussi","tag-ennahdha","tag-hizb-ettahrir","tag-hizb-ut-tahrir","tag-lassaad-bouazzi","tag-parti-destourien-libre","tag-tunisie"],"yoast_head":"<!-- This site is optimized with the Yoast SEO plugin v26.6 - https:\/\/yoast.com\/wordpress\/plugins\/seo\/ -->\n<title>Tunisie\u00a0: Abir Moussi et les Destouriens dans le collimateur de la police - Kapitalis<\/title>\n<meta name=\"robots\" content=\"index, follow, max-snippet:-1, max-image-preview:large, max-video-preview:-1\" \/>\n<link rel=\"canonical\" href=\"https:\/\/kapitalis.com\/tunisie\/2023\/02\/26\/tunisie-abir-moussi-et-les-destouriens-dans-le-collimateur-de-la-police\/\" \/>\n<meta property=\"og:locale\" content=\"fr_FR\" \/>\n<meta property=\"og:type\" content=\"article\" \/>\n<meta property=\"og:title\" content=\"Tunisie\u00a0: Abir Moussi et les Destouriens dans le collimateur de la police - Kapitalis\" \/>\n<meta property=\"og:description\" content=\"La police tunisienne continue de pers\u00e9cuter Abir Moussi et les partisans du PDL.\" \/>\n<meta property=\"og:url\" content=\"https:\/\/kapitalis.com\/tunisie\/2023\/02\/26\/tunisie-abir-moussi-et-les-destouriens-dans-le-collimateur-de-la-police\/\" \/>\n<meta property=\"og:site_name\" content=\"Kapitalis\" \/>\n<meta property=\"article:publisher\" content=\"https:\/\/www.facebook.com\/KapitalisInfo\/\" \/>\n<meta property=\"article:published_time\" content=\"2023-02-26T09:10:44+00:00\" \/>\n<meta property=\"article:modified_time\" content=\"2023-02-26T09:11:21+00:00\" \/>\n<meta property=\"og:image\" content=\"https:\/\/kapitalis.com\/tunisie\/wp-content\/uploads\/2023\/02\/Manifestantes-du-PDL.jpg\" \/>\n\t<meta property=\"og:image:width\" content=\"1200\" \/>\n\t<meta property=\"og:image:height\" content=\"630\" \/>\n\t<meta property=\"og:image:type\" content=\"image\/jpeg\" \/>\n<meta name=\"author\" content=\"webmaster kapitalis\" \/>\n<meta name=\"twitter:card\" content=\"summary_large_image\" \/>\n<meta name=\"twitter:creator\" content=\"@KapitalisInfo\" \/>\n<meta name=\"twitter:site\" content=\"@KapitalisInfo\" \/>\n<meta name=\"twitter:label1\" content=\"\u00c9crit par\" \/>\n\t<meta name=\"twitter:data1\" content=\"webmaster kapitalis\" \/>\n\t<meta name=\"twitter:label2\" content=\"Dur\u00e9e de lecture estim\u00e9e\" \/>\n\t<meta name=\"twitter:data2\" content=\"4 minutes\" \/>\n<script type=\"application\/ld+json\" class=\"yoast-schema-graph\">{\"@context\":\"https:\/\/schema.org\",\"@graph\":[{\"@type\":\"Article\",\"@id\":\"https:\/\/kapitalis.com\/tunisie\/2023\/02\/26\/tunisie-abir-moussi-et-les-destouriens-dans-le-collimateur-de-la-police\/#article\",\"isPartOf\":{\"@id\":\"https:\/\/kapitalis.com\/tunisie\/2023\/02\/26\/tunisie-abir-moussi-et-les-destouriens-dans-le-collimateur-de-la-police\/\"},\"author\":{\"name\":\"webmaster kapitalis\",\"@id\":\"https:\/\/kapitalis.com\/tunisie\/#\/schema\/person\/d71f33a9ca44f7bad4698210b480c8e9\"},\"headline\":\"Tunisie\u00a0: Abir Moussi et les Destouriens dans le collimateur de la police\",\"datePublished\":\"2023-02-26T09:10:44+00:00\",\"dateModified\":\"2023-02-26T09:11:21+00:00\",\"mainEntityOfPage\":{\"@id\":\"https:\/\/kapitalis.com\/tunisie\/2023\/02\/26\/tunisie-abir-moussi-et-les-destouriens-dans-le-collimateur-de-la-police\/\"},\"wordCount\":659,\"commentCount\":2,\"publisher\":{\"@id\":\"https:\/\/kapitalis.com\/tunisie\/#organization\"},\"image\":{\"@id\":\"https:\/\/kapitalis.com\/tunisie\/2023\/02\/26\/tunisie-abir-moussi-et-les-destouriens-dans-le-collimateur-de-la-police\/#primaryimage\"},\"thumbnailUrl\":\"https:\/\/kapitalis.com\/tunisie\/wp-content\/uploads\/2023\/02\/Manifestantes-du-PDL.jpg\",\"keywords\":[\"Abir Moussi\",\"Ennahdha\",\"Hizb Ettahrir\",\"Hizb ut-Tahrir\",\"Lassa\u00e2d Bouazzi\",\"Parti destourien libre\",\"Tunisie\"],\"articleSection\":[\"A LA UNE\",\"POLITIQUE\",\"TRIBUNE\",\"Tunisie\"],\"inLanguage\":\"fr-FR\",\"potentialAction\":[{\"@type\":\"CommentAction\",\"name\":\"Comment\",\"target\":[\"https:\/\/kapitalis.com\/tunisie\/2023\/02\/26\/tunisie-abir-moussi-et-les-destouriens-dans-le-collimateur-de-la-police\/#respond\"]}]},{\"@type\":\"WebPage\",\"@id\":\"https:\/\/kapitalis.com\/tunisie\/2023\/02\/26\/tunisie-abir-moussi-et-les-destouriens-dans-le-collimateur-de-la-police\/\",\"url\":\"https:\/\/kapitalis.com\/tunisie\/2023\/02\/26\/tunisie-abir-moussi-et-les-destouriens-dans-le-collimateur-de-la-police\/\",\"name\":\"Tunisie\u00a0: Abir Moussi et les Destouriens dans le collimateur de la police - Kapitalis\",\"isPartOf\":{\"@id\":\"https:\/\/kapitalis.com\/tunisie\/#website\"},\"primaryImageOfPage\":{\"@id\":\"https:\/\/kapitalis.com\/tunisie\/2023\/02\/26\/tunisie-abir-moussi-et-les-destouriens-dans-le-collimateur-de-la-police\/#primaryimage\"},\"image\":{\"@id\":\"https:\/\/kapitalis.com\/tunisie\/2023\/02\/26\/tunisie-abir-moussi-et-les-destouriens-dans-le-collimateur-de-la-police\/#primaryimage\"},\"thumbnailUrl\":\"https:\/\/kapitalis.com\/tunisie\/wp-content\/uploads\/2023\/02\/Manifestantes-du-PDL.jpg\",\"datePublished\":\"2023-02-26T09:10:44+00:00\",\"dateModified\":\"2023-02-26T09:11:21+00:00\",\"breadcrumb\":{\"@id\":\"https:\/\/kapitalis.com\/tunisie\/2023\/02\/26\/tunisie-abir-moussi-et-les-destouriens-dans-le-collimateur-de-la-police\/#breadcrumb\"},\"inLanguage\":\"fr-FR\",\"potentialAction\":[{\"@type\":\"ReadAction\",\"target\":[\"https:\/\/kapitalis.com\/tunisie\/2023\/02\/26\/tunisie-abir-moussi-et-les-destouriens-dans-le-collimateur-de-la-police\/\"]}]},{\"@type\":\"ImageObject\",\"inLanguage\":\"fr-FR\",\"@id\":\"https:\/\/kapitalis.com\/tunisie\/2023\/02\/26\/tunisie-abir-moussi-et-les-destouriens-dans-le-collimateur-de-la-police\/#primaryimage\",\"url\":\"https:\/\/kapitalis.com\/tunisie\/wp-content\/uploads\/2023\/02\/Manifestantes-du-PDL.jpg\",\"contentUrl\":\"https:\/\/kapitalis.com\/tunisie\/wp-content\/uploads\/2023\/02\/Manifestantes-du-PDL.jpg\",\"width\":1200,\"height\":630},{\"@type\":\"BreadcrumbList\",\"@id\":\"https:\/\/kapitalis.com\/tunisie\/2023\/02\/26\/tunisie-abir-moussi-et-les-destouriens-dans-le-collimateur-de-la-police\/#breadcrumb\",\"itemListElement\":[{\"@type\":\"ListItem\",\"position\":1,\"name\":\"Accueil\",\"item\":\"https:\/\/kapitalis.com\/tunisie\/\"},{\"@type\":\"ListItem\",\"position\":2,\"name\":\"Tunisie\u00a0: Abir Moussi et les Destouriens dans le collimateur de la police\"}]},{\"@type\":\"WebSite\",\"@id\":\"https:\/\/kapitalis.com\/tunisie\/#website\",\"url\":\"https:\/\/kapitalis.com\/tunisie\/\",\"name\":\"Kapitalis\",\"description\":\"L&#039;actualit\u00e9 en Tunisie et dans le monde\",\"publisher\":{\"@id\":\"https:\/\/kapitalis.com\/tunisie\/#organization\"},\"potentialAction\":[{\"@type\":\"SearchAction\",\"target\":{\"@type\":\"EntryPoint\",\"urlTemplate\":\"https:\/\/kapitalis.com\/tunisie\/?s={search_term_string}\"},\"query-input\":{\"@type\":\"PropertyValueSpecification\",\"valueRequired\":true,\"valueName\":\"search_term_string\"}}],\"inLanguage\":\"fr-FR\"},{\"@type\":\"Organization\",\"@id\":\"https:\/\/kapitalis.com\/tunisie\/#organization\",\"name\":\"Kapitalis\",\"url\":\"https:\/\/kapitalis.com\/tunisie\/\",\"logo\":{\"@type\":\"ImageObject\",\"inLanguage\":\"fr-FR\",\"@id\":\"https:\/\/kapitalis.com\/tunisie\/#\/schema\/logo\/image\/\",\"url\":\"https:\/\/kapitalis.com\/tunisie\/wp-content\/uploads\/2022\/05\/Kapitalis-big-size.png\",\"contentUrl\":\"https:\/\/kapitalis.com\/tunisie\/wp-content\/uploads\/2022\/05\/Kapitalis-big-size.png\",\"width\":5000,\"height\":1500,\"caption\":\"Kapitalis\"},\"image\":{\"@id\":\"https:\/\/kapitalis.com\/tunisie\/#\/schema\/logo\/image\/\"},\"sameAs\":[\"https:\/\/www.facebook.com\/KapitalisInfo\/\",\"https:\/\/x.com\/KapitalisInfo\",\"https:\/\/www.youtube.com\/channel\/UC-yDYrHyfFBWWZaOw3FPg9Q\"]},{\"@type\":\"Person\",\"@id\":\"https:\/\/kapitalis.com\/tunisie\/#\/schema\/person\/d71f33a9ca44f7bad4698210b480c8e9\",\"name\":\"webmaster kapitalis\",\"url\":\"https:\/\/kapitalis.com\/tunisie\/author\/webmaster-kapitalis\/\"}]}<\/script>\n<!-- \/ Yoast SEO plugin. -->","yoast_head_json":{"title":"Tunisie\u00a0: Abir Moussi et les Destouriens dans le collimateur de la police - Kapitalis","robots":{"index":"index","follow":"follow","max-snippet":"max-snippet:-1","max-image-preview":"max-image-preview:large","max-video-preview":"max-video-preview:-1"},"canonical":"https:\/\/kapitalis.com\/tunisie\/2023\/02\/26\/tunisie-abir-moussi-et-les-destouriens-dans-le-collimateur-de-la-police\/","og_locale":"fr_FR","og_type":"article","og_title":"Tunisie\u00a0: Abir Moussi et les Destouriens dans le collimateur de la police - Kapitalis","og_description":"La police tunisienne continue de pers\u00e9cuter Abir Moussi et les partisans du PDL.","og_url":"https:\/\/kapitalis.com\/tunisie\/2023\/02\/26\/tunisie-abir-moussi-et-les-destouriens-dans-le-collimateur-de-la-police\/","og_site_name":"Kapitalis","article_publisher":"https:\/\/www.facebook.com\/KapitalisInfo\/","article_published_time":"2023-02-26T09:10:44+00:00","article_modified_time":"2023-02-26T09:11:21+00:00","og_image":[{"width":1200,"height":630,"url":"https:\/\/kapitalis.com\/tunisie\/wp-content\/uploads\/2023\/02\/Manifestantes-du-PDL.jpg","type":"image\/jpeg"}],"author":"webmaster kapitalis","twitter_card":"summary_large_image","twitter_creator":"@KapitalisInfo","twitter_site":"@KapitalisInfo","twitter_misc":{"\u00c9crit par":"webmaster kapitalis","Dur\u00e9e de lecture estim\u00e9e":"4 minutes"},"schema":{"@context":"https:\/\/schema.org","@graph":[{"@type":"Article","@id":"https:\/\/kapitalis.com\/tunisie\/2023\/02\/26\/tunisie-abir-moussi-et-les-destouriens-dans-le-collimateur-de-la-police\/#article","isPartOf":{"@id":"https:\/\/kapitalis.com\/tunisie\/2023\/02\/26\/tunisie-abir-moussi-et-les-destouriens-dans-le-collimateur-de-la-police\/"},"author":{"name":"webmaster kapitalis","@id":"https:\/\/kapitalis.com\/tunisie\/#\/schema\/person\/d71f33a9ca44f7bad4698210b480c8e9"},"headline":"Tunisie\u00a0: Abir Moussi et les Destouriens dans le collimateur de la police","datePublished":"2023-02-26T09:10:44+00:00","dateModified":"2023-02-26T09:11:21+00:00","mainEntityOfPage":{"@id":"https:\/\/kapitalis.com\/tunisie\/2023\/02\/26\/tunisie-abir-moussi-et-les-destouriens-dans-le-collimateur-de-la-police\/"},"wordCount":659,"commentCount":2,"publisher":{"@id":"https:\/\/kapitalis.com\/tunisie\/#organization"},"image":{"@id":"https:\/\/kapitalis.com\/tunisie\/2023\/02\/26\/tunisie-abir-moussi-et-les-destouriens-dans-le-collimateur-de-la-police\/#primaryimage"},"thumbnailUrl":"https:\/\/kapitalis.com\/tunisie\/wp-content\/uploads\/2023\/02\/Manifestantes-du-PDL.jpg","keywords":["Abir Moussi","Ennahdha","Hizb Ettahrir","Hizb ut-Tahrir","Lassa\u00e2d Bouazzi","Parti destourien libre","Tunisie"],"articleSection":["A LA UNE","POLITIQUE","TRIBUNE","Tunisie"],"inLanguage":"fr-FR","potentialAction":[{"@type":"CommentAction","name":"Comment","target":["https:\/\/kapitalis.com\/tunisie\/2023\/02\/26\/tunisie-abir-moussi-et-les-destouriens-dans-le-collimateur-de-la-police\/#respond"]}]},{"@type":"WebPage","@id":"https:\/\/kapitalis.com\/tunisie\/2023\/02\/26\/tunisie-abir-moussi-et-les-destouriens-dans-le-collimateur-de-la-police\/","url":"https:\/\/kapitalis.com\/tunisie\/2023\/02\/26\/tunisie-abir-moussi-et-les-destouriens-dans-le-collimateur-de-la-police\/","name":"Tunisie\u00a0: Abir Moussi et les Destouriens dans le collimateur de la police - Kapitalis","isPartOf":{"@id":"https:\/\/kapitalis.com\/tunisie\/#website"},"primaryImageOfPage":{"@id":"https:\/\/kapitalis.com\/tunisie\/2023\/02\/26\/tunisie-abir-moussi-et-les-destouriens-dans-le-collimateur-de-la-police\/#primaryimage"},"image":{"@id":"https:\/\/kapitalis.com\/tunisie\/2023\/02\/26\/tunisie-abir-moussi-et-les-destouriens-dans-le-collimateur-de-la-police\/#primaryimage"},"thumbnailUrl":"https:\/\/kapitalis.com\/tunisie\/wp-content\/uploads\/2023\/02\/Manifestantes-du-PDL.jpg","datePublished":"2023-02-26T09:10:44+00:00","dateModified":"2023-02-26T09:11:21+00:00","breadcrumb":{"@id":"https:\/\/kapitalis.com\/tunisie\/2023\/02\/26\/tunisie-abir-moussi-et-les-destouriens-dans-le-collimateur-de-la-police\/#breadcrumb"},"inLanguage":"fr-FR","potentialAction":[{"@type":"ReadAction","target":["https:\/\/kapitalis.com\/tunisie\/2023\/02\/26\/tunisie-abir-moussi-et-les-destouriens-dans-le-collimateur-de-la-police\/"]}]},{"@type":"ImageObject","inLanguage":"fr-FR","@id":"https:\/\/kapitalis.com\/tunisie\/2023\/02\/26\/tunisie-abir-moussi-et-les-destouriens-dans-le-collimateur-de-la-police\/#primaryimage","url":"https:\/\/kapitalis.com\/tunisie\/wp-content\/uploads\/2023\/02\/Manifestantes-du-PDL.jpg","contentUrl":"https:\/\/kapitalis.com\/tunisie\/wp-content\/uploads\/2023\/02\/Manifestantes-du-PDL.jpg","width":1200,"height":630},{"@type":"BreadcrumbList","@id":"https:\/\/kapitalis.com\/tunisie\/2023\/02\/26\/tunisie-abir-moussi-et-les-destouriens-dans-le-collimateur-de-la-police\/#breadcrumb","itemListElement":[{"@type":"ListItem","position":1,"name":"Accueil","item":"https:\/\/kapitalis.com\/tunisie\/"},{"@type":"ListItem","position":2,"name":"Tunisie\u00a0: Abir Moussi et les Destouriens dans le collimateur de la police"}]},{"@type":"WebSite","@id":"https:\/\/kapitalis.com\/tunisie\/#website","url":"https:\/\/kapitalis.com\/tunisie\/","name":"Kapitalis","description":"L&#039;actualit\u00e9 en Tunisie et dans le monde","publisher":{"@id":"https:\/\/kapitalis.com\/tunisie\/#organization"},"potentialAction":[{"@type":"SearchAction","target":{"@type":"EntryPoint","urlTemplate":"https:\/\/kapitalis.com\/tunisie\/?s={search_term_string}"},"query-input":{"@type":"PropertyValueSpecification","valueRequired":true,"valueName":"search_term_string"}}],"inLanguage":"fr-FR"},{"@type":"Organization","@id":"https:\/\/kapitalis.com\/tunisie\/#organization","name":"Kapitalis","url":"https:\/\/kapitalis.com\/tunisie\/","logo":{"@type":"ImageObject","inLanguage":"fr-FR","@id":"https:\/\/kapitalis.com\/tunisie\/#\/schema\/logo\/image\/","url":"https:\/\/kapitalis.com\/tunisie\/wp-content\/uploads\/2022\/05\/Kapitalis-big-size.png","contentUrl":"https:\/\/kapitalis.com\/tunisie\/wp-content\/uploads\/2022\/05\/Kapitalis-big-size.png","width":5000,"height":1500,"caption":"Kapitalis"},"image":{"@id":"https:\/\/kapitalis.com\/tunisie\/#\/schema\/logo\/image\/"},"sameAs":["https:\/\/www.facebook.com\/KapitalisInfo\/","https:\/\/x.com\/KapitalisInfo","https:\/\/www.youtube.com\/channel\/UC-yDYrHyfFBWWZaOw3FPg9Q"]},{"@type":"Person","@id":"https:\/\/kapitalis.com\/tunisie\/#\/schema\/person\/d71f33a9ca44f7bad4698210b480c8e9","name":"webmaster kapitalis","url":"https:\/\/kapitalis.com\/tunisie\/author\/webmaster-kapitalis\/"}]}},"_links":{"self":[{"href":"https:\/\/kapitalis.com\/tunisie\/wp-json\/wp\/v2\/posts\/6663061","targetHints":{"allow":["GET"]}}],"collection":[{"href":"https:\/\/kapitalis.com\/tunisie\/wp-json\/wp\/v2\/posts"}],"about":[{"href":"https:\/\/kapitalis.com\/tunisie\/wp-json\/wp\/v2\/types\/post"}],"author":[{"embeddable":true,"href":"https:\/\/kapitalis.com\/tunisie\/wp-json\/wp\/v2\/users\/8"}],"replies":[{"embeddable":true,"href":"https:\/\/kapitalis.com\/tunisie\/wp-json\/wp\/v2\/comments?post=6663061"}],"version-history":[{"count":2,"href":"https:\/\/kapitalis.com\/tunisie\/wp-json\/wp\/v2\/posts\/6663061\/revisions"}],"predecessor-version":[{"id":6663639,"href":"https:\/\/kapitalis.com\/tunisie\/wp-json\/wp\/v2\/posts\/6663061\/revisions\/6663639"}],"wp:featuredmedia":[{"embeddable":true,"href":"https:\/\/kapitalis.com\/tunisie\/wp-json\/wp\/v2\/media\/6663337"}],"wp:attachment":[{"href":"https:\/\/kapitalis.com\/tunisie\/wp-json\/wp\/v2\/media?parent=6663061"}],"wp:term":[{"taxonomy":"category","embeddable":true,"href":"https:\/\/kapitalis.com\/tunisie\/wp-json\/wp\/v2\/categories?post=6663061"},{"taxonomy":"post_tag","embeddable":true,"href":"https:\/\/kapitalis.com\/tunisie\/wp-json\/wp\/v2\/tags?post=6663061"}],"curies":[{"name":"wp","href":"https:\/\/api.w.org\/{rel}","templated":true}]}}