{"id":66696,"date":"2016-09-30T19:34:28","date_gmt":"2016-09-30T18:34:28","guid":{"rendered":"http:\/\/kapitalis.com\/tunisie\/?p=66696"},"modified":"2016-09-30T19:35:31","modified_gmt":"2016-09-30T18:35:31","slug":"denonce-par-sa-petite-amie-un-terroriste-arrete-a-sfax","status":"publish","type":"post","link":"https:\/\/kapitalis.com\/tunisie\/2016\/09\/30\/denonce-par-sa-petite-amie-un-terroriste-arrete-a-sfax\/","title":{"rendered":"D\u00e9nonc\u00e9 par sa petite amie, un terroriste arr\u00eat\u00e9 \u00e0 Sfax"},"content":{"rendered":"<p style=\"text-align: center;\"><img loading=\"lazy\" decoding=\"async\" class=\"alignnone size-full wp-image-44683\" src=\"http:\/\/kapitalis.com\/tunisie\/wp-content\/uploads\/2016\/03\/Niqab-amoureux-mariage-Orfi.jpg\" alt=\"Niqab- amoureux-mariage Orfi\" width=\"626\" height=\"380\" \/><\/p>\n<p style=\"text-align: center;\"><em>Photo d&rsquo;archives.<\/em><\/p>\n<p><em><strong>Un terroriste a \u00e9t\u00e9 arr\u00eat\u00e9 aujourd\u2019hui, \u00e0 Sfax, apr\u00e8s que sa petite amie, elle-m\u00eame soup\u00e7onn\u00e9e de terrorisme, l\u2019ait d\u00e9nonc\u00e9 \u00e0 la police.<\/strong><\/em><\/p>\n<p><!--more--><\/p>\n<p>Une source s\u00e9curitaire a indiqu\u00e9 \u00e0 Kapitalis que la brigade antiterroriste a intercept\u00e9 des communications t\u00e9l\u00e9phoniques entre une jeune fille de 27 ans et son petit ami, R. M., un \u00e9l\u00e9ment recherch\u00e9, car soup\u00e7onn\u00e9 d\u2019\u00eatre li\u00e9 \u00e0 la cellule terroriste de Mnihla, gouvernorat de l&rsquo;Ariana.<\/p>\n<p>La suspecte, portant le niqab et connue pour son extr\u00e9misme religieux, a \u00e9t\u00e9 arr\u00eat\u00e9e \u00e0 son domicile \u00e0 Sidi Bouzid, hier soir, et a \u00e9t\u00e9 transf\u00e9r\u00e9 \u00e0 Tunis, ce matin, pour \u00eatre interrog\u00e9e par la brigade antiterroriste o\u00f9 elle a balanc\u00e9 son petit ami et indiqu\u00e9 qu\u2019il se trouvait \u00e0 Sfax.<\/p>\n<p>La police a arr\u00eat\u00e9 R. M. cet apr\u00e8s-midi \u00e0 son domicile, avec l\u2019aide de sa dulcin\u00e9e, qui a pr\u00e9tendu vouloir le voir chez lui. Il a avou\u00e9 son appartenance \u00e0 la cellule de Mnihla, compos\u00e9e d&rsquo;\u00e9l\u00e9ments de diff\u00e9rentes r\u00e9gions tunisiennes et qui pr\u00e9parait des attaques en Tunisie, avant d\u2019\u00eatre d\u00e9masqu\u00e9e\u00a0et d\u00e9mantel\u00e9e par les forces sp\u00e9ciales de la garde nationale, qui\u00a0ont arr\u00eat\u00e9, lors d\u2019une op\u00e9ration sans pr\u00e9c\u00e9dent, 72 suspects\u00a0(33 seront \u00e9t\u00e9 \u00e9crou\u00e9s et 19 lib\u00e9r\u00e9s).<\/p>\n<p style=\"text-align: right;\"><strong>Y. N.<\/strong><\/p>\n","protected":false},"excerpt":{"rendered":"<p>Photo d&rsquo;archives. Un terroriste a \u00e9t\u00e9 arr\u00eat\u00e9 aujourd\u2019hui, \u00e0 Sfax, apr\u00e8s que sa petite amie, elle-m\u00eame soup\u00e7onn\u00e9e de terrorisme, l\u2019ait d\u00e9nonc\u00e9 \u00e0 la police.<\/p>\n","protected":false},"author":6,"featured_media":0,"comment_status":"open","ping_status":"open","sticky":false,"template":"","format":"standard","meta":{"footnotes":""},"categories":[998,2433],"tags":[2944,8459,2239,828,2836,897,899],"class_list":["post-66696","post","type-post","status-publish","format-standard","hentry","category-societe","category-tunisie","tag-brigade-antiterroriste","tag-mnihla","tag-niqab","tag-sidi-bouzid","tag-suspects","tag-terrorisme","tag-terroristes"],"yoast_head":"<!-- This site is optimized with the Yoast SEO plugin v26.6 - https:\/\/yoast.com\/wordpress\/plugins\/seo\/ -->\n<title>D\u00e9nonc\u00e9 par sa petite amie, un terroriste arr\u00eat\u00e9 \u00e0 Sfax - Kapitalis<\/title>\n<meta name=\"robots\" content=\"index, follow, max-snippet:-1, max-image-preview:large, max-video-preview:-1\" \/>\n<link rel=\"canonical\" href=\"https:\/\/kapitalis.com\/tunisie\/2016\/09\/30\/denonce-par-sa-petite-amie-un-terroriste-arrete-a-sfax\/\" \/>\n<meta property=\"og:locale\" content=\"fr_FR\" \/>\n<meta property=\"og:type\" content=\"article\" \/>\n<meta property=\"og:title\" content=\"D\u00e9nonc\u00e9 par sa petite amie, un terroriste arr\u00eat\u00e9 \u00e0 Sfax - Kapitalis\" \/>\n<meta property=\"og:description\" content=\"Photo d&rsquo;archives. Un terroriste a \u00e9t\u00e9 arr\u00eat\u00e9 aujourd\u2019hui, \u00e0 Sfax, apr\u00e8s que sa petite amie, elle-m\u00eame soup\u00e7onn\u00e9e de terrorisme, l\u2019ait d\u00e9nonc\u00e9 \u00e0 la police.\" \/>\n<meta property=\"og:url\" content=\"https:\/\/kapitalis.com\/tunisie\/2016\/09\/30\/denonce-par-sa-petite-amie-un-terroriste-arrete-a-sfax\/\" \/>\n<meta property=\"og:site_name\" content=\"Kapitalis\" \/>\n<meta property=\"article:publisher\" content=\"https:\/\/www.facebook.com\/KapitalisInfo\/\" \/>\n<meta property=\"article:published_time\" content=\"2016-09-30T18:34:28+00:00\" \/>\n<meta property=\"article:modified_time\" content=\"2016-09-30T18:35:31+00:00\" \/>\n<meta property=\"og:image\" content=\"http:\/\/kapitalis.com\/tunisie\/wp-content\/uploads\/2016\/03\/Niqab-amoureux-mariage-Orfi.jpg\" \/>\n<meta name=\"author\" content=\"Yusra NY\" \/>\n<meta name=\"twitter:card\" content=\"summary_large_image\" \/>\n<meta name=\"twitter:creator\" content=\"@KapitalisInfo\" \/>\n<meta name=\"twitter:site\" content=\"@KapitalisInfo\" \/>\n<meta name=\"twitter:label1\" content=\"\u00c9crit par\" \/>\n\t<meta name=\"twitter:data1\" content=\"Yusra NY\" \/>\n\t<meta name=\"twitter:label2\" content=\"Dur\u00e9e de lecture estim\u00e9e\" \/>\n\t<meta name=\"twitter:data2\" content=\"1 minute\" \/>\n<script type=\"application\/ld+json\" class=\"yoast-schema-graph\">{\"@context\":\"https:\/\/schema.org\",\"@graph\":[{\"@type\":\"Article\",\"@id\":\"https:\/\/kapitalis.com\/tunisie\/2016\/09\/30\/denonce-par-sa-petite-amie-un-terroriste-arrete-a-sfax\/#article\",\"isPartOf\":{\"@id\":\"https:\/\/kapitalis.com\/tunisie\/2016\/09\/30\/denonce-par-sa-petite-amie-un-terroriste-arrete-a-sfax\/\"},\"author\":{\"name\":\"Yusra NY\",\"@id\":\"https:\/\/kapitalis.com\/tunisie\/#\/schema\/person\/74bbde0154d49d790a92aaeac5bc01d5\"},\"headline\":\"D\u00e9nonc\u00e9 par sa petite amie, un terroriste arr\u00eat\u00e9 \u00e0 Sfax\",\"datePublished\":\"2016-09-30T18:34:28+00:00\",\"dateModified\":\"2016-09-30T18:35:31+00:00\",\"mainEntityOfPage\":{\"@id\":\"https:\/\/kapitalis.com\/tunisie\/2016\/09\/30\/denonce-par-sa-petite-amie-un-terroriste-arrete-a-sfax\/\"},\"wordCount\":241,\"commentCount\":3,\"publisher\":{\"@id\":\"https:\/\/kapitalis.com\/tunisie\/#organization\"},\"image\":{\"@id\":\"https:\/\/kapitalis.com\/tunisie\/2016\/09\/30\/denonce-par-sa-petite-amie-un-terroriste-arrete-a-sfax\/#primaryimage\"},\"thumbnailUrl\":\"http:\/\/kapitalis.com\/tunisie\/wp-content\/uploads\/2016\/03\/Niqab-amoureux-mariage-Orfi.jpg\",\"keywords\":[\"Brigade antiterroriste\",\"Mnihla\",\"niqab\",\"Sidi Bouzid\",\"suspects\",\"terrorisme\",\"terroristes\"],\"articleSection\":[\"SOCIETE\",\"Tunisie\"],\"inLanguage\":\"fr-FR\",\"potentialAction\":[{\"@type\":\"CommentAction\",\"name\":\"Comment\",\"target\":[\"https:\/\/kapitalis.com\/tunisie\/2016\/09\/30\/denonce-par-sa-petite-amie-un-terroriste-arrete-a-sfax\/#respond\"]}]},{\"@type\":\"WebPage\",\"@id\":\"https:\/\/kapitalis.com\/tunisie\/2016\/09\/30\/denonce-par-sa-petite-amie-un-terroriste-arrete-a-sfax\/\",\"url\":\"https:\/\/kapitalis.com\/tunisie\/2016\/09\/30\/denonce-par-sa-petite-amie-un-terroriste-arrete-a-sfax\/\",\"name\":\"D\u00e9nonc\u00e9 par sa petite amie, un terroriste arr\u00eat\u00e9 \u00e0 Sfax - Kapitalis\",\"isPartOf\":{\"@id\":\"https:\/\/kapitalis.com\/tunisie\/#website\"},\"primaryImageOfPage\":{\"@id\":\"https:\/\/kapitalis.com\/tunisie\/2016\/09\/30\/denonce-par-sa-petite-amie-un-terroriste-arrete-a-sfax\/#primaryimage\"},\"image\":{\"@id\":\"https:\/\/kapitalis.com\/tunisie\/2016\/09\/30\/denonce-par-sa-petite-amie-un-terroriste-arrete-a-sfax\/#primaryimage\"},\"thumbnailUrl\":\"http:\/\/kapitalis.com\/tunisie\/wp-content\/uploads\/2016\/03\/Niqab-amoureux-mariage-Orfi.jpg\",\"datePublished\":\"2016-09-30T18:34:28+00:00\",\"dateModified\":\"2016-09-30T18:35:31+00:00\",\"breadcrumb\":{\"@id\":\"https:\/\/kapitalis.com\/tunisie\/2016\/09\/30\/denonce-par-sa-petite-amie-un-terroriste-arrete-a-sfax\/#breadcrumb\"},\"inLanguage\":\"fr-FR\",\"potentialAction\":[{\"@type\":\"ReadAction\",\"target\":[\"https:\/\/kapitalis.com\/tunisie\/2016\/09\/30\/denonce-par-sa-petite-amie-un-terroriste-arrete-a-sfax\/\"]}]},{\"@type\":\"ImageObject\",\"inLanguage\":\"fr-FR\",\"@id\":\"https:\/\/kapitalis.com\/tunisie\/2016\/09\/30\/denonce-par-sa-petite-amie-un-terroriste-arrete-a-sfax\/#primaryimage\",\"url\":\"http:\/\/kapitalis.com\/tunisie\/wp-content\/uploads\/2016\/03\/Niqab-amoureux-mariage-Orfi.jpg\",\"contentUrl\":\"http:\/\/kapitalis.com\/tunisie\/wp-content\/uploads\/2016\/03\/Niqab-amoureux-mariage-Orfi.jpg\"},{\"@type\":\"BreadcrumbList\",\"@id\":\"https:\/\/kapitalis.com\/tunisie\/2016\/09\/30\/denonce-par-sa-petite-amie-un-terroriste-arrete-a-sfax\/#breadcrumb\",\"itemListElement\":[{\"@type\":\"ListItem\",\"position\":1,\"name\":\"Accueil\",\"item\":\"https:\/\/kapitalis.com\/tunisie\/\"},{\"@type\":\"ListItem\",\"position\":2,\"name\":\"D\u00e9nonc\u00e9 par sa petite amie, un terroriste arr\u00eat\u00e9 \u00e0 Sfax\"}]},{\"@type\":\"WebSite\",\"@id\":\"https:\/\/kapitalis.com\/tunisie\/#website\",\"url\":\"https:\/\/kapitalis.com\/tunisie\/\",\"name\":\"Kapitalis\",\"description\":\"L&#039;actualit\u00e9 en Tunisie et dans le monde\",\"publisher\":{\"@id\":\"https:\/\/kapitalis.com\/tunisie\/#organization\"},\"potentialAction\":[{\"@type\":\"SearchAction\",\"target\":{\"@type\":\"EntryPoint\",\"urlTemplate\":\"https:\/\/kapitalis.com\/tunisie\/?s={search_term_string}\"},\"query-input\":{\"@type\":\"PropertyValueSpecification\",\"valueRequired\":true,\"valueName\":\"search_term_string\"}}],\"inLanguage\":\"fr-FR\"},{\"@type\":\"Organization\",\"@id\":\"https:\/\/kapitalis.com\/tunisie\/#organization\",\"name\":\"Kapitalis\",\"url\":\"https:\/\/kapitalis.com\/tunisie\/\",\"logo\":{\"@type\":\"ImageObject\",\"inLanguage\":\"fr-FR\",\"@id\":\"https:\/\/kapitalis.com\/tunisie\/#\/schema\/logo\/image\/\",\"url\":\"https:\/\/kapitalis.com\/tunisie\/wp-content\/uploads\/2022\/05\/Kapitalis-big-size.png\",\"contentUrl\":\"https:\/\/kapitalis.com\/tunisie\/wp-content\/uploads\/2022\/05\/Kapitalis-big-size.png\",\"width\":5000,\"height\":1500,\"caption\":\"Kapitalis\"},\"image\":{\"@id\":\"https:\/\/kapitalis.com\/tunisie\/#\/schema\/logo\/image\/\"},\"sameAs\":[\"https:\/\/www.facebook.com\/KapitalisInfo\/\",\"https:\/\/x.com\/KapitalisInfo\",\"https:\/\/www.youtube.com\/channel\/UC-yDYrHyfFBWWZaOw3FPg9Q\"]},{\"@type\":\"Person\",\"@id\":\"https:\/\/kapitalis.com\/tunisie\/#\/schema\/person\/74bbde0154d49d790a92aaeac5bc01d5\",\"name\":\"Yusra NY\",\"url\":\"https:\/\/kapitalis.com\/tunisie\/author\/yuza_adam\/\"}]}<\/script>\n<!-- \/ Yoast SEO plugin. -->","yoast_head_json":{"title":"D\u00e9nonc\u00e9 par sa petite amie, un terroriste arr\u00eat\u00e9 \u00e0 Sfax - Kapitalis","robots":{"index":"index","follow":"follow","max-snippet":"max-snippet:-1","max-image-preview":"max-image-preview:large","max-video-preview":"max-video-preview:-1"},"canonical":"https:\/\/kapitalis.com\/tunisie\/2016\/09\/30\/denonce-par-sa-petite-amie-un-terroriste-arrete-a-sfax\/","og_locale":"fr_FR","og_type":"article","og_title":"D\u00e9nonc\u00e9 par sa petite amie, un terroriste arr\u00eat\u00e9 \u00e0 Sfax - Kapitalis","og_description":"Photo d&rsquo;archives. Un terroriste a \u00e9t\u00e9 arr\u00eat\u00e9 aujourd\u2019hui, \u00e0 Sfax, apr\u00e8s que sa petite amie, elle-m\u00eame soup\u00e7onn\u00e9e de terrorisme, l\u2019ait d\u00e9nonc\u00e9 \u00e0 la police.","og_url":"https:\/\/kapitalis.com\/tunisie\/2016\/09\/30\/denonce-par-sa-petite-amie-un-terroriste-arrete-a-sfax\/","og_site_name":"Kapitalis","article_publisher":"https:\/\/www.facebook.com\/KapitalisInfo\/","article_published_time":"2016-09-30T18:34:28+00:00","article_modified_time":"2016-09-30T18:35:31+00:00","og_image":[{"url":"http:\/\/kapitalis.com\/tunisie\/wp-content\/uploads\/2016\/03\/Niqab-amoureux-mariage-Orfi.jpg","type":"","width":"","height":""}],"author":"Yusra NY","twitter_card":"summary_large_image","twitter_creator":"@KapitalisInfo","twitter_site":"@KapitalisInfo","twitter_misc":{"\u00c9crit par":"Yusra NY","Dur\u00e9e de lecture estim\u00e9e":"1 minute"},"schema":{"@context":"https:\/\/schema.org","@graph":[{"@type":"Article","@id":"https:\/\/kapitalis.com\/tunisie\/2016\/09\/30\/denonce-par-sa-petite-amie-un-terroriste-arrete-a-sfax\/#article","isPartOf":{"@id":"https:\/\/kapitalis.com\/tunisie\/2016\/09\/30\/denonce-par-sa-petite-amie-un-terroriste-arrete-a-sfax\/"},"author":{"name":"Yusra NY","@id":"https:\/\/kapitalis.com\/tunisie\/#\/schema\/person\/74bbde0154d49d790a92aaeac5bc01d5"},"headline":"D\u00e9nonc\u00e9 par sa petite amie, un terroriste arr\u00eat\u00e9 \u00e0 Sfax","datePublished":"2016-09-30T18:34:28+00:00","dateModified":"2016-09-30T18:35:31+00:00","mainEntityOfPage":{"@id":"https:\/\/kapitalis.com\/tunisie\/2016\/09\/30\/denonce-par-sa-petite-amie-un-terroriste-arrete-a-sfax\/"},"wordCount":241,"commentCount":3,"publisher":{"@id":"https:\/\/kapitalis.com\/tunisie\/#organization"},"image":{"@id":"https:\/\/kapitalis.com\/tunisie\/2016\/09\/30\/denonce-par-sa-petite-amie-un-terroriste-arrete-a-sfax\/#primaryimage"},"thumbnailUrl":"http:\/\/kapitalis.com\/tunisie\/wp-content\/uploads\/2016\/03\/Niqab-amoureux-mariage-Orfi.jpg","keywords":["Brigade antiterroriste","Mnihla","niqab","Sidi Bouzid","suspects","terrorisme","terroristes"],"articleSection":["SOCIETE","Tunisie"],"inLanguage":"fr-FR","potentialAction":[{"@type":"CommentAction","name":"Comment","target":["https:\/\/kapitalis.com\/tunisie\/2016\/09\/30\/denonce-par-sa-petite-amie-un-terroriste-arrete-a-sfax\/#respond"]}]},{"@type":"WebPage","@id":"https:\/\/kapitalis.com\/tunisie\/2016\/09\/30\/denonce-par-sa-petite-amie-un-terroriste-arrete-a-sfax\/","url":"https:\/\/kapitalis.com\/tunisie\/2016\/09\/30\/denonce-par-sa-petite-amie-un-terroriste-arrete-a-sfax\/","name":"D\u00e9nonc\u00e9 par sa petite amie, un terroriste arr\u00eat\u00e9 \u00e0 Sfax - Kapitalis","isPartOf":{"@id":"https:\/\/kapitalis.com\/tunisie\/#website"},"primaryImageOfPage":{"@id":"https:\/\/kapitalis.com\/tunisie\/2016\/09\/30\/denonce-par-sa-petite-amie-un-terroriste-arrete-a-sfax\/#primaryimage"},"image":{"@id":"https:\/\/kapitalis.com\/tunisie\/2016\/09\/30\/denonce-par-sa-petite-amie-un-terroriste-arrete-a-sfax\/#primaryimage"},"thumbnailUrl":"http:\/\/kapitalis.com\/tunisie\/wp-content\/uploads\/2016\/03\/Niqab-amoureux-mariage-Orfi.jpg","datePublished":"2016-09-30T18:34:28+00:00","dateModified":"2016-09-30T18:35:31+00:00","breadcrumb":{"@id":"https:\/\/kapitalis.com\/tunisie\/2016\/09\/30\/denonce-par-sa-petite-amie-un-terroriste-arrete-a-sfax\/#breadcrumb"},"inLanguage":"fr-FR","potentialAction":[{"@type":"ReadAction","target":["https:\/\/kapitalis.com\/tunisie\/2016\/09\/30\/denonce-par-sa-petite-amie-un-terroriste-arrete-a-sfax\/"]}]},{"@type":"ImageObject","inLanguage":"fr-FR","@id":"https:\/\/kapitalis.com\/tunisie\/2016\/09\/30\/denonce-par-sa-petite-amie-un-terroriste-arrete-a-sfax\/#primaryimage","url":"http:\/\/kapitalis.com\/tunisie\/wp-content\/uploads\/2016\/03\/Niqab-amoureux-mariage-Orfi.jpg","contentUrl":"http:\/\/kapitalis.com\/tunisie\/wp-content\/uploads\/2016\/03\/Niqab-amoureux-mariage-Orfi.jpg"},{"@type":"BreadcrumbList","@id":"https:\/\/kapitalis.com\/tunisie\/2016\/09\/30\/denonce-par-sa-petite-amie-un-terroriste-arrete-a-sfax\/#breadcrumb","itemListElement":[{"@type":"ListItem","position":1,"name":"Accueil","item":"https:\/\/kapitalis.com\/tunisie\/"},{"@type":"ListItem","position":2,"name":"D\u00e9nonc\u00e9 par sa petite amie, un terroriste arr\u00eat\u00e9 \u00e0 Sfax"}]},{"@type":"WebSite","@id":"https:\/\/kapitalis.com\/tunisie\/#website","url":"https:\/\/kapitalis.com\/tunisie\/","name":"Kapitalis","description":"L&#039;actualit\u00e9 en Tunisie et dans le monde","publisher":{"@id":"https:\/\/kapitalis.com\/tunisie\/#organization"},"potentialAction":[{"@type":"SearchAction","target":{"@type":"EntryPoint","urlTemplate":"https:\/\/kapitalis.com\/tunisie\/?s={search_term_string}"},"query-input":{"@type":"PropertyValueSpecification","valueRequired":true,"valueName":"search_term_string"}}],"inLanguage":"fr-FR"},{"@type":"Organization","@id":"https:\/\/kapitalis.com\/tunisie\/#organization","name":"Kapitalis","url":"https:\/\/kapitalis.com\/tunisie\/","logo":{"@type":"ImageObject","inLanguage":"fr-FR","@id":"https:\/\/kapitalis.com\/tunisie\/#\/schema\/logo\/image\/","url":"https:\/\/kapitalis.com\/tunisie\/wp-content\/uploads\/2022\/05\/Kapitalis-big-size.png","contentUrl":"https:\/\/kapitalis.com\/tunisie\/wp-content\/uploads\/2022\/05\/Kapitalis-big-size.png","width":5000,"height":1500,"caption":"Kapitalis"},"image":{"@id":"https:\/\/kapitalis.com\/tunisie\/#\/schema\/logo\/image\/"},"sameAs":["https:\/\/www.facebook.com\/KapitalisInfo\/","https:\/\/x.com\/KapitalisInfo","https:\/\/www.youtube.com\/channel\/UC-yDYrHyfFBWWZaOw3FPg9Q"]},{"@type":"Person","@id":"https:\/\/kapitalis.com\/tunisie\/#\/schema\/person\/74bbde0154d49d790a92aaeac5bc01d5","name":"Yusra NY","url":"https:\/\/kapitalis.com\/tunisie\/author\/yuza_adam\/"}]}},"_links":{"self":[{"href":"https:\/\/kapitalis.com\/tunisie\/wp-json\/wp\/v2\/posts\/66696","targetHints":{"allow":["GET"]}}],"collection":[{"href":"https:\/\/kapitalis.com\/tunisie\/wp-json\/wp\/v2\/posts"}],"about":[{"href":"https:\/\/kapitalis.com\/tunisie\/wp-json\/wp\/v2\/types\/post"}],"author":[{"embeddable":true,"href":"https:\/\/kapitalis.com\/tunisie\/wp-json\/wp\/v2\/users\/6"}],"replies":[{"embeddable":true,"href":"https:\/\/kapitalis.com\/tunisie\/wp-json\/wp\/v2\/comments?post=66696"}],"version-history":[{"count":0,"href":"https:\/\/kapitalis.com\/tunisie\/wp-json\/wp\/v2\/posts\/66696\/revisions"}],"wp:attachment":[{"href":"https:\/\/kapitalis.com\/tunisie\/wp-json\/wp\/v2\/media?parent=66696"}],"wp:term":[{"taxonomy":"category","embeddable":true,"href":"https:\/\/kapitalis.com\/tunisie\/wp-json\/wp\/v2\/categories?post=66696"},{"taxonomy":"post_tag","embeddable":true,"href":"https:\/\/kapitalis.com\/tunisie\/wp-json\/wp\/v2\/tags?post=66696"}],"curies":[{"name":"wp","href":"https:\/\/api.w.org\/{rel}","templated":true}]}}