{"id":66843,"date":"2016-10-03T09:53:21","date_gmt":"2016-10-03T08:53:21","guid":{"rendered":"http:\/\/kapitalis.com\/tunisie\/?p=66843"},"modified":"2016-10-03T09:58:44","modified_gmt":"2016-10-03T08:58:44","slug":"le-prix-zyriab-distingue-3-musicologues-arabo-mediterraneens","status":"publish","type":"post","link":"https:\/\/kapitalis.com\/tunisie\/2016\/10\/03\/le-prix-zyriab-distingue-3-musicologues-arabo-mediterraneens\/","title":{"rendered":"Le prix Zyriab distingue 3 musicologues arabo-m\u00e9diterran\u00e9ens"},"content":{"rendered":"<p style=\"text-align: center;\"><img loading=\"lazy\" decoding=\"async\" class=\"alignnone size-full wp-image-66847\" src=\"http:\/\/kapitalis.com\/tunisie\/wp-content\/uploads\/2016\/10\/Prix-Zyriab-2016.jpg\" alt=\"prix-zyriab-2016\" width=\"626\" height=\"380\" \/><\/p>\n<p style=\"text-align: center;\"><em>Mohamed Zinelabidine remettant son prix \u00e0\u00a0Saad Allah Agha Al Kalaa.<\/em><\/p>\n<p><em><strong>La c\u00e9r\u00e9monie de remise du prix Zyriab s\u2019est d\u00e9roul\u00e9e, samedi, au palais Ennejma Ezzahra, \u00e0 Sidi Bou Said (banlieue nord de Tunis).<\/strong> <\/em><\/p>\n<p><!--more--><\/p>\n<p>Ce prix, dont c\u2019est la deuxi\u00e8me \u00e9dition, est d\u00e9di\u00e9 \u00e0 la sauvegarde et la valorisation du patrimoine musical et \u00e0 la promotion des recherches sur les musiques de la M\u00e9diterran\u00e9e. Il a distingu\u00e9, cette ann\u00e9e, Omar Metioui, musicien et chercheur marocain, Laurent Aubert, sp\u00e9cialiste des musiques traditionnelles, anthropologue et directeur des ateliers d\u2019ethnomusicologie et musicien (Suisse), et le Syrien Saad Allah Agha Al Kalaa, musicien, chercheur et producteur d&rsquo;\u00e9missions de t\u00e9l\u00e9vision consacr\u00e9es \u00e0 la musique arabe.<\/p>\n<p style=\"text-align: center;\"><img loading=\"lazy\" decoding=\"async\" class=\"alignnone size-full wp-image-66850\" src=\"http:\/\/kapitalis.com\/tunisie\/wp-content\/uploads\/2016\/10\/Prix-Zyriab-Aubert-Mbarek.jpg\" alt=\"prix-zyriab-aubert-mbarek\" width=\"500\" height=\"300\" \/><\/p>\n<p style=\"text-align: center;\"><em>L&rsquo;ancienne ministre de la Culture Sonia Mbarek remet sa distinction \u00e0\u00a0Laurent Aubert.<\/em><\/p>\n<p>Le ministre des Affaires culturelles, Mohamed Zinelabidine, a annonc\u00e9 \u00e0 cette occasion le lacement d\u2019un nouveau prix international de musicologie portant le nom de Mahmoud Guettat, figure de proue de la musicologie tunisienne.<\/p>\n<p>La c\u00e9r\u00e9monie a \u00e9t\u00e9 suivie d\u2019un concert intitul\u00e9 <em>\u2018\u2018La caravane des modes\u2019\u2019<\/em> donn\u00e9 par l\u2019ensemble Al-Armawi de Omar Metioui, qui a mis \u00e0 l\u2019honneur le oud (luth), instrument cl\u00e9 de la pratique et de la th\u00e9orie de la musique arabo-musulmane, dans toutes ses variantes maghr\u00e9bine, orientale et turque. Le qanun, la fl\u00fbte et la percussion ont accompagn\u00e9 l\u2019oud dans un voyage didactique \u00e0 travers les \u00e9coles musicales du Maghreb et du Machreq.<\/p>\n<p>Le prix Zyriab est une distinction honorifique destin\u00e9e \u00e0 couronner une carri\u00e8re d\u00e9di\u00e9e \u00e0 la sauvegarde du patrimoine musical m\u00e9diterran\u00e9en, \u00e0 sa valorisation et \u00e0 la recherche sur les musiques m\u00e9diterran\u00e9ennes.<\/p>\n<p style=\"text-align: center;\"><img loading=\"lazy\" decoding=\"async\" class=\"alignnone size-full wp-image-66852\" src=\"http:\/\/kapitalis.com\/tunisie\/wp-content\/uploads\/2016\/10\/Prix-Zyrian-Aziza-Metioui.jpg\" alt=\"prix-zyrian-aziza-metioui\" width=\"500\" height=\"300\" \/><\/p>\n<p style=\"text-align: center;\"><em>Mohamed Aziza remettant sont prix \u00e0\u00a0Omar Metioui.<\/em><\/p>\n<p>Lanc\u00e9 officiellement en ao\u00fbt 2014 par 3 institutions (le Centre des musiques arabes et m\u00e9diterran\u00e9ennes Ennejma Ezzahra, le programme Med 21 pilot\u00e9 par le po\u00e8te et \u00e9crivain Mohamed Aziza et les Journ\u00e9es musicales de Carthage), ce prix se veut un hommage \u00e0 Zyriab, musicien de g\u00e9nie, citoyen du monde, qui fut l\u2019une des principales figures de l\u2019histoire de la musique arabo-andalouse du 9e si\u00e8cle. Il est d\u00e9cern\u00e9 chaque ann\u00e9e \u00e0 des laur\u00e9ats choisis parmi des candidats provenant respectivement des pays du Maghreb, du Machreq et de la rive nord de la M\u00e9diterran\u00e9e.<\/p>\n<p style=\"text-align: right;\"><strong>I. B.<\/strong> (avec Tap).<\/p>\n","protected":false},"excerpt":{"rendered":"<p>Mohamed Zinelabidine remettant son prix \u00e0\u00a0Saad Allah Agha Al Kalaa. La c\u00e9r\u00e9monie de remise du prix Zyriab s\u2019est d\u00e9roul\u00e9e, samedi, au palais Ennejma Ezzahra, \u00e0 Sidi Bou Said (banlieue nord de Tunis).<\/p>\n","protected":false},"author":8,"featured_media":66847,"comment_status":"open","ping_status":"open","sticky":false,"template":"","format":"standard","meta":{"footnotes":""},"categories":[994,2433],"tags":[14831,17273],"class_list":["post-66843","post","type-post","status-publish","format-standard","has-post-thumbnail","hentry","category-culture","category-tunisie","tag-mohamed-zinelabidine","tag-programme-med-21"],"yoast_head":"<!-- This site is optimized with the Yoast SEO plugin v26.6 - https:\/\/yoast.com\/wordpress\/plugins\/seo\/ -->\n<title>Le prix Zyriab distingue 3 musicologues arabo-m\u00e9diterran\u00e9ens - Kapitalis<\/title>\n<meta name=\"robots\" content=\"index, follow, max-snippet:-1, max-image-preview:large, max-video-preview:-1\" \/>\n<link rel=\"canonical\" href=\"https:\/\/kapitalis.com\/tunisie\/2016\/10\/03\/le-prix-zyriab-distingue-3-musicologues-arabo-mediterraneens\/\" \/>\n<meta property=\"og:locale\" content=\"fr_FR\" \/>\n<meta property=\"og:type\" content=\"article\" \/>\n<meta property=\"og:title\" content=\"Le prix Zyriab distingue 3 musicologues arabo-m\u00e9diterran\u00e9ens - Kapitalis\" \/>\n<meta property=\"og:description\" content=\"Mohamed Zinelabidine remettant son prix \u00e0\u00a0Saad Allah Agha Al Kalaa. La c\u00e9r\u00e9monie de remise du prix Zyriab s\u2019est d\u00e9roul\u00e9e, samedi, au palais Ennejma Ezzahra, \u00e0 Sidi Bou Said (banlieue nord de Tunis).\" \/>\n<meta property=\"og:url\" content=\"https:\/\/kapitalis.com\/tunisie\/2016\/10\/03\/le-prix-zyriab-distingue-3-musicologues-arabo-mediterraneens\/\" \/>\n<meta property=\"og:site_name\" content=\"Kapitalis\" \/>\n<meta property=\"article:publisher\" content=\"https:\/\/www.facebook.com\/KapitalisInfo\/\" \/>\n<meta property=\"article:published_time\" content=\"2016-10-03T08:53:21+00:00\" \/>\n<meta property=\"article:modified_time\" content=\"2016-10-03T08:58:44+00:00\" \/>\n<meta property=\"og:image\" content=\"https:\/\/kapitalis.com\/tunisie\/wp-content\/uploads\/2022\/05\/kapitalis-logo-fb.png\" \/>\n\t<meta property=\"og:image:width\" content=\"1200\" \/>\n\t<meta property=\"og:image:height\" content=\"630\" \/>\n\t<meta property=\"og:image:type\" content=\"image\/png\" \/>\n<meta name=\"author\" content=\"webmaster kapitalis\" \/>\n<meta name=\"twitter:card\" content=\"summary_large_image\" \/>\n<meta name=\"twitter:creator\" content=\"@KapitalisInfo\" \/>\n<meta name=\"twitter:site\" content=\"@KapitalisInfo\" \/>\n<meta name=\"twitter:label1\" content=\"\u00c9crit par\" \/>\n\t<meta name=\"twitter:data1\" content=\"webmaster kapitalis\" \/>\n\t<meta name=\"twitter:label2\" content=\"Dur\u00e9e de lecture estim\u00e9e\" \/>\n\t<meta name=\"twitter:data2\" content=\"2 minutes\" \/>\n<script type=\"application\/ld+json\" class=\"yoast-schema-graph\">{\"@context\":\"https:\/\/schema.org\",\"@graph\":[{\"@type\":\"Article\",\"@id\":\"https:\/\/kapitalis.com\/tunisie\/2016\/10\/03\/le-prix-zyriab-distingue-3-musicologues-arabo-mediterraneens\/#article\",\"isPartOf\":{\"@id\":\"https:\/\/kapitalis.com\/tunisie\/2016\/10\/03\/le-prix-zyriab-distingue-3-musicologues-arabo-mediterraneens\/\"},\"author\":{\"name\":\"webmaster kapitalis\",\"@id\":\"https:\/\/kapitalis.com\/tunisie\/#\/schema\/person\/d71f33a9ca44f7bad4698210b480c8e9\"},\"headline\":\"Le prix Zyriab distingue 3 musicologues arabo-m\u00e9diterran\u00e9ens\",\"datePublished\":\"2016-10-03T08:53:21+00:00\",\"dateModified\":\"2016-10-03T08:58:44+00:00\",\"mainEntityOfPage\":{\"@id\":\"https:\/\/kapitalis.com\/tunisie\/2016\/10\/03\/le-prix-zyriab-distingue-3-musicologues-arabo-mediterraneens\/\"},\"wordCount\":400,\"commentCount\":0,\"publisher\":{\"@id\":\"https:\/\/kapitalis.com\/tunisie\/#organization\"},\"image\":{\"@id\":\"https:\/\/kapitalis.com\/tunisie\/2016\/10\/03\/le-prix-zyriab-distingue-3-musicologues-arabo-mediterraneens\/#primaryimage\"},\"thumbnailUrl\":\"\",\"keywords\":[\"Mohamed Zinelabidine\",\"Programme Med 21\"],\"articleSection\":[\"CULTURE\",\"Tunisie\"],\"inLanguage\":\"fr-FR\",\"potentialAction\":[{\"@type\":\"CommentAction\",\"name\":\"Comment\",\"target\":[\"https:\/\/kapitalis.com\/tunisie\/2016\/10\/03\/le-prix-zyriab-distingue-3-musicologues-arabo-mediterraneens\/#respond\"]}]},{\"@type\":\"WebPage\",\"@id\":\"https:\/\/kapitalis.com\/tunisie\/2016\/10\/03\/le-prix-zyriab-distingue-3-musicologues-arabo-mediterraneens\/\",\"url\":\"https:\/\/kapitalis.com\/tunisie\/2016\/10\/03\/le-prix-zyriab-distingue-3-musicologues-arabo-mediterraneens\/\",\"name\":\"Le prix Zyriab distingue 3 musicologues arabo-m\u00e9diterran\u00e9ens - Kapitalis\",\"isPartOf\":{\"@id\":\"https:\/\/kapitalis.com\/tunisie\/#website\"},\"primaryImageOfPage\":{\"@id\":\"https:\/\/kapitalis.com\/tunisie\/2016\/10\/03\/le-prix-zyriab-distingue-3-musicologues-arabo-mediterraneens\/#primaryimage\"},\"image\":{\"@id\":\"https:\/\/kapitalis.com\/tunisie\/2016\/10\/03\/le-prix-zyriab-distingue-3-musicologues-arabo-mediterraneens\/#primaryimage\"},\"thumbnailUrl\":\"\",\"datePublished\":\"2016-10-03T08:53:21+00:00\",\"dateModified\":\"2016-10-03T08:58:44+00:00\",\"breadcrumb\":{\"@id\":\"https:\/\/kapitalis.com\/tunisie\/2016\/10\/03\/le-prix-zyriab-distingue-3-musicologues-arabo-mediterraneens\/#breadcrumb\"},\"inLanguage\":\"fr-FR\",\"potentialAction\":[{\"@type\":\"ReadAction\",\"target\":[\"https:\/\/kapitalis.com\/tunisie\/2016\/10\/03\/le-prix-zyriab-distingue-3-musicologues-arabo-mediterraneens\/\"]}]},{\"@type\":\"ImageObject\",\"inLanguage\":\"fr-FR\",\"@id\":\"https:\/\/kapitalis.com\/tunisie\/2016\/10\/03\/le-prix-zyriab-distingue-3-musicologues-arabo-mediterraneens\/#primaryimage\",\"url\":\"\",\"contentUrl\":\"\"},{\"@type\":\"BreadcrumbList\",\"@id\":\"https:\/\/kapitalis.com\/tunisie\/2016\/10\/03\/le-prix-zyriab-distingue-3-musicologues-arabo-mediterraneens\/#breadcrumb\",\"itemListElement\":[{\"@type\":\"ListItem\",\"position\":1,\"name\":\"Accueil\",\"item\":\"https:\/\/kapitalis.com\/tunisie\/\"},{\"@type\":\"ListItem\",\"position\":2,\"name\":\"Le prix Zyriab distingue 3 musicologues arabo-m\u00e9diterran\u00e9ens\"}]},{\"@type\":\"WebSite\",\"@id\":\"https:\/\/kapitalis.com\/tunisie\/#website\",\"url\":\"https:\/\/kapitalis.com\/tunisie\/\",\"name\":\"Kapitalis\",\"description\":\"L&#039;actualit\u00e9 en Tunisie et dans le monde\",\"publisher\":{\"@id\":\"https:\/\/kapitalis.com\/tunisie\/#organization\"},\"potentialAction\":[{\"@type\":\"SearchAction\",\"target\":{\"@type\":\"EntryPoint\",\"urlTemplate\":\"https:\/\/kapitalis.com\/tunisie\/?s={search_term_string}\"},\"query-input\":{\"@type\":\"PropertyValueSpecification\",\"valueRequired\":true,\"valueName\":\"search_term_string\"}}],\"inLanguage\":\"fr-FR\"},{\"@type\":\"Organization\",\"@id\":\"https:\/\/kapitalis.com\/tunisie\/#organization\",\"name\":\"Kapitalis\",\"url\":\"https:\/\/kapitalis.com\/tunisie\/\",\"logo\":{\"@type\":\"ImageObject\",\"inLanguage\":\"fr-FR\",\"@id\":\"https:\/\/kapitalis.com\/tunisie\/#\/schema\/logo\/image\/\",\"url\":\"https:\/\/kapitalis.com\/tunisie\/wp-content\/uploads\/2022\/05\/Kapitalis-big-size.png\",\"contentUrl\":\"https:\/\/kapitalis.com\/tunisie\/wp-content\/uploads\/2022\/05\/Kapitalis-big-size.png\",\"width\":5000,\"height\":1500,\"caption\":\"Kapitalis\"},\"image\":{\"@id\":\"https:\/\/kapitalis.com\/tunisie\/#\/schema\/logo\/image\/\"},\"sameAs\":[\"https:\/\/www.facebook.com\/KapitalisInfo\/\",\"https:\/\/x.com\/KapitalisInfo\",\"https:\/\/www.youtube.com\/channel\/UC-yDYrHyfFBWWZaOw3FPg9Q\"]},{\"@type\":\"Person\",\"@id\":\"https:\/\/kapitalis.com\/tunisie\/#\/schema\/person\/d71f33a9ca44f7bad4698210b480c8e9\",\"name\":\"webmaster kapitalis\",\"url\":\"https:\/\/kapitalis.com\/tunisie\/author\/webmaster-kapitalis\/\"}]}<\/script>\n<!-- \/ Yoast SEO plugin. -->","yoast_head_json":{"title":"Le prix Zyriab distingue 3 musicologues arabo-m\u00e9diterran\u00e9ens - Kapitalis","robots":{"index":"index","follow":"follow","max-snippet":"max-snippet:-1","max-image-preview":"max-image-preview:large","max-video-preview":"max-video-preview:-1"},"canonical":"https:\/\/kapitalis.com\/tunisie\/2016\/10\/03\/le-prix-zyriab-distingue-3-musicologues-arabo-mediterraneens\/","og_locale":"fr_FR","og_type":"article","og_title":"Le prix Zyriab distingue 3 musicologues arabo-m\u00e9diterran\u00e9ens - Kapitalis","og_description":"Mohamed Zinelabidine remettant son prix \u00e0\u00a0Saad Allah Agha Al Kalaa. La c\u00e9r\u00e9monie de remise du prix Zyriab s\u2019est d\u00e9roul\u00e9e, samedi, au palais Ennejma Ezzahra, \u00e0 Sidi Bou Said (banlieue nord de Tunis).","og_url":"https:\/\/kapitalis.com\/tunisie\/2016\/10\/03\/le-prix-zyriab-distingue-3-musicologues-arabo-mediterraneens\/","og_site_name":"Kapitalis","article_publisher":"https:\/\/www.facebook.com\/KapitalisInfo\/","article_published_time":"2016-10-03T08:53:21+00:00","article_modified_time":"2016-10-03T08:58:44+00:00","og_image":[{"width":1200,"height":630,"url":"https:\/\/kapitalis.com\/tunisie\/wp-content\/uploads\/2022\/05\/kapitalis-logo-fb.png","type":"image\/png"}],"author":"webmaster kapitalis","twitter_card":"summary_large_image","twitter_creator":"@KapitalisInfo","twitter_site":"@KapitalisInfo","twitter_misc":{"\u00c9crit par":"webmaster kapitalis","Dur\u00e9e de lecture estim\u00e9e":"2 minutes"},"schema":{"@context":"https:\/\/schema.org","@graph":[{"@type":"Article","@id":"https:\/\/kapitalis.com\/tunisie\/2016\/10\/03\/le-prix-zyriab-distingue-3-musicologues-arabo-mediterraneens\/#article","isPartOf":{"@id":"https:\/\/kapitalis.com\/tunisie\/2016\/10\/03\/le-prix-zyriab-distingue-3-musicologues-arabo-mediterraneens\/"},"author":{"name":"webmaster kapitalis","@id":"https:\/\/kapitalis.com\/tunisie\/#\/schema\/person\/d71f33a9ca44f7bad4698210b480c8e9"},"headline":"Le prix Zyriab distingue 3 musicologues arabo-m\u00e9diterran\u00e9ens","datePublished":"2016-10-03T08:53:21+00:00","dateModified":"2016-10-03T08:58:44+00:00","mainEntityOfPage":{"@id":"https:\/\/kapitalis.com\/tunisie\/2016\/10\/03\/le-prix-zyriab-distingue-3-musicologues-arabo-mediterraneens\/"},"wordCount":400,"commentCount":0,"publisher":{"@id":"https:\/\/kapitalis.com\/tunisie\/#organization"},"image":{"@id":"https:\/\/kapitalis.com\/tunisie\/2016\/10\/03\/le-prix-zyriab-distingue-3-musicologues-arabo-mediterraneens\/#primaryimage"},"thumbnailUrl":"","keywords":["Mohamed Zinelabidine","Programme Med 21"],"articleSection":["CULTURE","Tunisie"],"inLanguage":"fr-FR","potentialAction":[{"@type":"CommentAction","name":"Comment","target":["https:\/\/kapitalis.com\/tunisie\/2016\/10\/03\/le-prix-zyriab-distingue-3-musicologues-arabo-mediterraneens\/#respond"]}]},{"@type":"WebPage","@id":"https:\/\/kapitalis.com\/tunisie\/2016\/10\/03\/le-prix-zyriab-distingue-3-musicologues-arabo-mediterraneens\/","url":"https:\/\/kapitalis.com\/tunisie\/2016\/10\/03\/le-prix-zyriab-distingue-3-musicologues-arabo-mediterraneens\/","name":"Le prix Zyriab distingue 3 musicologues arabo-m\u00e9diterran\u00e9ens - Kapitalis","isPartOf":{"@id":"https:\/\/kapitalis.com\/tunisie\/#website"},"primaryImageOfPage":{"@id":"https:\/\/kapitalis.com\/tunisie\/2016\/10\/03\/le-prix-zyriab-distingue-3-musicologues-arabo-mediterraneens\/#primaryimage"},"image":{"@id":"https:\/\/kapitalis.com\/tunisie\/2016\/10\/03\/le-prix-zyriab-distingue-3-musicologues-arabo-mediterraneens\/#primaryimage"},"thumbnailUrl":"","datePublished":"2016-10-03T08:53:21+00:00","dateModified":"2016-10-03T08:58:44+00:00","breadcrumb":{"@id":"https:\/\/kapitalis.com\/tunisie\/2016\/10\/03\/le-prix-zyriab-distingue-3-musicologues-arabo-mediterraneens\/#breadcrumb"},"inLanguage":"fr-FR","potentialAction":[{"@type":"ReadAction","target":["https:\/\/kapitalis.com\/tunisie\/2016\/10\/03\/le-prix-zyriab-distingue-3-musicologues-arabo-mediterraneens\/"]}]},{"@type":"ImageObject","inLanguage":"fr-FR","@id":"https:\/\/kapitalis.com\/tunisie\/2016\/10\/03\/le-prix-zyriab-distingue-3-musicologues-arabo-mediterraneens\/#primaryimage","url":"","contentUrl":""},{"@type":"BreadcrumbList","@id":"https:\/\/kapitalis.com\/tunisie\/2016\/10\/03\/le-prix-zyriab-distingue-3-musicologues-arabo-mediterraneens\/#breadcrumb","itemListElement":[{"@type":"ListItem","position":1,"name":"Accueil","item":"https:\/\/kapitalis.com\/tunisie\/"},{"@type":"ListItem","position":2,"name":"Le prix Zyriab distingue 3 musicologues arabo-m\u00e9diterran\u00e9ens"}]},{"@type":"WebSite","@id":"https:\/\/kapitalis.com\/tunisie\/#website","url":"https:\/\/kapitalis.com\/tunisie\/","name":"Kapitalis","description":"L&#039;actualit\u00e9 en Tunisie et dans le monde","publisher":{"@id":"https:\/\/kapitalis.com\/tunisie\/#organization"},"potentialAction":[{"@type":"SearchAction","target":{"@type":"EntryPoint","urlTemplate":"https:\/\/kapitalis.com\/tunisie\/?s={search_term_string}"},"query-input":{"@type":"PropertyValueSpecification","valueRequired":true,"valueName":"search_term_string"}}],"inLanguage":"fr-FR"},{"@type":"Organization","@id":"https:\/\/kapitalis.com\/tunisie\/#organization","name":"Kapitalis","url":"https:\/\/kapitalis.com\/tunisie\/","logo":{"@type":"ImageObject","inLanguage":"fr-FR","@id":"https:\/\/kapitalis.com\/tunisie\/#\/schema\/logo\/image\/","url":"https:\/\/kapitalis.com\/tunisie\/wp-content\/uploads\/2022\/05\/Kapitalis-big-size.png","contentUrl":"https:\/\/kapitalis.com\/tunisie\/wp-content\/uploads\/2022\/05\/Kapitalis-big-size.png","width":5000,"height":1500,"caption":"Kapitalis"},"image":{"@id":"https:\/\/kapitalis.com\/tunisie\/#\/schema\/logo\/image\/"},"sameAs":["https:\/\/www.facebook.com\/KapitalisInfo\/","https:\/\/x.com\/KapitalisInfo","https:\/\/www.youtube.com\/channel\/UC-yDYrHyfFBWWZaOw3FPg9Q"]},{"@type":"Person","@id":"https:\/\/kapitalis.com\/tunisie\/#\/schema\/person\/d71f33a9ca44f7bad4698210b480c8e9","name":"webmaster kapitalis","url":"https:\/\/kapitalis.com\/tunisie\/author\/webmaster-kapitalis\/"}]}},"_links":{"self":[{"href":"https:\/\/kapitalis.com\/tunisie\/wp-json\/wp\/v2\/posts\/66843","targetHints":{"allow":["GET"]}}],"collection":[{"href":"https:\/\/kapitalis.com\/tunisie\/wp-json\/wp\/v2\/posts"}],"about":[{"href":"https:\/\/kapitalis.com\/tunisie\/wp-json\/wp\/v2\/types\/post"}],"author":[{"embeddable":true,"href":"https:\/\/kapitalis.com\/tunisie\/wp-json\/wp\/v2\/users\/8"}],"replies":[{"embeddable":true,"href":"https:\/\/kapitalis.com\/tunisie\/wp-json\/wp\/v2\/comments?post=66843"}],"version-history":[{"count":0,"href":"https:\/\/kapitalis.com\/tunisie\/wp-json\/wp\/v2\/posts\/66843\/revisions"}],"wp:featuredmedia":[{"embeddable":true,"href":"https:\/\/kapitalis.com\/tunisie\/wp-json\/wp\/v2\/media\/66847"}],"wp:attachment":[{"href":"https:\/\/kapitalis.com\/tunisie\/wp-json\/wp\/v2\/media?parent=66843"}],"wp:term":[{"taxonomy":"category","embeddable":true,"href":"https:\/\/kapitalis.com\/tunisie\/wp-json\/wp\/v2\/categories?post=66843"},{"taxonomy":"post_tag","embeddable":true,"href":"https:\/\/kapitalis.com\/tunisie\/wp-json\/wp\/v2\/tags?post=66843"}],"curies":[{"name":"wp","href":"https:\/\/api.w.org\/{rel}","templated":true}]}}