{"id":66922,"date":"2016-10-03T17:58:39","date_gmt":"2016-10-03T16:58:39","guid":{"rendered":"http:\/\/kapitalis.com\/tunisie\/?p=66922"},"modified":"2016-10-03T17:58:39","modified_gmt":"2016-10-03T16:58:39","slug":"fouchana-deces-du-pere-de-famille-ayant-mis-le-feu-a-son-corps","status":"publish","type":"post","link":"https:\/\/kapitalis.com\/tunisie\/2016\/10\/03\/fouchana-deces-du-pere-de-famille-ayant-mis-le-feu-a-son-corps\/","title":{"rendered":"Fouchana : D\u00e9c\u00e8s du p\u00e8re de famille ayant mis le feu \u00e0 son corps"},"content":{"rendered":"<p style=\"text-align: center;\"><img loading=\"lazy\" decoding=\"async\" class=\"alignnone size-full wp-image-66925\" src=\"http:\/\/kapitalis.com\/tunisie\/wp-content\/uploads\/2016\/10\/Fouchana-deces-imolation-feu.jpg\" alt=\"fouchana-deces-imolation-feu\" width=\"626\" height=\"380\" \/><\/p>\n<p><em><strong>Le p\u00e8re de famille qui a mis le feu \u00e0 son corps, dimanche, \u00e0 Fouchana, a succomb\u00e9 \u00e0 ses br\u00fblures, aujourd\u2019hui, au Centre de traumatologie et des grands br\u00fbl\u00e9s de Ben Arous.<\/strong><\/em><\/p>\n<p><!--more--><\/p>\n<p>\u00c2g\u00e9 d\u2019une cinquantaine d\u2019ann\u00e9es, l\u2019homme \u00e9tait \u00e0 la recherche d\u2019emploi. Il s\u2019\u00e9tait d\u00e9plac\u00e9, hier, de B\u00e9ja \u00e0 Fouchana, esp\u00e9rant trouver un\u00a0travail, mais sans r\u00e9sultat. Il s\u2019est alors imbib\u00e9 d\u2019un produit inflammable et mis le <a href=\"http:\/\/kapitalis.com\/tunisie\/2016\/10\/03\/fouchana-un-pere-de-famille-met-le-feu-a-son-corps\/\">feu \u00e0 son corps.<\/a><\/p>\n<p>Br\u00fbl\u00e9 sur tout le corps aux 2<sup> e <\/sup>et 3<sup>e<\/sup> degr\u00e9, il a \u00e9t\u00e9 transport\u00e9 au Centre de traumatologie et des grands br\u00fbl\u00e9s de Ben Arous, mais il n\u2019a pas surv\u00e9cu.<\/p>\n<p>Notons qu\u2019avant de commettre cet acte irr\u00e9parable, le p\u00e8re de famille avait cri\u00e9 qu\u2019il \u00e9tait dans une impasse et n\u2019arrivait pas \u00e0 sortir sa famille de la pr\u00e9carit\u00e9.<\/p>\n<p style=\"text-align: right;\"><strong>Y. N.<\/strong><\/p>\n","protected":false},"excerpt":{"rendered":"<p>Le p\u00e8re de famille qui a mis le feu \u00e0 son corps, dimanche, \u00e0 Fouchana, a succomb\u00e9 \u00e0 ses br\u00fblures, aujourd\u2019hui, au Centre de traumatologie et des grands br\u00fbl\u00e9s de Ben Arous.<\/p>\n","protected":false},"author":6,"featured_media":66925,"comment_status":"open","ping_status":"open","sticky":false,"template":"","format":"standard","meta":{"footnotes":""},"categories":[998,2433],"tags":[136,141,1778,19789,13913,20555,7707],"class_list":["post-66922","post","type-post","status-publish","format-standard","has-post-thumbnail","hentry","category-societe","category-tunisie","tag-beja","tag-ben-arous","tag-brulures","tag-centre-de-traumatologie","tag-fouchana","tag-pere-de-famille","tag-precarite"],"yoast_head":"<!-- This site is optimized with the Yoast SEO plugin v26.6 - https:\/\/yoast.com\/wordpress\/plugins\/seo\/ -->\n<title>Fouchana : D\u00e9c\u00e8s du p\u00e8re de famille ayant mis le feu \u00e0 son corps - Kapitalis<\/title>\n<meta name=\"robots\" content=\"index, follow, max-snippet:-1, max-image-preview:large, max-video-preview:-1\" \/>\n<link rel=\"canonical\" href=\"https:\/\/kapitalis.com\/tunisie\/2016\/10\/03\/fouchana-deces-du-pere-de-famille-ayant-mis-le-feu-a-son-corps\/\" \/>\n<meta property=\"og:locale\" content=\"fr_FR\" \/>\n<meta property=\"og:type\" content=\"article\" \/>\n<meta property=\"og:title\" content=\"Fouchana : D\u00e9c\u00e8s du p\u00e8re de famille ayant mis le feu \u00e0 son corps - Kapitalis\" \/>\n<meta property=\"og:description\" content=\"Le p\u00e8re de famille qui a mis le feu \u00e0 son corps, dimanche, \u00e0 Fouchana, a succomb\u00e9 \u00e0 ses br\u00fblures, aujourd\u2019hui, au Centre de traumatologie et des grands br\u00fbl\u00e9s de Ben Arous.\" \/>\n<meta property=\"og:url\" content=\"https:\/\/kapitalis.com\/tunisie\/2016\/10\/03\/fouchana-deces-du-pere-de-famille-ayant-mis-le-feu-a-son-corps\/\" \/>\n<meta property=\"og:site_name\" content=\"Kapitalis\" \/>\n<meta property=\"article:publisher\" content=\"https:\/\/www.facebook.com\/KapitalisInfo\/\" \/>\n<meta property=\"article:published_time\" content=\"2016-10-03T16:58:39+00:00\" \/>\n<meta property=\"og:image\" content=\"https:\/\/kapitalis.com\/tunisie\/wp-content\/uploads\/2022\/05\/kapitalis-logo-fb.png\" \/>\n\t<meta property=\"og:image:width\" content=\"1200\" \/>\n\t<meta property=\"og:image:height\" content=\"630\" \/>\n\t<meta property=\"og:image:type\" content=\"image\/png\" \/>\n<meta name=\"author\" content=\"Yusra NY\" \/>\n<meta name=\"twitter:card\" content=\"summary_large_image\" \/>\n<meta name=\"twitter:creator\" content=\"@KapitalisInfo\" \/>\n<meta name=\"twitter:site\" content=\"@KapitalisInfo\" \/>\n<meta name=\"twitter:label1\" content=\"\u00c9crit par\" \/>\n\t<meta name=\"twitter:data1\" content=\"Yusra NY\" \/>\n\t<meta name=\"twitter:label2\" content=\"Dur\u00e9e de lecture estim\u00e9e\" \/>\n\t<meta name=\"twitter:data2\" content=\"1 minute\" \/>\n<script type=\"application\/ld+json\" class=\"yoast-schema-graph\">{\"@context\":\"https:\/\/schema.org\",\"@graph\":[{\"@type\":\"Article\",\"@id\":\"https:\/\/kapitalis.com\/tunisie\/2016\/10\/03\/fouchana-deces-du-pere-de-famille-ayant-mis-le-feu-a-son-corps\/#article\",\"isPartOf\":{\"@id\":\"https:\/\/kapitalis.com\/tunisie\/2016\/10\/03\/fouchana-deces-du-pere-de-famille-ayant-mis-le-feu-a-son-corps\/\"},\"author\":{\"name\":\"Yusra NY\",\"@id\":\"https:\/\/kapitalis.com\/tunisie\/#\/schema\/person\/74bbde0154d49d790a92aaeac5bc01d5\"},\"headline\":\"Fouchana : D\u00e9c\u00e8s du p\u00e8re de famille ayant mis le feu \u00e0 son corps\",\"datePublished\":\"2016-10-03T16:58:39+00:00\",\"mainEntityOfPage\":{\"@id\":\"https:\/\/kapitalis.com\/tunisie\/2016\/10\/03\/fouchana-deces-du-pere-de-famille-ayant-mis-le-feu-a-son-corps\/\"},\"wordCount\":167,\"commentCount\":2,\"publisher\":{\"@id\":\"https:\/\/kapitalis.com\/tunisie\/#organization\"},\"image\":{\"@id\":\"https:\/\/kapitalis.com\/tunisie\/2016\/10\/03\/fouchana-deces-du-pere-de-famille-ayant-mis-le-feu-a-son-corps\/#primaryimage\"},\"thumbnailUrl\":\"\",\"keywords\":[\"B\u00e9ja\",\"Ben Arous\",\"br\u00fblures\",\"Centre de traumatologie\",\"Fouchana\",\"p\u00e8re de famille\",\"pr\u00e9carit\u00e9\"],\"articleSection\":[\"SOCIETE\",\"Tunisie\"],\"inLanguage\":\"fr-FR\",\"potentialAction\":[{\"@type\":\"CommentAction\",\"name\":\"Comment\",\"target\":[\"https:\/\/kapitalis.com\/tunisie\/2016\/10\/03\/fouchana-deces-du-pere-de-famille-ayant-mis-le-feu-a-son-corps\/#respond\"]}]},{\"@type\":\"WebPage\",\"@id\":\"https:\/\/kapitalis.com\/tunisie\/2016\/10\/03\/fouchana-deces-du-pere-de-famille-ayant-mis-le-feu-a-son-corps\/\",\"url\":\"https:\/\/kapitalis.com\/tunisie\/2016\/10\/03\/fouchana-deces-du-pere-de-famille-ayant-mis-le-feu-a-son-corps\/\",\"name\":\"Fouchana : D\u00e9c\u00e8s du p\u00e8re de famille ayant mis le feu \u00e0 son corps - Kapitalis\",\"isPartOf\":{\"@id\":\"https:\/\/kapitalis.com\/tunisie\/#website\"},\"primaryImageOfPage\":{\"@id\":\"https:\/\/kapitalis.com\/tunisie\/2016\/10\/03\/fouchana-deces-du-pere-de-famille-ayant-mis-le-feu-a-son-corps\/#primaryimage\"},\"image\":{\"@id\":\"https:\/\/kapitalis.com\/tunisie\/2016\/10\/03\/fouchana-deces-du-pere-de-famille-ayant-mis-le-feu-a-son-corps\/#primaryimage\"},\"thumbnailUrl\":\"\",\"datePublished\":\"2016-10-03T16:58:39+00:00\",\"breadcrumb\":{\"@id\":\"https:\/\/kapitalis.com\/tunisie\/2016\/10\/03\/fouchana-deces-du-pere-de-famille-ayant-mis-le-feu-a-son-corps\/#breadcrumb\"},\"inLanguage\":\"fr-FR\",\"potentialAction\":[{\"@type\":\"ReadAction\",\"target\":[\"https:\/\/kapitalis.com\/tunisie\/2016\/10\/03\/fouchana-deces-du-pere-de-famille-ayant-mis-le-feu-a-son-corps\/\"]}]},{\"@type\":\"ImageObject\",\"inLanguage\":\"fr-FR\",\"@id\":\"https:\/\/kapitalis.com\/tunisie\/2016\/10\/03\/fouchana-deces-du-pere-de-famille-ayant-mis-le-feu-a-son-corps\/#primaryimage\",\"url\":\"\",\"contentUrl\":\"\"},{\"@type\":\"BreadcrumbList\",\"@id\":\"https:\/\/kapitalis.com\/tunisie\/2016\/10\/03\/fouchana-deces-du-pere-de-famille-ayant-mis-le-feu-a-son-corps\/#breadcrumb\",\"itemListElement\":[{\"@type\":\"ListItem\",\"position\":1,\"name\":\"Accueil\",\"item\":\"https:\/\/kapitalis.com\/tunisie\/\"},{\"@type\":\"ListItem\",\"position\":2,\"name\":\"Fouchana : D\u00e9c\u00e8s du p\u00e8re de famille ayant mis le feu \u00e0 son corps\"}]},{\"@type\":\"WebSite\",\"@id\":\"https:\/\/kapitalis.com\/tunisie\/#website\",\"url\":\"https:\/\/kapitalis.com\/tunisie\/\",\"name\":\"Kapitalis\",\"description\":\"L&#039;actualit\u00e9 en Tunisie et dans le monde\",\"publisher\":{\"@id\":\"https:\/\/kapitalis.com\/tunisie\/#organization\"},\"potentialAction\":[{\"@type\":\"SearchAction\",\"target\":{\"@type\":\"EntryPoint\",\"urlTemplate\":\"https:\/\/kapitalis.com\/tunisie\/?s={search_term_string}\"},\"query-input\":{\"@type\":\"PropertyValueSpecification\",\"valueRequired\":true,\"valueName\":\"search_term_string\"}}],\"inLanguage\":\"fr-FR\"},{\"@type\":\"Organization\",\"@id\":\"https:\/\/kapitalis.com\/tunisie\/#organization\",\"name\":\"Kapitalis\",\"url\":\"https:\/\/kapitalis.com\/tunisie\/\",\"logo\":{\"@type\":\"ImageObject\",\"inLanguage\":\"fr-FR\",\"@id\":\"https:\/\/kapitalis.com\/tunisie\/#\/schema\/logo\/image\/\",\"url\":\"https:\/\/kapitalis.com\/tunisie\/wp-content\/uploads\/2022\/05\/Kapitalis-big-size.png\",\"contentUrl\":\"https:\/\/kapitalis.com\/tunisie\/wp-content\/uploads\/2022\/05\/Kapitalis-big-size.png\",\"width\":5000,\"height\":1500,\"caption\":\"Kapitalis\"},\"image\":{\"@id\":\"https:\/\/kapitalis.com\/tunisie\/#\/schema\/logo\/image\/\"},\"sameAs\":[\"https:\/\/www.facebook.com\/KapitalisInfo\/\",\"https:\/\/x.com\/KapitalisInfo\",\"https:\/\/www.youtube.com\/channel\/UC-yDYrHyfFBWWZaOw3FPg9Q\"]},{\"@type\":\"Person\",\"@id\":\"https:\/\/kapitalis.com\/tunisie\/#\/schema\/person\/74bbde0154d49d790a92aaeac5bc01d5\",\"name\":\"Yusra NY\",\"url\":\"https:\/\/kapitalis.com\/tunisie\/author\/yuza_adam\/\"}]}<\/script>\n<!-- \/ Yoast SEO plugin. -->","yoast_head_json":{"title":"Fouchana : D\u00e9c\u00e8s du p\u00e8re de famille ayant mis le feu \u00e0 son corps - Kapitalis","robots":{"index":"index","follow":"follow","max-snippet":"max-snippet:-1","max-image-preview":"max-image-preview:large","max-video-preview":"max-video-preview:-1"},"canonical":"https:\/\/kapitalis.com\/tunisie\/2016\/10\/03\/fouchana-deces-du-pere-de-famille-ayant-mis-le-feu-a-son-corps\/","og_locale":"fr_FR","og_type":"article","og_title":"Fouchana : D\u00e9c\u00e8s du p\u00e8re de famille ayant mis le feu \u00e0 son corps - Kapitalis","og_description":"Le p\u00e8re de famille qui a mis le feu \u00e0 son corps, dimanche, \u00e0 Fouchana, a succomb\u00e9 \u00e0 ses br\u00fblures, aujourd\u2019hui, au Centre de traumatologie et des grands br\u00fbl\u00e9s de Ben Arous.","og_url":"https:\/\/kapitalis.com\/tunisie\/2016\/10\/03\/fouchana-deces-du-pere-de-famille-ayant-mis-le-feu-a-son-corps\/","og_site_name":"Kapitalis","article_publisher":"https:\/\/www.facebook.com\/KapitalisInfo\/","article_published_time":"2016-10-03T16:58:39+00:00","og_image":[{"width":1200,"height":630,"url":"https:\/\/kapitalis.com\/tunisie\/wp-content\/uploads\/2022\/05\/kapitalis-logo-fb.png","type":"image\/png"}],"author":"Yusra NY","twitter_card":"summary_large_image","twitter_creator":"@KapitalisInfo","twitter_site":"@KapitalisInfo","twitter_misc":{"\u00c9crit par":"Yusra NY","Dur\u00e9e de lecture estim\u00e9e":"1 minute"},"schema":{"@context":"https:\/\/schema.org","@graph":[{"@type":"Article","@id":"https:\/\/kapitalis.com\/tunisie\/2016\/10\/03\/fouchana-deces-du-pere-de-famille-ayant-mis-le-feu-a-son-corps\/#article","isPartOf":{"@id":"https:\/\/kapitalis.com\/tunisie\/2016\/10\/03\/fouchana-deces-du-pere-de-famille-ayant-mis-le-feu-a-son-corps\/"},"author":{"name":"Yusra NY","@id":"https:\/\/kapitalis.com\/tunisie\/#\/schema\/person\/74bbde0154d49d790a92aaeac5bc01d5"},"headline":"Fouchana : D\u00e9c\u00e8s du p\u00e8re de famille ayant mis le feu \u00e0 son corps","datePublished":"2016-10-03T16:58:39+00:00","mainEntityOfPage":{"@id":"https:\/\/kapitalis.com\/tunisie\/2016\/10\/03\/fouchana-deces-du-pere-de-famille-ayant-mis-le-feu-a-son-corps\/"},"wordCount":167,"commentCount":2,"publisher":{"@id":"https:\/\/kapitalis.com\/tunisie\/#organization"},"image":{"@id":"https:\/\/kapitalis.com\/tunisie\/2016\/10\/03\/fouchana-deces-du-pere-de-famille-ayant-mis-le-feu-a-son-corps\/#primaryimage"},"thumbnailUrl":"","keywords":["B\u00e9ja","Ben Arous","br\u00fblures","Centre de traumatologie","Fouchana","p\u00e8re de famille","pr\u00e9carit\u00e9"],"articleSection":["SOCIETE","Tunisie"],"inLanguage":"fr-FR","potentialAction":[{"@type":"CommentAction","name":"Comment","target":["https:\/\/kapitalis.com\/tunisie\/2016\/10\/03\/fouchana-deces-du-pere-de-famille-ayant-mis-le-feu-a-son-corps\/#respond"]}]},{"@type":"WebPage","@id":"https:\/\/kapitalis.com\/tunisie\/2016\/10\/03\/fouchana-deces-du-pere-de-famille-ayant-mis-le-feu-a-son-corps\/","url":"https:\/\/kapitalis.com\/tunisie\/2016\/10\/03\/fouchana-deces-du-pere-de-famille-ayant-mis-le-feu-a-son-corps\/","name":"Fouchana : D\u00e9c\u00e8s du p\u00e8re de famille ayant mis le feu \u00e0 son corps - Kapitalis","isPartOf":{"@id":"https:\/\/kapitalis.com\/tunisie\/#website"},"primaryImageOfPage":{"@id":"https:\/\/kapitalis.com\/tunisie\/2016\/10\/03\/fouchana-deces-du-pere-de-famille-ayant-mis-le-feu-a-son-corps\/#primaryimage"},"image":{"@id":"https:\/\/kapitalis.com\/tunisie\/2016\/10\/03\/fouchana-deces-du-pere-de-famille-ayant-mis-le-feu-a-son-corps\/#primaryimage"},"thumbnailUrl":"","datePublished":"2016-10-03T16:58:39+00:00","breadcrumb":{"@id":"https:\/\/kapitalis.com\/tunisie\/2016\/10\/03\/fouchana-deces-du-pere-de-famille-ayant-mis-le-feu-a-son-corps\/#breadcrumb"},"inLanguage":"fr-FR","potentialAction":[{"@type":"ReadAction","target":["https:\/\/kapitalis.com\/tunisie\/2016\/10\/03\/fouchana-deces-du-pere-de-famille-ayant-mis-le-feu-a-son-corps\/"]}]},{"@type":"ImageObject","inLanguage":"fr-FR","@id":"https:\/\/kapitalis.com\/tunisie\/2016\/10\/03\/fouchana-deces-du-pere-de-famille-ayant-mis-le-feu-a-son-corps\/#primaryimage","url":"","contentUrl":""},{"@type":"BreadcrumbList","@id":"https:\/\/kapitalis.com\/tunisie\/2016\/10\/03\/fouchana-deces-du-pere-de-famille-ayant-mis-le-feu-a-son-corps\/#breadcrumb","itemListElement":[{"@type":"ListItem","position":1,"name":"Accueil","item":"https:\/\/kapitalis.com\/tunisie\/"},{"@type":"ListItem","position":2,"name":"Fouchana : D\u00e9c\u00e8s du p\u00e8re de famille ayant mis le feu \u00e0 son corps"}]},{"@type":"WebSite","@id":"https:\/\/kapitalis.com\/tunisie\/#website","url":"https:\/\/kapitalis.com\/tunisie\/","name":"Kapitalis","description":"L&#039;actualit\u00e9 en Tunisie et dans le monde","publisher":{"@id":"https:\/\/kapitalis.com\/tunisie\/#organization"},"potentialAction":[{"@type":"SearchAction","target":{"@type":"EntryPoint","urlTemplate":"https:\/\/kapitalis.com\/tunisie\/?s={search_term_string}"},"query-input":{"@type":"PropertyValueSpecification","valueRequired":true,"valueName":"search_term_string"}}],"inLanguage":"fr-FR"},{"@type":"Organization","@id":"https:\/\/kapitalis.com\/tunisie\/#organization","name":"Kapitalis","url":"https:\/\/kapitalis.com\/tunisie\/","logo":{"@type":"ImageObject","inLanguage":"fr-FR","@id":"https:\/\/kapitalis.com\/tunisie\/#\/schema\/logo\/image\/","url":"https:\/\/kapitalis.com\/tunisie\/wp-content\/uploads\/2022\/05\/Kapitalis-big-size.png","contentUrl":"https:\/\/kapitalis.com\/tunisie\/wp-content\/uploads\/2022\/05\/Kapitalis-big-size.png","width":5000,"height":1500,"caption":"Kapitalis"},"image":{"@id":"https:\/\/kapitalis.com\/tunisie\/#\/schema\/logo\/image\/"},"sameAs":["https:\/\/www.facebook.com\/KapitalisInfo\/","https:\/\/x.com\/KapitalisInfo","https:\/\/www.youtube.com\/channel\/UC-yDYrHyfFBWWZaOw3FPg9Q"]},{"@type":"Person","@id":"https:\/\/kapitalis.com\/tunisie\/#\/schema\/person\/74bbde0154d49d790a92aaeac5bc01d5","name":"Yusra NY","url":"https:\/\/kapitalis.com\/tunisie\/author\/yuza_adam\/"}]}},"_links":{"self":[{"href":"https:\/\/kapitalis.com\/tunisie\/wp-json\/wp\/v2\/posts\/66922","targetHints":{"allow":["GET"]}}],"collection":[{"href":"https:\/\/kapitalis.com\/tunisie\/wp-json\/wp\/v2\/posts"}],"about":[{"href":"https:\/\/kapitalis.com\/tunisie\/wp-json\/wp\/v2\/types\/post"}],"author":[{"embeddable":true,"href":"https:\/\/kapitalis.com\/tunisie\/wp-json\/wp\/v2\/users\/6"}],"replies":[{"embeddable":true,"href":"https:\/\/kapitalis.com\/tunisie\/wp-json\/wp\/v2\/comments?post=66922"}],"version-history":[{"count":0,"href":"https:\/\/kapitalis.com\/tunisie\/wp-json\/wp\/v2\/posts\/66922\/revisions"}],"wp:featuredmedia":[{"embeddable":true,"href":"https:\/\/kapitalis.com\/tunisie\/wp-json\/wp\/v2\/media\/66925"}],"wp:attachment":[{"href":"https:\/\/kapitalis.com\/tunisie\/wp-json\/wp\/v2\/media?parent=66922"}],"wp:term":[{"taxonomy":"category","embeddable":true,"href":"https:\/\/kapitalis.com\/tunisie\/wp-json\/wp\/v2\/categories?post=66922"},{"taxonomy":"post_tag","embeddable":true,"href":"https:\/\/kapitalis.com\/tunisie\/wp-json\/wp\/v2\/tags?post=66922"}],"curies":[{"name":"wp","href":"https:\/\/api.w.org\/{rel}","templated":true}]}}