{"id":6702419,"date":"2023-02-27T07:38:25","date_gmt":"2023-02-27T06:38:25","guid":{"rendered":"https:\/\/kapitalis.com\/tunisie\/?p=6702419"},"modified":"2023-02-27T07:38:27","modified_gmt":"2023-02-27T06:38:27","slug":"sortir-de-la-crise-des-migrants-subsahariens-en-tunisie","status":"publish","type":"post","link":"https:\/\/kapitalis.com\/tunisie\/2023\/02\/27\/sortir-de-la-crise-des-migrants-subsahariens-en-tunisie\/","title":{"rendered":"Sortir de la crise des migrants subsahariens en Tunisie"},"content":{"rendered":"\n<p><strong><em>La crise des migrants subsahariens continue d\u2019alimenter le d\u00e9bat en Tunisie et \u00e0 l\u2019\u00e9tranger. L\u2019auteure en fait ici un diagnostic et propose des recommandations pour en sortir avec les moindres frais pour notre pays. Il est temps de mod\u00e9rer notre langage, de pr\u00e9server notre diplomatie, de s\u2019engager dans la d\u00e9sescalade et de trouver des solutions raisonnables pour tous!<\/em><\/strong><\/p>\n\n\n\n<p>Par <strong>S\u00e9mia Zouari <\/strong>*<\/p>\n\n\n\n<!--more-->\n\n\n<div class=\"wp-block-image\">\n<figure class=\"alignleft size-full\"><img loading=\"lazy\" decoding=\"async\" width=\"200\" height=\"200\" src=\"https:\/\/kapitalis.com\/tunisie\/wp-content\/uploads\/2022\/10\/Semia-Zouari.jpg\" alt=\"\" class=\"wp-image-4519025\" srcset=\"https:\/\/kapitalis.com\/tunisie\/wp-content\/uploads\/2022\/10\/Semia-Zouari.jpg 200w, https:\/\/kapitalis.com\/tunisie\/wp-content\/uploads\/2022\/10\/Semia-Zouari-150x150.jpg 150w, https:\/\/kapitalis.com\/tunisie\/wp-content\/uploads\/2022\/10\/Semia-Zouari-120x120.jpg 120w\" sizes=\"auto, (max-width: 200px) 100vw, 200px\" \/><\/figure>\n<\/div>\n\n\n<p>Nous suivons chaque jour, avec la plus grande consternation, la grave crise politique, diplomatique, humanitaire, s\u00e9curitaire et \u00e9conomique provoqu\u00e9e par les d\u00e9clarations du pr\u00e9sident Ka\u00efs Sa\u00efed, le 21 f\u00e9vrier, \u00e0 l&rsquo;encontre des migrants subsahariens avec le toll\u00e9 de r\u00e9probations qui en ont d\u00e9coul\u00e9, particuli\u00e8rement au niveau international o\u00f9 l\u2019image de marque de la Tunisie, celles de son pr\u00e9sident, de sa diplomatie, de son appareil s\u00e9curitaire en sont sorties gravement et durablement \u00e9corn\u00e9es.<\/p>\n\n\n\n<p>M\u00eame si la manifestation de soutien organis\u00e9e par la Ligue tunisienne de d\u00e9fense des droits de l\u2019homme (LTDH), le samedi 25 f\u00e9vrier, a pu mettre un peu de baume au c\u0153ur de nos fr\u00e8res subsahariens, beaucoup reste \u00e0 faire pour limiter les d\u00e9g\u00e2ts de cette crise aux diff\u00e9rents niveaux suivants.<\/p>\n\n\n\n<p><strong>1. Sur le plan politique et diplomatique :<\/strong><\/p>\n\n\n\n<p>&#8211; Le pr\u00e9sident de la r\u00e9publique ne peut se permettre de se livrer \u00e0 des d\u00e9clarations incendiaires stigmatisant les migrants subsahariens et portant sur eux des accusations complotistes irr\u00e9alistes qui lui ali\u00e8nent d\u2019office 54 pays africains, l\u2019Union Africaine, les Nations Unies et la communaut\u00e9 internationale.<\/p>\n\n\n\n<p>&#8211; La qualification de son intervention est \u00e9vidente et nos fr\u00e8res africains y ont vu clairement une attaque raciste contre les noirs. Il ne faut pas insulter leur intelligence en invoquant un quelconque malentendu&#8230; Le mal est fait et l\u2019image de marque de la Tunisie, membre fondateur historique de l\u2019Union Africaine, est ternie par le premier repr\u00e9sentant de sa diplomatie, en l\u2019occurrence le pr\u00e9sident de la r\u00e9publique lui-m\u00eame qui ne peut continuer de s\u2019aligner sur la position de l\u2019Alg\u00e9rie en toute chose&#8230;<\/p>\n\n\n\n<p>&#8211; Les interventions du ministre des Affaires \u00e9trang\u00e8res ne peuvent exon\u00e9rer le pr\u00e9sident Sa\u00efed dont les d\u00e9clarations ont ouvert les portes de l\u2019enfer contre nos fr\u00e8res subsahariens, terroris\u00e9s, traqu\u00e9s de toutes parts, d\u00e9log\u00e9s, emprisonn\u00e9s, spoli\u00e9s de tous leurs droits humains et \u00e9conomiques. Inutile de nier les faits qui sont document\u00e9s par des vid\u00e9os, des t\u00e9moignages accablants. &nbsp;Difficile pour notre diplomatie de colmater les br\u00e8ches d\u2019un navire sans rep\u00e8res avec des crises r\u00e9currentes&#8230;<\/p>\n\n\n\n<p>&#8211; Politiquement, nous avons assist\u00e9 \u00e0 l\u2019ascension, en toute impunit\u00e9, d\u2019un parti raciste, x\u00e9nophobe, n\u00e9o-fasciste qui a inond\u00e9 les r\u00e9seaux sociaux de vid\u00e9os mensong\u00e8res diabolisant les Subsahariens, exag\u00e9rant leur nombre, attisant la haine et le racisme le plus d\u00e9testable. Ce parti soi-disant nationaliste a fait le plus grand mal \u00e0 la Tunisie et doit \u00eatre dissous dans les plus brefs d\u00e9lais. Et cela quel que soit son lien avec Ka\u00efs Sa\u00efed qui s\u2019est laiss\u00e9 influencer par sa rh\u00e9torique raciste et complotiste mais ne peut d\u00e9cemment en faire un alli\u00e9 fiable et respectable ou une quelconque base \u00e9lectorale et ce, nonobstant l\u2019appui populiste d\u2019une opinion publique manipulable et de moins en moins soucieuse de la morale.<\/p>\n\n\n\n<figure class=\"wp-block-embed is-type-wp-embed is-provider-kapitalis wp-block-embed-kapitalis\"><div class=\"wp-block-embed__wrapper\">\n<blockquote class=\"wp-embedded-content\" data-secret=\"pS0nwjQrLW\"><a href=\"https:\/\/kapitalis.com\/tunisie\/2023\/02\/24\/racisme-et-theorie-du-complot-la-faillite-morale-des-tunisiens-est-elle-consommee\/\">Racisme et th\u00e9orie du complot\u00a0: la faillite morale des Tunisiens est-elle consomm\u00e9e\u00a0?<\/a><\/blockquote><iframe loading=\"lazy\" class=\"wp-embedded-content\" sandbox=\"allow-scripts\" security=\"restricted\" style=\"position: absolute; clip: rect(1px, 1px, 1px, 1px);\" title=\"\u00ab\u00a0Racisme et th\u00e9orie du complot\u00a0: la faillite morale des Tunisiens est-elle consomm\u00e9e\u00a0?\u00a0\u00bb &#8212; Kapitalis\" src=\"https:\/\/kapitalis.com\/tunisie\/2023\/02\/24\/racisme-et-theorie-du-complot-la-faillite-morale-des-tunisiens-est-elle-consommee\/embed\/#?secret=1q43wts0LL#?secret=pS0nwjQrLW\" data-secret=\"pS0nwjQrLW\" width=\"600\" height=\"338\" frameborder=\"0\" marginwidth=\"0\" marginheight=\"0\" scrolling=\"no\"><\/iframe>\n<\/div><\/figure>\n\n\n\n<p>&#8211; Un pr\u00e9sident de la r\u00e9publique ne peut se rabaisser au niveau d\u2019un parti qui reprend \u00e0 son compte la rh\u00e9torique raciste d\u2019Eric Zemmour, car il repr\u00e9sente son pays \u00e0 l\u2019international et non ses positions personnelles. Les commentaires haineux des thurif\u00e9raires de ce parti n\u00e9o-fasciste ne devraient en aucun cas figurer sur la page facebook de la pr\u00e9sidence dont les administrateurs devraient \u00eatre plus soucieux de l\u2019image de la plus haute autorit\u00e9 de l\u2019Etat. De plus ces m\u00eames arguments racistes pourraient nous \u00eatre retourn\u00e9s aux d\u00e9pens de nos propres ressortissants en Europe pour lesquels nous r\u00e9clamons un traitement respectueux des droits de l\u2019homme et dont nous refusons l\u2019expulsion.<\/p>\n\n\n\n<p><strong>2. Sur le plan s\u00e9curitaire<\/strong>, c\u2019est \u00e0 Ka\u00efs Sa\u00efed de monter au cr\u00e9neau via un communiqu\u00e9 \u00e9crit pour:<\/p>\n\n\n\n<p>&#8211; r\u00e9parer les d\u00e9g\u00e2ts occasionn\u00e9s par ses propres d\u00e9clarations intempestives;<\/p>\n\n\n\n<p>&#8211; assumer personnellement qu\u2019il y a eu un grave d\u00e9rapage et appeler officiellement \u00e0 la fin des pers\u00e9cutions des Subsahariens tant de la part de la populace que des autorit\u00e9s;<\/p>\n\n\n\n<p>&#8211; exiger des services de police d\u2019intervenir pour prot\u00e9ger les Subsahariens des exactions venant de la populace et de cesser les campagnes d\u2019arrestations et d\u2019emprisonnement au simple motif du s\u00e9jour ill\u00e9gal;<\/p>\n\n\n\n<p>&#8211; exon\u00e9rer les ressortissants subsahariens du paiement des p\u00e9nalit\u00e9s de 80DT par mois pour d\u00e9passement de visa de s\u00e9jour;<\/p>\n\n\n\n<p>&#8211; sommer la police de cesser de faire obstruction \u00e0 la d\u00e9livrance des titres de s\u00e9jour aux \u00e9tudiants \u00e9trangers et aux travailleurs d\u00fbment munis de contrats de travail;<\/p>\n\n\n\n<p>&#8211; d\u00e9cider un moratoire \u00e0 la mise en application de la loi du 18 f\u00e9vrier sur les \u00e9trangers jusqu\u2019\u00e0 r\u00e9solution \u00e0 l\u2019amiable de la crise et dans le respect de la dignit\u00e9 humaine des migrants qui souhaitent rentrer chez eux;<\/p>\n\n\n\n<p>&#8211; inviter les services consulaires des ambassades concern\u00e9es \u00e0 d\u00e9livrer des laissez- passer ou des passeports valides \u00e0 leurs ressortissants d\u00fbment identifi\u00e9s qui souhaitent \u00eatre rapatri\u00e9s dans leur pays d\u2019origine, en assurant la gratuit\u00e9 de leur transport par avion en collaboration avec l\u2019Organisation internationale des migrations (OIM) qui dispose de budgets d\u00e9di\u00e9s \u00e0 cet effet et peut m\u00eame accorder, \u00e0 chaque migrant volontaire au retour, un p\u00e9cule de l&rsquo;ordre de 300 euros;<\/p>\n\n\n\n<p>&#8211; renforcer les mesures s\u00e9curitaires \u00e0 l\u2019encontre de la mafia de la migration ill\u00e9gale&nbsp; au niveau int\u00e9rieur;<\/p>\n\n\n\n<p>&#8211; \u00e0 l\u2019\u00e9chelle internationale proposer la convocation d\u2019une Conf\u00e9rence Internationale en Tunisie sur le contr\u00f4le des flux migratoires, en collaboration avec les services s\u00e9curitaires des pays \u00e9metteurs, des pays de transit, des pays frontaliers, des pays r\u00e9cipiendaires et ce via la coop\u00e9ration internationale avec l\u2019Union Africaine, les Nations Unies et ses organisations repr\u00e9sent\u00e9es en Tunisie telles que l\u2019OIM, l\u2019UNHCR, ainsi qu\u2019avec Interpol, l\u2019Union Europ\u00e9enne, Frontex, l\u2019OSCE et l\u2019Otan qui ont promu des programmes d\u00e9di\u00e9s \u00e0 la lutte contre la migration ill\u00e9gale.&nbsp;<\/p>\n\n\n\n<p><strong>3. Sur le plan humanitaire et p\u00e9nal :<\/strong><\/p>\n\n\n\n<p>&#8211; Tout doit \u00eatre fait pour \u00e9viter la pers\u00e9cution et la pr\u00e9carisation de nos fr\u00e8res subsahariens en Tunisie et pr\u00e9server leur dignit\u00e9, qu\u2019ils soient en situation r\u00e9guli\u00e8re ou sans papiers.<\/p>\n\n\n\n<p>&#8211; Les autorit\u00e9s tunisiennes n\u2019auraient jamais d\u00fb imposer la loi sur les \u00e9trangers sans pr\u00e9avis car elles ont ainsi cr\u00e9\u00e9 une crise qui a \u00e9chapp\u00e9 \u00e0 tout contr\u00f4le et donne une image d\u00e9grad\u00e9e de la Tunisie en termes de respect des droits de l\u2019homme.<\/p>\n\n\n\n<p>&#8211; Les condamnations internationales de la crise pourraient aller au stade de qualification par les Nations Unies d\u2019<em>\u00abatteintes massives et r\u00e9p\u00e9t\u00e9es aux droits de l\u2019homme\u00bb<\/em> pouvant justifier des condamnations du Comit\u00e9 des Droits de l\u2019Homme des Nations Unies, des poursuites p\u00e9nales fond\u00e9es sur les t\u00e9moignages des victimes, d\u00fbment document\u00e9s et authentifi\u00e9s, ainsi que sur la foi des rapports des organisations internationales repr\u00e9sent\u00e9es en Tunisie.<\/p>\n\n\n\n<figure class=\"wp-block-embed is-type-wp-embed is-provider-kapitalis wp-block-embed-kapitalis\"><div class=\"wp-block-embed__wrapper\">\n<blockquote class=\"wp-embedded-content\" data-secret=\"mwxXHgc4p5\"><a href=\"https:\/\/kapitalis.com\/tunisie\/2023\/02\/25\/la-tunisie-face-au-casse-tete-des-residents-illegaux\/\">La Tunisie face au casse-t\u00eate des r\u00e9sidents ill\u00e9gaux<\/a><\/blockquote><iframe loading=\"lazy\" class=\"wp-embedded-content\" sandbox=\"allow-scripts\" security=\"restricted\" style=\"position: absolute; clip: rect(1px, 1px, 1px, 1px);\" title=\"\u00ab\u00a0La Tunisie face au casse-t\u00eate des r\u00e9sidents ill\u00e9gaux\u00a0\u00bb &#8212; Kapitalis\" src=\"https:\/\/kapitalis.com\/tunisie\/2023\/02\/25\/la-tunisie-face-au-casse-tete-des-residents-illegaux\/embed\/#?secret=c0QrmUAEmE#?secret=mwxXHgc4p5\" data-secret=\"mwxXHgc4p5\" width=\"600\" height=\"338\" frameborder=\"0\" marginwidth=\"0\" marginheight=\"0\" scrolling=\"no\"><\/iframe>\n<\/div><\/figure>\n\n\n\n<p>&#8211; Les migrants subsahariens victimes de pers\u00e9cutions peuvent postuler au statut de r\u00e9fugi\u00e9s \u00e9conomiques et de minorit\u00e9s \u00e9trang\u00e8res pers\u00e9cut\u00e9es, d\u00e9fendables devant les juridictions internationales telles que la Cour p\u00e9nale internationale de Justice de la Haye. Aussi les autorit\u00e9s de police tunisiennes, de la garde nationale et des fronti\u00e8res doivent-elles se pr\u00e9server de toutes violations des droits humains susceptibles de les mettre en accusation \u00e0 l\u2019international.<\/p>\n\n\n\n<p>&#8211; Le parti dit nationaliste, fomenteur de la campagne de diabolisation des Subsahariens est \u00e9galement passible de poursuites p\u00e9nales \u00e0 l\u2019international, lui et ses dirigeants et militants. On ne saurait trop recommander au pr\u00e9sident Ka\u00efs Sa\u00efed de s\u2019en d\u00e9solidariser pour ne pas \u00eatre \u00e9clabouss\u00e9 par les graves atteintes aux droits de l\u2019homme que ce parti a provoqu\u00e9es directement ou indirectement.<\/p>\n\n\n\n<p><strong>4. Sur le plan \u00e9conomique :<\/strong><\/p>\n\n\n\n<p>&#8211; Le d\u00e9part des \u00e9tudiants subsahariens inscrits dans les universit\u00e9s publiques et priv\u00e9es priverait la Tunisie de rentr\u00e9es en devises plus appr\u00e9ciables que celles du tourisme. Plusieurs universit\u00e9s priv\u00e9es sont menac\u00e9es de faire carr\u00e9ment faillite. Il importe de sauver l\u2019ann\u00e9e universitaire en cours et de tout faire pour que les \u00e9tudiants subsahariens terminent leur cursus.<\/p>\n\n\n\n<p>&#8211; Des secteurs entiers de notre \u00e9conomie (agriculture, restauration, b\u00e2timents, aides m\u00e9nag\u00e8res et gardes malades\u2026) vont souffrir du d\u00e9part de la main d\u2019\u0153uvre subsaharienne r\u00e9put\u00e9e laborieuse, honn\u00eate et pleine de bonne volont\u00e9 et de gentillesse selon ses employeurs. S\u2019il y a des \u00e9l\u00e9ments d\u00e9viants, il faut y voir des statistiques in\u00e9vitables et non renier le m\u00e9rite de tous ceux qui sont anim\u00e9s de bonnes intentions.<\/p>\n\n\n\n<p>&#8211; Nos op\u00e9rateurs \u00e9conomiques et commerciaux en Afrique subsaharienne vont subir les mesures de r\u00e9torsion pr\u00e9visibles et seront priv\u00e9s du statut privil\u00e9gi\u00e9 dont ils ont b\u00e9n\u00e9fici\u00e9 jusqu\u2019\u00e0 pr\u00e9sent de la part de nos fr\u00e8res subsahariens. Ne parlons pas de nos fonctionnaires \u00e0 la BAD \u00e0 Abidjan qui doivent \u00eatre afflig\u00e9s par ce qui se passe en Tunisie et se trouver en posture plus qu\u2019inconfortable.<\/p>\n\n\n\n<p>&#8211; La Tunisie risque d\u2019\u00eatre \u00e9cart\u00e9e des grands projets notamment de BTP dans les pays subsahariens et notre compagnie a\u00e9rienne verra se d\u00e9serter ses liaisons vers l\u2019Afrique subsaharienne en raison de l\u2019image d\u00e9sormais d\u00e9sastreuse qu\u2019elle s\u2019est faite avec tant de cafouillages inacceptables et de d\u00e9g\u00e2ts collat\u00e9raux.<\/p>\n\n\n\n<p>&#8211; Les derni\u00e8res annulations des r\u00e9servations h\u00f4teli\u00e8res en Tunisie par les tours op\u00e9rateurs europ\u00e9ens sont symptomatiques de la d\u00e9gradation de notre image de marque avec la politique agressive \u00e0 l\u2019encontre des \u00e9trangers comme cette maladroite interdiction de s\u00e9jour d\u2019une syndicaliste europ\u00e9enne venue soutenir l&rsquo;UGTT&#8230;<\/p>\n\n\n\n<p>Il est temps de mod\u00e9rer notre langage, de pr\u00e9server notre diplomatie, de s\u2019engager dans la d\u00e9sescalade et de trouver des solutions raisonnables pour tous!<\/p>\n\n\n\n<p>A bon entendeur! <\/p>\n\n\n\n<p>* <em>Diplomate.<\/em><\/p>\n","protected":false},"excerpt":{"rendered":"<p>La crise des migrants subsahariens continue d\u2019alimenter le d\u00e9bat en Tunisie et \u00e0 l\u2019\u00e9tranger. <\/p>\n","protected":false},"author":8,"featured_media":6702686,"comment_status":"open","ping_status":"open","sticky":false,"template":"","format":"standard","meta":{"footnotes":""},"categories":[992,997,1000,2433],"tags":[84267,25404,76012,85766,84323,62643,14011,937],"class_list":["post-6702419","post","type-post","status-publish","format-standard","has-post-thumbnail","hentry","category-a-la-une","category-politique","category-tribune","category-tunisie","tag-eric-zemmour","tag-frontex","tag-kais-saied-2","tag-migrants-subsahariens","tag-semia-zouari","tag-tunisie","tag-union-africaine","tag-union-europeenne"],"yoast_head":"<!-- This site is optimized with the Yoast SEO plugin v26.6 - https:\/\/yoast.com\/wordpress\/plugins\/seo\/ -->\n<title>Sortir de la crise des migrants subsahariens en Tunisie - Kapitalis<\/title>\n<meta name=\"robots\" content=\"index, follow, max-snippet:-1, max-image-preview:large, max-video-preview:-1\" \/>\n<link rel=\"canonical\" href=\"https:\/\/kapitalis.com\/tunisie\/2023\/02\/27\/sortir-de-la-crise-des-migrants-subsahariens-en-tunisie\/\" \/>\n<meta property=\"og:locale\" content=\"fr_FR\" \/>\n<meta property=\"og:type\" content=\"article\" \/>\n<meta property=\"og:title\" content=\"Sortir de la crise des migrants subsahariens en Tunisie - Kapitalis\" \/>\n<meta property=\"og:description\" content=\"La crise des migrants subsahariens continue d\u2019alimenter le d\u00e9bat en Tunisie et \u00e0 l\u2019\u00e9tranger.\" \/>\n<meta property=\"og:url\" content=\"https:\/\/kapitalis.com\/tunisie\/2023\/02\/27\/sortir-de-la-crise-des-migrants-subsahariens-en-tunisie\/\" \/>\n<meta property=\"og:site_name\" content=\"Kapitalis\" \/>\n<meta property=\"article:publisher\" content=\"https:\/\/www.facebook.com\/KapitalisInfo\/\" \/>\n<meta property=\"article:published_time\" content=\"2023-02-27T06:38:25+00:00\" \/>\n<meta property=\"article:modified_time\" content=\"2023-02-27T06:38:27+00:00\" \/>\n<meta property=\"og:image\" content=\"https:\/\/kapitalis.com\/tunisie\/wp-content\/uploads\/2023\/02\/Nabil-Ammar-Ambassadeurs-africains.jpg\" \/>\n\t<meta property=\"og:image:width\" content=\"1200\" \/>\n\t<meta property=\"og:image:height\" content=\"630\" \/>\n\t<meta property=\"og:image:type\" content=\"image\/jpeg\" \/>\n<meta name=\"author\" content=\"webmaster kapitalis\" \/>\n<meta name=\"twitter:card\" content=\"summary_large_image\" \/>\n<meta name=\"twitter:creator\" content=\"@KapitalisInfo\" \/>\n<meta name=\"twitter:site\" content=\"@KapitalisInfo\" \/>\n<meta name=\"twitter:label1\" content=\"\u00c9crit par\" \/>\n\t<meta name=\"twitter:data1\" content=\"webmaster kapitalis\" \/>\n\t<meta name=\"twitter:label2\" content=\"Dur\u00e9e de lecture estim\u00e9e\" \/>\n\t<meta name=\"twitter:data2\" content=\"8 minutes\" \/>\n<script type=\"application\/ld+json\" class=\"yoast-schema-graph\">{\"@context\":\"https:\/\/schema.org\",\"@graph\":[{\"@type\":\"Article\",\"@id\":\"https:\/\/kapitalis.com\/tunisie\/2023\/02\/27\/sortir-de-la-crise-des-migrants-subsahariens-en-tunisie\/#article\",\"isPartOf\":{\"@id\":\"https:\/\/kapitalis.com\/tunisie\/2023\/02\/27\/sortir-de-la-crise-des-migrants-subsahariens-en-tunisie\/\"},\"author\":{\"name\":\"webmaster kapitalis\",\"@id\":\"https:\/\/kapitalis.com\/tunisie\/#\/schema\/person\/d71f33a9ca44f7bad4698210b480c8e9\"},\"headline\":\"Sortir de la crise des migrants subsahariens en Tunisie\",\"datePublished\":\"2023-02-27T06:38:25+00:00\",\"dateModified\":\"2023-02-27T06:38:27+00:00\",\"mainEntityOfPage\":{\"@id\":\"https:\/\/kapitalis.com\/tunisie\/2023\/02\/27\/sortir-de-la-crise-des-migrants-subsahariens-en-tunisie\/\"},\"wordCount\":1810,\"commentCount\":4,\"publisher\":{\"@id\":\"https:\/\/kapitalis.com\/tunisie\/#organization\"},\"image\":{\"@id\":\"https:\/\/kapitalis.com\/tunisie\/2023\/02\/27\/sortir-de-la-crise-des-migrants-subsahariens-en-tunisie\/#primaryimage\"},\"thumbnailUrl\":\"https:\/\/kapitalis.com\/tunisie\/wp-content\/uploads\/2023\/02\/Nabil-Ammar-Ambassadeurs-africains.jpg\",\"keywords\":[\"Eric Zemmour\",\"Frontex\",\"Ka\u00efs Sa\u00efed\",\"migrants subsahariens\",\"S\u00e9mia Zouari\",\"Tunisie\",\"Union africaine\",\"Union europ\u00e9enne\"],\"articleSection\":[\"A LA UNE\",\"POLITIQUE\",\"TRIBUNE\",\"Tunisie\"],\"inLanguage\":\"fr-FR\",\"potentialAction\":[{\"@type\":\"CommentAction\",\"name\":\"Comment\",\"target\":[\"https:\/\/kapitalis.com\/tunisie\/2023\/02\/27\/sortir-de-la-crise-des-migrants-subsahariens-en-tunisie\/#respond\"]}]},{\"@type\":\"WebPage\",\"@id\":\"https:\/\/kapitalis.com\/tunisie\/2023\/02\/27\/sortir-de-la-crise-des-migrants-subsahariens-en-tunisie\/\",\"url\":\"https:\/\/kapitalis.com\/tunisie\/2023\/02\/27\/sortir-de-la-crise-des-migrants-subsahariens-en-tunisie\/\",\"name\":\"Sortir de la crise des migrants subsahariens en Tunisie - Kapitalis\",\"isPartOf\":{\"@id\":\"https:\/\/kapitalis.com\/tunisie\/#website\"},\"primaryImageOfPage\":{\"@id\":\"https:\/\/kapitalis.com\/tunisie\/2023\/02\/27\/sortir-de-la-crise-des-migrants-subsahariens-en-tunisie\/#primaryimage\"},\"image\":{\"@id\":\"https:\/\/kapitalis.com\/tunisie\/2023\/02\/27\/sortir-de-la-crise-des-migrants-subsahariens-en-tunisie\/#primaryimage\"},\"thumbnailUrl\":\"https:\/\/kapitalis.com\/tunisie\/wp-content\/uploads\/2023\/02\/Nabil-Ammar-Ambassadeurs-africains.jpg\",\"datePublished\":\"2023-02-27T06:38:25+00:00\",\"dateModified\":\"2023-02-27T06:38:27+00:00\",\"breadcrumb\":{\"@id\":\"https:\/\/kapitalis.com\/tunisie\/2023\/02\/27\/sortir-de-la-crise-des-migrants-subsahariens-en-tunisie\/#breadcrumb\"},\"inLanguage\":\"fr-FR\",\"potentialAction\":[{\"@type\":\"ReadAction\",\"target\":[\"https:\/\/kapitalis.com\/tunisie\/2023\/02\/27\/sortir-de-la-crise-des-migrants-subsahariens-en-tunisie\/\"]}]},{\"@type\":\"ImageObject\",\"inLanguage\":\"fr-FR\",\"@id\":\"https:\/\/kapitalis.com\/tunisie\/2023\/02\/27\/sortir-de-la-crise-des-migrants-subsahariens-en-tunisie\/#primaryimage\",\"url\":\"https:\/\/kapitalis.com\/tunisie\/wp-content\/uploads\/2023\/02\/Nabil-Ammar-Ambassadeurs-africains.jpg\",\"contentUrl\":\"https:\/\/kapitalis.com\/tunisie\/wp-content\/uploads\/2023\/02\/Nabil-Ammar-Ambassadeurs-africains.jpg\",\"width\":1200,\"height\":630},{\"@type\":\"BreadcrumbList\",\"@id\":\"https:\/\/kapitalis.com\/tunisie\/2023\/02\/27\/sortir-de-la-crise-des-migrants-subsahariens-en-tunisie\/#breadcrumb\",\"itemListElement\":[{\"@type\":\"ListItem\",\"position\":1,\"name\":\"Accueil\",\"item\":\"https:\/\/kapitalis.com\/tunisie\/\"},{\"@type\":\"ListItem\",\"position\":2,\"name\":\"Sortir de la crise des migrants subsahariens en Tunisie\"}]},{\"@type\":\"WebSite\",\"@id\":\"https:\/\/kapitalis.com\/tunisie\/#website\",\"url\":\"https:\/\/kapitalis.com\/tunisie\/\",\"name\":\"Kapitalis\",\"description\":\"L&#039;actualit\u00e9 en Tunisie et dans le monde\",\"publisher\":{\"@id\":\"https:\/\/kapitalis.com\/tunisie\/#organization\"},\"potentialAction\":[{\"@type\":\"SearchAction\",\"target\":{\"@type\":\"EntryPoint\",\"urlTemplate\":\"https:\/\/kapitalis.com\/tunisie\/?s={search_term_string}\"},\"query-input\":{\"@type\":\"PropertyValueSpecification\",\"valueRequired\":true,\"valueName\":\"search_term_string\"}}],\"inLanguage\":\"fr-FR\"},{\"@type\":\"Organization\",\"@id\":\"https:\/\/kapitalis.com\/tunisie\/#organization\",\"name\":\"Kapitalis\",\"url\":\"https:\/\/kapitalis.com\/tunisie\/\",\"logo\":{\"@type\":\"ImageObject\",\"inLanguage\":\"fr-FR\",\"@id\":\"https:\/\/kapitalis.com\/tunisie\/#\/schema\/logo\/image\/\",\"url\":\"https:\/\/kapitalis.com\/tunisie\/wp-content\/uploads\/2022\/05\/Kapitalis-big-size.png\",\"contentUrl\":\"https:\/\/kapitalis.com\/tunisie\/wp-content\/uploads\/2022\/05\/Kapitalis-big-size.png\",\"width\":5000,\"height\":1500,\"caption\":\"Kapitalis\"},\"image\":{\"@id\":\"https:\/\/kapitalis.com\/tunisie\/#\/schema\/logo\/image\/\"},\"sameAs\":[\"https:\/\/www.facebook.com\/KapitalisInfo\/\",\"https:\/\/x.com\/KapitalisInfo\",\"https:\/\/www.youtube.com\/channel\/UC-yDYrHyfFBWWZaOw3FPg9Q\"]},{\"@type\":\"Person\",\"@id\":\"https:\/\/kapitalis.com\/tunisie\/#\/schema\/person\/d71f33a9ca44f7bad4698210b480c8e9\",\"name\":\"webmaster kapitalis\",\"url\":\"https:\/\/kapitalis.com\/tunisie\/author\/webmaster-kapitalis\/\"}]}<\/script>\n<!-- \/ Yoast SEO plugin. -->","yoast_head_json":{"title":"Sortir de la crise des migrants subsahariens en Tunisie - Kapitalis","robots":{"index":"index","follow":"follow","max-snippet":"max-snippet:-1","max-image-preview":"max-image-preview:large","max-video-preview":"max-video-preview:-1"},"canonical":"https:\/\/kapitalis.com\/tunisie\/2023\/02\/27\/sortir-de-la-crise-des-migrants-subsahariens-en-tunisie\/","og_locale":"fr_FR","og_type":"article","og_title":"Sortir de la crise des migrants subsahariens en Tunisie - Kapitalis","og_description":"La crise des migrants subsahariens continue d\u2019alimenter le d\u00e9bat en Tunisie et \u00e0 l\u2019\u00e9tranger.","og_url":"https:\/\/kapitalis.com\/tunisie\/2023\/02\/27\/sortir-de-la-crise-des-migrants-subsahariens-en-tunisie\/","og_site_name":"Kapitalis","article_publisher":"https:\/\/www.facebook.com\/KapitalisInfo\/","article_published_time":"2023-02-27T06:38:25+00:00","article_modified_time":"2023-02-27T06:38:27+00:00","og_image":[{"width":1200,"height":630,"url":"https:\/\/kapitalis.com\/tunisie\/wp-content\/uploads\/2023\/02\/Nabil-Ammar-Ambassadeurs-africains.jpg","type":"image\/jpeg"}],"author":"webmaster kapitalis","twitter_card":"summary_large_image","twitter_creator":"@KapitalisInfo","twitter_site":"@KapitalisInfo","twitter_misc":{"\u00c9crit par":"webmaster kapitalis","Dur\u00e9e de lecture estim\u00e9e":"8 minutes"},"schema":{"@context":"https:\/\/schema.org","@graph":[{"@type":"Article","@id":"https:\/\/kapitalis.com\/tunisie\/2023\/02\/27\/sortir-de-la-crise-des-migrants-subsahariens-en-tunisie\/#article","isPartOf":{"@id":"https:\/\/kapitalis.com\/tunisie\/2023\/02\/27\/sortir-de-la-crise-des-migrants-subsahariens-en-tunisie\/"},"author":{"name":"webmaster kapitalis","@id":"https:\/\/kapitalis.com\/tunisie\/#\/schema\/person\/d71f33a9ca44f7bad4698210b480c8e9"},"headline":"Sortir de la crise des migrants subsahariens en Tunisie","datePublished":"2023-02-27T06:38:25+00:00","dateModified":"2023-02-27T06:38:27+00:00","mainEntityOfPage":{"@id":"https:\/\/kapitalis.com\/tunisie\/2023\/02\/27\/sortir-de-la-crise-des-migrants-subsahariens-en-tunisie\/"},"wordCount":1810,"commentCount":4,"publisher":{"@id":"https:\/\/kapitalis.com\/tunisie\/#organization"},"image":{"@id":"https:\/\/kapitalis.com\/tunisie\/2023\/02\/27\/sortir-de-la-crise-des-migrants-subsahariens-en-tunisie\/#primaryimage"},"thumbnailUrl":"https:\/\/kapitalis.com\/tunisie\/wp-content\/uploads\/2023\/02\/Nabil-Ammar-Ambassadeurs-africains.jpg","keywords":["Eric Zemmour","Frontex","Ka\u00efs Sa\u00efed","migrants subsahariens","S\u00e9mia Zouari","Tunisie","Union africaine","Union europ\u00e9enne"],"articleSection":["A LA UNE","POLITIQUE","TRIBUNE","Tunisie"],"inLanguage":"fr-FR","potentialAction":[{"@type":"CommentAction","name":"Comment","target":["https:\/\/kapitalis.com\/tunisie\/2023\/02\/27\/sortir-de-la-crise-des-migrants-subsahariens-en-tunisie\/#respond"]}]},{"@type":"WebPage","@id":"https:\/\/kapitalis.com\/tunisie\/2023\/02\/27\/sortir-de-la-crise-des-migrants-subsahariens-en-tunisie\/","url":"https:\/\/kapitalis.com\/tunisie\/2023\/02\/27\/sortir-de-la-crise-des-migrants-subsahariens-en-tunisie\/","name":"Sortir de la crise des migrants subsahariens en Tunisie - Kapitalis","isPartOf":{"@id":"https:\/\/kapitalis.com\/tunisie\/#website"},"primaryImageOfPage":{"@id":"https:\/\/kapitalis.com\/tunisie\/2023\/02\/27\/sortir-de-la-crise-des-migrants-subsahariens-en-tunisie\/#primaryimage"},"image":{"@id":"https:\/\/kapitalis.com\/tunisie\/2023\/02\/27\/sortir-de-la-crise-des-migrants-subsahariens-en-tunisie\/#primaryimage"},"thumbnailUrl":"https:\/\/kapitalis.com\/tunisie\/wp-content\/uploads\/2023\/02\/Nabil-Ammar-Ambassadeurs-africains.jpg","datePublished":"2023-02-27T06:38:25+00:00","dateModified":"2023-02-27T06:38:27+00:00","breadcrumb":{"@id":"https:\/\/kapitalis.com\/tunisie\/2023\/02\/27\/sortir-de-la-crise-des-migrants-subsahariens-en-tunisie\/#breadcrumb"},"inLanguage":"fr-FR","potentialAction":[{"@type":"ReadAction","target":["https:\/\/kapitalis.com\/tunisie\/2023\/02\/27\/sortir-de-la-crise-des-migrants-subsahariens-en-tunisie\/"]}]},{"@type":"ImageObject","inLanguage":"fr-FR","@id":"https:\/\/kapitalis.com\/tunisie\/2023\/02\/27\/sortir-de-la-crise-des-migrants-subsahariens-en-tunisie\/#primaryimage","url":"https:\/\/kapitalis.com\/tunisie\/wp-content\/uploads\/2023\/02\/Nabil-Ammar-Ambassadeurs-africains.jpg","contentUrl":"https:\/\/kapitalis.com\/tunisie\/wp-content\/uploads\/2023\/02\/Nabil-Ammar-Ambassadeurs-africains.jpg","width":1200,"height":630},{"@type":"BreadcrumbList","@id":"https:\/\/kapitalis.com\/tunisie\/2023\/02\/27\/sortir-de-la-crise-des-migrants-subsahariens-en-tunisie\/#breadcrumb","itemListElement":[{"@type":"ListItem","position":1,"name":"Accueil","item":"https:\/\/kapitalis.com\/tunisie\/"},{"@type":"ListItem","position":2,"name":"Sortir de la crise des migrants subsahariens en Tunisie"}]},{"@type":"WebSite","@id":"https:\/\/kapitalis.com\/tunisie\/#website","url":"https:\/\/kapitalis.com\/tunisie\/","name":"Kapitalis","description":"L&#039;actualit\u00e9 en Tunisie et dans le monde","publisher":{"@id":"https:\/\/kapitalis.com\/tunisie\/#organization"},"potentialAction":[{"@type":"SearchAction","target":{"@type":"EntryPoint","urlTemplate":"https:\/\/kapitalis.com\/tunisie\/?s={search_term_string}"},"query-input":{"@type":"PropertyValueSpecification","valueRequired":true,"valueName":"search_term_string"}}],"inLanguage":"fr-FR"},{"@type":"Organization","@id":"https:\/\/kapitalis.com\/tunisie\/#organization","name":"Kapitalis","url":"https:\/\/kapitalis.com\/tunisie\/","logo":{"@type":"ImageObject","inLanguage":"fr-FR","@id":"https:\/\/kapitalis.com\/tunisie\/#\/schema\/logo\/image\/","url":"https:\/\/kapitalis.com\/tunisie\/wp-content\/uploads\/2022\/05\/Kapitalis-big-size.png","contentUrl":"https:\/\/kapitalis.com\/tunisie\/wp-content\/uploads\/2022\/05\/Kapitalis-big-size.png","width":5000,"height":1500,"caption":"Kapitalis"},"image":{"@id":"https:\/\/kapitalis.com\/tunisie\/#\/schema\/logo\/image\/"},"sameAs":["https:\/\/www.facebook.com\/KapitalisInfo\/","https:\/\/x.com\/KapitalisInfo","https:\/\/www.youtube.com\/channel\/UC-yDYrHyfFBWWZaOw3FPg9Q"]},{"@type":"Person","@id":"https:\/\/kapitalis.com\/tunisie\/#\/schema\/person\/d71f33a9ca44f7bad4698210b480c8e9","name":"webmaster kapitalis","url":"https:\/\/kapitalis.com\/tunisie\/author\/webmaster-kapitalis\/"}]}},"_links":{"self":[{"href":"https:\/\/kapitalis.com\/tunisie\/wp-json\/wp\/v2\/posts\/6702419","targetHints":{"allow":["GET"]}}],"collection":[{"href":"https:\/\/kapitalis.com\/tunisie\/wp-json\/wp\/v2\/posts"}],"about":[{"href":"https:\/\/kapitalis.com\/tunisie\/wp-json\/wp\/v2\/types\/post"}],"author":[{"embeddable":true,"href":"https:\/\/kapitalis.com\/tunisie\/wp-json\/wp\/v2\/users\/8"}],"replies":[{"embeddable":true,"href":"https:\/\/kapitalis.com\/tunisie\/wp-json\/wp\/v2\/comments?post=6702419"}],"version-history":[{"count":1,"href":"https:\/\/kapitalis.com\/tunisie\/wp-json\/wp\/v2\/posts\/6702419\/revisions"}],"predecessor-version":[{"id":6702745,"href":"https:\/\/kapitalis.com\/tunisie\/wp-json\/wp\/v2\/posts\/6702419\/revisions\/6702745"}],"wp:featuredmedia":[{"embeddable":true,"href":"https:\/\/kapitalis.com\/tunisie\/wp-json\/wp\/v2\/media\/6702686"}],"wp:attachment":[{"href":"https:\/\/kapitalis.com\/tunisie\/wp-json\/wp\/v2\/media?parent=6702419"}],"wp:term":[{"taxonomy":"category","embeddable":true,"href":"https:\/\/kapitalis.com\/tunisie\/wp-json\/wp\/v2\/categories?post=6702419"},{"taxonomy":"post_tag","embeddable":true,"href":"https:\/\/kapitalis.com\/tunisie\/wp-json\/wp\/v2\/tags?post=6702419"}],"curies":[{"name":"wp","href":"https:\/\/api.w.org\/{rel}","templated":true}]}}