{"id":6708,"date":"2015-07-10T16:39:05","date_gmt":"2015-07-10T15:39:05","guid":{"rendered":"http:\/\/kapitalis.com\/tunisie\/?p=6708"},"modified":"2015-07-10T16:39:05","modified_gmt":"2015-07-10T15:39:05","slug":"mercato-fakhreddine-ben-youssef-signera-ce-soir-avec-lesperance","status":"publish","type":"post","link":"https:\/\/kapitalis.com\/tunisie\/2015\/07\/10\/mercato-fakhreddine-ben-youssef-signera-ce-soir-avec-lesperance\/","title":{"rendered":"Mercato: Fakhreddine Ben Youssef signera ce soir avec l\u2019Esp\u00e9rance"},"content":{"rendered":"<p><img loading=\"lazy\" decoding=\"async\" class=\"aligncenter size-full wp-image-6709\" src=\"http:\/\/kapitalis.com\/tunisie\/wp-content\/uploads\/2015\/07\/Fakhreddine-Ben-Youssef.jpg\" alt=\"Fakhreddine-Ben-Youssef\" width=\"626\" height=\"380\" \/><\/p>\n<p><em><strong>Zied Tlem\u00e7ani a sign\u00e9 avec le FC Metz l\u2019accord de transfert de Fakhreddine Ben Youssef \u00e0 l\u2019Esp\u00e9rance sportive de Tunis (EST).<\/strong><\/em><\/p>\n<p><!--more--><\/p>\n<p>L\u2019attaquant international tunisien (24 ans), meilleur joueur tunisien en 2013 et Soulier d\u2019Or 2014, rencontrera, ce soir, Zied Tlem\u00e7ani, le directeur sportif de l\u2019EST, pour signer son contrat avec les Sang et Or pour 3 ann\u00e9es.<\/p>\n<p>Six mois apr\u00e8s son arriv\u00e9e \u00e0 Metz, en provenance du Club sportif sfaxien (CSS), Ben Youssef retourne donc en Tunisie. Il participera avec\u00a0 l&rsquo;EST aux prochaines rencontres en Coupe de la Conf\u00e9d\u00e9ration africaine de football (CAF).<\/p>\n<p style=\"text-align: right;\"><strong>Y. N. M.<\/strong><\/p>\n","protected":false},"excerpt":{"rendered":"<p>Zied Tlem\u00e7ani a sign\u00e9 avec le FC Metz l\u2019accord de transfert de Fakhreddine Ben Youssef \u00e0 l\u2019Esp\u00e9rance sportive de Tunis (EST).<\/p>\n","protected":false},"author":5,"featured_media":6709,"comment_status":"open","ping_status":"open","sticky":false,"template":"","format":"standard","meta":{"footnotes":""},"categories":[999,2433],"tags":[254,3188,346,3190,3192,3189],"class_list":["post-6708","post","type-post","status-publish","format-standard","has-post-thumbnail","hentry","category-sport","category-tunisie","tag-css","tag-esperance-tunis","tag-est","tag-fakhreddine-ben-youssef","tag-mercato","tag-metz"],"yoast_head":"<!-- This site is optimized with the Yoast SEO plugin v26.6 - https:\/\/yoast.com\/wordpress\/plugins\/seo\/ -->\n<title>Mercato: Fakhreddine Ben Youssef signera ce soir avec l\u2019Esp\u00e9rance - Kapitalis<\/title>\n<meta name=\"robots\" content=\"index, follow, max-snippet:-1, max-image-preview:large, max-video-preview:-1\" \/>\n<link rel=\"canonical\" href=\"https:\/\/kapitalis.com\/tunisie\/2015\/07\/10\/mercato-fakhreddine-ben-youssef-signera-ce-soir-avec-lesperance\/\" \/>\n<meta property=\"og:locale\" content=\"fr_FR\" \/>\n<meta property=\"og:type\" content=\"article\" \/>\n<meta property=\"og:title\" content=\"Mercato: Fakhreddine Ben Youssef signera ce soir avec l\u2019Esp\u00e9rance - Kapitalis\" \/>\n<meta property=\"og:description\" content=\"Zied Tlem\u00e7ani a sign\u00e9 avec le FC Metz l\u2019accord de transfert de Fakhreddine Ben Youssef \u00e0 l\u2019Esp\u00e9rance sportive de Tunis (EST).\" \/>\n<meta property=\"og:url\" content=\"https:\/\/kapitalis.com\/tunisie\/2015\/07\/10\/mercato-fakhreddine-ben-youssef-signera-ce-soir-avec-lesperance\/\" \/>\n<meta property=\"og:site_name\" content=\"Kapitalis\" \/>\n<meta property=\"article:publisher\" content=\"https:\/\/www.facebook.com\/KapitalisInfo\/\" \/>\n<meta property=\"article:published_time\" content=\"2015-07-10T15:39:05+00:00\" \/>\n<meta property=\"og:image\" content=\"https:\/\/kapitalis.com\/tunisie\/wp-content\/uploads\/2022\/05\/kapitalis-logo-fb.png\" \/>\n\t<meta property=\"og:image:width\" content=\"1200\" \/>\n\t<meta property=\"og:image:height\" content=\"630\" \/>\n\t<meta property=\"og:image:type\" content=\"image\/png\" \/>\n<meta name=\"author\" content=\"Ridha Elkefi\" \/>\n<meta name=\"twitter:card\" content=\"summary_large_image\" \/>\n<meta name=\"twitter:creator\" content=\"@KapitalisInfo\" \/>\n<meta name=\"twitter:site\" content=\"@KapitalisInfo\" \/>\n<meta name=\"twitter:label1\" content=\"\u00c9crit par\" \/>\n\t<meta name=\"twitter:data1\" content=\"Ridha Elkefi\" \/>\n\t<meta name=\"twitter:label2\" content=\"Dur\u00e9e de lecture estim\u00e9e\" \/>\n\t<meta name=\"twitter:data2\" content=\"1 minute\" \/>\n<script type=\"application\/ld+json\" class=\"yoast-schema-graph\">{\"@context\":\"https:\/\/schema.org\",\"@graph\":[{\"@type\":\"Article\",\"@id\":\"https:\/\/kapitalis.com\/tunisie\/2015\/07\/10\/mercato-fakhreddine-ben-youssef-signera-ce-soir-avec-lesperance\/#article\",\"isPartOf\":{\"@id\":\"https:\/\/kapitalis.com\/tunisie\/2015\/07\/10\/mercato-fakhreddine-ben-youssef-signera-ce-soir-avec-lesperance\/\"},\"author\":{\"name\":\"Ridha Elkefi\",\"@id\":\"https:\/\/kapitalis.com\/tunisie\/#\/schema\/person\/16627fc9b2fc0116230e88af071eebab\"},\"headline\":\"Mercato: Fakhreddine Ben Youssef signera ce soir avec l\u2019Esp\u00e9rance\",\"datePublished\":\"2015-07-10T15:39:05+00:00\",\"mainEntityOfPage\":{\"@id\":\"https:\/\/kapitalis.com\/tunisie\/2015\/07\/10\/mercato-fakhreddine-ben-youssef-signera-ce-soir-avec-lesperance\/\"},\"wordCount\":114,\"commentCount\":0,\"publisher\":{\"@id\":\"https:\/\/kapitalis.com\/tunisie\/#organization\"},\"image\":{\"@id\":\"https:\/\/kapitalis.com\/tunisie\/2015\/07\/10\/mercato-fakhreddine-ben-youssef-signera-ce-soir-avec-lesperance\/#primaryimage\"},\"thumbnailUrl\":\"\",\"keywords\":[\"CSS\",\"Esp\u00e9rance Tunis\",\"EST\",\"Fakhreddine Ben Youssef\",\"mercato\",\"Metz\"],\"articleSection\":[\"SPORT\",\"Tunisie\"],\"inLanguage\":\"fr-FR\",\"potentialAction\":[{\"@type\":\"CommentAction\",\"name\":\"Comment\",\"target\":[\"https:\/\/kapitalis.com\/tunisie\/2015\/07\/10\/mercato-fakhreddine-ben-youssef-signera-ce-soir-avec-lesperance\/#respond\"]}]},{\"@type\":\"WebPage\",\"@id\":\"https:\/\/kapitalis.com\/tunisie\/2015\/07\/10\/mercato-fakhreddine-ben-youssef-signera-ce-soir-avec-lesperance\/\",\"url\":\"https:\/\/kapitalis.com\/tunisie\/2015\/07\/10\/mercato-fakhreddine-ben-youssef-signera-ce-soir-avec-lesperance\/\",\"name\":\"Mercato: Fakhreddine Ben Youssef signera ce soir avec l\u2019Esp\u00e9rance - Kapitalis\",\"isPartOf\":{\"@id\":\"https:\/\/kapitalis.com\/tunisie\/#website\"},\"primaryImageOfPage\":{\"@id\":\"https:\/\/kapitalis.com\/tunisie\/2015\/07\/10\/mercato-fakhreddine-ben-youssef-signera-ce-soir-avec-lesperance\/#primaryimage\"},\"image\":{\"@id\":\"https:\/\/kapitalis.com\/tunisie\/2015\/07\/10\/mercato-fakhreddine-ben-youssef-signera-ce-soir-avec-lesperance\/#primaryimage\"},\"thumbnailUrl\":\"\",\"datePublished\":\"2015-07-10T15:39:05+00:00\",\"breadcrumb\":{\"@id\":\"https:\/\/kapitalis.com\/tunisie\/2015\/07\/10\/mercato-fakhreddine-ben-youssef-signera-ce-soir-avec-lesperance\/#breadcrumb\"},\"inLanguage\":\"fr-FR\",\"potentialAction\":[{\"@type\":\"ReadAction\",\"target\":[\"https:\/\/kapitalis.com\/tunisie\/2015\/07\/10\/mercato-fakhreddine-ben-youssef-signera-ce-soir-avec-lesperance\/\"]}]},{\"@type\":\"ImageObject\",\"inLanguage\":\"fr-FR\",\"@id\":\"https:\/\/kapitalis.com\/tunisie\/2015\/07\/10\/mercato-fakhreddine-ben-youssef-signera-ce-soir-avec-lesperance\/#primaryimage\",\"url\":\"\",\"contentUrl\":\"\"},{\"@type\":\"BreadcrumbList\",\"@id\":\"https:\/\/kapitalis.com\/tunisie\/2015\/07\/10\/mercato-fakhreddine-ben-youssef-signera-ce-soir-avec-lesperance\/#breadcrumb\",\"itemListElement\":[{\"@type\":\"ListItem\",\"position\":1,\"name\":\"Accueil\",\"item\":\"https:\/\/kapitalis.com\/tunisie\/\"},{\"@type\":\"ListItem\",\"position\":2,\"name\":\"Mercato: Fakhreddine Ben Youssef signera ce soir avec l\u2019Esp\u00e9rance\"}]},{\"@type\":\"WebSite\",\"@id\":\"https:\/\/kapitalis.com\/tunisie\/#website\",\"url\":\"https:\/\/kapitalis.com\/tunisie\/\",\"name\":\"Kapitalis\",\"description\":\"L&#039;actualit\u00e9 en Tunisie et dans le monde\",\"publisher\":{\"@id\":\"https:\/\/kapitalis.com\/tunisie\/#organization\"},\"potentialAction\":[{\"@type\":\"SearchAction\",\"target\":{\"@type\":\"EntryPoint\",\"urlTemplate\":\"https:\/\/kapitalis.com\/tunisie\/?s={search_term_string}\"},\"query-input\":{\"@type\":\"PropertyValueSpecification\",\"valueRequired\":true,\"valueName\":\"search_term_string\"}}],\"inLanguage\":\"fr-FR\"},{\"@type\":\"Organization\",\"@id\":\"https:\/\/kapitalis.com\/tunisie\/#organization\",\"name\":\"Kapitalis\",\"url\":\"https:\/\/kapitalis.com\/tunisie\/\",\"logo\":{\"@type\":\"ImageObject\",\"inLanguage\":\"fr-FR\",\"@id\":\"https:\/\/kapitalis.com\/tunisie\/#\/schema\/logo\/image\/\",\"url\":\"https:\/\/kapitalis.com\/tunisie\/wp-content\/uploads\/2022\/05\/Kapitalis-big-size.png\",\"contentUrl\":\"https:\/\/kapitalis.com\/tunisie\/wp-content\/uploads\/2022\/05\/Kapitalis-big-size.png\",\"width\":5000,\"height\":1500,\"caption\":\"Kapitalis\"},\"image\":{\"@id\":\"https:\/\/kapitalis.com\/tunisie\/#\/schema\/logo\/image\/\"},\"sameAs\":[\"https:\/\/www.facebook.com\/KapitalisInfo\/\",\"https:\/\/x.com\/KapitalisInfo\",\"https:\/\/www.youtube.com\/channel\/UC-yDYrHyfFBWWZaOw3FPg9Q\"]},{\"@type\":\"Person\",\"@id\":\"https:\/\/kapitalis.com\/tunisie\/#\/schema\/person\/16627fc9b2fc0116230e88af071eebab\",\"name\":\"Ridha Elkefi\",\"url\":\"https:\/\/kapitalis.com\/tunisie\/author\/ridha-kefi\/\"}]}<\/script>\n<!-- \/ Yoast SEO plugin. -->","yoast_head_json":{"title":"Mercato: Fakhreddine Ben Youssef signera ce soir avec l\u2019Esp\u00e9rance - Kapitalis","robots":{"index":"index","follow":"follow","max-snippet":"max-snippet:-1","max-image-preview":"max-image-preview:large","max-video-preview":"max-video-preview:-1"},"canonical":"https:\/\/kapitalis.com\/tunisie\/2015\/07\/10\/mercato-fakhreddine-ben-youssef-signera-ce-soir-avec-lesperance\/","og_locale":"fr_FR","og_type":"article","og_title":"Mercato: Fakhreddine Ben Youssef signera ce soir avec l\u2019Esp\u00e9rance - Kapitalis","og_description":"Zied Tlem\u00e7ani a sign\u00e9 avec le FC Metz l\u2019accord de transfert de Fakhreddine Ben Youssef \u00e0 l\u2019Esp\u00e9rance sportive de Tunis (EST).","og_url":"https:\/\/kapitalis.com\/tunisie\/2015\/07\/10\/mercato-fakhreddine-ben-youssef-signera-ce-soir-avec-lesperance\/","og_site_name":"Kapitalis","article_publisher":"https:\/\/www.facebook.com\/KapitalisInfo\/","article_published_time":"2015-07-10T15:39:05+00:00","og_image":[{"width":1200,"height":630,"url":"https:\/\/kapitalis.com\/tunisie\/wp-content\/uploads\/2022\/05\/kapitalis-logo-fb.png","type":"image\/png"}],"author":"Ridha Elkefi","twitter_card":"summary_large_image","twitter_creator":"@KapitalisInfo","twitter_site":"@KapitalisInfo","twitter_misc":{"\u00c9crit par":"Ridha Elkefi","Dur\u00e9e de lecture estim\u00e9e":"1 minute"},"schema":{"@context":"https:\/\/schema.org","@graph":[{"@type":"Article","@id":"https:\/\/kapitalis.com\/tunisie\/2015\/07\/10\/mercato-fakhreddine-ben-youssef-signera-ce-soir-avec-lesperance\/#article","isPartOf":{"@id":"https:\/\/kapitalis.com\/tunisie\/2015\/07\/10\/mercato-fakhreddine-ben-youssef-signera-ce-soir-avec-lesperance\/"},"author":{"name":"Ridha Elkefi","@id":"https:\/\/kapitalis.com\/tunisie\/#\/schema\/person\/16627fc9b2fc0116230e88af071eebab"},"headline":"Mercato: Fakhreddine Ben Youssef signera ce soir avec l\u2019Esp\u00e9rance","datePublished":"2015-07-10T15:39:05+00:00","mainEntityOfPage":{"@id":"https:\/\/kapitalis.com\/tunisie\/2015\/07\/10\/mercato-fakhreddine-ben-youssef-signera-ce-soir-avec-lesperance\/"},"wordCount":114,"commentCount":0,"publisher":{"@id":"https:\/\/kapitalis.com\/tunisie\/#organization"},"image":{"@id":"https:\/\/kapitalis.com\/tunisie\/2015\/07\/10\/mercato-fakhreddine-ben-youssef-signera-ce-soir-avec-lesperance\/#primaryimage"},"thumbnailUrl":"","keywords":["CSS","Esp\u00e9rance Tunis","EST","Fakhreddine Ben Youssef","mercato","Metz"],"articleSection":["SPORT","Tunisie"],"inLanguage":"fr-FR","potentialAction":[{"@type":"CommentAction","name":"Comment","target":["https:\/\/kapitalis.com\/tunisie\/2015\/07\/10\/mercato-fakhreddine-ben-youssef-signera-ce-soir-avec-lesperance\/#respond"]}]},{"@type":"WebPage","@id":"https:\/\/kapitalis.com\/tunisie\/2015\/07\/10\/mercato-fakhreddine-ben-youssef-signera-ce-soir-avec-lesperance\/","url":"https:\/\/kapitalis.com\/tunisie\/2015\/07\/10\/mercato-fakhreddine-ben-youssef-signera-ce-soir-avec-lesperance\/","name":"Mercato: Fakhreddine Ben Youssef signera ce soir avec l\u2019Esp\u00e9rance - Kapitalis","isPartOf":{"@id":"https:\/\/kapitalis.com\/tunisie\/#website"},"primaryImageOfPage":{"@id":"https:\/\/kapitalis.com\/tunisie\/2015\/07\/10\/mercato-fakhreddine-ben-youssef-signera-ce-soir-avec-lesperance\/#primaryimage"},"image":{"@id":"https:\/\/kapitalis.com\/tunisie\/2015\/07\/10\/mercato-fakhreddine-ben-youssef-signera-ce-soir-avec-lesperance\/#primaryimage"},"thumbnailUrl":"","datePublished":"2015-07-10T15:39:05+00:00","breadcrumb":{"@id":"https:\/\/kapitalis.com\/tunisie\/2015\/07\/10\/mercato-fakhreddine-ben-youssef-signera-ce-soir-avec-lesperance\/#breadcrumb"},"inLanguage":"fr-FR","potentialAction":[{"@type":"ReadAction","target":["https:\/\/kapitalis.com\/tunisie\/2015\/07\/10\/mercato-fakhreddine-ben-youssef-signera-ce-soir-avec-lesperance\/"]}]},{"@type":"ImageObject","inLanguage":"fr-FR","@id":"https:\/\/kapitalis.com\/tunisie\/2015\/07\/10\/mercato-fakhreddine-ben-youssef-signera-ce-soir-avec-lesperance\/#primaryimage","url":"","contentUrl":""},{"@type":"BreadcrumbList","@id":"https:\/\/kapitalis.com\/tunisie\/2015\/07\/10\/mercato-fakhreddine-ben-youssef-signera-ce-soir-avec-lesperance\/#breadcrumb","itemListElement":[{"@type":"ListItem","position":1,"name":"Accueil","item":"https:\/\/kapitalis.com\/tunisie\/"},{"@type":"ListItem","position":2,"name":"Mercato: Fakhreddine Ben Youssef signera ce soir avec l\u2019Esp\u00e9rance"}]},{"@type":"WebSite","@id":"https:\/\/kapitalis.com\/tunisie\/#website","url":"https:\/\/kapitalis.com\/tunisie\/","name":"Kapitalis","description":"L&#039;actualit\u00e9 en Tunisie et dans le monde","publisher":{"@id":"https:\/\/kapitalis.com\/tunisie\/#organization"},"potentialAction":[{"@type":"SearchAction","target":{"@type":"EntryPoint","urlTemplate":"https:\/\/kapitalis.com\/tunisie\/?s={search_term_string}"},"query-input":{"@type":"PropertyValueSpecification","valueRequired":true,"valueName":"search_term_string"}}],"inLanguage":"fr-FR"},{"@type":"Organization","@id":"https:\/\/kapitalis.com\/tunisie\/#organization","name":"Kapitalis","url":"https:\/\/kapitalis.com\/tunisie\/","logo":{"@type":"ImageObject","inLanguage":"fr-FR","@id":"https:\/\/kapitalis.com\/tunisie\/#\/schema\/logo\/image\/","url":"https:\/\/kapitalis.com\/tunisie\/wp-content\/uploads\/2022\/05\/Kapitalis-big-size.png","contentUrl":"https:\/\/kapitalis.com\/tunisie\/wp-content\/uploads\/2022\/05\/Kapitalis-big-size.png","width":5000,"height":1500,"caption":"Kapitalis"},"image":{"@id":"https:\/\/kapitalis.com\/tunisie\/#\/schema\/logo\/image\/"},"sameAs":["https:\/\/www.facebook.com\/KapitalisInfo\/","https:\/\/x.com\/KapitalisInfo","https:\/\/www.youtube.com\/channel\/UC-yDYrHyfFBWWZaOw3FPg9Q"]},{"@type":"Person","@id":"https:\/\/kapitalis.com\/tunisie\/#\/schema\/person\/16627fc9b2fc0116230e88af071eebab","name":"Ridha Elkefi","url":"https:\/\/kapitalis.com\/tunisie\/author\/ridha-kefi\/"}]}},"_links":{"self":[{"href":"https:\/\/kapitalis.com\/tunisie\/wp-json\/wp\/v2\/posts\/6708","targetHints":{"allow":["GET"]}}],"collection":[{"href":"https:\/\/kapitalis.com\/tunisie\/wp-json\/wp\/v2\/posts"}],"about":[{"href":"https:\/\/kapitalis.com\/tunisie\/wp-json\/wp\/v2\/types\/post"}],"author":[{"embeddable":true,"href":"https:\/\/kapitalis.com\/tunisie\/wp-json\/wp\/v2\/users\/5"}],"replies":[{"embeddable":true,"href":"https:\/\/kapitalis.com\/tunisie\/wp-json\/wp\/v2\/comments?post=6708"}],"version-history":[{"count":0,"href":"https:\/\/kapitalis.com\/tunisie\/wp-json\/wp\/v2\/posts\/6708\/revisions"}],"wp:featuredmedia":[{"embeddable":true,"href":"https:\/\/kapitalis.com\/tunisie\/wp-json\/wp\/v2\/media\/6709"}],"wp:attachment":[{"href":"https:\/\/kapitalis.com\/tunisie\/wp-json\/wp\/v2\/media?parent=6708"}],"wp:term":[{"taxonomy":"category","embeddable":true,"href":"https:\/\/kapitalis.com\/tunisie\/wp-json\/wp\/v2\/categories?post=6708"},{"taxonomy":"post_tag","embeddable":true,"href":"https:\/\/kapitalis.com\/tunisie\/wp-json\/wp\/v2\/tags?post=6708"}],"curies":[{"name":"wp","href":"https:\/\/api.w.org\/{rel}","templated":true}]}}