{"id":6714,"date":"2015-07-10T17:47:26","date_gmt":"2015-07-10T16:47:26","guid":{"rendered":"http:\/\/kapitalis.com\/tunisie\/?p=6714"},"modified":"2015-07-10T18:13:12","modified_gmt":"2015-07-10T17:13:12","slug":"lonu-sinquiete-de-lactivisme-des-jihadistes-tunisiens","status":"publish","type":"post","link":"https:\/\/kapitalis.com\/tunisie\/2015\/07\/10\/lonu-sinquiete-de-lactivisme-des-jihadistes-tunisiens\/","title":{"rendered":"L\u2019Onu s\u2019inqui\u00e8te de l\u2019activisme des jihadistes tunisiens"},"content":{"rendered":"<p><img loading=\"lazy\" decoding=\"async\" class=\"aligncenter size-full wp-image-6715\" src=\"http:\/\/kapitalis.com\/tunisie\/wp-content\/uploads\/2015\/07\/Jihadistes-tunisiens.jpg\" alt=\"Jihadistes-tunisiens\" width=\"626\" height=\"380\" \/><\/p>\n<p><em><strong>Selon un r\u00e9cent rapport de l\u2019Onu il y aurait 4.000 combattant tunisiens en Syrie, 1000 \u00e0 1500 en Libye, 200 en Irak, 60 au Mali et 50 au Y\u00e9men.<\/strong><\/em><\/p>\n<p><!--more--><\/p>\n<p>Le Groupe de travail des Nations Unies sur l&rsquo;utilisation de mercenaires a averti, aujourd&rsquo;hui, que des r\u00e9seaux complexes de recrutement et de voyage ont enr\u00f4l\u00e9 des milliers de tunisiens, hommes et femmes, ainsi que des familles enti\u00e8res, pour participer aux combats en Syrie et en Irak. La plupart des combattants auraient rejoint les groupes takfiri et d&rsquo;autres groupes extr\u00e9mistes \u00e0 l&rsquo;\u00e9tranger.<\/p>\n<p><em>\u00abLe nombre de combattants \u00e9trangers tunisiens est l&rsquo;un des plus \u00e9lev\u00e9s parmi ceux qui voyagent pour rejoindre les conflits \u00e0 l&rsquo;\u00e9tranger tels qu\u2019en Syrie et en Irak\u00bb<\/em>, a d\u00e9clar\u00e9 l&rsquo;experte des droits de l\u2019homme El\u017cbieta Karska, qui dirige actuellement le Groupe d&rsquo;experts, apr\u00e8s une visite officielle en Tunisie pour recueillir des informations sur les activit\u00e9s des combattants \u00e9trangers dans le pays.<\/p>\n<p>Au cours de cette mission, l&rsquo;experte a \u00e9t\u00e9 inform\u00e9e de la pr\u00e9sence de quelque 4.000 tunisiens en Syrie, 1000 \u00e0\u00a0 1500 en Libye, 200 en Irak, 60 au Mali et 50 au Y\u00e9men. Les 625 qui sont rentr\u00e9s d&rsquo;Irak sont poursuivis en justice.<\/p>\n<p><em>\u00abLes r\u00e9seaux de voyage sont complexes et \u0153uvrent pour faire passer les recrues \u00e0 travers les fronti\u00e8res poreuses, et parfois par des zones o\u00f9 la traite des personnes et la contrebande ne peuvent \u00eatre contr\u00f4l\u00e9es efficacement\u00bb<\/em>, a not\u00e9 Mme Karska. <em>\u00abLes t\u00e9moignages confirment que les routes prises comprennent le passage par la Libye vers la Turquie, puis vers la Syrie en passant par la fronti\u00e8re \u00e0 Antakya\u00bb<\/em>, a-t-elle ajout\u00e9.<\/p>\n<p>L&rsquo;experte a \u00e9galement attir\u00e9 l&rsquo;attention sur les liens possibles entre les ph\u00e9nom\u00e8nes de mercenariat et de combattants \u00e9trangers.<\/p>\n<p><em>\u00abIl nous a \u00e9t\u00e9 rapport\u00e9 que les recruteurs dans ces r\u00e9seaux sont bien pay\u00e9s \u2013 un chiffre donn\u00e9 est de l\u2019ordre de 3000 \u00e0 10.000 US$ par nouvelle recrue, selon les qualifications de la personne\u00bb<\/em>, a r\u00e9v\u00e9l\u00e9 Mme Karska. \u00ab<em>Le r\u00f4le de l&rsquo;argent varie donc apparemment selon le stade du recrutement et de l&rsquo;activit\u00e9 du combattant \u00e9tranger. Ceci est d&rsquo;une importance particuli\u00e8re pour le Groupe de travail sur l&rsquo;utilisation de mercenaires\u00bb<\/em>,\u00a0 a affirm\u00e9 l\u2019experte.<\/p>\n<p><em>\u00abOn nous a racont\u00e9 \u00e0 plusieurs reprises que de nombreux combattants \u00e9trangers suivent un entrainement en Libye avant d&rsquo;aller en Syrie et que l&rsquo;instabilit\u00e9 en Libye a facilit\u00e9 de nombreuses activit\u00e9s de soutien expliquant la croissance du nombre de combattants \u00e9trangers, leur entrainement et leur voyage\u00bb,<\/em> a-t-elle dit. <em>\u00abLa r\u00e9solution du conflit et la solution politique en Libye seraient donc tr\u00e8s favorables aux efforts antiterroristes de la Tunisie\u00bb,<\/em> note l\u2019experte.<\/p>\n<p>Parmi les facteurs de motivation qui expliquent le nombre \u00e9lev\u00e9 de combattants \u00e9trangers tunisiens, l&rsquo;experte a soulign\u00e9 les id\u00e9ologies religieuses et politiques, les gains financiers, les conditions \u00e9conomiques et sociales, le fait d\u2019avoir un but et un sentiment d&rsquo;appartenance.<\/p>\n<p>La majorit\u00e9 des Tunisiens qui voyagent pour rejoindre des groupes extr\u00e9mistes \u00e0 l&rsquo;\u00e9tranger semblent \u00eatre jeunes, souvent \u00e2g\u00e9s de 18 \u00e0 35 ans. Certains de ces jeunes viennent de milieux socio-\u00e9conomiques d\u00e9favorables, mais aussi de la classe moyenne et des classes les plus ais\u00e9es de la soci\u00e9t\u00e9.<em> \u00abNous avons \u00e9galement \u00e9t\u00e9 inform\u00e9s que des professionnels offrent leurs comp\u00e9tences aux groupes extr\u00e9mistes et que certains semblent avoir \u00e9t\u00e9 attir\u00e9s \u00e0 tort par des r\u00e9cits de bravoure et d\u2019exaltation\u00bb,<\/em> a d\u00e9clar\u00e9 la pr\u00e9sidente du Groupe.<\/p>\n<p>Mme Karska a not\u00e9 que \u00abselon les t\u00e9moignages, les femmes qui repr\u00e9sentent un petit nombre, ont peut-\u00eatre \u00e9galement rejoint ces groupes pour des raisons similaires, ainsi que pour des raisons humanitaires ou personnelles afin de rejoindre leurs maris ou partenaires\u00bb.<\/p>\n<p>Le Groupe de travail a \u00e9galement \u00e9t\u00e9 inform\u00e9 du ph\u00e9nom\u00e8ne croissant de familles enti\u00e8res qui se d\u00e9placent vers les zones de conflit.<\/p>\n<p><em>\u00abUn facteur, ou une combinaison de plusieurs d\u2019entre eux, peuvent \u00eatre pertinents, rendant ainsi les profils des combattants \u00e9trangers assez vari\u00e9s\u00bb,<\/em> a d\u00e9clar\u00e9 l&rsquo;experte, exhortant le Gouvernement tunisien \u00e0 adopter un plan strat\u00e9gique national pour aborder la question d\u2019une mani\u00e8re globale et strat\u00e9gique plusieurs niveaux.<\/p>\n<p><em>\u00abUn plan strat\u00e9gique national doit donc r\u00e9pondre \u00e0 la diversit\u00e9 des profils et des m\u00e9thodes de recrutement et avoir des effets imm\u00e9diats, \u00e0 moyen et long terme, tout en veillant \u00e0 l\u2019\u00e9quilibre entre les mesures punitives et sociales et s\u2019assurant de l\u2019adoption des standards internationaux des droits de l&rsquo;homme et de tous ses \u00e9l\u00e9ments\u00bb,<\/em> a d\u00e9clar\u00e9 l\u2019experte.<\/p>\n<p>Le Groupe de travail a salu\u00e9 les efforts des autorit\u00e9s tunisiennes qui envisagent des solutions alternatives aux solutions punitives pour les combattants rapatri\u00e9s, y compris les approches sociales, culturelles et religieuses. \u00c0 cet \u00e9gard, les experts ont recommand\u00e9 la n\u00e9cessit\u00e9 de pr\u00e9server un \u00e9quilibre entre les mesures punitives et sociales, afin de trouver des r\u00e9ponses\u00a0 \u00e0 l\u2019origine et aux causes structurelles du ph\u00e9nom\u00e8ne des combattants \u00e9trangers.<\/p>\n<p>Au cours de la visite de huit jours, la d\u00e9l\u00e9gation a tenu des r\u00e9unions \u00e0 Tunis et Monastir et a visit\u00e9 la prison de Mornaguia. Elle a \u00e9galement rencontr\u00e9 des repr\u00e9sentants des pouvoirs ex\u00e9cutif, l\u00e9gislatif et judiciaire, des universitaires et des repr\u00e9sentants d&rsquo;organisations de la soci\u00e9t\u00e9 civile, y compris des familles de personnes ayant rejoint des conflits \u00e0 l&rsquo;\u00e9tranger. Des r\u00e9unions ont \u00e9galement eu lieu avec des repr\u00e9sentants des agences de l&rsquo;ONU et d&rsquo;autres partenaires internationaux.<\/p>\n<p>Le Groupe d&rsquo;experts pr\u00e9sentera son premier rapport sur la question des combattants \u00e9trangers \u00e0 l&rsquo;Assembl\u00e9e g\u00e9n\u00e9rale des Nations Unies plus tard cette ann\u00e9e. Ce premier rapport comprendra des faits recueillis au cours de sa visite en Tunisie et dans d&rsquo;autres pays, ainsi que des informations re\u00e7ues des \u00c9tats membres des Nations Unies et d\u2019autres acteurs.<\/p>\n<p>Le Groupe de travail pr\u00e9sentera un rapport complet sur sa visite en Tunisie au Conseil des droits de l&rsquo;homme en 2016.<\/p>\n<p><a href=\"http:\/\/www.ohchr.org\/FR\/NewsEvents\/Pages\/DisplayNews.aspx?NewsID=16219&amp;LangID=F\" target=\"_blank\"><em><strong>Version compl\u00e8te du communiqu\u00e9 de fin de mission du Groupe d&rsquo;experts de l\u2019Onu.<\/strong> <\/em><\/a><\/p>\n<p><em><strong>Illustration<\/strong>: De gauche \u00e0 droite et de haut en bas:Abou Iyadh, en fuite en Libye, Aboubaker El-Hakim et Kamel Zarrouk, en fuite en Syrie.<\/em><\/p>\n","protected":false},"excerpt":{"rendered":"<p>Selon un r\u00e9cent rapport de l\u2019Onu il y aurait 4.000 combattant tunisiens en Syrie, 1000 \u00e0 1500 en Libye, 200 en Irak, 60 au Mali et 50 au Y\u00e9men.<\/p>\n","protected":false},"author":5,"featured_media":6715,"comment_status":"open","ping_status":"open","sticky":false,"template":"","format":"standard","meta":{"footnotes":""},"categories":[997,2433],"tags":[517,3194,873],"class_list":["post-6714","post","type-post","status-publish","format-standard","has-post-thumbnail","hentry","category-politique","category-tunisie","tag-jihadistes","tag-onu","tag-syrie"],"yoast_head":"<!-- This site is optimized with the Yoast SEO plugin v26.6 - https:\/\/yoast.com\/wordpress\/plugins\/seo\/ -->\n<title>L\u2019Onu s\u2019inqui\u00e8te de l\u2019activisme des jihadistes tunisiens - Kapitalis<\/title>\n<meta name=\"robots\" content=\"index, follow, max-snippet:-1, max-image-preview:large, max-video-preview:-1\" \/>\n<link rel=\"canonical\" href=\"https:\/\/kapitalis.com\/tunisie\/2015\/07\/10\/lonu-sinquiete-de-lactivisme-des-jihadistes-tunisiens\/\" \/>\n<meta property=\"og:locale\" content=\"fr_FR\" \/>\n<meta property=\"og:type\" content=\"article\" \/>\n<meta property=\"og:title\" content=\"L\u2019Onu s\u2019inqui\u00e8te de l\u2019activisme des jihadistes tunisiens - Kapitalis\" \/>\n<meta property=\"og:description\" content=\"Selon un r\u00e9cent rapport de l\u2019Onu il y aurait 4.000 combattant tunisiens en Syrie, 1000 \u00e0 1500 en Libye, 200 en Irak, 60 au Mali et 50 au Y\u00e9men.\" \/>\n<meta property=\"og:url\" content=\"https:\/\/kapitalis.com\/tunisie\/2015\/07\/10\/lonu-sinquiete-de-lactivisme-des-jihadistes-tunisiens\/\" \/>\n<meta property=\"og:site_name\" content=\"Kapitalis\" \/>\n<meta property=\"article:publisher\" content=\"https:\/\/www.facebook.com\/KapitalisInfo\/\" \/>\n<meta property=\"article:published_time\" content=\"2015-07-10T16:47:26+00:00\" \/>\n<meta property=\"article:modified_time\" content=\"2015-07-10T17:13:12+00:00\" \/>\n<meta property=\"og:image\" content=\"https:\/\/kapitalis.com\/tunisie\/wp-content\/uploads\/2022\/05\/kapitalis-logo-fb.png\" \/>\n\t<meta property=\"og:image:width\" content=\"1200\" \/>\n\t<meta property=\"og:image:height\" content=\"630\" \/>\n\t<meta property=\"og:image:type\" content=\"image\/png\" \/>\n<meta name=\"author\" content=\"Ridha Elkefi\" \/>\n<meta name=\"twitter:card\" content=\"summary_large_image\" \/>\n<meta name=\"twitter:creator\" content=\"@KapitalisInfo\" \/>\n<meta name=\"twitter:site\" content=\"@KapitalisInfo\" \/>\n<meta name=\"twitter:label1\" content=\"\u00c9crit par\" \/>\n\t<meta name=\"twitter:data1\" content=\"Ridha Elkefi\" \/>\n\t<meta name=\"twitter:label2\" content=\"Dur\u00e9e de lecture estim\u00e9e\" \/>\n\t<meta name=\"twitter:data2\" content=\"5 minutes\" \/>\n<script type=\"application\/ld+json\" class=\"yoast-schema-graph\">{\"@context\":\"https:\/\/schema.org\",\"@graph\":[{\"@type\":\"Article\",\"@id\":\"https:\/\/kapitalis.com\/tunisie\/2015\/07\/10\/lonu-sinquiete-de-lactivisme-des-jihadistes-tunisiens\/#article\",\"isPartOf\":{\"@id\":\"https:\/\/kapitalis.com\/tunisie\/2015\/07\/10\/lonu-sinquiete-de-lactivisme-des-jihadistes-tunisiens\/\"},\"author\":{\"name\":\"Ridha Elkefi\",\"@id\":\"https:\/\/kapitalis.com\/tunisie\/#\/schema\/person\/16627fc9b2fc0116230e88af071eebab\"},\"headline\":\"L\u2019Onu s\u2019inqui\u00e8te de l\u2019activisme des jihadistes tunisiens\",\"datePublished\":\"2015-07-10T16:47:26+00:00\",\"dateModified\":\"2015-07-10T17:13:12+00:00\",\"mainEntityOfPage\":{\"@id\":\"https:\/\/kapitalis.com\/tunisie\/2015\/07\/10\/lonu-sinquiete-de-lactivisme-des-jihadistes-tunisiens\/\"},\"wordCount\":1048,\"commentCount\":5,\"publisher\":{\"@id\":\"https:\/\/kapitalis.com\/tunisie\/#organization\"},\"image\":{\"@id\":\"https:\/\/kapitalis.com\/tunisie\/2015\/07\/10\/lonu-sinquiete-de-lactivisme-des-jihadistes-tunisiens\/#primaryimage\"},\"thumbnailUrl\":\"\",\"keywords\":[\"jihadistes\",\"Onu\",\"Syrie\"],\"articleSection\":[\"POLITIQUE\",\"Tunisie\"],\"inLanguage\":\"fr-FR\",\"potentialAction\":[{\"@type\":\"CommentAction\",\"name\":\"Comment\",\"target\":[\"https:\/\/kapitalis.com\/tunisie\/2015\/07\/10\/lonu-sinquiete-de-lactivisme-des-jihadistes-tunisiens\/#respond\"]}]},{\"@type\":\"WebPage\",\"@id\":\"https:\/\/kapitalis.com\/tunisie\/2015\/07\/10\/lonu-sinquiete-de-lactivisme-des-jihadistes-tunisiens\/\",\"url\":\"https:\/\/kapitalis.com\/tunisie\/2015\/07\/10\/lonu-sinquiete-de-lactivisme-des-jihadistes-tunisiens\/\",\"name\":\"L\u2019Onu s\u2019inqui\u00e8te de l\u2019activisme des jihadistes tunisiens - Kapitalis\",\"isPartOf\":{\"@id\":\"https:\/\/kapitalis.com\/tunisie\/#website\"},\"primaryImageOfPage\":{\"@id\":\"https:\/\/kapitalis.com\/tunisie\/2015\/07\/10\/lonu-sinquiete-de-lactivisme-des-jihadistes-tunisiens\/#primaryimage\"},\"image\":{\"@id\":\"https:\/\/kapitalis.com\/tunisie\/2015\/07\/10\/lonu-sinquiete-de-lactivisme-des-jihadistes-tunisiens\/#primaryimage\"},\"thumbnailUrl\":\"\",\"datePublished\":\"2015-07-10T16:47:26+00:00\",\"dateModified\":\"2015-07-10T17:13:12+00:00\",\"breadcrumb\":{\"@id\":\"https:\/\/kapitalis.com\/tunisie\/2015\/07\/10\/lonu-sinquiete-de-lactivisme-des-jihadistes-tunisiens\/#breadcrumb\"},\"inLanguage\":\"fr-FR\",\"potentialAction\":[{\"@type\":\"ReadAction\",\"target\":[\"https:\/\/kapitalis.com\/tunisie\/2015\/07\/10\/lonu-sinquiete-de-lactivisme-des-jihadistes-tunisiens\/\"]}]},{\"@type\":\"ImageObject\",\"inLanguage\":\"fr-FR\",\"@id\":\"https:\/\/kapitalis.com\/tunisie\/2015\/07\/10\/lonu-sinquiete-de-lactivisme-des-jihadistes-tunisiens\/#primaryimage\",\"url\":\"\",\"contentUrl\":\"\"},{\"@type\":\"BreadcrumbList\",\"@id\":\"https:\/\/kapitalis.com\/tunisie\/2015\/07\/10\/lonu-sinquiete-de-lactivisme-des-jihadistes-tunisiens\/#breadcrumb\",\"itemListElement\":[{\"@type\":\"ListItem\",\"position\":1,\"name\":\"Accueil\",\"item\":\"https:\/\/kapitalis.com\/tunisie\/\"},{\"@type\":\"ListItem\",\"position\":2,\"name\":\"L\u2019Onu s\u2019inqui\u00e8te de l\u2019activisme des jihadistes tunisiens\"}]},{\"@type\":\"WebSite\",\"@id\":\"https:\/\/kapitalis.com\/tunisie\/#website\",\"url\":\"https:\/\/kapitalis.com\/tunisie\/\",\"name\":\"Kapitalis\",\"description\":\"L&#039;actualit\u00e9 en Tunisie et dans le monde\",\"publisher\":{\"@id\":\"https:\/\/kapitalis.com\/tunisie\/#organization\"},\"potentialAction\":[{\"@type\":\"SearchAction\",\"target\":{\"@type\":\"EntryPoint\",\"urlTemplate\":\"https:\/\/kapitalis.com\/tunisie\/?s={search_term_string}\"},\"query-input\":{\"@type\":\"PropertyValueSpecification\",\"valueRequired\":true,\"valueName\":\"search_term_string\"}}],\"inLanguage\":\"fr-FR\"},{\"@type\":\"Organization\",\"@id\":\"https:\/\/kapitalis.com\/tunisie\/#organization\",\"name\":\"Kapitalis\",\"url\":\"https:\/\/kapitalis.com\/tunisie\/\",\"logo\":{\"@type\":\"ImageObject\",\"inLanguage\":\"fr-FR\",\"@id\":\"https:\/\/kapitalis.com\/tunisie\/#\/schema\/logo\/image\/\",\"url\":\"https:\/\/kapitalis.com\/tunisie\/wp-content\/uploads\/2022\/05\/Kapitalis-big-size.png\",\"contentUrl\":\"https:\/\/kapitalis.com\/tunisie\/wp-content\/uploads\/2022\/05\/Kapitalis-big-size.png\",\"width\":5000,\"height\":1500,\"caption\":\"Kapitalis\"},\"image\":{\"@id\":\"https:\/\/kapitalis.com\/tunisie\/#\/schema\/logo\/image\/\"},\"sameAs\":[\"https:\/\/www.facebook.com\/KapitalisInfo\/\",\"https:\/\/x.com\/KapitalisInfo\",\"https:\/\/www.youtube.com\/channel\/UC-yDYrHyfFBWWZaOw3FPg9Q\"]},{\"@type\":\"Person\",\"@id\":\"https:\/\/kapitalis.com\/tunisie\/#\/schema\/person\/16627fc9b2fc0116230e88af071eebab\",\"name\":\"Ridha Elkefi\",\"url\":\"https:\/\/kapitalis.com\/tunisie\/author\/ridha-kefi\/\"}]}<\/script>\n<!-- \/ Yoast SEO plugin. -->","yoast_head_json":{"title":"L\u2019Onu s\u2019inqui\u00e8te de l\u2019activisme des jihadistes tunisiens - Kapitalis","robots":{"index":"index","follow":"follow","max-snippet":"max-snippet:-1","max-image-preview":"max-image-preview:large","max-video-preview":"max-video-preview:-1"},"canonical":"https:\/\/kapitalis.com\/tunisie\/2015\/07\/10\/lonu-sinquiete-de-lactivisme-des-jihadistes-tunisiens\/","og_locale":"fr_FR","og_type":"article","og_title":"L\u2019Onu s\u2019inqui\u00e8te de l\u2019activisme des jihadistes tunisiens - Kapitalis","og_description":"Selon un r\u00e9cent rapport de l\u2019Onu il y aurait 4.000 combattant tunisiens en Syrie, 1000 \u00e0 1500 en Libye, 200 en Irak, 60 au Mali et 50 au Y\u00e9men.","og_url":"https:\/\/kapitalis.com\/tunisie\/2015\/07\/10\/lonu-sinquiete-de-lactivisme-des-jihadistes-tunisiens\/","og_site_name":"Kapitalis","article_publisher":"https:\/\/www.facebook.com\/KapitalisInfo\/","article_published_time":"2015-07-10T16:47:26+00:00","article_modified_time":"2015-07-10T17:13:12+00:00","og_image":[{"width":1200,"height":630,"url":"https:\/\/kapitalis.com\/tunisie\/wp-content\/uploads\/2022\/05\/kapitalis-logo-fb.png","type":"image\/png"}],"author":"Ridha Elkefi","twitter_card":"summary_large_image","twitter_creator":"@KapitalisInfo","twitter_site":"@KapitalisInfo","twitter_misc":{"\u00c9crit par":"Ridha Elkefi","Dur\u00e9e de lecture estim\u00e9e":"5 minutes"},"schema":{"@context":"https:\/\/schema.org","@graph":[{"@type":"Article","@id":"https:\/\/kapitalis.com\/tunisie\/2015\/07\/10\/lonu-sinquiete-de-lactivisme-des-jihadistes-tunisiens\/#article","isPartOf":{"@id":"https:\/\/kapitalis.com\/tunisie\/2015\/07\/10\/lonu-sinquiete-de-lactivisme-des-jihadistes-tunisiens\/"},"author":{"name":"Ridha Elkefi","@id":"https:\/\/kapitalis.com\/tunisie\/#\/schema\/person\/16627fc9b2fc0116230e88af071eebab"},"headline":"L\u2019Onu s\u2019inqui\u00e8te de l\u2019activisme des jihadistes tunisiens","datePublished":"2015-07-10T16:47:26+00:00","dateModified":"2015-07-10T17:13:12+00:00","mainEntityOfPage":{"@id":"https:\/\/kapitalis.com\/tunisie\/2015\/07\/10\/lonu-sinquiete-de-lactivisme-des-jihadistes-tunisiens\/"},"wordCount":1048,"commentCount":5,"publisher":{"@id":"https:\/\/kapitalis.com\/tunisie\/#organization"},"image":{"@id":"https:\/\/kapitalis.com\/tunisie\/2015\/07\/10\/lonu-sinquiete-de-lactivisme-des-jihadistes-tunisiens\/#primaryimage"},"thumbnailUrl":"","keywords":["jihadistes","Onu","Syrie"],"articleSection":["POLITIQUE","Tunisie"],"inLanguage":"fr-FR","potentialAction":[{"@type":"CommentAction","name":"Comment","target":["https:\/\/kapitalis.com\/tunisie\/2015\/07\/10\/lonu-sinquiete-de-lactivisme-des-jihadistes-tunisiens\/#respond"]}]},{"@type":"WebPage","@id":"https:\/\/kapitalis.com\/tunisie\/2015\/07\/10\/lonu-sinquiete-de-lactivisme-des-jihadistes-tunisiens\/","url":"https:\/\/kapitalis.com\/tunisie\/2015\/07\/10\/lonu-sinquiete-de-lactivisme-des-jihadistes-tunisiens\/","name":"L\u2019Onu s\u2019inqui\u00e8te de l\u2019activisme des jihadistes tunisiens - Kapitalis","isPartOf":{"@id":"https:\/\/kapitalis.com\/tunisie\/#website"},"primaryImageOfPage":{"@id":"https:\/\/kapitalis.com\/tunisie\/2015\/07\/10\/lonu-sinquiete-de-lactivisme-des-jihadistes-tunisiens\/#primaryimage"},"image":{"@id":"https:\/\/kapitalis.com\/tunisie\/2015\/07\/10\/lonu-sinquiete-de-lactivisme-des-jihadistes-tunisiens\/#primaryimage"},"thumbnailUrl":"","datePublished":"2015-07-10T16:47:26+00:00","dateModified":"2015-07-10T17:13:12+00:00","breadcrumb":{"@id":"https:\/\/kapitalis.com\/tunisie\/2015\/07\/10\/lonu-sinquiete-de-lactivisme-des-jihadistes-tunisiens\/#breadcrumb"},"inLanguage":"fr-FR","potentialAction":[{"@type":"ReadAction","target":["https:\/\/kapitalis.com\/tunisie\/2015\/07\/10\/lonu-sinquiete-de-lactivisme-des-jihadistes-tunisiens\/"]}]},{"@type":"ImageObject","inLanguage":"fr-FR","@id":"https:\/\/kapitalis.com\/tunisie\/2015\/07\/10\/lonu-sinquiete-de-lactivisme-des-jihadistes-tunisiens\/#primaryimage","url":"","contentUrl":""},{"@type":"BreadcrumbList","@id":"https:\/\/kapitalis.com\/tunisie\/2015\/07\/10\/lonu-sinquiete-de-lactivisme-des-jihadistes-tunisiens\/#breadcrumb","itemListElement":[{"@type":"ListItem","position":1,"name":"Accueil","item":"https:\/\/kapitalis.com\/tunisie\/"},{"@type":"ListItem","position":2,"name":"L\u2019Onu s\u2019inqui\u00e8te de l\u2019activisme des jihadistes tunisiens"}]},{"@type":"WebSite","@id":"https:\/\/kapitalis.com\/tunisie\/#website","url":"https:\/\/kapitalis.com\/tunisie\/","name":"Kapitalis","description":"L&#039;actualit\u00e9 en Tunisie et dans le monde","publisher":{"@id":"https:\/\/kapitalis.com\/tunisie\/#organization"},"potentialAction":[{"@type":"SearchAction","target":{"@type":"EntryPoint","urlTemplate":"https:\/\/kapitalis.com\/tunisie\/?s={search_term_string}"},"query-input":{"@type":"PropertyValueSpecification","valueRequired":true,"valueName":"search_term_string"}}],"inLanguage":"fr-FR"},{"@type":"Organization","@id":"https:\/\/kapitalis.com\/tunisie\/#organization","name":"Kapitalis","url":"https:\/\/kapitalis.com\/tunisie\/","logo":{"@type":"ImageObject","inLanguage":"fr-FR","@id":"https:\/\/kapitalis.com\/tunisie\/#\/schema\/logo\/image\/","url":"https:\/\/kapitalis.com\/tunisie\/wp-content\/uploads\/2022\/05\/Kapitalis-big-size.png","contentUrl":"https:\/\/kapitalis.com\/tunisie\/wp-content\/uploads\/2022\/05\/Kapitalis-big-size.png","width":5000,"height":1500,"caption":"Kapitalis"},"image":{"@id":"https:\/\/kapitalis.com\/tunisie\/#\/schema\/logo\/image\/"},"sameAs":["https:\/\/www.facebook.com\/KapitalisInfo\/","https:\/\/x.com\/KapitalisInfo","https:\/\/www.youtube.com\/channel\/UC-yDYrHyfFBWWZaOw3FPg9Q"]},{"@type":"Person","@id":"https:\/\/kapitalis.com\/tunisie\/#\/schema\/person\/16627fc9b2fc0116230e88af071eebab","name":"Ridha Elkefi","url":"https:\/\/kapitalis.com\/tunisie\/author\/ridha-kefi\/"}]}},"_links":{"self":[{"href":"https:\/\/kapitalis.com\/tunisie\/wp-json\/wp\/v2\/posts\/6714","targetHints":{"allow":["GET"]}}],"collection":[{"href":"https:\/\/kapitalis.com\/tunisie\/wp-json\/wp\/v2\/posts"}],"about":[{"href":"https:\/\/kapitalis.com\/tunisie\/wp-json\/wp\/v2\/types\/post"}],"author":[{"embeddable":true,"href":"https:\/\/kapitalis.com\/tunisie\/wp-json\/wp\/v2\/users\/5"}],"replies":[{"embeddable":true,"href":"https:\/\/kapitalis.com\/tunisie\/wp-json\/wp\/v2\/comments?post=6714"}],"version-history":[{"count":0,"href":"https:\/\/kapitalis.com\/tunisie\/wp-json\/wp\/v2\/posts\/6714\/revisions"}],"wp:featuredmedia":[{"embeddable":true,"href":"https:\/\/kapitalis.com\/tunisie\/wp-json\/wp\/v2\/media\/6715"}],"wp:attachment":[{"href":"https:\/\/kapitalis.com\/tunisie\/wp-json\/wp\/v2\/media?parent=6714"}],"wp:term":[{"taxonomy":"category","embeddable":true,"href":"https:\/\/kapitalis.com\/tunisie\/wp-json\/wp\/v2\/categories?post=6714"},{"taxonomy":"post_tag","embeddable":true,"href":"https:\/\/kapitalis.com\/tunisie\/wp-json\/wp\/v2\/tags?post=6714"}],"curies":[{"name":"wp","href":"https:\/\/api.w.org\/{rel}","templated":true}]}}