{"id":67207,"date":"2016-10-05T19:07:14","date_gmt":"2016-10-05T18:07:14","guid":{"rendered":"http:\/\/kapitalis.com\/tunisie\/?p=67207"},"modified":"2016-10-05T19:10:00","modified_gmt":"2016-10-05T18:10:00","slug":"france-un-tunisien-extorquait-les-services-sociaux-francaisfrance-un-tunisien-de-22-ans-profitait-illegalement-du-systeme-de-mineur-isole","status":"publish","type":"post","link":"https:\/\/kapitalis.com\/tunisie\/2016\/10\/05\/france-un-tunisien-extorquait-les-services-sociaux-francaisfrance-un-tunisien-de-22-ans-profitait-illegalement-du-systeme-de-mineur-isole\/","title":{"rendered":"France : Un Tunisien extorquait les services sociaux fran\u00e7ais"},"content":{"rendered":"<p style=\"text-align: center;\"><img loading=\"lazy\" decoding=\"async\" class=\"alignnone size-full wp-image-67211\" src=\"http:\/\/kapitalis.com\/tunisie\/wp-content\/uploads\/2016\/10\/France-ado-isol\u00e9-Tunisien-ill\u00e9gal.jpg\" alt=\"france-ado-isole-tunisien-illegal\" width=\"626\" height=\"380\" \/><\/p>\n<p><em><strong>Un Tunisien, \u00e0 Montpellier, se faisait passer pour un mineur isol\u00e9 \u00e9tranger pour \u00eatre pris en charge financi\u00e8rement par l\u2019Etat Fran\u00e7ais.<\/strong><\/em><\/p>\n<p><!--more--><\/p>\n<p>Le jeune homme, dont le nom n&rsquo;a pas \u00e9t\u00e9 divulgu\u00e9, a \u00e9t\u00e9 arr\u00eat\u00e9 r\u00e9cemment en possession d&rsquo;une quantit\u00e9 de cannabis. La police fran\u00e7aise a d\u00e9couvert\u00a0qu&rsquo;il b\u00e9n\u00e9ficiaient depuis 2 ans du service de syst\u00e8me de mineur isol\u00e9 et \u00e9tait pris en charge par le conseil d\u00e9partemental de l\u2019H\u00e9rault, qui payait son logement, ses tickets repas et autres besoins. Elle a d\u00e9couvert aussi qu&rsquo;il\u00a0n\u2019est pas \u00e2g\u00e9 de 16 ans, comme il le pr\u00e9tendait, mais de 22 ans\u2026\u00a0Les\u00a0documents qu\u2019il avait fournis au conseil d\u00e9partemental, en 2014, \u00e9taient donc des faux et il devra probablement \u00eatre jug\u00e9 et expuls\u00e9 de France.<\/p>\n<p style=\"text-align: right;\"><strong>Y. N.<\/strong><\/p>\n","protected":false},"excerpt":{"rendered":"<p>Un Tunisien, \u00e0 Montpellier, se faisait passer pour un mineur isol\u00e9 \u00e9tranger pour \u00eatre pris en charge financi\u00e8rement par l\u2019Etat Fran\u00e7ais.<\/p>\n","protected":false},"author":6,"featured_media":67211,"comment_status":"open","ping_status":"open","sticky":false,"template":"","format":"standard","meta":{"footnotes":""},"categories":[998,2433],"tags":[183,6971,395,4122,1607,10069,931],"class_list":["post-67207","post","type-post","status-publish","format-standard","has-post-thumbnail","hentry","category-societe","category-tunisie","tag-cannabis","tag-cocaine","tag-france","tag-illegal","tag-montpellier","tag-prise-en-charge","tag-tunisien"],"yoast_head":"<!-- This site is optimized with the Yoast SEO plugin v26.6 - https:\/\/yoast.com\/wordpress\/plugins\/seo\/ -->\n<title>France : Un Tunisien extorquait les services sociaux fran\u00e7ais - Kapitalis<\/title>\n<meta name=\"robots\" content=\"index, follow, max-snippet:-1, max-image-preview:large, max-video-preview:-1\" \/>\n<link rel=\"canonical\" href=\"https:\/\/kapitalis.com\/tunisie\/2016\/10\/05\/france-un-tunisien-extorquait-les-services-sociaux-francaisfrance-un-tunisien-de-22-ans-profitait-illegalement-du-systeme-de-mineur-isole\/\" \/>\n<meta property=\"og:locale\" content=\"fr_FR\" \/>\n<meta property=\"og:type\" content=\"article\" \/>\n<meta property=\"og:title\" content=\"France : Un Tunisien extorquait les services sociaux fran\u00e7ais - Kapitalis\" \/>\n<meta property=\"og:description\" content=\"Un Tunisien, \u00e0 Montpellier, se faisait passer pour un mineur isol\u00e9 \u00e9tranger pour \u00eatre pris en charge financi\u00e8rement par l\u2019Etat Fran\u00e7ais.\" \/>\n<meta property=\"og:url\" content=\"https:\/\/kapitalis.com\/tunisie\/2016\/10\/05\/france-un-tunisien-extorquait-les-services-sociaux-francaisfrance-un-tunisien-de-22-ans-profitait-illegalement-du-systeme-de-mineur-isole\/\" \/>\n<meta property=\"og:site_name\" content=\"Kapitalis\" \/>\n<meta property=\"article:publisher\" content=\"https:\/\/www.facebook.com\/KapitalisInfo\/\" \/>\n<meta property=\"article:published_time\" content=\"2016-10-05T18:07:14+00:00\" \/>\n<meta property=\"article:modified_time\" content=\"2016-10-05T18:10:00+00:00\" \/>\n<meta property=\"og:image\" content=\"https:\/\/kapitalis.com\/tunisie\/wp-content\/uploads\/2022\/05\/kapitalis-logo-fb.png\" \/>\n\t<meta property=\"og:image:width\" content=\"1200\" \/>\n\t<meta property=\"og:image:height\" content=\"630\" \/>\n\t<meta property=\"og:image:type\" content=\"image\/png\" \/>\n<meta name=\"author\" content=\"Yusra NY\" \/>\n<meta name=\"twitter:card\" content=\"summary_large_image\" \/>\n<meta name=\"twitter:creator\" content=\"@KapitalisInfo\" \/>\n<meta name=\"twitter:site\" content=\"@KapitalisInfo\" \/>\n<meta name=\"twitter:label1\" content=\"\u00c9crit par\" \/>\n\t<meta name=\"twitter:data1\" content=\"Yusra NY\" \/>\n\t<meta name=\"twitter:label2\" content=\"Dur\u00e9e de lecture estim\u00e9e\" \/>\n\t<meta name=\"twitter:data2\" content=\"1 minute\" \/>\n<script type=\"application\/ld+json\" class=\"yoast-schema-graph\">{\"@context\":\"https:\/\/schema.org\",\"@graph\":[{\"@type\":\"Article\",\"@id\":\"https:\/\/kapitalis.com\/tunisie\/2016\/10\/05\/france-un-tunisien-extorquait-les-services-sociaux-francaisfrance-un-tunisien-de-22-ans-profitait-illegalement-du-systeme-de-mineur-isole\/#article\",\"isPartOf\":{\"@id\":\"https:\/\/kapitalis.com\/tunisie\/2016\/10\/05\/france-un-tunisien-extorquait-les-services-sociaux-francaisfrance-un-tunisien-de-22-ans-profitait-illegalement-du-systeme-de-mineur-isole\/\"},\"author\":{\"name\":\"Yusra NY\",\"@id\":\"https:\/\/kapitalis.com\/tunisie\/#\/schema\/person\/74bbde0154d49d790a92aaeac5bc01d5\"},\"headline\":\"France : Un Tunisien extorquait les services sociaux fran\u00e7ais\",\"datePublished\":\"2016-10-05T18:07:14+00:00\",\"dateModified\":\"2016-10-05T18:10:00+00:00\",\"mainEntityOfPage\":{\"@id\":\"https:\/\/kapitalis.com\/tunisie\/2016\/10\/05\/france-un-tunisien-extorquait-les-services-sociaux-francaisfrance-un-tunisien-de-22-ans-profitait-illegalement-du-systeme-de-mineur-isole\/\"},\"wordCount\":146,\"commentCount\":0,\"publisher\":{\"@id\":\"https:\/\/kapitalis.com\/tunisie\/#organization\"},\"image\":{\"@id\":\"https:\/\/kapitalis.com\/tunisie\/2016\/10\/05\/france-un-tunisien-extorquait-les-services-sociaux-francaisfrance-un-tunisien-de-22-ans-profitait-illegalement-du-systeme-de-mineur-isole\/#primaryimage\"},\"thumbnailUrl\":\"\",\"keywords\":[\"cannabis\",\"coca\u00efne\",\"France\",\"ill\u00e9gal\",\"Montpellier\",\"prise en charge\",\"Tunisien\"],\"articleSection\":[\"SOCIETE\",\"Tunisie\"],\"inLanguage\":\"fr-FR\",\"potentialAction\":[{\"@type\":\"CommentAction\",\"name\":\"Comment\",\"target\":[\"https:\/\/kapitalis.com\/tunisie\/2016\/10\/05\/france-un-tunisien-extorquait-les-services-sociaux-francaisfrance-un-tunisien-de-22-ans-profitait-illegalement-du-systeme-de-mineur-isole\/#respond\"]}]},{\"@type\":\"WebPage\",\"@id\":\"https:\/\/kapitalis.com\/tunisie\/2016\/10\/05\/france-un-tunisien-extorquait-les-services-sociaux-francaisfrance-un-tunisien-de-22-ans-profitait-illegalement-du-systeme-de-mineur-isole\/\",\"url\":\"https:\/\/kapitalis.com\/tunisie\/2016\/10\/05\/france-un-tunisien-extorquait-les-services-sociaux-francaisfrance-un-tunisien-de-22-ans-profitait-illegalement-du-systeme-de-mineur-isole\/\",\"name\":\"France : Un Tunisien extorquait les services sociaux fran\u00e7ais - Kapitalis\",\"isPartOf\":{\"@id\":\"https:\/\/kapitalis.com\/tunisie\/#website\"},\"primaryImageOfPage\":{\"@id\":\"https:\/\/kapitalis.com\/tunisie\/2016\/10\/05\/france-un-tunisien-extorquait-les-services-sociaux-francaisfrance-un-tunisien-de-22-ans-profitait-illegalement-du-systeme-de-mineur-isole\/#primaryimage\"},\"image\":{\"@id\":\"https:\/\/kapitalis.com\/tunisie\/2016\/10\/05\/france-un-tunisien-extorquait-les-services-sociaux-francaisfrance-un-tunisien-de-22-ans-profitait-illegalement-du-systeme-de-mineur-isole\/#primaryimage\"},\"thumbnailUrl\":\"\",\"datePublished\":\"2016-10-05T18:07:14+00:00\",\"dateModified\":\"2016-10-05T18:10:00+00:00\",\"breadcrumb\":{\"@id\":\"https:\/\/kapitalis.com\/tunisie\/2016\/10\/05\/france-un-tunisien-extorquait-les-services-sociaux-francaisfrance-un-tunisien-de-22-ans-profitait-illegalement-du-systeme-de-mineur-isole\/#breadcrumb\"},\"inLanguage\":\"fr-FR\",\"potentialAction\":[{\"@type\":\"ReadAction\",\"target\":[\"https:\/\/kapitalis.com\/tunisie\/2016\/10\/05\/france-un-tunisien-extorquait-les-services-sociaux-francaisfrance-un-tunisien-de-22-ans-profitait-illegalement-du-systeme-de-mineur-isole\/\"]}]},{\"@type\":\"ImageObject\",\"inLanguage\":\"fr-FR\",\"@id\":\"https:\/\/kapitalis.com\/tunisie\/2016\/10\/05\/france-un-tunisien-extorquait-les-services-sociaux-francaisfrance-un-tunisien-de-22-ans-profitait-illegalement-du-systeme-de-mineur-isole\/#primaryimage\",\"url\":\"\",\"contentUrl\":\"\"},{\"@type\":\"BreadcrumbList\",\"@id\":\"https:\/\/kapitalis.com\/tunisie\/2016\/10\/05\/france-un-tunisien-extorquait-les-services-sociaux-francaisfrance-un-tunisien-de-22-ans-profitait-illegalement-du-systeme-de-mineur-isole\/#breadcrumb\",\"itemListElement\":[{\"@type\":\"ListItem\",\"position\":1,\"name\":\"Accueil\",\"item\":\"https:\/\/kapitalis.com\/tunisie\/\"},{\"@type\":\"ListItem\",\"position\":2,\"name\":\"France : Un Tunisien extorquait les services sociaux fran\u00e7ais\"}]},{\"@type\":\"WebSite\",\"@id\":\"https:\/\/kapitalis.com\/tunisie\/#website\",\"url\":\"https:\/\/kapitalis.com\/tunisie\/\",\"name\":\"Kapitalis\",\"description\":\"L&#039;actualit\u00e9 en Tunisie et dans le monde\",\"publisher\":{\"@id\":\"https:\/\/kapitalis.com\/tunisie\/#organization\"},\"potentialAction\":[{\"@type\":\"SearchAction\",\"target\":{\"@type\":\"EntryPoint\",\"urlTemplate\":\"https:\/\/kapitalis.com\/tunisie\/?s={search_term_string}\"},\"query-input\":{\"@type\":\"PropertyValueSpecification\",\"valueRequired\":true,\"valueName\":\"search_term_string\"}}],\"inLanguage\":\"fr-FR\"},{\"@type\":\"Organization\",\"@id\":\"https:\/\/kapitalis.com\/tunisie\/#organization\",\"name\":\"Kapitalis\",\"url\":\"https:\/\/kapitalis.com\/tunisie\/\",\"logo\":{\"@type\":\"ImageObject\",\"inLanguage\":\"fr-FR\",\"@id\":\"https:\/\/kapitalis.com\/tunisie\/#\/schema\/logo\/image\/\",\"url\":\"https:\/\/kapitalis.com\/tunisie\/wp-content\/uploads\/2022\/05\/Kapitalis-big-size.png\",\"contentUrl\":\"https:\/\/kapitalis.com\/tunisie\/wp-content\/uploads\/2022\/05\/Kapitalis-big-size.png\",\"width\":5000,\"height\":1500,\"caption\":\"Kapitalis\"},\"image\":{\"@id\":\"https:\/\/kapitalis.com\/tunisie\/#\/schema\/logo\/image\/\"},\"sameAs\":[\"https:\/\/www.facebook.com\/KapitalisInfo\/\",\"https:\/\/x.com\/KapitalisInfo\",\"https:\/\/www.youtube.com\/channel\/UC-yDYrHyfFBWWZaOw3FPg9Q\"]},{\"@type\":\"Person\",\"@id\":\"https:\/\/kapitalis.com\/tunisie\/#\/schema\/person\/74bbde0154d49d790a92aaeac5bc01d5\",\"name\":\"Yusra NY\",\"url\":\"https:\/\/kapitalis.com\/tunisie\/author\/yuza_adam\/\"}]}<\/script>\n<!-- \/ Yoast SEO plugin. -->","yoast_head_json":{"title":"France : Un Tunisien extorquait les services sociaux fran\u00e7ais - Kapitalis","robots":{"index":"index","follow":"follow","max-snippet":"max-snippet:-1","max-image-preview":"max-image-preview:large","max-video-preview":"max-video-preview:-1"},"canonical":"https:\/\/kapitalis.com\/tunisie\/2016\/10\/05\/france-un-tunisien-extorquait-les-services-sociaux-francaisfrance-un-tunisien-de-22-ans-profitait-illegalement-du-systeme-de-mineur-isole\/","og_locale":"fr_FR","og_type":"article","og_title":"France : Un Tunisien extorquait les services sociaux fran\u00e7ais - Kapitalis","og_description":"Un Tunisien, \u00e0 Montpellier, se faisait passer pour un mineur isol\u00e9 \u00e9tranger pour \u00eatre pris en charge financi\u00e8rement par l\u2019Etat Fran\u00e7ais.","og_url":"https:\/\/kapitalis.com\/tunisie\/2016\/10\/05\/france-un-tunisien-extorquait-les-services-sociaux-francaisfrance-un-tunisien-de-22-ans-profitait-illegalement-du-systeme-de-mineur-isole\/","og_site_name":"Kapitalis","article_publisher":"https:\/\/www.facebook.com\/KapitalisInfo\/","article_published_time":"2016-10-05T18:07:14+00:00","article_modified_time":"2016-10-05T18:10:00+00:00","og_image":[{"width":1200,"height":630,"url":"https:\/\/kapitalis.com\/tunisie\/wp-content\/uploads\/2022\/05\/kapitalis-logo-fb.png","type":"image\/png"}],"author":"Yusra NY","twitter_card":"summary_large_image","twitter_creator":"@KapitalisInfo","twitter_site":"@KapitalisInfo","twitter_misc":{"\u00c9crit par":"Yusra NY","Dur\u00e9e de lecture estim\u00e9e":"1 minute"},"schema":{"@context":"https:\/\/schema.org","@graph":[{"@type":"Article","@id":"https:\/\/kapitalis.com\/tunisie\/2016\/10\/05\/france-un-tunisien-extorquait-les-services-sociaux-francaisfrance-un-tunisien-de-22-ans-profitait-illegalement-du-systeme-de-mineur-isole\/#article","isPartOf":{"@id":"https:\/\/kapitalis.com\/tunisie\/2016\/10\/05\/france-un-tunisien-extorquait-les-services-sociaux-francaisfrance-un-tunisien-de-22-ans-profitait-illegalement-du-systeme-de-mineur-isole\/"},"author":{"name":"Yusra NY","@id":"https:\/\/kapitalis.com\/tunisie\/#\/schema\/person\/74bbde0154d49d790a92aaeac5bc01d5"},"headline":"France : Un Tunisien extorquait les services sociaux fran\u00e7ais","datePublished":"2016-10-05T18:07:14+00:00","dateModified":"2016-10-05T18:10:00+00:00","mainEntityOfPage":{"@id":"https:\/\/kapitalis.com\/tunisie\/2016\/10\/05\/france-un-tunisien-extorquait-les-services-sociaux-francaisfrance-un-tunisien-de-22-ans-profitait-illegalement-du-systeme-de-mineur-isole\/"},"wordCount":146,"commentCount":0,"publisher":{"@id":"https:\/\/kapitalis.com\/tunisie\/#organization"},"image":{"@id":"https:\/\/kapitalis.com\/tunisie\/2016\/10\/05\/france-un-tunisien-extorquait-les-services-sociaux-francaisfrance-un-tunisien-de-22-ans-profitait-illegalement-du-systeme-de-mineur-isole\/#primaryimage"},"thumbnailUrl":"","keywords":["cannabis","coca\u00efne","France","ill\u00e9gal","Montpellier","prise en charge","Tunisien"],"articleSection":["SOCIETE","Tunisie"],"inLanguage":"fr-FR","potentialAction":[{"@type":"CommentAction","name":"Comment","target":["https:\/\/kapitalis.com\/tunisie\/2016\/10\/05\/france-un-tunisien-extorquait-les-services-sociaux-francaisfrance-un-tunisien-de-22-ans-profitait-illegalement-du-systeme-de-mineur-isole\/#respond"]}]},{"@type":"WebPage","@id":"https:\/\/kapitalis.com\/tunisie\/2016\/10\/05\/france-un-tunisien-extorquait-les-services-sociaux-francaisfrance-un-tunisien-de-22-ans-profitait-illegalement-du-systeme-de-mineur-isole\/","url":"https:\/\/kapitalis.com\/tunisie\/2016\/10\/05\/france-un-tunisien-extorquait-les-services-sociaux-francaisfrance-un-tunisien-de-22-ans-profitait-illegalement-du-systeme-de-mineur-isole\/","name":"France : Un Tunisien extorquait les services sociaux fran\u00e7ais - Kapitalis","isPartOf":{"@id":"https:\/\/kapitalis.com\/tunisie\/#website"},"primaryImageOfPage":{"@id":"https:\/\/kapitalis.com\/tunisie\/2016\/10\/05\/france-un-tunisien-extorquait-les-services-sociaux-francaisfrance-un-tunisien-de-22-ans-profitait-illegalement-du-systeme-de-mineur-isole\/#primaryimage"},"image":{"@id":"https:\/\/kapitalis.com\/tunisie\/2016\/10\/05\/france-un-tunisien-extorquait-les-services-sociaux-francaisfrance-un-tunisien-de-22-ans-profitait-illegalement-du-systeme-de-mineur-isole\/#primaryimage"},"thumbnailUrl":"","datePublished":"2016-10-05T18:07:14+00:00","dateModified":"2016-10-05T18:10:00+00:00","breadcrumb":{"@id":"https:\/\/kapitalis.com\/tunisie\/2016\/10\/05\/france-un-tunisien-extorquait-les-services-sociaux-francaisfrance-un-tunisien-de-22-ans-profitait-illegalement-du-systeme-de-mineur-isole\/#breadcrumb"},"inLanguage":"fr-FR","potentialAction":[{"@type":"ReadAction","target":["https:\/\/kapitalis.com\/tunisie\/2016\/10\/05\/france-un-tunisien-extorquait-les-services-sociaux-francaisfrance-un-tunisien-de-22-ans-profitait-illegalement-du-systeme-de-mineur-isole\/"]}]},{"@type":"ImageObject","inLanguage":"fr-FR","@id":"https:\/\/kapitalis.com\/tunisie\/2016\/10\/05\/france-un-tunisien-extorquait-les-services-sociaux-francaisfrance-un-tunisien-de-22-ans-profitait-illegalement-du-systeme-de-mineur-isole\/#primaryimage","url":"","contentUrl":""},{"@type":"BreadcrumbList","@id":"https:\/\/kapitalis.com\/tunisie\/2016\/10\/05\/france-un-tunisien-extorquait-les-services-sociaux-francaisfrance-un-tunisien-de-22-ans-profitait-illegalement-du-systeme-de-mineur-isole\/#breadcrumb","itemListElement":[{"@type":"ListItem","position":1,"name":"Accueil","item":"https:\/\/kapitalis.com\/tunisie\/"},{"@type":"ListItem","position":2,"name":"France : Un Tunisien extorquait les services sociaux fran\u00e7ais"}]},{"@type":"WebSite","@id":"https:\/\/kapitalis.com\/tunisie\/#website","url":"https:\/\/kapitalis.com\/tunisie\/","name":"Kapitalis","description":"L&#039;actualit\u00e9 en Tunisie et dans le monde","publisher":{"@id":"https:\/\/kapitalis.com\/tunisie\/#organization"},"potentialAction":[{"@type":"SearchAction","target":{"@type":"EntryPoint","urlTemplate":"https:\/\/kapitalis.com\/tunisie\/?s={search_term_string}"},"query-input":{"@type":"PropertyValueSpecification","valueRequired":true,"valueName":"search_term_string"}}],"inLanguage":"fr-FR"},{"@type":"Organization","@id":"https:\/\/kapitalis.com\/tunisie\/#organization","name":"Kapitalis","url":"https:\/\/kapitalis.com\/tunisie\/","logo":{"@type":"ImageObject","inLanguage":"fr-FR","@id":"https:\/\/kapitalis.com\/tunisie\/#\/schema\/logo\/image\/","url":"https:\/\/kapitalis.com\/tunisie\/wp-content\/uploads\/2022\/05\/Kapitalis-big-size.png","contentUrl":"https:\/\/kapitalis.com\/tunisie\/wp-content\/uploads\/2022\/05\/Kapitalis-big-size.png","width":5000,"height":1500,"caption":"Kapitalis"},"image":{"@id":"https:\/\/kapitalis.com\/tunisie\/#\/schema\/logo\/image\/"},"sameAs":["https:\/\/www.facebook.com\/KapitalisInfo\/","https:\/\/x.com\/KapitalisInfo","https:\/\/www.youtube.com\/channel\/UC-yDYrHyfFBWWZaOw3FPg9Q"]},{"@type":"Person","@id":"https:\/\/kapitalis.com\/tunisie\/#\/schema\/person\/74bbde0154d49d790a92aaeac5bc01d5","name":"Yusra NY","url":"https:\/\/kapitalis.com\/tunisie\/author\/yuza_adam\/"}]}},"_links":{"self":[{"href":"https:\/\/kapitalis.com\/tunisie\/wp-json\/wp\/v2\/posts\/67207","targetHints":{"allow":["GET"]}}],"collection":[{"href":"https:\/\/kapitalis.com\/tunisie\/wp-json\/wp\/v2\/posts"}],"about":[{"href":"https:\/\/kapitalis.com\/tunisie\/wp-json\/wp\/v2\/types\/post"}],"author":[{"embeddable":true,"href":"https:\/\/kapitalis.com\/tunisie\/wp-json\/wp\/v2\/users\/6"}],"replies":[{"embeddable":true,"href":"https:\/\/kapitalis.com\/tunisie\/wp-json\/wp\/v2\/comments?post=67207"}],"version-history":[{"count":0,"href":"https:\/\/kapitalis.com\/tunisie\/wp-json\/wp\/v2\/posts\/67207\/revisions"}],"wp:featuredmedia":[{"embeddable":true,"href":"https:\/\/kapitalis.com\/tunisie\/wp-json\/wp\/v2\/media\/67211"}],"wp:attachment":[{"href":"https:\/\/kapitalis.com\/tunisie\/wp-json\/wp\/v2\/media?parent=67207"}],"wp:term":[{"taxonomy":"category","embeddable":true,"href":"https:\/\/kapitalis.com\/tunisie\/wp-json\/wp\/v2\/categories?post=67207"},{"taxonomy":"post_tag","embeddable":true,"href":"https:\/\/kapitalis.com\/tunisie\/wp-json\/wp\/v2\/tags?post=67207"}],"curies":[{"name":"wp","href":"https:\/\/api.w.org\/{rel}","templated":true}]}}