{"id":6726200,"date":"2023-02-28T10:58:38","date_gmt":"2023-02-28T09:58:38","guid":{"rendered":"https:\/\/kapitalis.com\/tunisie\/?p=6726200"},"modified":"2023-02-28T10:58:40","modified_gmt":"2023-02-28T09:58:40","slug":"pour-la-tunisie-lemigration-subsaharienne-est-une-vraie-bombe-a-retardement","status":"publish","type":"post","link":"https:\/\/kapitalis.com\/tunisie\/2023\/02\/28\/pour-la-tunisie-lemigration-subsaharienne-est-une-vraie-bombe-a-retardement\/","title":{"rendered":"Pour la Tunisie, l\u2019\u00e9migration subsaharienne est une vraie bombe \u00e0 retardement"},"content":{"rendered":"\n<p><strong><em>Les autorit\u00e9s tunisiennes doivent g\u00e9rer le probl\u00e8me de l\u2019\u00e9migration subsaharienne loin de tout sentimentalisme, populisme, d\u00e9magogie, h\u00e9sitation ou frilosit\u00e9, en tenant\u00a0compte\u00a0en priorit\u00e9 des int\u00e9r\u00eats du pays\u00a0et sans\u00a0se laisser intimider\u00a0par les pressions\u00a0\u00e9trang\u00e8res.<\/em><\/strong><\/p>\n\n\n\n<p>Par <strong>Raouf Chatty<\/strong> *<\/p>\n\n\n\n<!--more-->\n\n\n<div class=\"wp-block-image\">\n<figure class=\"alignleft size-full\"><img decoding=\"async\" src=\"http:\/\/kapitalis.com\/tunisie\/wp-content\/uploads\/2021\/05\/Raouf-Chatty.jpg\" alt=\"\" class=\"wp-image-347685\"\/><\/figure>\n<\/div>\n\n\n<p>&nbsp;En posant de fa\u00e7on franche, directe, sans d\u00e9tour et en termes forts, la question de l\u2019arriv\u00e9e en grand nombre de Subsahariens en Tunisie&nbsp;de mani\u00e8re clandestine, lors de la derni\u00e8re r\u00e9union&nbsp;du Conseil national de s\u00e9curit\u00e9, le pr\u00e9sident&nbsp;de la r\u00e9publique&nbsp; pouvait-il ignorer que ses d\u00e9clarations allaient&nbsp;porter un coup de massue \u00e0&nbsp; l\u2019image de la Tunisie, nuire gravement \u00e0 ses relations traditionnelles avec les pays africains, compromettre la coop\u00e9ration \u00e9conomique&nbsp;avec eux,&nbsp;soulever un toll\u00e9&nbsp;au niveaux national et international et qu&rsquo;elles pouvaient avoir des cons\u00e9quences s\u00e9rieuses&nbsp;sur les relations&nbsp;entre les Tunisiens&nbsp;et les Subsahariens&nbsp;vivant en Tunisie&nbsp; comme sur les relations&nbsp;de notre pays avec&nbsp;les puissances&nbsp;\u00e9trang\u00e8res et les instances internationales, gouvernementales et non gouvernementales&nbsp;?<\/p>\n\n\n\n<p>Plusieurs&nbsp;parmi ces&nbsp;instances ont d\u2019ailleurs&nbsp;r\u00e9agi vivement \u00e0 ces d\u00e9clarations jug\u00e9es racistes, incitant&nbsp;\u00e0 la haine, donc inacceptables et inadmissibles, quoique la question&nbsp;est beaucoup plus complexe&nbsp;que cela et comporte plusieurs dimensions.&nbsp;<\/p>\n\n\n\n<h2 class=\"wp-block-heading\">Eviter l\u2019isolement diplomatique<\/h2>\n\n\n\n<p>Emp\u00eatr\u00e9 dans des difficult\u00e9s end\u00e9miques et offrant \u00e0 l\u2019ext\u00e9rieur l\u2019image d\u2019un pays instable, faisant face \u00e0 une crise politique, \u00e9conomique et financi\u00e8re, aggrav\u00e9e par la grogne&nbsp;sociale, des tensions internes et&nbsp;des poursuites judiciaires contre plusieurs opposants, le pr\u00e9sident&nbsp;Ka\u00efs Sa\u00efed ne pouvait raisonnablement&nbsp;se permettre de se mettre le monde entier sur le dos en&nbsp;se pr\u00eatant&nbsp;de la sorte aux critiques&nbsp;de la communaut\u00e9 internationale&nbsp;et en&nbsp;pr\u00eatant le flanc \u00e0 davantage&nbsp;d\u2019isolement&nbsp;diplomatique, au moment o\u00f9 la Tunisie a plus que jamais besoin de soutiens ext\u00e9rieurs.&nbsp;<\/p>\n\n\n\n<p>Dans ce contexte, se pose la question de savoir&nbsp;pourquoi&nbsp;le pr\u00e9sident de la r\u00e9publique&nbsp; a-t-il ainsi proc\u00e9d\u00e9, enfon\u00e7ant&nbsp;le clou et faisant fi des cons\u00e9quences&nbsp;graves&nbsp;de ses d\u00e9clarations&nbsp;dans l&rsquo;imm\u00e9diat&nbsp;et&nbsp;dans le futur sur&nbsp;les Subsahariens vivants en Tunisie, sur les int\u00e9r\u00eats de son pays et sur ses relations avec les autres pays africains&nbsp;et avec la communaut\u00e9 internationale, alors que ces relations&nbsp;sont&nbsp;d\u00e9j\u00e0 dans une&nbsp;situation&nbsp;difficile.&nbsp;&nbsp;<\/p>\n\n\n\n<p>1- Avait-il, \u00e0 raison, d\u00e9sesp\u00e9r\u00e9e des promesses\u00a0d\u2019aide miroit\u00e9es par plusieurs pays \u00e0 la Tunisie, mais rest\u00e9es sans lendemain,\u00a0ou\u00a0voulait-il, en martelant son discours constant\u00a0sur le refus\u00a0de toute ing\u00e9rence ext\u00e9rieure dans les affaires int\u00e9rieures de la Tunisie\u00a0et en mettant l\u2019accent sur\u00a0le caract\u00e8re sacr\u00e9 de la souverainet\u00e9 nationale, \u00a0signifier \u00e0 l\u2019ext\u00e9rieur\u00a0que la souverainet\u00e9 de la Tunisie\u00a0est non n\u00e9gociable, quelle que soit la contrepartie?<\/p>\n\n\n\n<figure class=\"wp-block-embed is-type-wp-embed is-provider-kapitalis wp-block-embed-kapitalis\"><div class=\"wp-block-embed__wrapper\">\n<blockquote class=\"wp-embedded-content\" data-secret=\"4DC2a6yZJL\"><a href=\"https:\/\/kapitalis.com\/tunisie\/2023\/02\/27\/sortir-de-la-crise-des-migrants-subsahariens-en-tunisie\/\">Sortir de la crise des migrants subsahariens en Tunisie<\/a><\/blockquote><iframe loading=\"lazy\" class=\"wp-embedded-content\" sandbox=\"allow-scripts\" security=\"restricted\" style=\"position: absolute; clip: rect(1px, 1px, 1px, 1px);\" title=\"\u00ab\u00a0Sortir de la crise des migrants subsahariens en Tunisie\u00a0\u00bb &#8212; Kapitalis\" src=\"https:\/\/kapitalis.com\/tunisie\/2023\/02\/27\/sortir-de-la-crise-des-migrants-subsahariens-en-tunisie\/embed\/#?secret=NwspkqXZf7#?secret=4DC2a6yZJL\" data-secret=\"4DC2a6yZJL\" width=\"600\" height=\"338\" frameborder=\"0\" marginwidth=\"0\" marginheight=\"0\" scrolling=\"no\"><\/iframe>\n<\/div><\/figure>\n\n\n\n<p>2- Voulait-il jouer sur la fibre nationaliste&nbsp;du peuple tout comme sur le populisme au moment o\u00f9 des opposants politiques&nbsp;tunisiens&nbsp;sont&nbsp;impliqu\u00e9s dans&nbsp;une&nbsp;affaire&nbsp; touchant \u00e0 la s\u00e9curit\u00e9 int\u00e9rieure et ext\u00e9rieure de l\u2019Etat&nbsp;et suspect\u00e9s de connivence&nbsp; avec&nbsp;des parties \u00e9trang\u00e8res? Faisait-il cela dans l\u2019espoir&nbsp;de r\u00e9cup\u00e9rer son \u00e9lectorat&nbsp;qui&nbsp;se r\u00e9tr\u00e9cit comme peau de chagrin, comme l&rsquo;indiquent certains sondages?<\/p>\n\n\n\n<p>3- Exasp\u00e9r\u00e9&nbsp;par&nbsp;l\u2019attitude de plusieurs pays, qui cherchent \u00e0 profiter&nbsp;de la confusion&nbsp; caract\u00e9risant la Tunisie depuis une d\u00e9cennie, pour&nbsp;s\u2019ing\u00e9rer dans ses affaires int\u00e9rieures, le pr\u00e9sident&nbsp;n\u2019a-t-il pas&nbsp;voulu&nbsp;adresser&nbsp;un message fort \u00e0 ces pays, dont&nbsp;deux pays voisins&nbsp;sans les nommer, l\u2019Alg\u00e9rie et la&nbsp;Libye, pour&nbsp;leur&nbsp;signifier que la Tunisie&nbsp;ne tol\u00e9rera pas&nbsp;leur&nbsp;laxisme \u00e9ventuel&nbsp;vis-\u00e0-vis&nbsp;de ces flux de migrants subsahariens, en fermant&nbsp;par moments l\u2019\u0153il&nbsp;sur la travers\u00e9e de ces Subsahariens par leurs territoires respectifs et en facilitant leur entr\u00e9e clandestinement en Tunisie?<\/p>\n\n\n\n<p>4- le pr\u00e9sident a-t-il voulu&nbsp;crever l\u2019abc\u00e8s une fois pour toutes&nbsp;et dire clairement&nbsp; non&nbsp;aux&nbsp;\u00c9tats europ\u00e9ens&nbsp;qui demandent&nbsp;\u00e0 la Tunisie de garder les fronti\u00e8res sud de l\u2019Europe&nbsp;et que notre pays refuse&nbsp;d\u2019abriter un centre d\u2019accueil&nbsp;pour&nbsp;les Subsahariens souhaitant \u00e9migrer en Europe ou de servir&nbsp;de lieu de r\u00e9sidence&nbsp;provisoire&nbsp;ou d\u00e9finitive pour&nbsp;ces \u00e9migr\u00e9s?<\/p>\n\n\n\n<h2 class=\"wp-block-heading\">Une bombe \u00e0 retardement<\/h2>\n\n\n\n<p>Le message&nbsp;du pr\u00e9sident&nbsp;est&nbsp;clair. La Tunisie, qui a d\u00e9j\u00e0 des difficult\u00e9s&nbsp;\u00e9normes \u00e0&nbsp; r\u00e9pondre aux&nbsp;attentes de ses citoyens, n\u2019a ni&nbsp;les moyens ni les ressources pour h\u00e9berger dignement ces immigr\u00e9s subsahariens qui comptent aujourd\u2019hui&nbsp;par&nbsp;milliers, encore moins de favoriser leur installation&nbsp;provisoire ou d\u00e9finitive&nbsp;en Tunisie, ou de supporter les impacts sociaux et \u00e9conomiques,&nbsp;pr\u00e9sents et futurs, d\u2019une&nbsp;telle op\u00e9ration.&nbsp;<\/p>\n\n\n\n<p>En l\u2019occurrence, le message du pr\u00e9sident&nbsp;de la r\u00e9publique est objectif&nbsp;et ne souffre aucune&nbsp;autre&nbsp;interpr\u00e9tation par quiconque, sauf \u00e0 verser dans la d\u00e9magogie et le mensonge.<\/p>\n\n\n\n<p>Une lecture intelligente&nbsp;des d\u00e9clarations&nbsp;des officiels tunisiens&nbsp;sur la question des immigr\u00e9s en Tunisie, quelles que soient leurs nationalit\u00e9s, met en \u00e9vidence l\u2019attachement des autorit\u00e9s&nbsp;\u00e0 appliquer \u00e0 tous les \u00e9trangers&nbsp;la r\u00e9glementation en vigueur&nbsp;en la mati\u00e8re, laquelle&nbsp;est conforme \u00e0 celle en vigueur dans tous les pays.&nbsp;<\/p>\n\n\n\n<p>Pour l\u2019heure, il devient\u00a0clair et \u00e9vident\u00a0que\u00a0la question\u00a0des\u00a0Subsahariens vivant\u00a0en Tunisie\u00a0ainsi que celle de l\u2019immigration des Subsahariens\u00a0dans notre pays vont\u00a0compter\u00a0d\u00e9sormais\u00a0au top des priorit\u00e9s\u00a0de l\u2019Etat, compte tenu de leurs impacts, massifs et lourds, sur\u00a0la soci\u00e9t\u00e9 tunisienne dans tous les domaines, s\u00e9curitaire, politique, \u00e9conomique, social\u00a0et culturel, au pr\u00e9sent et \u00e0 l\u2019avenir.<\/p>\n\n\n\n<figure class=\"wp-block-embed is-type-wp-embed is-provider-kapitalis wp-block-embed-kapitalis\"><div class=\"wp-block-embed__wrapper\">\n<blockquote class=\"wp-embedded-content\" data-secret=\"iG2KAASHHC\"><a href=\"https:\/\/kapitalis.com\/tunisie\/2023\/02\/24\/racisme-et-theorie-du-complot-la-faillite-morale-des-tunisiens-est-elle-consommee\/\">Racisme et th\u00e9orie du complot\u00a0: la faillite morale des Tunisiens est-elle consomm\u00e9e\u00a0?<\/a><\/blockquote><iframe loading=\"lazy\" class=\"wp-embedded-content\" sandbox=\"allow-scripts\" security=\"restricted\" style=\"position: absolute; clip: rect(1px, 1px, 1px, 1px);\" title=\"\u00ab\u00a0Racisme et th\u00e9orie du complot\u00a0: la faillite morale des Tunisiens est-elle consomm\u00e9e\u00a0?\u00a0\u00bb &#8212; Kapitalis\" src=\"https:\/\/kapitalis.com\/tunisie\/2023\/02\/24\/racisme-et-theorie-du-complot-la-faillite-morale-des-tunisiens-est-elle-consommee\/embed\/#?secret=awf1mLEozG#?secret=iG2KAASHHC\" data-secret=\"iG2KAASHHC\" width=\"600\" height=\"338\" frameborder=\"0\" marginwidth=\"0\" marginheight=\"0\" scrolling=\"no\"><\/iframe>\n<\/div><\/figure>\n\n\n\n<p>Nous sommes&nbsp;face \u00e0 une bombe de retardement. Les solutions conjoncturelles et \u00e0 l\u2019emporte-pi\u00e8ce&nbsp;ne feront qu\u2019aggraver&nbsp;le probl\u00e8me.&nbsp;<\/p>\n\n\n\n<p>Plus vite, l\u2019\u00c9tat&nbsp;se penche s\u00e9rieusement sur le r\u00e8glement d\u00e9finitif&nbsp;de cette question&nbsp;de mani\u00e8re claire, et explique sa politique en la mati\u00e8re et les raisons&nbsp;qui la sous-tendent&nbsp; aussi bien aux Tunisiens qu\u2019aux Africains et Europ\u00e9ens, mieux \u00e7a sera.<\/p>\n\n\n\n<p>Les autorit\u00e9s tunisiennes\u00a0doivent savoir d\u00e9fendre avec force et tact leur politique \u00e0 ce sujet, en tenant compte\u00a0des aspects relatifs \u00e0 la s\u00e9curit\u00e9 nationale et aux droits de l\u2019homme. Elles doivent\u00a0\u00eatre conscientes qu\u2019elles sont\u00a0face \u00e0 une\u00a0bombe \u00e0 retardement h\u00e9rit\u00e9e de la frilosit\u00e9 des gouvernements\u00a0post-2011 dans\u00a0la gestion de ce dossier\u00a0en rapport\u00a0avec l\u2019Union europ\u00e9enne\u00a0et notre environnement\u00a0g\u00e9opolitique imm\u00e9diat.\u00a0<\/p>\n\n\n\n<p>Bien entendu, dans la gestion de ce grand dossier,&nbsp;les conventions internationales en mati\u00e8re de droits de l\u2019homme et d\u2019\u00e9migration&nbsp;doivent \u00eatre rigoureusement respect\u00e9es. Mais nos autorit\u00e9s doivent&nbsp;\u00e9galement&nbsp;se&nbsp;garder&nbsp;de tout sentimentalisme, populisme, d\u00e9magogie, h\u00e9sitation ou frilosit\u00e9.&nbsp;Elles doivent&nbsp;tenir&nbsp;compte&nbsp;en priorit\u00e9 des int\u00e9r\u00eats de notre pays&nbsp;sans&nbsp;se laisser intimider&nbsp;par les pressions&nbsp;\u00e9trang\u00e8res, tout en ayant&nbsp;\u00e0 l\u2019esprit&nbsp;la fa\u00e7on dont les autres pays,&nbsp;qui se r\u00e9clament&nbsp;des droits&nbsp;de l&rsquo;homme, d\u00e9fendent les&nbsp;leurs, nonobstant les moyens dont ils disposent et qui leur permettent d\u2019avoir des politiques moins restrictives en mati\u00e8re d\u2019immigration.<\/p>\n\n\n\n<p>* <em>Ancien ambassadeur.<\/em><\/p>\n","protected":false},"excerpt":{"rendered":"<p>Les autorit\u00e9s tunisiennes doivent g\u00e9rer le probl\u00e8me de l\u2019\u00e9migration subsaharienne en tenant\u00a0compte\u00a0en priorit\u00e9 des int\u00e9r\u00eats du pays. <\/p>\n","protected":false},"author":8,"featured_media":6606014,"comment_status":"open","ping_status":"open","sticky":false,"template":"","format":"standard","meta":{"footnotes":""},"categories":[992,997,1000,2433],"tags":[41,64,106918,2187,76012,544,89839,62643,937],"class_list":["post-6726200","post","type-post","status-publish","format-standard","has-post-thumbnail","hentry","category-a-la-une","category-politique","category-tribune","category-tunisie","tag-afrique","tag-algerie","tag-emigres-subsahariens","tag-immigration-clandestine","tag-kais-saied-2","tag-libye","tag-raouf-chatty","tag-tunisie","tag-union-europeenne"],"yoast_head":"<!-- This site is optimized with the Yoast SEO plugin v26.6 - https:\/\/yoast.com\/wordpress\/plugins\/seo\/ -->\n<title>Pour la Tunisie, l\u2019\u00e9migration subsaharienne est une vraie bombe \u00e0 retardement - Kapitalis<\/title>\n<meta name=\"robots\" content=\"index, follow, max-snippet:-1, max-image-preview:large, max-video-preview:-1\" \/>\n<link rel=\"canonical\" href=\"https:\/\/kapitalis.com\/tunisie\/2023\/02\/28\/pour-la-tunisie-lemigration-subsaharienne-est-une-vraie-bombe-a-retardement\/\" \/>\n<meta property=\"og:locale\" content=\"fr_FR\" \/>\n<meta property=\"og:type\" content=\"article\" \/>\n<meta property=\"og:title\" content=\"Pour la Tunisie, l\u2019\u00e9migration subsaharienne est une vraie bombe \u00e0 retardement - Kapitalis\" \/>\n<meta property=\"og:description\" content=\"Les autorit\u00e9s tunisiennes doivent g\u00e9rer le probl\u00e8me de l\u2019\u00e9migration subsaharienne en tenant\u00a0compte\u00a0en priorit\u00e9 des int\u00e9r\u00eats du pays.\" \/>\n<meta property=\"og:url\" content=\"https:\/\/kapitalis.com\/tunisie\/2023\/02\/28\/pour-la-tunisie-lemigration-subsaharienne-est-une-vraie-bombe-a-retardement\/\" \/>\n<meta property=\"og:site_name\" content=\"Kapitalis\" \/>\n<meta property=\"article:publisher\" content=\"https:\/\/www.facebook.com\/KapitalisInfo\/\" \/>\n<meta property=\"article:published_time\" content=\"2023-02-28T09:58:38+00:00\" \/>\n<meta property=\"article:modified_time\" content=\"2023-02-28T09:58:40+00:00\" \/>\n<meta property=\"og:image\" content=\"https:\/\/kapitalis.com\/tunisie\/wp-content\/uploads\/2023\/02\/Africains-subsahariens.jpg\" \/>\n\t<meta property=\"og:image:width\" content=\"1200\" \/>\n\t<meta property=\"og:image:height\" content=\"630\" \/>\n\t<meta property=\"og:image:type\" content=\"image\/jpeg\" \/>\n<meta name=\"author\" content=\"webmaster kapitalis\" \/>\n<meta name=\"twitter:card\" content=\"summary_large_image\" \/>\n<meta name=\"twitter:creator\" content=\"@KapitalisInfo\" \/>\n<meta name=\"twitter:site\" content=\"@KapitalisInfo\" \/>\n<meta name=\"twitter:label1\" content=\"\u00c9crit par\" \/>\n\t<meta name=\"twitter:data1\" content=\"webmaster kapitalis\" \/>\n\t<meta name=\"twitter:label2\" content=\"Dur\u00e9e de lecture estim\u00e9e\" \/>\n\t<meta name=\"twitter:data2\" content=\"6 minutes\" \/>\n<script type=\"application\/ld+json\" class=\"yoast-schema-graph\">{\"@context\":\"https:\/\/schema.org\",\"@graph\":[{\"@type\":\"Article\",\"@id\":\"https:\/\/kapitalis.com\/tunisie\/2023\/02\/28\/pour-la-tunisie-lemigration-subsaharienne-est-une-vraie-bombe-a-retardement\/#article\",\"isPartOf\":{\"@id\":\"https:\/\/kapitalis.com\/tunisie\/2023\/02\/28\/pour-la-tunisie-lemigration-subsaharienne-est-une-vraie-bombe-a-retardement\/\"},\"author\":{\"name\":\"webmaster kapitalis\",\"@id\":\"https:\/\/kapitalis.com\/tunisie\/#\/schema\/person\/d71f33a9ca44f7bad4698210b480c8e9\"},\"headline\":\"Pour la Tunisie, l\u2019\u00e9migration subsaharienne est une vraie bombe \u00e0 retardement\",\"datePublished\":\"2023-02-28T09:58:38+00:00\",\"dateModified\":\"2023-02-28T09:58:40+00:00\",\"mainEntityOfPage\":{\"@id\":\"https:\/\/kapitalis.com\/tunisie\/2023\/02\/28\/pour-la-tunisie-lemigration-subsaharienne-est-une-vraie-bombe-a-retardement\/\"},\"wordCount\":1402,\"commentCount\":5,\"publisher\":{\"@id\":\"https:\/\/kapitalis.com\/tunisie\/#organization\"},\"image\":{\"@id\":\"https:\/\/kapitalis.com\/tunisie\/2023\/02\/28\/pour-la-tunisie-lemigration-subsaharienne-est-une-vraie-bombe-a-retardement\/#primaryimage\"},\"thumbnailUrl\":\"https:\/\/kapitalis.com\/tunisie\/wp-content\/uploads\/2023\/02\/Africains-subsahariens.jpg\",\"keywords\":[\"Afrique\",\"Alg\u00e9rie\",\"\u00e9migr\u00e9s subsahariens\",\"immigration clandestine\",\"Ka\u00efs Sa\u00efed\",\"Libye\",\"Raouf Chatty\",\"Tunisie\",\"Union europ\u00e9enne\"],\"articleSection\":[\"A LA UNE\",\"POLITIQUE\",\"TRIBUNE\",\"Tunisie\"],\"inLanguage\":\"fr-FR\",\"potentialAction\":[{\"@type\":\"CommentAction\",\"name\":\"Comment\",\"target\":[\"https:\/\/kapitalis.com\/tunisie\/2023\/02\/28\/pour-la-tunisie-lemigration-subsaharienne-est-une-vraie-bombe-a-retardement\/#respond\"]}]},{\"@type\":\"WebPage\",\"@id\":\"https:\/\/kapitalis.com\/tunisie\/2023\/02\/28\/pour-la-tunisie-lemigration-subsaharienne-est-une-vraie-bombe-a-retardement\/\",\"url\":\"https:\/\/kapitalis.com\/tunisie\/2023\/02\/28\/pour-la-tunisie-lemigration-subsaharienne-est-une-vraie-bombe-a-retardement\/\",\"name\":\"Pour la Tunisie, l\u2019\u00e9migration subsaharienne est une vraie bombe \u00e0 retardement - Kapitalis\",\"isPartOf\":{\"@id\":\"https:\/\/kapitalis.com\/tunisie\/#website\"},\"primaryImageOfPage\":{\"@id\":\"https:\/\/kapitalis.com\/tunisie\/2023\/02\/28\/pour-la-tunisie-lemigration-subsaharienne-est-une-vraie-bombe-a-retardement\/#primaryimage\"},\"image\":{\"@id\":\"https:\/\/kapitalis.com\/tunisie\/2023\/02\/28\/pour-la-tunisie-lemigration-subsaharienne-est-une-vraie-bombe-a-retardement\/#primaryimage\"},\"thumbnailUrl\":\"https:\/\/kapitalis.com\/tunisie\/wp-content\/uploads\/2023\/02\/Africains-subsahariens.jpg\",\"datePublished\":\"2023-02-28T09:58:38+00:00\",\"dateModified\":\"2023-02-28T09:58:40+00:00\",\"breadcrumb\":{\"@id\":\"https:\/\/kapitalis.com\/tunisie\/2023\/02\/28\/pour-la-tunisie-lemigration-subsaharienne-est-une-vraie-bombe-a-retardement\/#breadcrumb\"},\"inLanguage\":\"fr-FR\",\"potentialAction\":[{\"@type\":\"ReadAction\",\"target\":[\"https:\/\/kapitalis.com\/tunisie\/2023\/02\/28\/pour-la-tunisie-lemigration-subsaharienne-est-une-vraie-bombe-a-retardement\/\"]}]},{\"@type\":\"ImageObject\",\"inLanguage\":\"fr-FR\",\"@id\":\"https:\/\/kapitalis.com\/tunisie\/2023\/02\/28\/pour-la-tunisie-lemigration-subsaharienne-est-une-vraie-bombe-a-retardement\/#primaryimage\",\"url\":\"https:\/\/kapitalis.com\/tunisie\/wp-content\/uploads\/2023\/02\/Africains-subsahariens.jpg\",\"contentUrl\":\"https:\/\/kapitalis.com\/tunisie\/wp-content\/uploads\/2023\/02\/Africains-subsahariens.jpg\",\"width\":1200,\"height\":630},{\"@type\":\"BreadcrumbList\",\"@id\":\"https:\/\/kapitalis.com\/tunisie\/2023\/02\/28\/pour-la-tunisie-lemigration-subsaharienne-est-une-vraie-bombe-a-retardement\/#breadcrumb\",\"itemListElement\":[{\"@type\":\"ListItem\",\"position\":1,\"name\":\"Accueil\",\"item\":\"https:\/\/kapitalis.com\/tunisie\/\"},{\"@type\":\"ListItem\",\"position\":2,\"name\":\"Pour la Tunisie, l\u2019\u00e9migration subsaharienne est une vraie bombe \u00e0 retardement\"}]},{\"@type\":\"WebSite\",\"@id\":\"https:\/\/kapitalis.com\/tunisie\/#website\",\"url\":\"https:\/\/kapitalis.com\/tunisie\/\",\"name\":\"Kapitalis\",\"description\":\"L&#039;actualit\u00e9 en Tunisie et dans le monde\",\"publisher\":{\"@id\":\"https:\/\/kapitalis.com\/tunisie\/#organization\"},\"potentialAction\":[{\"@type\":\"SearchAction\",\"target\":{\"@type\":\"EntryPoint\",\"urlTemplate\":\"https:\/\/kapitalis.com\/tunisie\/?s={search_term_string}\"},\"query-input\":{\"@type\":\"PropertyValueSpecification\",\"valueRequired\":true,\"valueName\":\"search_term_string\"}}],\"inLanguage\":\"fr-FR\"},{\"@type\":\"Organization\",\"@id\":\"https:\/\/kapitalis.com\/tunisie\/#organization\",\"name\":\"Kapitalis\",\"url\":\"https:\/\/kapitalis.com\/tunisie\/\",\"logo\":{\"@type\":\"ImageObject\",\"inLanguage\":\"fr-FR\",\"@id\":\"https:\/\/kapitalis.com\/tunisie\/#\/schema\/logo\/image\/\",\"url\":\"https:\/\/kapitalis.com\/tunisie\/wp-content\/uploads\/2022\/05\/Kapitalis-big-size.png\",\"contentUrl\":\"https:\/\/kapitalis.com\/tunisie\/wp-content\/uploads\/2022\/05\/Kapitalis-big-size.png\",\"width\":5000,\"height\":1500,\"caption\":\"Kapitalis\"},\"image\":{\"@id\":\"https:\/\/kapitalis.com\/tunisie\/#\/schema\/logo\/image\/\"},\"sameAs\":[\"https:\/\/www.facebook.com\/KapitalisInfo\/\",\"https:\/\/x.com\/KapitalisInfo\",\"https:\/\/www.youtube.com\/channel\/UC-yDYrHyfFBWWZaOw3FPg9Q\"]},{\"@type\":\"Person\",\"@id\":\"https:\/\/kapitalis.com\/tunisie\/#\/schema\/person\/d71f33a9ca44f7bad4698210b480c8e9\",\"name\":\"webmaster kapitalis\",\"url\":\"https:\/\/kapitalis.com\/tunisie\/author\/webmaster-kapitalis\/\"}]}<\/script>\n<!-- \/ Yoast SEO plugin. -->","yoast_head_json":{"title":"Pour la Tunisie, l\u2019\u00e9migration subsaharienne est une vraie bombe \u00e0 retardement - Kapitalis","robots":{"index":"index","follow":"follow","max-snippet":"max-snippet:-1","max-image-preview":"max-image-preview:large","max-video-preview":"max-video-preview:-1"},"canonical":"https:\/\/kapitalis.com\/tunisie\/2023\/02\/28\/pour-la-tunisie-lemigration-subsaharienne-est-une-vraie-bombe-a-retardement\/","og_locale":"fr_FR","og_type":"article","og_title":"Pour la Tunisie, l\u2019\u00e9migration subsaharienne est une vraie bombe \u00e0 retardement - Kapitalis","og_description":"Les autorit\u00e9s tunisiennes doivent g\u00e9rer le probl\u00e8me de l\u2019\u00e9migration subsaharienne en tenant\u00a0compte\u00a0en priorit\u00e9 des int\u00e9r\u00eats du pays.","og_url":"https:\/\/kapitalis.com\/tunisie\/2023\/02\/28\/pour-la-tunisie-lemigration-subsaharienne-est-une-vraie-bombe-a-retardement\/","og_site_name":"Kapitalis","article_publisher":"https:\/\/www.facebook.com\/KapitalisInfo\/","article_published_time":"2023-02-28T09:58:38+00:00","article_modified_time":"2023-02-28T09:58:40+00:00","og_image":[{"width":1200,"height":630,"url":"https:\/\/kapitalis.com\/tunisie\/wp-content\/uploads\/2023\/02\/Africains-subsahariens.jpg","type":"image\/jpeg"}],"author":"webmaster kapitalis","twitter_card":"summary_large_image","twitter_creator":"@KapitalisInfo","twitter_site":"@KapitalisInfo","twitter_misc":{"\u00c9crit par":"webmaster kapitalis","Dur\u00e9e de lecture estim\u00e9e":"6 minutes"},"schema":{"@context":"https:\/\/schema.org","@graph":[{"@type":"Article","@id":"https:\/\/kapitalis.com\/tunisie\/2023\/02\/28\/pour-la-tunisie-lemigration-subsaharienne-est-une-vraie-bombe-a-retardement\/#article","isPartOf":{"@id":"https:\/\/kapitalis.com\/tunisie\/2023\/02\/28\/pour-la-tunisie-lemigration-subsaharienne-est-une-vraie-bombe-a-retardement\/"},"author":{"name":"webmaster kapitalis","@id":"https:\/\/kapitalis.com\/tunisie\/#\/schema\/person\/d71f33a9ca44f7bad4698210b480c8e9"},"headline":"Pour la Tunisie, l\u2019\u00e9migration subsaharienne est une vraie bombe \u00e0 retardement","datePublished":"2023-02-28T09:58:38+00:00","dateModified":"2023-02-28T09:58:40+00:00","mainEntityOfPage":{"@id":"https:\/\/kapitalis.com\/tunisie\/2023\/02\/28\/pour-la-tunisie-lemigration-subsaharienne-est-une-vraie-bombe-a-retardement\/"},"wordCount":1402,"commentCount":5,"publisher":{"@id":"https:\/\/kapitalis.com\/tunisie\/#organization"},"image":{"@id":"https:\/\/kapitalis.com\/tunisie\/2023\/02\/28\/pour-la-tunisie-lemigration-subsaharienne-est-une-vraie-bombe-a-retardement\/#primaryimage"},"thumbnailUrl":"https:\/\/kapitalis.com\/tunisie\/wp-content\/uploads\/2023\/02\/Africains-subsahariens.jpg","keywords":["Afrique","Alg\u00e9rie","\u00e9migr\u00e9s subsahariens","immigration clandestine","Ka\u00efs Sa\u00efed","Libye","Raouf Chatty","Tunisie","Union europ\u00e9enne"],"articleSection":["A LA UNE","POLITIQUE","TRIBUNE","Tunisie"],"inLanguage":"fr-FR","potentialAction":[{"@type":"CommentAction","name":"Comment","target":["https:\/\/kapitalis.com\/tunisie\/2023\/02\/28\/pour-la-tunisie-lemigration-subsaharienne-est-une-vraie-bombe-a-retardement\/#respond"]}]},{"@type":"WebPage","@id":"https:\/\/kapitalis.com\/tunisie\/2023\/02\/28\/pour-la-tunisie-lemigration-subsaharienne-est-une-vraie-bombe-a-retardement\/","url":"https:\/\/kapitalis.com\/tunisie\/2023\/02\/28\/pour-la-tunisie-lemigration-subsaharienne-est-une-vraie-bombe-a-retardement\/","name":"Pour la Tunisie, l\u2019\u00e9migration subsaharienne est une vraie bombe \u00e0 retardement - Kapitalis","isPartOf":{"@id":"https:\/\/kapitalis.com\/tunisie\/#website"},"primaryImageOfPage":{"@id":"https:\/\/kapitalis.com\/tunisie\/2023\/02\/28\/pour-la-tunisie-lemigration-subsaharienne-est-une-vraie-bombe-a-retardement\/#primaryimage"},"image":{"@id":"https:\/\/kapitalis.com\/tunisie\/2023\/02\/28\/pour-la-tunisie-lemigration-subsaharienne-est-une-vraie-bombe-a-retardement\/#primaryimage"},"thumbnailUrl":"https:\/\/kapitalis.com\/tunisie\/wp-content\/uploads\/2023\/02\/Africains-subsahariens.jpg","datePublished":"2023-02-28T09:58:38+00:00","dateModified":"2023-02-28T09:58:40+00:00","breadcrumb":{"@id":"https:\/\/kapitalis.com\/tunisie\/2023\/02\/28\/pour-la-tunisie-lemigration-subsaharienne-est-une-vraie-bombe-a-retardement\/#breadcrumb"},"inLanguage":"fr-FR","potentialAction":[{"@type":"ReadAction","target":["https:\/\/kapitalis.com\/tunisie\/2023\/02\/28\/pour-la-tunisie-lemigration-subsaharienne-est-une-vraie-bombe-a-retardement\/"]}]},{"@type":"ImageObject","inLanguage":"fr-FR","@id":"https:\/\/kapitalis.com\/tunisie\/2023\/02\/28\/pour-la-tunisie-lemigration-subsaharienne-est-une-vraie-bombe-a-retardement\/#primaryimage","url":"https:\/\/kapitalis.com\/tunisie\/wp-content\/uploads\/2023\/02\/Africains-subsahariens.jpg","contentUrl":"https:\/\/kapitalis.com\/tunisie\/wp-content\/uploads\/2023\/02\/Africains-subsahariens.jpg","width":1200,"height":630},{"@type":"BreadcrumbList","@id":"https:\/\/kapitalis.com\/tunisie\/2023\/02\/28\/pour-la-tunisie-lemigration-subsaharienne-est-une-vraie-bombe-a-retardement\/#breadcrumb","itemListElement":[{"@type":"ListItem","position":1,"name":"Accueil","item":"https:\/\/kapitalis.com\/tunisie\/"},{"@type":"ListItem","position":2,"name":"Pour la Tunisie, l\u2019\u00e9migration subsaharienne est une vraie bombe \u00e0 retardement"}]},{"@type":"WebSite","@id":"https:\/\/kapitalis.com\/tunisie\/#website","url":"https:\/\/kapitalis.com\/tunisie\/","name":"Kapitalis","description":"L&#039;actualit\u00e9 en Tunisie et dans le monde","publisher":{"@id":"https:\/\/kapitalis.com\/tunisie\/#organization"},"potentialAction":[{"@type":"SearchAction","target":{"@type":"EntryPoint","urlTemplate":"https:\/\/kapitalis.com\/tunisie\/?s={search_term_string}"},"query-input":{"@type":"PropertyValueSpecification","valueRequired":true,"valueName":"search_term_string"}}],"inLanguage":"fr-FR"},{"@type":"Organization","@id":"https:\/\/kapitalis.com\/tunisie\/#organization","name":"Kapitalis","url":"https:\/\/kapitalis.com\/tunisie\/","logo":{"@type":"ImageObject","inLanguage":"fr-FR","@id":"https:\/\/kapitalis.com\/tunisie\/#\/schema\/logo\/image\/","url":"https:\/\/kapitalis.com\/tunisie\/wp-content\/uploads\/2022\/05\/Kapitalis-big-size.png","contentUrl":"https:\/\/kapitalis.com\/tunisie\/wp-content\/uploads\/2022\/05\/Kapitalis-big-size.png","width":5000,"height":1500,"caption":"Kapitalis"},"image":{"@id":"https:\/\/kapitalis.com\/tunisie\/#\/schema\/logo\/image\/"},"sameAs":["https:\/\/www.facebook.com\/KapitalisInfo\/","https:\/\/x.com\/KapitalisInfo","https:\/\/www.youtube.com\/channel\/UC-yDYrHyfFBWWZaOw3FPg9Q"]},{"@type":"Person","@id":"https:\/\/kapitalis.com\/tunisie\/#\/schema\/person\/d71f33a9ca44f7bad4698210b480c8e9","name":"webmaster kapitalis","url":"https:\/\/kapitalis.com\/tunisie\/author\/webmaster-kapitalis\/"}]}},"_links":{"self":[{"href":"https:\/\/kapitalis.com\/tunisie\/wp-json\/wp\/v2\/posts\/6726200","targetHints":{"allow":["GET"]}}],"collection":[{"href":"https:\/\/kapitalis.com\/tunisie\/wp-json\/wp\/v2\/posts"}],"about":[{"href":"https:\/\/kapitalis.com\/tunisie\/wp-json\/wp\/v2\/types\/post"}],"author":[{"embeddable":true,"href":"https:\/\/kapitalis.com\/tunisie\/wp-json\/wp\/v2\/users\/8"}],"replies":[{"embeddable":true,"href":"https:\/\/kapitalis.com\/tunisie\/wp-json\/wp\/v2\/comments?post=6726200"}],"version-history":[{"count":1,"href":"https:\/\/kapitalis.com\/tunisie\/wp-json\/wp\/v2\/posts\/6726200\/revisions"}],"predecessor-version":[{"id":6726254,"href":"https:\/\/kapitalis.com\/tunisie\/wp-json\/wp\/v2\/posts\/6726200\/revisions\/6726254"}],"wp:featuredmedia":[{"embeddable":true,"href":"https:\/\/kapitalis.com\/tunisie\/wp-json\/wp\/v2\/media\/6606014"}],"wp:attachment":[{"href":"https:\/\/kapitalis.com\/tunisie\/wp-json\/wp\/v2\/media?parent=6726200"}],"wp:term":[{"taxonomy":"category","embeddable":true,"href":"https:\/\/kapitalis.com\/tunisie\/wp-json\/wp\/v2\/categories?post=6726200"},{"taxonomy":"post_tag","embeddable":true,"href":"https:\/\/kapitalis.com\/tunisie\/wp-json\/wp\/v2\/tags?post=6726200"}],"curies":[{"name":"wp","href":"https:\/\/api.w.org\/{rel}","templated":true}]}}